{"id":13198,"date":"2024-06-14T08:36:21","date_gmt":"2024-06-14T11:36:21","guid":{"rendered":"https:\/\/animangeek.com\/o-animador-veterano-nishii-terumi-critica-demandas-estrangeiras-irracionais-por-correcao-politica-na-producao-de-anime\/"},"modified":"2024-06-14T08:36:21","modified_gmt":"2024-06-14T11:36:21","slug":"o-animador-veterano-nishii-terumi-critica-demandas-estrangeiras-irracionais-por-correcao-politica-na-producao-de-anime","status":"publish","type":"post","link":"https:\/\/animangeek.com\/en\/o-animador-veterano-nishii-terumi-critica-demandas-estrangeiras-irracionais-por-correcao-politica-na-producao-de-anime\/","title":{"rendered":"Veteran animator Nishii Terumi criticizes unreasonable foreign demands for political correctness in anime production"},"content":{"rendered":"<div class=\"mx-5 sm:mx-0 prose text-left mb-5\"><\/p>\n<div data-postid=\"84234\">\n<p>Veteran animator Terumi Nishii has taken to social media to express her frustration with what she sees as unreasonable demands for political correctness in anime production.<\/p>\n<p>Nishii Terumi has worked as an animation director on several anime such as <strong><em>Jujutsu Kaisen 0<\/em><\/strong>, <strong><em>JoJo&#039;s Bizarre Adventures<\/em><\/strong>and <strong><em>Death Note<\/em><\/strong>between others.<\/p>\n<p>In a series of tweets, Terumi recounted an incident where a foreign client requested that the black characters in his work have defined noses to properly distinguish them from other characters, who typically lack detailed nostrils. <\/p>\n<p>This request, she argued, would disrupt the visual balance of the characters and create an inconsistent level of realism within the same series.<\/p>\n<blockquote class=\"wp-block-quote is-layout-flow wp-block-quote-is-layout-flow\">\n<p class=\"has-medium-font-size\">\u201c<em>None of the other characters had nostrils, so if only the black characters had a different level of realism, it would feel unbalanced. That kind of thing is just\u2026 yeah. In the end, it all devolved into a conversation about how it&#039;s safer to make their hair colors something like lime green or purple so you don&#039;t know what race they are.<\/em>.\u201d <\/p>\n<\/blockquote>\n<p>Terumi then highlighted the cultural divide, noting that the Japanese approach of indicating race through a simple brown skin tone does not align with international expectations of realism, emphasizing that Japanese animation traditionally does not prioritize racial representation.<\/p>\n<p>She expressed frustration that foreign producers, who often do not have a deep appreciation for anime, were pushing for these changes.<\/p>\n<p>Nishii further criticized the notion that Japanese animation needs to cater to Western ideas of political correctness. She argued that anime thrives on its unique style and that giving in to external pressures would diminish its appeal, citing that neither she nor anime&#039;s domestic fanbase desired such changes.<\/p>\n<blockquote class=\"wp-block-quote is-layout-flow wp-block-quote-is-layout-flow\">\n<p class=\"has-medium-font-size\">\u201c<em>Because of this, I don&#039;t feel any attraction to incorporating political correctness and creating works for a foreign audience, and local anime fans don&#039;t want that either. If we did that, we would diminish the appeal of anime and we would quickly lose it. So I want to continue to do things according to Japanese standards.<\/em>\u201c<\/p>\n<\/blockquote>\n<p>The animator also addressed broader economic and demographic issues facing Japan. She stressed the need to address the country&#039;s declining birth rate to revive domestic demand for anime.<\/p>\n<p>Even though Japan was now experiencing a baby boom, she noted that it would be at least a decade before the industry could afford to ignore the demands of the overseas market. She expressed concern about the future, hoping that steps could be taken to ensure the freedom of the next generation of animators.<\/p>\n<blockquote class=\"wp-block-quote is-layout-flow wp-block-quote-is-layout-flow\">\n<p class=\"has-medium-font-size\">\u201c<em>Even if we have a baby boom now, we will still have to cater to foreign sensibilities and make changes for at least ten years, so personally I will not be able to make it in time. But I hope something can be done to free the next generation. The declining birth rate. In other words, economic policy.<\/em>\u201c<\/p>\n<p> <cite> <\/cite><\/p><\/blockquote>\n<p>Nishii Terumi is not the first to call for international demand for political correctness in the industry. <\/p>\n<p>Akira Kanai, renowned manga editor known for his work in <strong><em>Vinland Saga<\/em><\/strong>, <strong><em>Ajin: Demi-Human<\/em><\/strong>and <strong><em>Planets<\/em><\/strong>has also recently come forward taking a firm stance against allowing political correctness to influence manga.<\/p>\n<p>Source: <a rel=\"nofollow noopener\" target=\"_blank\" href=\"https:\/\/x.com\/NishiiTerumi\/status\/1801520138031927485\">X<\/a><\/p>\n<\/p><\/div>\n<p><\/div>","protected":false},"excerpt":{"rendered":"<p>Veteran animator Terumi Nishii has taken to social media to express her frustration with what she sees as unreasonable demands for political correctness in anime production. Nishii Terumi has worked as an animation director on a number of anime series, including Jujutsu Kaisen 0, Jojo&#039;s Bizarre Adventure, and Death Note, among others. In a series of\u2026 <a class=\"more-link\" href=\"https:\/\/animangeek.com\/en\/o-animador-veterano-nishii-terumi-critica-demandas-estrangeiras-irracionais-por-correcao-politica-na-producao-de-anime\/\">Continue reading <span class=\"screen-reader-text\">Veteran animator Nishii Terumi criticizes unreasonable foreign demands for political correctness in anime production<\/span><\/a><\/p>","protected":false},"author":0,"featured_media":13199,"comment_status":"open","ping_status":"open","sticky":false,"template":"","format":"standard","meta":{"footnotes":""},"categories":[3],"tags":[],"yoast_head":"<!-- This site is optimized with the Yoast SEO plugin v23.3 - https:\/\/yoast.com\/wordpress\/plugins\/seo\/ -->\n<title>O animador veterano Nishii Terumi critica demandas estrangeiras irracionais por corre\u00e7\u00e3o pol\u00edtica na produ\u00e7\u00e3o de anime - Animan Geek<\/title>\n<meta name=\"robots\" content=\"index, follow, max-snippet:-1, max-image-preview:large, max-video-preview:-1\" \/>\n<link rel=\"canonical\" href=\"https:\/\/animangeek.com\/en\/o-animador-veterano-nishii-terumi-critica-demandas-estrangeiras-irracionais-por-correcao-politica-na-producao-de-anime\/\" \/>\n<meta property=\"og:locale\" content=\"en_US\" \/>\n<meta property=\"og:type\" content=\"article\" \/>\n<meta property=\"og:title\" content=\"O animador veterano Nishii Terumi critica demandas estrangeiras irracionais por corre\u00e7\u00e3o pol\u00edtica na produ\u00e7\u00e3o de anime - Animan Geek\" \/>\n<meta property=\"og:description\" content=\"A animadora veterana Terumi Nishii recorreu \u00e0s redes sociais para expressar a sua frustra\u00e7\u00e3o com o que ela considera exig\u00eancias irracionais de corre\u00e7\u00e3o pol\u00edtica na produ\u00e7\u00e3o de anime. Nishii Terumi trabalhou como diretor de anima\u00e7\u00e3o em v\u00e1rios animes como Jujutsu Kaisen 0, As aventuras bizarras de Jojoe Caderno da Morteentre outros. Em uma s\u00e9rie de&hellip; Continue reading O animador veterano Nishii Terumi critica demandas estrangeiras irracionais por corre\u00e7\u00e3o pol\u00edtica na produ\u00e7\u00e3o de anime\" \/>\n<meta property=\"og:url\" content=\"https:\/\/animangeek.com\/en\/o-animador-veterano-nishii-terumi-critica-demandas-estrangeiras-irracionais-por-correcao-politica-na-producao-de-anime\/\" \/>\n<meta property=\"og:site_name\" content=\"Animan Geek\" \/>\n<meta property=\"article:published_time\" content=\"2024-06-14T11:36:21+00:00\" \/>\n<meta property=\"og:image\" content=\"https:\/\/animangeek.com\/wp-content\/uploads\/sites\/106\/2024\/06\/O-animador-veterano-Nishii-Terumi-critica-demandas-estrangeiras-irracionais-por.jpg\" \/>\n\t<meta property=\"og:image:width\" content=\"980\" \/>\n\t<meta property=\"og:image:height\" content=\"550\" \/>\n\t<meta property=\"og:image:type\" content=\"image\/jpeg\" \/>\n<meta name=\"twitter:card\" content=\"summary_large_image\" \/>\n<meta name=\"twitter:label1\" content=\"Est. reading time\" \/>\n\t<meta name=\"twitter:data1\" content=\"3 minutes\" \/>\n<script type=\"application\/ld+json\" class=\"yoast-schema-graph\">{\"@context\":\"https:\/\/schema.org\",\"@graph\":[{\"@type\":\"WebPage\",\"@id\":\"https:\/\/animangeek.com\/o-animador-veterano-nishii-terumi-critica-demandas-estrangeiras-irracionais-por-correcao-politica-na-producao-de-anime\/\",\"url\":\"https:\/\/animangeek.com\/o-animador-veterano-nishii-terumi-critica-demandas-estrangeiras-irracionais-por-correcao-politica-na-producao-de-anime\/\",\"name\":\"O animador veterano Nishii Terumi critica demandas estrangeiras irracionais por corre\u00e7\u00e3o pol\u00edtica na produ\u00e7\u00e3o de anime - Animan Geek\",\"isPartOf\":{\"@id\":\"https:\/\/animangeek.com\/#website\"},\"primaryImageOfPage\":{\"@id\":\"https:\/\/animangeek.com\/o-animador-veterano-nishii-terumi-critica-demandas-estrangeiras-irracionais-por-correcao-politica-na-producao-de-anime\/#primaryimage\"},\"image\":{\"@id\":\"https:\/\/animangeek.com\/o-animador-veterano-nishii-terumi-critica-demandas-estrangeiras-irracionais-por-correcao-politica-na-producao-de-anime\/#primaryimage\"},\"thumbnailUrl\":\"https:\/\/animangeek.com\/wp-content\/uploads\/sites\/106\/2024\/06\/O-animador-veterano-Nishii-Terumi-critica-demandas-estrangeiras-irracionais-por.jpg\",\"datePublished\":\"2024-06-14T11:36:21+00:00\",\"dateModified\":\"2024-06-14T11:36:21+00:00\",\"author\":{\"@id\":\"\"},\"breadcrumb\":{\"@id\":\"https:\/\/animangeek.com\/o-animador-veterano-nishii-terumi-critica-demandas-estrangeiras-irracionais-por-correcao-politica-na-producao-de-anime\/#breadcrumb\"},\"inLanguage\":\"en-US\",\"potentialAction\":[{\"@type\":\"ReadAction\",\"target\":[\"https:\/\/animangeek.com\/o-animador-veterano-nishii-terumi-critica-demandas-estrangeiras-irracionais-por-correcao-politica-na-producao-de-anime\/\"]}]},{\"@type\":\"ImageObject\",\"inLanguage\":\"en-US\",\"@id\":\"https:\/\/animangeek.com\/o-animador-veterano-nishii-terumi-critica-demandas-estrangeiras-irracionais-por-correcao-politica-na-producao-de-anime\/#primaryimage\",\"url\":\"https:\/\/animangeek.com\/wp-content\/uploads\/sites\/106\/2024\/06\/O-animador-veterano-Nishii-Terumi-critica-demandas-estrangeiras-irracionais-por.jpg\",\"contentUrl\":\"https:\/\/animangeek.com\/wp-content\/uploads\/sites\/106\/2024\/06\/O-animador-veterano-Nishii-Terumi-critica-demandas-estrangeiras-irracionais-por.jpg\",\"width\":980,\"height\":550},{\"@type\":\"BreadcrumbList\",\"@id\":\"https:\/\/animangeek.com\/o-animador-veterano-nishii-terumi-critica-demandas-estrangeiras-irracionais-por-correcao-politica-na-producao-de-anime\/#breadcrumb\",\"itemListElement\":[{\"@type\":\"ListItem\",\"position\":1,\"name\":\"Home\",\"item\":\"https:\/\/animangeek.com\/\"},{\"@type\":\"ListItem\",\"position\":2,\"name\":\"O animador veterano Nishii Terumi critica demandas estrangeiras irracionais por corre\u00e7\u00e3o pol\u00edtica na produ\u00e7\u00e3o de anime\"}]},{\"@type\":\"WebSite\",\"@id\":\"https:\/\/animangeek.com\/#website\",\"url\":\"https:\/\/animangeek.com\/\",\"name\":\"Animan Geek\",\"description\":\"\",\"potentialAction\":[{\"@type\":\"SearchAction\",\"target\":{\"@type\":\"EntryPoint\",\"urlTemplate\":\"https:\/\/animangeek.com\/?s={search_term_string}\"},\"query-input\":\"required name=search_term_string\"}],\"inLanguage\":\"en-US\"}]}<\/script>\n<!-- \/ Yoast SEO plugin. -->","yoast_head_json":{"title":"O animador veterano Nishii Terumi critica demandas estrangeiras irracionais por corre\u00e7\u00e3o pol\u00edtica na produ\u00e7\u00e3o de anime - Animan Geek","robots":{"index":"index","follow":"follow","max-snippet":"max-snippet:-1","max-image-preview":"max-image-preview:large","max-video-preview":"max-video-preview:-1"},"canonical":"https:\/\/animangeek.com\/en\/o-animador-veterano-nishii-terumi-critica-demandas-estrangeiras-irracionais-por-correcao-politica-na-producao-de-anime\/","og_locale":"en_US","og_type":"article","og_title":"O animador veterano Nishii Terumi critica demandas estrangeiras irracionais por corre\u00e7\u00e3o pol\u00edtica na produ\u00e7\u00e3o de anime - Animan Geek","og_description":"A animadora veterana Terumi Nishii recorreu \u00e0s redes sociais para expressar a sua frustra\u00e7\u00e3o com o que ela considera exig\u00eancias irracionais de corre\u00e7\u00e3o pol\u00edtica na produ\u00e7\u00e3o de anime. Nishii Terumi trabalhou como diretor de anima\u00e7\u00e3o em v\u00e1rios animes como Jujutsu Kaisen 0, As aventuras bizarras de Jojoe Caderno da Morteentre outros. Em uma s\u00e9rie de&hellip; Continue reading O animador veterano Nishii Terumi critica demandas estrangeiras irracionais por corre\u00e7\u00e3o pol\u00edtica na produ\u00e7\u00e3o de anime","og_url":"https:\/\/animangeek.com\/en\/o-animador-veterano-nishii-terumi-critica-demandas-estrangeiras-irracionais-por-correcao-politica-na-producao-de-anime\/","og_site_name":"Animan Geek","article_published_time":"2024-06-14T11:36:21+00:00","og_image":[{"width":980,"height":550,"url":"https:\/\/animangeek.com\/wp-content\/uploads\/sites\/106\/2024\/06\/O-animador-veterano-Nishii-Terumi-critica-demandas-estrangeiras-irracionais-por.jpg","type":"image\/jpeg"}],"twitter_card":"summary_large_image","twitter_misc":{"Est. reading time":"3 minutes"},"schema":{"@context":"https:\/\/schema.org","@graph":[{"@type":"WebPage","@id":"https:\/\/animangeek.com\/o-animador-veterano-nishii-terumi-critica-demandas-estrangeiras-irracionais-por-correcao-politica-na-producao-de-anime\/","url":"https:\/\/animangeek.com\/o-animador-veterano-nishii-terumi-critica-demandas-estrangeiras-irracionais-por-correcao-politica-na-producao-de-anime\/","name":"O animador veterano Nishii Terumi critica demandas estrangeiras irracionais por corre\u00e7\u00e3o pol\u00edtica na produ\u00e7\u00e3o de anime - Animan Geek","isPartOf":{"@id":"https:\/\/animangeek.com\/#website"},"primaryImageOfPage":{"@id":"https:\/\/animangeek.com\/o-animador-veterano-nishii-terumi-critica-demandas-estrangeiras-irracionais-por-correcao-politica-na-producao-de-anime\/#primaryimage"},"image":{"@id":"https:\/\/animangeek.com\/o-animador-veterano-nishii-terumi-critica-demandas-estrangeiras-irracionais-por-correcao-politica-na-producao-de-anime\/#primaryimage"},"thumbnailUrl":"https:\/\/animangeek.com\/wp-content\/uploads\/sites\/106\/2024\/06\/O-animador-veterano-Nishii-Terumi-critica-demandas-estrangeiras-irracionais-por.jpg","datePublished":"2024-06-14T11:36:21+00:00","dateModified":"2024-06-14T11:36:21+00:00","author":{"@id":""},"breadcrumb":{"@id":"https:\/\/animangeek.com\/o-animador-veterano-nishii-terumi-critica-demandas-estrangeiras-irracionais-por-correcao-politica-na-producao-de-anime\/#breadcrumb"},"inLanguage":"en-US","potentialAction":[{"@type":"ReadAction","target":["https:\/\/animangeek.com\/o-animador-veterano-nishii-terumi-critica-demandas-estrangeiras-irracionais-por-correcao-politica-na-producao-de-anime\/"]}]},{"@type":"ImageObject","inLanguage":"en-US","@id":"https:\/\/animangeek.com\/o-animador-veterano-nishii-terumi-critica-demandas-estrangeiras-irracionais-por-correcao-politica-na-producao-de-anime\/#primaryimage","url":"https:\/\/animangeek.com\/wp-content\/uploads\/sites\/106\/2024\/06\/O-animador-veterano-Nishii-Terumi-critica-demandas-estrangeiras-irracionais-por.jpg","contentUrl":"https:\/\/animangeek.com\/wp-content\/uploads\/sites\/106\/2024\/06\/O-animador-veterano-Nishii-Terumi-critica-demandas-estrangeiras-irracionais-por.jpg","width":980,"height":550},{"@type":"BreadcrumbList","@id":"https:\/\/animangeek.com\/o-animador-veterano-nishii-terumi-critica-demandas-estrangeiras-irracionais-por-correcao-politica-na-producao-de-anime\/#breadcrumb","itemListElement":[{"@type":"ListItem","position":1,"name":"Home","item":"https:\/\/animangeek.com\/"},{"@type":"ListItem","position":2,"name":"O animador veterano Nishii Terumi critica demandas estrangeiras irracionais por corre\u00e7\u00e3o pol\u00edtica na produ\u00e7\u00e3o de anime"}]},{"@type":"WebSite","@id":"https:\/\/animangeek.com\/#website","url":"https:\/\/animangeek.com\/","name":"Animan Geek","description":"","potentialAction":[{"@type":"SearchAction","target":{"@type":"EntryPoint","urlTemplate":"https:\/\/animangeek.com\/?s={search_term_string}"},"query-input":"required name=search_term_string"}],"inLanguage":"en-US"}]}},"_links":{"self":[{"href":"https:\/\/animangeek.com\/en\/wp-json\/wp\/v2\/posts\/13198"}],"collection":[{"href":"https:\/\/animangeek.com\/en\/wp-json\/wp\/v2\/posts"}],"about":[{"href":"https:\/\/animangeek.com\/en\/wp-json\/wp\/v2\/types\/post"}],"replies":[{"embeddable":true,"href":"https:\/\/animangeek.com\/en\/wp-json\/wp\/v2\/comments?post=13198"}],"version-history":[{"count":0,"href":"https:\/\/animangeek.com\/en\/wp-json\/wp\/v2\/posts\/13198\/revisions"}],"wp:featuredmedia":[{"embeddable":true,"href":"https:\/\/animangeek.com\/en\/wp-json\/wp\/v2\/media\/13199"}],"wp:attachment":[{"href":"https:\/\/animangeek.com\/en\/wp-json\/wp\/v2\/media?parent=13198"}],"wp:term":[{"taxonomy":"category","embeddable":true,"href":"https:\/\/animangeek.com\/en\/wp-json\/wp\/v2\/categories?post=13198"},{"taxonomy":"post_tag","embeddable":true,"href":"https:\/\/animangeek.com\/en\/wp-json\/wp\/v2\/tags?post=13198"}],"curies":[{"name":"wp","href":"https:\/\/api.w.org\/{rel}","templated":true}]}}