{"id":14560,"date":"2024-07-22T18:19:07","date_gmt":"2024-07-22T21:19:07","guid":{"rendered":"https:\/\/animangeek.com\/diretor-de-sakamoto-days-compartilha-sua-visao-para-a-adaptacao-do-anime\/"},"modified":"2024-07-22T18:19:07","modified_gmt":"2024-07-22T21:19:07","slug":"diretor-de-sakamoto-days-compartilha-sua-visao-para-a-adaptacao-do-anime","status":"publish","type":"post","link":"https:\/\/animangeek.com\/en\/diretor-de-sakamoto-days-compartilha-sua-visao-para-a-adaptacao-do-anime\/","title":{"rendered":"Sakamoto Days Director Shares His Vision for the Anime Adaptation"},"content":{"rendered":"<div class=\"mx-5 sm:mx-0 prose text-left mb-5\"><\/p>\n<div data-postid=\"85780\">\n<p>TMS Entertainment has shared an exclusive message from director Masaki Watanabe about the upcoming <strong><em>Sakamoto Days<\/em><\/strong>  anime adaptation.<\/p>\n<p>In the message, Watanabe expressed his enthusiasm and vision for the project, giving fans an idea of what they can expect from the upcoming anime.<\/p>\n<p>He revealed that he was immediately captivated by the manga&#039;s dynamic action sequences and emphasized the studio&#039;s intention to translate that energy into the anime through strategic use of movement, color, and sound.<\/p>\n<blockquote class=\"wp-block-quote is-layout-flow wp-block-quote-is-layout-flow\">\n<p class=\"has-medium-font-size\"><em>When I first read the SAKAMOTO DAYS manga, I remember being excited by the dynamic action scenes.<\/em><\/p>\n<p class=\"has-medium-font-size\"><em>For the anime, we would like to channel this emotion through action and speed, utilizing &#039;movement&#039;, &#039;color&#039; and &#039;sound&#039; unique to animation.<\/em><\/p>\n<\/blockquote>\n<p>The director also highlighted the importance of preserving the manga&#039;s humor and the protagonist&#039;s distinctive character. <\/p>\n<p>This balance of action, humor and character depth is expected to be a defining characteristic of the upcoming series.<\/p>\n<blockquote class=\"wp-block-quote is-layout-flow wp-block-quote-is-layout-flow\">\n<p class=\"has-medium-font-size\"><em>We hope to preserve the humor present in the story, while also fully portraying Sakamoto&#039;s character as the family-loving hitman that he is.<\/em><\/p>\n<\/blockquote>\n<p>As the production team works diligently to bring this vision to life, Watanabe asked fans to be patient.<\/p>\n<div class=\"wp-block-image\">\n<figure class=\"aligncenter size-full\"><img fetchpriority=\"high\" decoding=\"async\" width=\"960\" height=\"1200\" alt=\"Visual do anime Sakamoto Days\" class=\"wp-image-83567 lzl\"  data-lzl- src=\"https:\/\/animangeek.com\/wp-content\/uploads\/2024\/07\/Diretor-de-Sakamoto-Days-compartilha-sua-visao-para-a-adaptacao.jpg\"><noscript lzl=\"\"><img fetchpriority=\"high\" decoding=\"async\" width=\"960\" height=\"1200\" src=\"https:\/\/animangeek.com\/wp-content\/uploads\/2024\/07\/Diretor-de-Sakamoto-Days-compartilha-sua-visao-para-a-adaptacao.jpg\" alt=\"Visual do anime Sakamoto Days\" class=\"wp-image-83567\"  ><\/noscript><figcaption class=\"wp-element-caption\"> <\/figcaption><\/figure>\n<\/div>\n<p><strong><em>Sakamoto Days<\/em><\/strong>  The anime has been officially confirmed for release in January 2025.<\/p>\n<p>Tomokazu Sugita, known for playing Gintoki Sakata, will voice the main character Taro Sakamoto.<\/p>\n<p>TMS Entertainment, the studio behind <strong><em>Detective Conan<\/em><\/strong>,<strong><em> Fruit basket<\/em><\/strong> (2019), and<strong><em> Dr. Stone<\/em><\/strong>is set to handle animation production for the Sakamoto Days anime.<\/p>\n<p>Masaki Watanabe will direct, with Taku Kishimoto responsible for series composition, and Yo Moriyama handling character designs.<\/p>\n<p><strong><em>Sakamoto Days<\/em><\/strong> is a Japanese manga series written and illustrated by Yuto Suzuki. It has been serialized in Shueisha&#039;s shonen manga magazine Weekly Shonen Jump since November 2020, with its chapters collected in 16 tankobon volumes as of April 2024.<\/p>\n<p>It is published simultaneously in English by Viz Media and the online platform Manga Plus.<\/p>\n<p>Source: <a rel=\"nofollow noopener\" target=\"_blank\" href=\"https:\/\/x.com\/tmsanime\/status\/1815039033363546394\">X<\/a><\/p>\n<\/p><\/div>\n<p><\/div>","protected":false},"excerpt":{"rendered":"<p>TMS Entertainment has shared an exclusive message from director Masaki Watanabe about the upcoming Sakamoto Days anime adaptation. In the message, Watanabe expressed his excitement and vision for the project, giving fans a glimpse of what they can expect from the upcoming anime. He revealed that he was immediately captivated by the dynamic action sequences of the\u2026 <a class=\"more-link\" href=\"https:\/\/animangeek.com\/en\/diretor-de-sakamoto-days-compartilha-sua-visao-para-a-adaptacao-do-anime\/\">Continue reading <span class=\"screen-reader-text\">Sakamoto Days Director Shares His Vision for the Anime Adaptation<\/span><\/a><\/p>","protected":false},"author":0,"featured_media":14561,"comment_status":"open","ping_status":"open","sticky":false,"template":"","format":"standard","meta":{"footnotes":""},"categories":[3],"tags":[],"yoast_head":"<!-- This site is optimized with the Yoast SEO plugin v23.3 - https:\/\/yoast.com\/wordpress\/plugins\/seo\/ -->\n<title>Diretor de Sakamoto Days compartilha sua vis\u00e3o para a adapta\u00e7\u00e3o do anime - Animan Geek<\/title>\n<meta name=\"robots\" content=\"index, follow, max-snippet:-1, max-image-preview:large, max-video-preview:-1\" \/>\n<link rel=\"canonical\" href=\"https:\/\/animangeek.com\/en\/diretor-de-sakamoto-days-compartilha-sua-visao-para-a-adaptacao-do-anime\/\" \/>\n<meta property=\"og:locale\" content=\"en_US\" \/>\n<meta property=\"og:type\" content=\"article\" \/>\n<meta property=\"og:title\" content=\"Diretor de Sakamoto Days compartilha sua vis\u00e3o para a adapta\u00e7\u00e3o do anime - Animan Geek\" \/>\n<meta property=\"og:description\" content=\"A TMS Entertainment compartilhou uma mensagem exclusiva do diretor Masaki Watanabe sobre o pr\u00f3ximo Dias de Sakamoto adapta\u00e7\u00e3o de anime. Na mensagem, Watanabe expressou seu entusiasmo e vis\u00e3o para o projeto, dando aos f\u00e3s uma ideia do que podem esperar do pr\u00f3ximo anime. Ele revelou que ficou imediatamente cativado pelas sequ\u00eancias de a\u00e7\u00e3o din\u00e2micas do&hellip; Continue reading Diretor de Sakamoto Days compartilha sua vis\u00e3o para a adapta\u00e7\u00e3o do anime\" \/>\n<meta property=\"og:url\" content=\"https:\/\/animangeek.com\/en\/diretor-de-sakamoto-days-compartilha-sua-visao-para-a-adaptacao-do-anime\/\" \/>\n<meta property=\"og:site_name\" content=\"Animan Geek\" \/>\n<meta property=\"article:published_time\" content=\"2024-07-22T21:19:07+00:00\" \/>\n<meta property=\"og:image\" content=\"https:\/\/animangeek.com\/wp-content\/uploads\/sites\/106\/2024\/07\/1721683148_Diretor-de-Sakamoto-Days-compartilha-sua-visao-para-a-adaptacao.jpg\" \/>\n\t<meta property=\"og:image:width\" content=\"980\" \/>\n\t<meta property=\"og:image:height\" content=\"550\" \/>\n\t<meta property=\"og:image:type\" content=\"image\/jpeg\" \/>\n<meta name=\"twitter:card\" content=\"summary_large_image\" \/>\n<meta name=\"twitter:label1\" content=\"Est. reading time\" \/>\n\t<meta name=\"twitter:data1\" content=\"2 minutes\" \/>\n<script type=\"application\/ld+json\" class=\"yoast-schema-graph\">{\"@context\":\"https:\/\/schema.org\",\"@graph\":[{\"@type\":\"WebPage\",\"@id\":\"https:\/\/animangeek.com\/diretor-de-sakamoto-days-compartilha-sua-visao-para-a-adaptacao-do-anime\/\",\"url\":\"https:\/\/animangeek.com\/diretor-de-sakamoto-days-compartilha-sua-visao-para-a-adaptacao-do-anime\/\",\"name\":\"Diretor de Sakamoto Days compartilha sua vis\u00e3o para a adapta\u00e7\u00e3o do anime - Animan Geek\",\"isPartOf\":{\"@id\":\"https:\/\/animangeek.com\/#website\"},\"primaryImageOfPage\":{\"@id\":\"https:\/\/animangeek.com\/diretor-de-sakamoto-days-compartilha-sua-visao-para-a-adaptacao-do-anime\/#primaryimage\"},\"image\":{\"@id\":\"https:\/\/animangeek.com\/diretor-de-sakamoto-days-compartilha-sua-visao-para-a-adaptacao-do-anime\/#primaryimage\"},\"thumbnailUrl\":\"https:\/\/animangeek.com\/wp-content\/uploads\/sites\/106\/2024\/07\/1721683148_Diretor-de-Sakamoto-Days-compartilha-sua-visao-para-a-adaptacao.jpg\",\"datePublished\":\"2024-07-22T21:19:07+00:00\",\"dateModified\":\"2024-07-22T21:19:07+00:00\",\"author\":{\"@id\":\"\"},\"breadcrumb\":{\"@id\":\"https:\/\/animangeek.com\/diretor-de-sakamoto-days-compartilha-sua-visao-para-a-adaptacao-do-anime\/#breadcrumb\"},\"inLanguage\":\"en-US\",\"potentialAction\":[{\"@type\":\"ReadAction\",\"target\":[\"https:\/\/animangeek.com\/diretor-de-sakamoto-days-compartilha-sua-visao-para-a-adaptacao-do-anime\/\"]}]},{\"@type\":\"ImageObject\",\"inLanguage\":\"en-US\",\"@id\":\"https:\/\/animangeek.com\/diretor-de-sakamoto-days-compartilha-sua-visao-para-a-adaptacao-do-anime\/#primaryimage\",\"url\":\"https:\/\/animangeek.com\/wp-content\/uploads\/sites\/106\/2024\/07\/1721683148_Diretor-de-Sakamoto-Days-compartilha-sua-visao-para-a-adaptacao.jpg\",\"contentUrl\":\"https:\/\/animangeek.com\/wp-content\/uploads\/sites\/106\/2024\/07\/1721683148_Diretor-de-Sakamoto-Days-compartilha-sua-visao-para-a-adaptacao.jpg\",\"width\":980,\"height\":550},{\"@type\":\"BreadcrumbList\",\"@id\":\"https:\/\/animangeek.com\/diretor-de-sakamoto-days-compartilha-sua-visao-para-a-adaptacao-do-anime\/#breadcrumb\",\"itemListElement\":[{\"@type\":\"ListItem\",\"position\":1,\"name\":\"Home\",\"item\":\"https:\/\/animangeek.com\/\"},{\"@type\":\"ListItem\",\"position\":2,\"name\":\"Diretor de Sakamoto Days compartilha sua vis\u00e3o para a adapta\u00e7\u00e3o do anime\"}]},{\"@type\":\"WebSite\",\"@id\":\"https:\/\/animangeek.com\/#website\",\"url\":\"https:\/\/animangeek.com\/\",\"name\":\"Animan Geek\",\"description\":\"\",\"potentialAction\":[{\"@type\":\"SearchAction\",\"target\":{\"@type\":\"EntryPoint\",\"urlTemplate\":\"https:\/\/animangeek.com\/?s={search_term_string}\"},\"query-input\":\"required name=search_term_string\"}],\"inLanguage\":\"en-US\"}]}<\/script>\n<!-- \/ Yoast SEO plugin. -->","yoast_head_json":{"title":"Diretor de Sakamoto Days compartilha sua vis\u00e3o para a adapta\u00e7\u00e3o do anime - Animan Geek","robots":{"index":"index","follow":"follow","max-snippet":"max-snippet:-1","max-image-preview":"max-image-preview:large","max-video-preview":"max-video-preview:-1"},"canonical":"https:\/\/animangeek.com\/en\/diretor-de-sakamoto-days-compartilha-sua-visao-para-a-adaptacao-do-anime\/","og_locale":"en_US","og_type":"article","og_title":"Diretor de Sakamoto Days compartilha sua vis\u00e3o para a adapta\u00e7\u00e3o do anime - Animan Geek","og_description":"A TMS Entertainment compartilhou uma mensagem exclusiva do diretor Masaki Watanabe sobre o pr\u00f3ximo Dias de Sakamoto adapta\u00e7\u00e3o de anime. Na mensagem, Watanabe expressou seu entusiasmo e vis\u00e3o para o projeto, dando aos f\u00e3s uma ideia do que podem esperar do pr\u00f3ximo anime. Ele revelou que ficou imediatamente cativado pelas sequ\u00eancias de a\u00e7\u00e3o din\u00e2micas do&hellip; Continue reading Diretor de Sakamoto Days compartilha sua vis\u00e3o para a adapta\u00e7\u00e3o do anime","og_url":"https:\/\/animangeek.com\/en\/diretor-de-sakamoto-days-compartilha-sua-visao-para-a-adaptacao-do-anime\/","og_site_name":"Animan Geek","article_published_time":"2024-07-22T21:19:07+00:00","og_image":[{"width":980,"height":550,"url":"https:\/\/animangeek.com\/wp-content\/uploads\/sites\/106\/2024\/07\/1721683148_Diretor-de-Sakamoto-Days-compartilha-sua-visao-para-a-adaptacao.jpg","type":"image\/jpeg"}],"twitter_card":"summary_large_image","twitter_misc":{"Est. reading time":"2 minutes"},"schema":{"@context":"https:\/\/schema.org","@graph":[{"@type":"WebPage","@id":"https:\/\/animangeek.com\/diretor-de-sakamoto-days-compartilha-sua-visao-para-a-adaptacao-do-anime\/","url":"https:\/\/animangeek.com\/diretor-de-sakamoto-days-compartilha-sua-visao-para-a-adaptacao-do-anime\/","name":"Diretor de Sakamoto Days compartilha sua vis\u00e3o para a adapta\u00e7\u00e3o do anime - Animan Geek","isPartOf":{"@id":"https:\/\/animangeek.com\/#website"},"primaryImageOfPage":{"@id":"https:\/\/animangeek.com\/diretor-de-sakamoto-days-compartilha-sua-visao-para-a-adaptacao-do-anime\/#primaryimage"},"image":{"@id":"https:\/\/animangeek.com\/diretor-de-sakamoto-days-compartilha-sua-visao-para-a-adaptacao-do-anime\/#primaryimage"},"thumbnailUrl":"https:\/\/animangeek.com\/wp-content\/uploads\/sites\/106\/2024\/07\/1721683148_Diretor-de-Sakamoto-Days-compartilha-sua-visao-para-a-adaptacao.jpg","datePublished":"2024-07-22T21:19:07+00:00","dateModified":"2024-07-22T21:19:07+00:00","author":{"@id":""},"breadcrumb":{"@id":"https:\/\/animangeek.com\/diretor-de-sakamoto-days-compartilha-sua-visao-para-a-adaptacao-do-anime\/#breadcrumb"},"inLanguage":"en-US","potentialAction":[{"@type":"ReadAction","target":["https:\/\/animangeek.com\/diretor-de-sakamoto-days-compartilha-sua-visao-para-a-adaptacao-do-anime\/"]}]},{"@type":"ImageObject","inLanguage":"en-US","@id":"https:\/\/animangeek.com\/diretor-de-sakamoto-days-compartilha-sua-visao-para-a-adaptacao-do-anime\/#primaryimage","url":"https:\/\/animangeek.com\/wp-content\/uploads\/sites\/106\/2024\/07\/1721683148_Diretor-de-Sakamoto-Days-compartilha-sua-visao-para-a-adaptacao.jpg","contentUrl":"https:\/\/animangeek.com\/wp-content\/uploads\/sites\/106\/2024\/07\/1721683148_Diretor-de-Sakamoto-Days-compartilha-sua-visao-para-a-adaptacao.jpg","width":980,"height":550},{"@type":"BreadcrumbList","@id":"https:\/\/animangeek.com\/diretor-de-sakamoto-days-compartilha-sua-visao-para-a-adaptacao-do-anime\/#breadcrumb","itemListElement":[{"@type":"ListItem","position":1,"name":"Home","item":"https:\/\/animangeek.com\/"},{"@type":"ListItem","position":2,"name":"Diretor de Sakamoto Days compartilha sua vis\u00e3o para a adapta\u00e7\u00e3o do anime"}]},{"@type":"WebSite","@id":"https:\/\/animangeek.com\/#website","url":"https:\/\/animangeek.com\/","name":"Animan Geek","description":"","potentialAction":[{"@type":"SearchAction","target":{"@type":"EntryPoint","urlTemplate":"https:\/\/animangeek.com\/?s={search_term_string}"},"query-input":"required name=search_term_string"}],"inLanguage":"en-US"}]}},"_links":{"self":[{"href":"https:\/\/animangeek.com\/en\/wp-json\/wp\/v2\/posts\/14560"}],"collection":[{"href":"https:\/\/animangeek.com\/en\/wp-json\/wp\/v2\/posts"}],"about":[{"href":"https:\/\/animangeek.com\/en\/wp-json\/wp\/v2\/types\/post"}],"replies":[{"embeddable":true,"href":"https:\/\/animangeek.com\/en\/wp-json\/wp\/v2\/comments?post=14560"}],"version-history":[{"count":0,"href":"https:\/\/animangeek.com\/en\/wp-json\/wp\/v2\/posts\/14560\/revisions"}],"wp:featuredmedia":[{"embeddable":true,"href":"https:\/\/animangeek.com\/en\/wp-json\/wp\/v2\/media\/14561"}],"wp:attachment":[{"href":"https:\/\/animangeek.com\/en\/wp-json\/wp\/v2\/media?parent=14560"}],"wp:term":[{"taxonomy":"category","embeddable":true,"href":"https:\/\/animangeek.com\/en\/wp-json\/wp\/v2\/categories?post=14560"},{"taxonomy":"post_tag","embeddable":true,"href":"https:\/\/animangeek.com\/en\/wp-json\/wp\/v2\/tags?post=14560"}],"curies":[{"name":"wp","href":"https:\/\/api.w.org\/{rel}","templated":true}]}}