{"id":14882,"date":"2024-07-28T12:30:32","date_gmt":"2024-07-28T15:30:32","guid":{"rendered":"https:\/\/animangeek.com\/autor-de-boku-no-hero-academia-reflete-sobre-seu-sucesso\/"},"modified":"2025-11-27T20:53:28","modified_gmt":"2025-11-27T20:53:28","slug":"autor-de-boku-no-hero-academia-reflete-sobre-seu-sucesso","status":"publish","type":"post","link":"https:\/\/animangeek.com\/en\/autor-de-boku-no-hero-academia-reflete-sobre-seu-sucesso\/","title":{"rendered":"My Hero Academia author reflects on his success"},"content":{"rendered":"<div class=\"mx-5 sm:mx-0 prose text-left mb-5\">\n<div>\n<p>He <strong>The final chapter of \u201cMy Hero Academia\u201d will be published on August 5, 2024<\/strong>, marking the end of one of the most influential series of recent times. The series creator, <strong>Kohei Horikoshi<\/strong>recently shared his thoughts on the upcoming conclusion of his superhero oeuvre, revealing that he still can&#039;t fully come to terms with the global reach it&#039;s had.<\/p>\n<figure class=\"wp-block-image size-full\"><img loading=\"lazy\" decoding=\"async\" class=\"wp-image-333753\" src=\"http:\/\/animangeek.com\/wp-content\/uploads\/sites\/106\/2024\/07\/Autor-de-Boku-no-Hero-Academia-reflete-sobre-seu-sucesso.png\" alt=\"Boku no Hero Academia\" width=\"2000\" height=\"800\" \/><\/figure>\n<p>In a recent interview with Viz Media, a North American manga distributor, Horikoshi reflected on the impact of \u201cMy Hero Academia,\u201d which will end with the publication of chapter 430. The interview covered several topics, including <strong>How Horikoshi feels about \u201cMy Hero Academia\u201d reaching 100 million copies in circulation worldwide<\/strong>with the English version consistently ranking on bestseller lists in America.<\/p>\n<p><strong>Horikoshi confessed that this success \u201cdoesn\u2019t seem real to him\u201d, giving much of the credit to the foreign teams responsible for marketing and distribution outside Japan. <\/strong>However, the interviewer highlighted that the series&#039; strong international appeal stems from the work itself, since foreign readers tend to be demanding and many abandon a work if they don&#039;t find it interesting.<em><strong>International readers rate the manga very harshly<\/strong><\/em>&quot;said the interviewer.<em><strong>Many people stop reading it halfway through if they find it boring, so the continued sales success of &#039;My Hero Academia&#039; means that many people find it entertaining.<\/strong><\/em>\u00bb.<\/p>\n<p><strong>Horikoshi, flattered by these comments<\/strong>replied modestly: \u00ab<em><strong>Well, if you put it that way\u2026 No, thank you. Really. It must mean that people recognize it as a quality series.<\/strong><\/em>The interview also touched on American influences in &quot;My Hero Academia,&quot; such as Horikoshi&#039;s inspiration for creating superhero names that would fit into a superhero comic book. <strong>While Horikoshi&#039;s ideals of heroism were initially shaped by Eiichiro Oda&#039;s work in &quot;One Piece&quot; and Goku from &quot;Dragon Ball,&quot; they evolved into real-life acts of heroism.<\/strong>even in small actions of encouragement and support of ordinary people.<\/p>\n<p>For readers who have followed the final story of \u201cMy Hero Academia,\u201d this philosophical perspective from Horikoshi comes as no surprise. <strong>The author managed to capture the essence of heroism, both in great deeds and in small, everyday acts, something that resonated deeply with a global audience. <\/strong>With the final chapter just around the corner, the legacy of \u201cBoku no Hero Academia\u201d seems to be assured, leaving an indelible mark on manga and anime culture.<\/p>\n<p>Source: <strong>Comic Book Resources<\/strong><\/p>\n<\/div>\n<\/div>","protected":false},"excerpt":{"rendered":"<p>The final chapter of \u201cMy Hero Academia\u201d will be published on August 5, 2024, marking the end of one of the most influential series in recent times. Series creator Kohei Horikoshi recently shared his thoughts on the upcoming conclusion of his superhero opus, revealing that he still can\u2019t fully accept\u2026 <a class=\"more-link\" href=\"https:\/\/animangeek.com\/en\/autor-de-boku-no-hero-academia-reflete-sobre-seu-sucesso\/\">Continue reading <span class=\"screen-reader-text\">My Hero Academia author reflects on his success<\/span><\/a><\/p>","protected":false},"author":93,"featured_media":14883,"comment_status":"open","ping_status":"open","sticky":false,"template":"","format":"standard","meta":{"footnotes":""},"categories":[5],"tags":[271,1449],"yoast_head":"<!-- This site is optimized with the Yoast SEO plugin v23.3 - https:\/\/yoast.com\/wordpress\/plugins\/seo\/ -->\n<title>Autor de Boku no Hero Academia reflete sobre seu sucesso - Animan Geek<\/title>\n<meta name=\"robots\" content=\"index, follow, max-snippet:-1, max-image-preview:large, max-video-preview:-1\" \/>\n<link rel=\"canonical\" href=\"https:\/\/animangeek.com\/en\/autor-de-boku-no-hero-academia-reflete-sobre-seu-sucesso\/\" \/>\n<meta property=\"og:locale\" content=\"en_US\" \/>\n<meta property=\"og:type\" content=\"article\" \/>\n<meta property=\"og:title\" content=\"Autor de Boku no Hero Academia reflete sobre seu sucesso - Animan Geek\" \/>\n<meta property=\"og:description\" content=\"Ele O cap\u00edtulo final de \u201cBoku no Hero Academia\u201d ser\u00e1 publicado em 5 de agosto de 2024, marcando o fim de uma das s\u00e9ries mais influentes dos \u00faltimos tempos. O criador da s\u00e9rie, Kohei Horikoshirecentemente compartilhou seus pensamentos sobre o pr\u00f3ximo encerramento de sua obra de super-her\u00f3i, revelando que ele ainda n\u00e3o consegue aceitar totalmente&hellip; Continue reading Autor de Boku no Hero Academia reflete sobre seu sucesso\" \/>\n<meta property=\"og:url\" content=\"https:\/\/animangeek.com\/en\/autor-de-boku-no-hero-academia-reflete-sobre-seu-sucesso\/\" \/>\n<meta property=\"og:site_name\" content=\"Animan Geek\" \/>\n<meta property=\"article:published_time\" content=\"2024-07-28T15:30:32+00:00\" \/>\n<meta property=\"article:modified_time\" content=\"2025-11-27T20:53:28+00:00\" \/>\n<meta property=\"og:image\" content=\"https:\/\/animangeek.com\/wp-content\/uploads\/sites\/106\/2024\/07\/Autor-de-Boku-no-Hero-Academia-reflete-sobre-seu-sucesso.jpg\" \/>\n\t<meta property=\"og:image:width\" content=\"1920\" \/>\n\t<meta property=\"og:image:height\" content=\"1080\" \/>\n\t<meta property=\"og:image:type\" content=\"image\/jpeg\" \/>\n<meta name=\"author\" content=\"joaovitorjacintho1998\" \/>\n<meta name=\"twitter:card\" content=\"summary_large_image\" \/>\n<meta name=\"twitter:label1\" content=\"Written by\" \/>\n\t<meta name=\"twitter:data1\" content=\"joaovitorjacintho1998\" \/>\n\t<meta name=\"twitter:label2\" content=\"Est. reading time\" \/>\n\t<meta name=\"twitter:data2\" content=\"3 minutes\" \/>\n<script type=\"application\/ld+json\" class=\"yoast-schema-graph\">{\"@context\":\"https:\/\/schema.org\",\"@graph\":[{\"@type\":\"WebPage\",\"@id\":\"https:\/\/animangeek.com\/autor-de-boku-no-hero-academia-reflete-sobre-seu-sucesso\/\",\"url\":\"https:\/\/animangeek.com\/autor-de-boku-no-hero-academia-reflete-sobre-seu-sucesso\/\",\"name\":\"Autor de Boku no Hero Academia reflete sobre seu sucesso - Animan Geek\",\"isPartOf\":{\"@id\":\"https:\/\/animangeek.com\/#website\"},\"primaryImageOfPage\":{\"@id\":\"https:\/\/animangeek.com\/autor-de-boku-no-hero-academia-reflete-sobre-seu-sucesso\/#primaryimage\"},\"image\":{\"@id\":\"https:\/\/animangeek.com\/autor-de-boku-no-hero-academia-reflete-sobre-seu-sucesso\/#primaryimage\"},\"thumbnailUrl\":\"https:\/\/animangeek.com\/wp-content\/uploads\/sites\/106\/2024\/07\/Autor-de-Boku-no-Hero-Academia-reflete-sobre-seu-sucesso.jpg\",\"datePublished\":\"2024-07-28T15:30:32+00:00\",\"dateModified\":\"2025-11-27T20:53:28+00:00\",\"author\":{\"@id\":\"https:\/\/animangeek.com\/#\/schema\/person\/b0b94dcbe2f5caf90bfdf59817c675ed\"},\"breadcrumb\":{\"@id\":\"https:\/\/animangeek.com\/autor-de-boku-no-hero-academia-reflete-sobre-seu-sucesso\/#breadcrumb\"},\"inLanguage\":\"en-US\",\"potentialAction\":[{\"@type\":\"ReadAction\",\"target\":[\"https:\/\/animangeek.com\/autor-de-boku-no-hero-academia-reflete-sobre-seu-sucesso\/\"]}]},{\"@type\":\"ImageObject\",\"inLanguage\":\"en-US\",\"@id\":\"https:\/\/animangeek.com\/autor-de-boku-no-hero-academia-reflete-sobre-seu-sucesso\/#primaryimage\",\"url\":\"https:\/\/animangeek.com\/wp-content\/uploads\/sites\/106\/2024\/07\/Autor-de-Boku-no-Hero-Academia-reflete-sobre-seu-sucesso.jpg\",\"contentUrl\":\"https:\/\/animangeek.com\/wp-content\/uploads\/sites\/106\/2024\/07\/Autor-de-Boku-no-Hero-Academia-reflete-sobre-seu-sucesso.jpg\",\"width\":1920,\"height\":1080},{\"@type\":\"BreadcrumbList\",\"@id\":\"https:\/\/animangeek.com\/autor-de-boku-no-hero-academia-reflete-sobre-seu-sucesso\/#breadcrumb\",\"itemListElement\":[{\"@type\":\"ListItem\",\"position\":1,\"name\":\"Home\",\"item\":\"https:\/\/animangeek.com\/\"},{\"@type\":\"ListItem\",\"position\":2,\"name\":\"Autor de Boku no Hero Academia reflete sobre seu sucesso\"}]},{\"@type\":\"WebSite\",\"@id\":\"https:\/\/animangeek.com\/#website\",\"url\":\"https:\/\/animangeek.com\/\",\"name\":\"Animan Geek\",\"description\":\"\",\"potentialAction\":[{\"@type\":\"SearchAction\",\"target\":{\"@type\":\"EntryPoint\",\"urlTemplate\":\"https:\/\/animangeek.com\/?s={search_term_string}\"},\"query-input\":\"required name=search_term_string\"}],\"inLanguage\":\"en-US\"},{\"@type\":\"Person\",\"@id\":\"https:\/\/animangeek.com\/#\/schema\/person\/b0b94dcbe2f5caf90bfdf59817c675ed\",\"name\":\"joaovitorjacintho1998\",\"image\":{\"@type\":\"ImageObject\",\"inLanguage\":\"en-US\",\"@id\":\"https:\/\/animangeek.com\/#\/schema\/person\/image\/\",\"url\":\"https:\/\/secure.gravatar.com\/avatar\/2843227ca03ccf8cc7ccca45204c127e?s=96&d=mm&r=g\",\"contentUrl\":\"https:\/\/secure.gravatar.com\/avatar\/2843227ca03ccf8cc7ccca45204c127e?s=96&d=mm&r=g\",\"caption\":\"joaovitorjacintho1998\"},\"url\":\"https:\/\/animangeek.com\/en\/author\/joaovitorjacintho1998\/\"}]}<\/script>\n<!-- \/ Yoast SEO plugin. -->","yoast_head_json":{"title":"Autor de Boku no Hero Academia reflete sobre seu sucesso - Animan Geek","robots":{"index":"index","follow":"follow","max-snippet":"max-snippet:-1","max-image-preview":"max-image-preview:large","max-video-preview":"max-video-preview:-1"},"canonical":"https:\/\/animangeek.com\/en\/autor-de-boku-no-hero-academia-reflete-sobre-seu-sucesso\/","og_locale":"en_US","og_type":"article","og_title":"Autor de Boku no Hero Academia reflete sobre seu sucesso - Animan Geek","og_description":"Ele O cap\u00edtulo final de \u201cBoku no Hero Academia\u201d ser\u00e1 publicado em 5 de agosto de 2024, marcando o fim de uma das s\u00e9ries mais influentes dos \u00faltimos tempos. O criador da s\u00e9rie, Kohei Horikoshirecentemente compartilhou seus pensamentos sobre o pr\u00f3ximo encerramento de sua obra de super-her\u00f3i, revelando que ele ainda n\u00e3o consegue aceitar totalmente&hellip; Continue reading Autor de Boku no Hero Academia reflete sobre seu sucesso","og_url":"https:\/\/animangeek.com\/en\/autor-de-boku-no-hero-academia-reflete-sobre-seu-sucesso\/","og_site_name":"Animan Geek","article_published_time":"2024-07-28T15:30:32+00:00","article_modified_time":"2025-11-27T20:53:28+00:00","og_image":[{"width":1920,"height":1080,"url":"https:\/\/animangeek.com\/wp-content\/uploads\/sites\/106\/2024\/07\/Autor-de-Boku-no-Hero-Academia-reflete-sobre-seu-sucesso.jpg","type":"image\/jpeg"}],"author":"joaovitorjacintho1998","twitter_card":"summary_large_image","twitter_misc":{"Written by":"joaovitorjacintho1998","Est. reading time":"3 minutes"},"schema":{"@context":"https:\/\/schema.org","@graph":[{"@type":"WebPage","@id":"https:\/\/animangeek.com\/autor-de-boku-no-hero-academia-reflete-sobre-seu-sucesso\/","url":"https:\/\/animangeek.com\/autor-de-boku-no-hero-academia-reflete-sobre-seu-sucesso\/","name":"Autor de Boku no Hero Academia reflete sobre seu sucesso - Animan Geek","isPartOf":{"@id":"https:\/\/animangeek.com\/#website"},"primaryImageOfPage":{"@id":"https:\/\/animangeek.com\/autor-de-boku-no-hero-academia-reflete-sobre-seu-sucesso\/#primaryimage"},"image":{"@id":"https:\/\/animangeek.com\/autor-de-boku-no-hero-academia-reflete-sobre-seu-sucesso\/#primaryimage"},"thumbnailUrl":"https:\/\/animangeek.com\/wp-content\/uploads\/sites\/106\/2024\/07\/Autor-de-Boku-no-Hero-Academia-reflete-sobre-seu-sucesso.jpg","datePublished":"2024-07-28T15:30:32+00:00","dateModified":"2025-11-27T20:53:28+00:00","author":{"@id":"https:\/\/animangeek.com\/#\/schema\/person\/b0b94dcbe2f5caf90bfdf59817c675ed"},"breadcrumb":{"@id":"https:\/\/animangeek.com\/autor-de-boku-no-hero-academia-reflete-sobre-seu-sucesso\/#breadcrumb"},"inLanguage":"en-US","potentialAction":[{"@type":"ReadAction","target":["https:\/\/animangeek.com\/autor-de-boku-no-hero-academia-reflete-sobre-seu-sucesso\/"]}]},{"@type":"ImageObject","inLanguage":"en-US","@id":"https:\/\/animangeek.com\/autor-de-boku-no-hero-academia-reflete-sobre-seu-sucesso\/#primaryimage","url":"https:\/\/animangeek.com\/wp-content\/uploads\/sites\/106\/2024\/07\/Autor-de-Boku-no-Hero-Academia-reflete-sobre-seu-sucesso.jpg","contentUrl":"https:\/\/animangeek.com\/wp-content\/uploads\/sites\/106\/2024\/07\/Autor-de-Boku-no-Hero-Academia-reflete-sobre-seu-sucesso.jpg","width":1920,"height":1080},{"@type":"BreadcrumbList","@id":"https:\/\/animangeek.com\/autor-de-boku-no-hero-academia-reflete-sobre-seu-sucesso\/#breadcrumb","itemListElement":[{"@type":"ListItem","position":1,"name":"Home","item":"https:\/\/animangeek.com\/"},{"@type":"ListItem","position":2,"name":"Autor de Boku no Hero Academia reflete sobre seu sucesso"}]},{"@type":"WebSite","@id":"https:\/\/animangeek.com\/#website","url":"https:\/\/animangeek.com\/","name":"Animan Geek","description":"","potentialAction":[{"@type":"SearchAction","target":{"@type":"EntryPoint","urlTemplate":"https:\/\/animangeek.com\/?s={search_term_string}"},"query-input":"required name=search_term_string"}],"inLanguage":"en-US"},{"@type":"Person","@id":"https:\/\/animangeek.com\/#\/schema\/person\/b0b94dcbe2f5caf90bfdf59817c675ed","name":"joaovitorjacintho1998","image":{"@type":"ImageObject","inLanguage":"en-US","@id":"https:\/\/animangeek.com\/#\/schema\/person\/image\/","url":"https:\/\/secure.gravatar.com\/avatar\/2843227ca03ccf8cc7ccca45204c127e?s=96&d=mm&r=g","contentUrl":"https:\/\/secure.gravatar.com\/avatar\/2843227ca03ccf8cc7ccca45204c127e?s=96&d=mm&r=g","caption":"joaovitorjacintho1998"},"url":"https:\/\/animangeek.com\/en\/author\/joaovitorjacintho1998\/"}]}},"_links":{"self":[{"href":"https:\/\/animangeek.com\/en\/wp-json\/wp\/v2\/posts\/14882"}],"collection":[{"href":"https:\/\/animangeek.com\/en\/wp-json\/wp\/v2\/posts"}],"about":[{"href":"https:\/\/animangeek.com\/en\/wp-json\/wp\/v2\/types\/post"}],"author":[{"embeddable":true,"href":"https:\/\/animangeek.com\/en\/wp-json\/wp\/v2\/users\/93"}],"replies":[{"embeddable":true,"href":"https:\/\/animangeek.com\/en\/wp-json\/wp\/v2\/comments?post=14882"}],"version-history":[{"count":1,"href":"https:\/\/animangeek.com\/en\/wp-json\/wp\/v2\/posts\/14882\/revisions"}],"predecessor-version":[{"id":21045,"href":"https:\/\/animangeek.com\/en\/wp-json\/wp\/v2\/posts\/14882\/revisions\/21045"}],"wp:featuredmedia":[{"embeddable":true,"href":"https:\/\/animangeek.com\/en\/wp-json\/wp\/v2\/media\/14883"}],"wp:attachment":[{"href":"https:\/\/animangeek.com\/en\/wp-json\/wp\/v2\/media?parent=14882"}],"wp:term":[{"taxonomy":"category","embeddable":true,"href":"https:\/\/animangeek.com\/en\/wp-json\/wp\/v2\/categories?post=14882"},{"taxonomy":"post_tag","embeddable":true,"href":"https:\/\/animangeek.com\/en\/wp-json\/wp\/v2\/tags?post=14882"}],"curies":[{"name":"wp","href":"https:\/\/api.w.org\/{rel}","templated":true}]}}