{"id":15200,"date":"2024-07-31T11:58:59","date_gmt":"2024-07-31T14:58:59","guid":{"rendered":"https:\/\/animangeek.com\/?p=15200"},"modified":"2024-07-31T11:58:59","modified_gmt":"2024-07-31T14:58:59","slug":"criadores-do-manga-plus-comemoram-marco-com-a-serializacao-do-manga-noname","status":"publish","type":"post","link":"https:\/\/animangeek.com\/en\/criadores-do-manga-plus-comemoram-marco-com-a-serializacao-do-manga-noname\/","title":{"rendered":"MANGA Plus creators celebrate milestone with serialization of No\\Name manga"},"content":{"rendered":"<div class=\"mx-5 sm:mx-0 prose text-left mb-5\">\n<div><\/div>\n<p>&nbsp;<\/p>\n<p>The inaugural serialization on MANGA Plus Creators by SHUEISHA, a Japanese manga platform, has begun! Since its launch two years ago, the number of manga submissions has increased, surpassing 37,000 stories.<\/p>\n<p>SHUEISHA\u2019s MANGA Plus Creators, the cutting-edge manga publishing platform that enables creators from around the world to showcase their unique stories, is celebrating a significant achievement in the manga space.<\/p>\n<p>One of his standout works, No\\Name, received the first Gold Prize at the September 2023 Monthly Awards and is scheduled to begin serialization in Japanese and English on two major platforms: SHUEISHA&#039;s MANGA Plus and Shonen JUMP+.<\/p>\n<figure id=\"attachment_1571865\" class=\"wp-caption alignnone\" style=\"width: 1920px;\" aria-describedby=\"caption-attachment-1571865\"><img loading=\"lazy\" decoding=\"async\" class=\"size-full wp-image-1571865\" src=\"https:\/\/animangeek.com\/wp-content\/uploads\/2024\/07\/NoName-Manga-Serialization-3.jpg\" alt=\"Serializa\u00e7\u00e3o de mang\u00e1 NoName\" width=\"1920\" height=\"1080\" \/><figcaption id=\"caption-attachment-1571865\" class=\"wp-caption-text\">NoName Manga (Credits: Manga Plus)<\/figcaption><\/figure>\n<p>Starting July 31, No\\Name will be the first work by an international team to be serialized simultaneously in SHUEISHA&#039;s MANGA Plus and Shonen JUMP+, which are managed by the same editorial department in Japan.<\/p>\n<p>This achievement will place No\\Name alongside renowned titles such as SPY\u00d7FAMILY, Kaiju No.8, and Chainsaw Man on the Shonen JUMP+ app, marking an important milestone for SHUEISHA\u2019s MANGA Plus creators.<\/p>\n<p>Chapters one and two will be released simultaneously, with subsequent chapters following a biweekly schedule starting with chapter three. In addition to the digital serialization, there are plans underway to publish the work as a physical comic book under the Jump Comics imprint in Japan, further extending its reach and impact.<\/p>\n<p><strong>Synopsis of No\\Name<\/strong><\/p>\n<p>In a world where names are directly linked to a person&#039;s abilities, the Nordic Naming Bureau (NNB) oversees name givers. The story follows a man whose wife and son have gone missing. The NNB visits the man, who intends to give his son the same name as his own, but\u2026<\/p>\n<p>Story by: Rafal Jaki<br \/>\nExecutive producer and showrunner of \u201cCyberpunk Edge Runners\u201d on Netflix and debut writer of \u201cThe Witcher: Ronin\u201d.<\/p>\n<figure id=\"attachment_1571864\" class=\"wp-caption alignnone\" style=\"width: 1920px;\" aria-describedby=\"caption-attachment-1571864\"><img loading=\"lazy\" decoding=\"async\" class=\"size-full wp-image-1571864\" src=\"https:\/\/animangeek.com\/wp-content\/uploads\/2024\/07\/NoName-Manga-Serialization-2.jpg\" alt=\"Serializa\u00e7\u00e3o de mang\u00e1 NoName\" width=\"1920\" height=\"1080\" \/><figcaption id=\"caption-attachment-1571864\" class=\"wp-caption-text\">Cyberpunk: Edgerunners (credits: Trigger, CD Projekt)<\/figcaption><\/figure>\n<p>Art by: MACHINE GAMU<br \/>\nAn overseas-based manga artist with expertise in black-and-white and finely shaded drawings. This European creative duo has impressed readers with their distinctive artistic and storytelling skills, winning top honors at the Monthly Awards and showcasing the rich diversity and talent of the global manga community.<\/p><\/div>","protected":false},"excerpt":{"rendered":"<p>&nbsp; The inaugural serialization on SHUEISHA&#039;s MANGA Plus Creators, a Japanese manga publishing platform, has begun! Since its launch two years ago, the number of manga submissions has soared, surpassing 37,000 stories. SHUEISHA&#039;s MANGA Plus Creators, the cutting-edge manga publishing platform that allows creators from around the world to showcase their stories\u2026 <a class=\"more-link\" href=\"https:\/\/animangeek.com\/en\/criadores-do-manga-plus-comemoram-marco-com-a-serializacao-do-manga-noname\/\">Continue reading <span class=\"screen-reader-text\">MANGA Plus creators celebrate milestone with serialization of No\\Name manga<\/span><\/a><\/p>","protected":false},"author":0,"featured_media":15201,"comment_status":"open","ping_status":"open","sticky":false,"template":"","format":"standard","meta":{"footnotes":""},"categories":[8],"tags":[],"yoast_head":"<!-- This site is optimized with the Yoast SEO plugin v23.3 - https:\/\/yoast.com\/wordpress\/plugins\/seo\/ -->\n<title>Criadores do MANGA Plus comemoram marco com a serializa\u00e7\u00e3o do mang\u00e1 No\\Name - Animan Geek<\/title>\n<meta name=\"robots\" content=\"index, follow, max-snippet:-1, max-image-preview:large, max-video-preview:-1\" \/>\n<link rel=\"canonical\" href=\"https:\/\/animangeek.com\/en\/criadores-do-manga-plus-comemoram-marco-com-a-serializacao-do-manga-noname\/\" \/>\n<meta property=\"og:locale\" content=\"en_US\" \/>\n<meta property=\"og:type\" content=\"article\" \/>\n<meta property=\"og:title\" content=\"Criadores do MANGA Plus comemoram marco com a serializa\u00e7\u00e3o do mang\u00e1 No\\Name - Animan Geek\" \/>\n<meta property=\"og:description\" content=\"&nbsp; A serializa\u00e7\u00e3o inaugural no MANGA Plus Creators pela SHUEISHA, uma plataforma japonesa de mang\u00e1, come\u00e7ou! Desde seu lan\u00e7amento h\u00e1 dois anos, o n\u00famero de envios de mang\u00e1 aumentou, ultrapassando 37.000 hist\u00f3rias. MANGA Plus Creators da SHUEISHA, a plataforma de publica\u00e7\u00e3o de mang\u00e1 de ponta que permite que criadores do mundo todo mostrem suas hist\u00f3rias&hellip; Continue reading Criadores do MANGA Plus comemoram marco com a serializa\u00e7\u00e3o do mang\u00e1 NoName\" \/>\n<meta property=\"og:url\" content=\"https:\/\/animangeek.com\/en\/criadores-do-manga-plus-comemoram-marco-com-a-serializacao-do-manga-noname\/\" \/>\n<meta property=\"og:site_name\" content=\"Animan Geek\" \/>\n<meta property=\"article:published_time\" content=\"2024-07-31T14:58:59+00:00\" \/>\n<meta property=\"og:image\" content=\"https:\/\/animangeek.com\/wp-content\/uploads\/sites\/106\/2024\/07\/NoName-Manga-Serialization-1.jpg\" \/>\n\t<meta property=\"og:image:width\" content=\"1920\" \/>\n\t<meta property=\"og:image:height\" content=\"1080\" \/>\n\t<meta property=\"og:image:type\" content=\"image\/jpeg\" \/>\n<meta name=\"twitter:card\" content=\"summary_large_image\" \/>\n<meta name=\"twitter:label1\" content=\"Est. reading time\" \/>\n\t<meta name=\"twitter:data1\" content=\"2 minutes\" \/>\n<script type=\"application\/ld+json\" class=\"yoast-schema-graph\">{\"@context\":\"https:\/\/schema.org\",\"@graph\":[{\"@type\":\"WebPage\",\"@id\":\"https:\/\/animangeek.com\/criadores-do-manga-plus-comemoram-marco-com-a-serializacao-do-manga-noname\/\",\"url\":\"https:\/\/animangeek.com\/criadores-do-manga-plus-comemoram-marco-com-a-serializacao-do-manga-noname\/\",\"name\":\"Criadores do MANGA Plus comemoram marco com a serializa\u00e7\u00e3o do mang\u00e1 No\\\\Name - Animan Geek\",\"isPartOf\":{\"@id\":\"https:\/\/animangeek.com\/#website\"},\"primaryImageOfPage\":{\"@id\":\"https:\/\/animangeek.com\/criadores-do-manga-plus-comemoram-marco-com-a-serializacao-do-manga-noname\/#primaryimage\"},\"image\":{\"@id\":\"https:\/\/animangeek.com\/criadores-do-manga-plus-comemoram-marco-com-a-serializacao-do-manga-noname\/#primaryimage\"},\"thumbnailUrl\":\"https:\/\/animangeek.com\/wp-content\/uploads\/sites\/106\/2024\/07\/NoName-Manga-Serialization-1.jpg\",\"datePublished\":\"2024-07-31T14:58:59+00:00\",\"dateModified\":\"2024-07-31T14:58:59+00:00\",\"author\":{\"@id\":\"\"},\"breadcrumb\":{\"@id\":\"https:\/\/animangeek.com\/criadores-do-manga-plus-comemoram-marco-com-a-serializacao-do-manga-noname\/#breadcrumb\"},\"inLanguage\":\"en-US\",\"potentialAction\":[{\"@type\":\"ReadAction\",\"target\":[\"https:\/\/animangeek.com\/criadores-do-manga-plus-comemoram-marco-com-a-serializacao-do-manga-noname\/\"]}]},{\"@type\":\"ImageObject\",\"inLanguage\":\"en-US\",\"@id\":\"https:\/\/animangeek.com\/criadores-do-manga-plus-comemoram-marco-com-a-serializacao-do-manga-noname\/#primaryimage\",\"url\":\"https:\/\/animangeek.com\/wp-content\/uploads\/sites\/106\/2024\/07\/NoName-Manga-Serialization-1.jpg\",\"contentUrl\":\"https:\/\/animangeek.com\/wp-content\/uploads\/sites\/106\/2024\/07\/NoName-Manga-Serialization-1.jpg\",\"width\":1920,\"height\":1080},{\"@type\":\"BreadcrumbList\",\"@id\":\"https:\/\/animangeek.com\/criadores-do-manga-plus-comemoram-marco-com-a-serializacao-do-manga-noname\/#breadcrumb\",\"itemListElement\":[{\"@type\":\"ListItem\",\"position\":1,\"name\":\"Home\",\"item\":\"https:\/\/animangeek.com\/\"},{\"@type\":\"ListItem\",\"position\":2,\"name\":\"Criadores do MANGA Plus comemoram marco com a serializa\u00e7\u00e3o do mang\u00e1 No\\\\Name\"}]},{\"@type\":\"WebSite\",\"@id\":\"https:\/\/animangeek.com\/#website\",\"url\":\"https:\/\/animangeek.com\/\",\"name\":\"Animan Geek\",\"description\":\"\",\"potentialAction\":[{\"@type\":\"SearchAction\",\"target\":{\"@type\":\"EntryPoint\",\"urlTemplate\":\"https:\/\/animangeek.com\/?s={search_term_string}\"},\"query-input\":\"required name=search_term_string\"}],\"inLanguage\":\"en-US\"}]}<\/script>\n<!-- \/ Yoast SEO plugin. -->","yoast_head_json":{"title":"Criadores do MANGA Plus comemoram marco com a serializa\u00e7\u00e3o do mang\u00e1 No\\Name - Animan Geek","robots":{"index":"index","follow":"follow","max-snippet":"max-snippet:-1","max-image-preview":"max-image-preview:large","max-video-preview":"max-video-preview:-1"},"canonical":"https:\/\/animangeek.com\/en\/criadores-do-manga-plus-comemoram-marco-com-a-serializacao-do-manga-noname\/","og_locale":"en_US","og_type":"article","og_title":"Criadores do MANGA Plus comemoram marco com a serializa\u00e7\u00e3o do mang\u00e1 No\\Name - Animan Geek","og_description":"&nbsp; A serializa\u00e7\u00e3o inaugural no MANGA Plus Creators pela SHUEISHA, uma plataforma japonesa de mang\u00e1, come\u00e7ou! Desde seu lan\u00e7amento h\u00e1 dois anos, o n\u00famero de envios de mang\u00e1 aumentou, ultrapassando 37.000 hist\u00f3rias. MANGA Plus Creators da SHUEISHA, a plataforma de publica\u00e7\u00e3o de mang\u00e1 de ponta que permite que criadores do mundo todo mostrem suas hist\u00f3rias&hellip; Continue reading Criadores do MANGA Plus comemoram marco com a serializa\u00e7\u00e3o do mang\u00e1 NoName","og_url":"https:\/\/animangeek.com\/en\/criadores-do-manga-plus-comemoram-marco-com-a-serializacao-do-manga-noname\/","og_site_name":"Animan Geek","article_published_time":"2024-07-31T14:58:59+00:00","og_image":[{"width":1920,"height":1080,"url":"https:\/\/animangeek.com\/wp-content\/uploads\/sites\/106\/2024\/07\/NoName-Manga-Serialization-1.jpg","type":"image\/jpeg"}],"twitter_card":"summary_large_image","twitter_misc":{"Est. reading time":"2 minutes"},"schema":{"@context":"https:\/\/schema.org","@graph":[{"@type":"WebPage","@id":"https:\/\/animangeek.com\/criadores-do-manga-plus-comemoram-marco-com-a-serializacao-do-manga-noname\/","url":"https:\/\/animangeek.com\/criadores-do-manga-plus-comemoram-marco-com-a-serializacao-do-manga-noname\/","name":"Criadores do MANGA Plus comemoram marco com a serializa\u00e7\u00e3o do mang\u00e1 No\\Name - Animan Geek","isPartOf":{"@id":"https:\/\/animangeek.com\/#website"},"primaryImageOfPage":{"@id":"https:\/\/animangeek.com\/criadores-do-manga-plus-comemoram-marco-com-a-serializacao-do-manga-noname\/#primaryimage"},"image":{"@id":"https:\/\/animangeek.com\/criadores-do-manga-plus-comemoram-marco-com-a-serializacao-do-manga-noname\/#primaryimage"},"thumbnailUrl":"https:\/\/animangeek.com\/wp-content\/uploads\/sites\/106\/2024\/07\/NoName-Manga-Serialization-1.jpg","datePublished":"2024-07-31T14:58:59+00:00","dateModified":"2024-07-31T14:58:59+00:00","author":{"@id":""},"breadcrumb":{"@id":"https:\/\/animangeek.com\/criadores-do-manga-plus-comemoram-marco-com-a-serializacao-do-manga-noname\/#breadcrumb"},"inLanguage":"en-US","potentialAction":[{"@type":"ReadAction","target":["https:\/\/animangeek.com\/criadores-do-manga-plus-comemoram-marco-com-a-serializacao-do-manga-noname\/"]}]},{"@type":"ImageObject","inLanguage":"en-US","@id":"https:\/\/animangeek.com\/criadores-do-manga-plus-comemoram-marco-com-a-serializacao-do-manga-noname\/#primaryimage","url":"https:\/\/animangeek.com\/wp-content\/uploads\/sites\/106\/2024\/07\/NoName-Manga-Serialization-1.jpg","contentUrl":"https:\/\/animangeek.com\/wp-content\/uploads\/sites\/106\/2024\/07\/NoName-Manga-Serialization-1.jpg","width":1920,"height":1080},{"@type":"BreadcrumbList","@id":"https:\/\/animangeek.com\/criadores-do-manga-plus-comemoram-marco-com-a-serializacao-do-manga-noname\/#breadcrumb","itemListElement":[{"@type":"ListItem","position":1,"name":"Home","item":"https:\/\/animangeek.com\/"},{"@type":"ListItem","position":2,"name":"Criadores do MANGA Plus comemoram marco com a serializa\u00e7\u00e3o do mang\u00e1 No\\Name"}]},{"@type":"WebSite","@id":"https:\/\/animangeek.com\/#website","url":"https:\/\/animangeek.com\/","name":"Animan Geek","description":"","potentialAction":[{"@type":"SearchAction","target":{"@type":"EntryPoint","urlTemplate":"https:\/\/animangeek.com\/?s={search_term_string}"},"query-input":"required name=search_term_string"}],"inLanguage":"en-US"}]}},"_links":{"self":[{"href":"https:\/\/animangeek.com\/en\/wp-json\/wp\/v2\/posts\/15200"}],"collection":[{"href":"https:\/\/animangeek.com\/en\/wp-json\/wp\/v2\/posts"}],"about":[{"href":"https:\/\/animangeek.com\/en\/wp-json\/wp\/v2\/types\/post"}],"replies":[{"embeddable":true,"href":"https:\/\/animangeek.com\/en\/wp-json\/wp\/v2\/comments?post=15200"}],"version-history":[{"count":0,"href":"https:\/\/animangeek.com\/en\/wp-json\/wp\/v2\/posts\/15200\/revisions"}],"wp:featuredmedia":[{"embeddable":true,"href":"https:\/\/animangeek.com\/en\/wp-json\/wp\/v2\/media\/15201"}],"wp:attachment":[{"href":"https:\/\/animangeek.com\/en\/wp-json\/wp\/v2\/media?parent=15200"}],"wp:term":[{"taxonomy":"category","embeddable":true,"href":"https:\/\/animangeek.com\/en\/wp-json\/wp\/v2\/categories?post=15200"},{"taxonomy":"post_tag","embeddable":true,"href":"https:\/\/animangeek.com\/en\/wp-json\/wp\/v2\/tags?post=15200"}],"curies":[{"name":"wp","href":"https:\/\/api.w.org\/{rel}","templated":true}]}}