{"id":15462,"date":"2024-08-01T11:43:51","date_gmt":"2024-08-01T14:43:51","guid":{"rendered":"https:\/\/animangeek.com\/um-velho-se-torna-um-waifu-em-akuyaku-reijou-tensei-oji-san\/"},"modified":"2024-08-01T11:43:51","modified_gmt":"2024-08-01T14:43:51","slug":"um-velho-se-torna-um-waifu-em-akuyaku-reijou-tensei-oji-san","status":"publish","type":"post","link":"https:\/\/animangeek.com\/en\/um-velho-se-torna-um-waifu-em-akuyaku-reijou-tensei-oji-san\/","title":{"rendered":"An old man becomes a waifu in Akuyaku Reijou Tensei Oji-san"},"content":{"rendered":"<div class=\"mx-5 sm:mx-0 prose text-left mb-5\"><\/p>\n<div>\n<p>On the official website of the anime adaptation of the manga written and illustrated by <strong>Michiro Ueyama<\/strong>\u201c<strong>Akuyaku Reijou Tensei Oji-san<\/strong> (<em>The old man reincarnated as a villain<\/em>)\u201d, a new promotional video for the project was revealed. The video confirms this <strong>The premiere is scheduled for the winter-2025 period (January-March)<\/strong>and lists production details and voice cast.<\/p>\n<p><iframe loading=\"lazy\" title=\"PV\uff5c2025\u5e741\u6708\u3088\u308a\u5168\u56fd\u540c\u6642\u653e\u9001\" width=\"500\" height=\"281\" src=\"https:\/\/www.youtube.com\/embed\/c69-nnnAfU4?feature=oembed\" frameborder=\"0\" allow=\"accelerometer; autoplay; clipboard-write; encrypted-media; gyroscope; picture-in-picture; web-share\" referrerpolicy=\"strict-origin-when-cross-origin\" allowfullscreen><\/iframe><\/p>\n<p>For its part, <strong>Michiro Ueyama<\/strong> The manga began publication through the magazine <strong>Youngking Monthly Our GH<\/strong> from the publisher <strong>Shonengahosha<\/strong> in March 2020, where it is still in serialization. Previously he wrote other works such as \u201c<strong>Age &#039;87<\/strong>\u201c,\u201c<strong>Tsumanuda Fighting City<\/strong>\u201c, and \u201c<strong>Kijuushin Seiki Zoids<\/strong>\u201c.<\/p>\n<h3 class=\"wp-block-heading\"><strong>voice cast<\/strong><\/h3>\n<ul>\n<li><strong>Kazuhiko Inoue<\/strong> as Kenzaburo Tondabayashi.<\/li>\n<li><strong>Mao Ichimichi<\/strong> like Grace Auvergne.<\/li>\n<\/ul>\n<h3 class=\"wp-block-heading\"><strong>Production team<\/strong><\/h3>\n<ul>\n<li><strong>Tetsuya Takeuchi<\/strong> (<em>Sword Art Online II, Lycoris Recoil, Tengoku Daimakyou<\/em>) is in charge of directing the anime at the studios <strong>Ajia-do<\/strong>.<\/li>\n<li><strong>Shingo Irie<\/strong> (<em>Shoumetsu Toshi, Hakata Mentai! Pirikarako-chan<\/em>) is responsible for writing and supervising the scripts.<\/li>\n<li><strong>Haruka Matsunae<\/strong> (<em>Honzuki no Gekokujou: Shisho ni Naru Tame ni wa Shudan wo Erandeiraremasen season 3<\/em>) is responsible for character design and animation direction.<\/li>\n<li><strong>Kaho Sawada<\/strong>, <strong>Natsumi Tabuchi<\/strong>, <strong>Tsugumi Tanaka<\/strong>and <strong>Misaki Tsuchida<\/strong> They are responsible for composing the soundtrack.<\/li>\n<\/ul>\n<div class=\"wp-block-image\">\n<figure class=\"aligncenter size-full\"><img loading=\"lazy\" decoding=\"async\" width=\"1060\" height=\"1500\" src=\"https:\/\/animangeek.com\/wp-content\/uploads\/2024\/08\/Um-velho-se-torna-um-waifu-em-Akuyaku-Reijou-Tensei.jpg\" alt=\"\" class=\"wp-image-334061\"  \/><\/figure>\n<\/div>\n<h3 class=\"wp-block-heading\"><strong>Synopsis of Akuyaku Reijou Tensei Oji-san<\/strong><\/h3>\n<p><em>In her previous life in modern Japan, she was Kenzaburou Tondabayashi, a 52-year-old civil servant\u2026 and now she\u2019s the villain! Reborn as Grace Auvergne, the long-haired villain from an otome game her daughter used to play, Kenzaburou is quite confused. From the little information he has, Kenzaburou knows she\u2019s supposed to be an arrogant noblewoman, but the disciplined old man is simply incapable of acting that way. His calm and gentle aura leads him to befriend the heroine and further earn the appreciation of the student body as the height of elegance. As he tries to keep up with the story, Kenzaburou will have to draw on his years of professional experience, his perfect Japanese manners, and his family morals to fit in among his peers.<\/em><\/p>\n<p>Source: <strong><a rel=\"nofollow noopener\" target=\"_blank\" href=\"https:\/\/natalie.mu\/comic\/news\/584735\">Natalie in comics<\/a><\/strong><\/p>\n<p>(c)\u60aa\u5f79\u4ee4\u5b22\u8ee2\u751f\u304a\u3058\u3055\u3093\u88fd\u4f5c\u59d4\u54e1\u4f1a\u30fbMBS<\/p>\n<\/div>\n<p><\/div>","protected":false},"excerpt":{"rendered":"<p>The official website for the anime adaptation of Michiro Ueyama&#039;s manga, &quot;Akuyaku Reijou Tensei Oji-san (The Old Man Reincarnated as a Villainess),&quot; has revealed a new promotional video for the project. The video confirms that the premiere is scheduled for Winter 2025 (January-March) and lists production details and the voice cast. For its\u2026 <a class=\"more-link\" href=\"https:\/\/animangeek.com\/en\/um-velho-se-torna-um-waifu-em-akuyaku-reijou-tensei-oji-san\/\">Continue reading <span class=\"screen-reader-text\">An old man becomes a waifu in Akuyaku Reijou Tensei Oji-san<\/span><\/a><\/p>","protected":false},"author":0,"featured_media":15464,"comment_status":"open","ping_status":"open","sticky":false,"template":"","format":"standard","meta":{"footnotes":""},"categories":[3],"tags":[67,75,1160,1442],"yoast_head":"<!-- This site is optimized with the Yoast SEO plugin v23.3 - https:\/\/yoast.com\/wordpress\/plugins\/seo\/ -->\n<title>Um velho se torna um waifu em Akuyaku Reijou Tensei Oji-san - Animan Geek<\/title>\n<meta name=\"robots\" content=\"index, follow, max-snippet:-1, max-image-preview:large, max-video-preview:-1\" \/>\n<link rel=\"canonical\" href=\"https:\/\/animangeek.com\/en\/um-velho-se-torna-um-waifu-em-akuyaku-reijou-tensei-oji-san\/\" \/>\n<meta property=\"og:locale\" content=\"en_US\" \/>\n<meta property=\"og:type\" content=\"article\" \/>\n<meta property=\"og:title\" content=\"Um velho se torna um waifu em Akuyaku Reijou Tensei Oji-san - Animan Geek\" \/>\n<meta property=\"og:description\" content=\"No site oficial da adapta\u00e7\u00e3o para anime do mang\u00e1 escrito e ilustrado por Michiro Ueyama\u201cAkuyaku Reijou Tensei Oji-san (O velho reencarnou como uma vil\u00e3)\u201d, foi revelado um novo v\u00eddeo promocional do projeto. O v\u00eddeo confirma isso A estreia est\u00e1 prevista para o per\u00edodo inverno-2025 (janeiro-mar\u00e7o)e lista detalhes de produ\u00e7\u00e3o e elenco de voz. Por sua&hellip; Continue reading Um velho se torna um waifu em Akuyaku Reijou Tensei Oji-san\" \/>\n<meta property=\"og:url\" content=\"https:\/\/animangeek.com\/en\/um-velho-se-torna-um-waifu-em-akuyaku-reijou-tensei-oji-san\/\" \/>\n<meta property=\"og:site_name\" content=\"Animan Geek\" \/>\n<meta property=\"article:published_time\" content=\"2024-08-01T14:43:51+00:00\" \/>\n<meta property=\"og:image\" content=\"https:\/\/animangeek.com\/wp-content\/uploads\/sites\/106\/2024\/08\/1722523432_Um-velho-se-torna-um-waifu-em-Akuyaku-Reijou-Tensei.jpg\" \/>\n\t<meta property=\"og:image:width\" content=\"1920\" \/>\n\t<meta property=\"og:image:height\" content=\"1080\" \/>\n\t<meta property=\"og:image:type\" content=\"image\/jpeg\" \/>\n<meta name=\"twitter:card\" content=\"summary_large_image\" \/>\n<meta name=\"twitter:label1\" content=\"Est. reading time\" \/>\n\t<meta name=\"twitter:data1\" content=\"2 minutes\" \/>\n<script type=\"application\/ld+json\" class=\"yoast-schema-graph\">{\"@context\":\"https:\/\/schema.org\",\"@graph\":[{\"@type\":\"WebPage\",\"@id\":\"https:\/\/animangeek.com\/um-velho-se-torna-um-waifu-em-akuyaku-reijou-tensei-oji-san\/\",\"url\":\"https:\/\/animangeek.com\/um-velho-se-torna-um-waifu-em-akuyaku-reijou-tensei-oji-san\/\",\"name\":\"Um velho se torna um waifu em Akuyaku Reijou Tensei Oji-san - Animan Geek\",\"isPartOf\":{\"@id\":\"https:\/\/animangeek.com\/#website\"},\"primaryImageOfPage\":{\"@id\":\"https:\/\/animangeek.com\/um-velho-se-torna-um-waifu-em-akuyaku-reijou-tensei-oji-san\/#primaryimage\"},\"image\":{\"@id\":\"https:\/\/animangeek.com\/um-velho-se-torna-um-waifu-em-akuyaku-reijou-tensei-oji-san\/#primaryimage\"},\"thumbnailUrl\":\"https:\/\/animangeek.com\/wp-content\/uploads\/sites\/106\/2024\/08\/1722523432_Um-velho-se-torna-um-waifu-em-Akuyaku-Reijou-Tensei.jpg\",\"datePublished\":\"2024-08-01T14:43:51+00:00\",\"dateModified\":\"2024-08-01T14:43:51+00:00\",\"author\":{\"@id\":\"\"},\"breadcrumb\":{\"@id\":\"https:\/\/animangeek.com\/um-velho-se-torna-um-waifu-em-akuyaku-reijou-tensei-oji-san\/#breadcrumb\"},\"inLanguage\":\"en-US\",\"potentialAction\":[{\"@type\":\"ReadAction\",\"target\":[\"https:\/\/animangeek.com\/um-velho-se-torna-um-waifu-em-akuyaku-reijou-tensei-oji-san\/\"]}]},{\"@type\":\"ImageObject\",\"inLanguage\":\"en-US\",\"@id\":\"https:\/\/animangeek.com\/um-velho-se-torna-um-waifu-em-akuyaku-reijou-tensei-oji-san\/#primaryimage\",\"url\":\"https:\/\/animangeek.com\/wp-content\/uploads\/sites\/106\/2024\/08\/1722523432_Um-velho-se-torna-um-waifu-em-Akuyaku-Reijou-Tensei.jpg\",\"contentUrl\":\"https:\/\/animangeek.com\/wp-content\/uploads\/sites\/106\/2024\/08\/1722523432_Um-velho-se-torna-um-waifu-em-Akuyaku-Reijou-Tensei.jpg\",\"width\":1920,\"height\":1080},{\"@type\":\"BreadcrumbList\",\"@id\":\"https:\/\/animangeek.com\/um-velho-se-torna-um-waifu-em-akuyaku-reijou-tensei-oji-san\/#breadcrumb\",\"itemListElement\":[{\"@type\":\"ListItem\",\"position\":1,\"name\":\"Home\",\"item\":\"https:\/\/animangeek.com\/\"},{\"@type\":\"ListItem\",\"position\":2,\"name\":\"Um velho se torna um waifu em Akuyaku Reijou Tensei Oji-san\"}]},{\"@type\":\"WebSite\",\"@id\":\"https:\/\/animangeek.com\/#website\",\"url\":\"https:\/\/animangeek.com\/\",\"name\":\"Animan Geek\",\"description\":\"\",\"potentialAction\":[{\"@type\":\"SearchAction\",\"target\":{\"@type\":\"EntryPoint\",\"urlTemplate\":\"https:\/\/animangeek.com\/?s={search_term_string}\"},\"query-input\":\"required name=search_term_string\"}],\"inLanguage\":\"en-US\"}]}<\/script>\n<!-- \/ Yoast SEO plugin. -->","yoast_head_json":{"title":"Um velho se torna um waifu em Akuyaku Reijou Tensei Oji-san - Animan Geek","robots":{"index":"index","follow":"follow","max-snippet":"max-snippet:-1","max-image-preview":"max-image-preview:large","max-video-preview":"max-video-preview:-1"},"canonical":"https:\/\/animangeek.com\/en\/um-velho-se-torna-um-waifu-em-akuyaku-reijou-tensei-oji-san\/","og_locale":"en_US","og_type":"article","og_title":"Um velho se torna um waifu em Akuyaku Reijou Tensei Oji-san - Animan Geek","og_description":"No site oficial da adapta\u00e7\u00e3o para anime do mang\u00e1 escrito e ilustrado por Michiro Ueyama\u201cAkuyaku Reijou Tensei Oji-san (O velho reencarnou como uma vil\u00e3)\u201d, foi revelado um novo v\u00eddeo promocional do projeto. O v\u00eddeo confirma isso A estreia est\u00e1 prevista para o per\u00edodo inverno-2025 (janeiro-mar\u00e7o)e lista detalhes de produ\u00e7\u00e3o e elenco de voz. Por sua&hellip; Continue reading Um velho se torna um waifu em Akuyaku Reijou Tensei Oji-san","og_url":"https:\/\/animangeek.com\/en\/um-velho-se-torna-um-waifu-em-akuyaku-reijou-tensei-oji-san\/","og_site_name":"Animan Geek","article_published_time":"2024-08-01T14:43:51+00:00","og_image":[{"width":1920,"height":1080,"url":"https:\/\/animangeek.com\/wp-content\/uploads\/sites\/106\/2024\/08\/1722523432_Um-velho-se-torna-um-waifu-em-Akuyaku-Reijou-Tensei.jpg","type":"image\/jpeg"}],"twitter_card":"summary_large_image","twitter_misc":{"Est. reading time":"2 minutes"},"schema":{"@context":"https:\/\/schema.org","@graph":[{"@type":"WebPage","@id":"https:\/\/animangeek.com\/um-velho-se-torna-um-waifu-em-akuyaku-reijou-tensei-oji-san\/","url":"https:\/\/animangeek.com\/um-velho-se-torna-um-waifu-em-akuyaku-reijou-tensei-oji-san\/","name":"Um velho se torna um waifu em Akuyaku Reijou Tensei Oji-san - Animan Geek","isPartOf":{"@id":"https:\/\/animangeek.com\/#website"},"primaryImageOfPage":{"@id":"https:\/\/animangeek.com\/um-velho-se-torna-um-waifu-em-akuyaku-reijou-tensei-oji-san\/#primaryimage"},"image":{"@id":"https:\/\/animangeek.com\/um-velho-se-torna-um-waifu-em-akuyaku-reijou-tensei-oji-san\/#primaryimage"},"thumbnailUrl":"https:\/\/animangeek.com\/wp-content\/uploads\/sites\/106\/2024\/08\/1722523432_Um-velho-se-torna-um-waifu-em-Akuyaku-Reijou-Tensei.jpg","datePublished":"2024-08-01T14:43:51+00:00","dateModified":"2024-08-01T14:43:51+00:00","author":{"@id":""},"breadcrumb":{"@id":"https:\/\/animangeek.com\/um-velho-se-torna-um-waifu-em-akuyaku-reijou-tensei-oji-san\/#breadcrumb"},"inLanguage":"en-US","potentialAction":[{"@type":"ReadAction","target":["https:\/\/animangeek.com\/um-velho-se-torna-um-waifu-em-akuyaku-reijou-tensei-oji-san\/"]}]},{"@type":"ImageObject","inLanguage":"en-US","@id":"https:\/\/animangeek.com\/um-velho-se-torna-um-waifu-em-akuyaku-reijou-tensei-oji-san\/#primaryimage","url":"https:\/\/animangeek.com\/wp-content\/uploads\/sites\/106\/2024\/08\/1722523432_Um-velho-se-torna-um-waifu-em-Akuyaku-Reijou-Tensei.jpg","contentUrl":"https:\/\/animangeek.com\/wp-content\/uploads\/sites\/106\/2024\/08\/1722523432_Um-velho-se-torna-um-waifu-em-Akuyaku-Reijou-Tensei.jpg","width":1920,"height":1080},{"@type":"BreadcrumbList","@id":"https:\/\/animangeek.com\/um-velho-se-torna-um-waifu-em-akuyaku-reijou-tensei-oji-san\/#breadcrumb","itemListElement":[{"@type":"ListItem","position":1,"name":"Home","item":"https:\/\/animangeek.com\/"},{"@type":"ListItem","position":2,"name":"Um velho se torna um waifu em Akuyaku Reijou Tensei Oji-san"}]},{"@type":"WebSite","@id":"https:\/\/animangeek.com\/#website","url":"https:\/\/animangeek.com\/","name":"Animan Geek","description":"","potentialAction":[{"@type":"SearchAction","target":{"@type":"EntryPoint","urlTemplate":"https:\/\/animangeek.com\/?s={search_term_string}"},"query-input":"required name=search_term_string"}],"inLanguage":"en-US"}]}},"_links":{"self":[{"href":"https:\/\/animangeek.com\/en\/wp-json\/wp\/v2\/posts\/15462"}],"collection":[{"href":"https:\/\/animangeek.com\/en\/wp-json\/wp\/v2\/posts"}],"about":[{"href":"https:\/\/animangeek.com\/en\/wp-json\/wp\/v2\/types\/post"}],"replies":[{"embeddable":true,"href":"https:\/\/animangeek.com\/en\/wp-json\/wp\/v2\/comments?post=15462"}],"version-history":[{"count":0,"href":"https:\/\/animangeek.com\/en\/wp-json\/wp\/v2\/posts\/15462\/revisions"}],"wp:featuredmedia":[{"embeddable":true,"href":"https:\/\/animangeek.com\/en\/wp-json\/wp\/v2\/media\/15464"}],"wp:attachment":[{"href":"https:\/\/animangeek.com\/en\/wp-json\/wp\/v2\/media?parent=15462"}],"wp:term":[{"taxonomy":"category","embeddable":true,"href":"https:\/\/animangeek.com\/en\/wp-json\/wp\/v2\/categories?post=15462"},{"taxonomy":"post_tag","embeddable":true,"href":"https:\/\/animangeek.com\/en\/wp-json\/wp\/v2\/tags?post=15462"}],"curies":[{"name":"wp","href":"https:\/\/api.w.org\/{rel}","templated":true}]}}