{"id":16256,"date":"2024-08-07T16:06:37","date_gmt":"2024-08-07T19:06:37","guid":{"rendered":"https:\/\/animangeek.com\/zero-sofre-vazamento-de-sua-terceira-temporada\/"},"modified":"2024-08-07T16:06:37","modified_gmt":"2024-08-07T19:06:37","slug":"zero-sofre-vazamento-de-sua-terceira-temporada","status":"publish","type":"post","link":"https:\/\/animangeek.com\/en\/zero-sofre-vazamento-de-sua-terceira-temporada\/","title":{"rendered":"Zero suffers leak of its third season"},"content":{"rendered":"<div class=\"mx-5 sm:mx-0 prose text-left mb-5\">\n<div itemprop=\"articleBody\">\n<p>The anime adaptation of the light novel \u00ab<strong>Re:Zero kara Hajimeru Isekai Seikatsu<\/strong>\u00bb (<strong>Re: Zero \u2013 Starting Life in Another World<\/strong>) has been the talk of the town on various platforms, forums and social networks on the internet in recent hours, and it seems that the first episode of the long-awaited third season has been leaked. According to the report, something worth noting is that this leak features a watermark of the event \u00ab<strong>Expo Japan 2024<\/strong>\u00ab, which took place in France from July 11 to 14.<\/p>\n<h3 class=\"wp-block-heading has-text-align-center\">The first episode of Re:Zero Season 3 has been leaked<\/h3>\n<div class=\"wp-block-image\">\n<figure class=\"aligncenter size-full\"><noscript><img loading=\"lazy\" decoding=\"async\" width=\"1280\" height=\"720\" src=\"https:\/\/animangeek.com\/wp-content\/uploads\/2024\/08\/Re-Zero-Emilia-min-2.webp.webp\" alt=\"Re: Zero sofre vazamento de sua terceira temporada\" class=\"wp-image-401697\" title=\"Re: Zero Season 3 Leaks 2\"  \/><\/noscript><img loading=\"lazy\" decoding=\"async\" width=\"1280\" height=\"720\" src=\"https:\/\/animangeek.com\/wp-content\/uploads\/2024\/08\/Re-Zero-Emilia-min-2.webp.webp\" alt=\"Re: Zero sofre vazamento de sua terceira temporada\" class=\"lazyload wp-image-401697\" title=\"Re: Zero Season 3 Leaks 2\"  data-><\/figure>\n<\/div>\n<p>Another point to mention is that in these events it is completely forbidden to record or capture what is shown in the event projections, so this case is a surprise due to the strict rules that the series production committee imposes on the organizers with this type of situations.<\/p>\n<p>Let&#039;s remember that the third season of the anime <a rel=\"nofollow noopener\" target=\"_blank\" href=\"https:\/\/x.com\/rezero_official?lang=es\"><strong>Re:Zero kara Hajimeru Isekai Seikatsu<\/strong> <\/a>is scheduled to premiere in Japan during the month of October this year and the animation studio <strong>White fox<\/strong> will take care of its production. Previously the anime&#039;s official media confirmed that the first episode of the new edition of <strong>Re: Zero<\/strong> It would last approximately 90 minutes.<\/p>\n<div class=\"wp-block-image\">\n<figure class=\"aligncenter size-full\"><noscript><img loading=\"lazy\" decoding=\"async\" width=\"1500\" height=\"1974\" src=\"https:\/\/animangeek.com\/wp-content\/uploads\/2024\/08\/Re-Zero-Temporada-3-visual.webp.webp\" alt=\"Visual da 3\u00aa temporada de Re:Zero\" class=\"wp-image-358945\" title=\"Re: Zero Season 3 Leaks\"  \/><\/noscript><img loading=\"lazy\" decoding=\"async\" width=\"1500\" height=\"1974\" src=\"https:\/\/animangeek.com\/wp-content\/uploads\/2024\/08\/Re-Zero-Temporada-3-visual.webp.webp\" alt=\"Visual da 3\u00aa temporada de Re:Zero\" class=\"lazyload wp-image-358945\" title=\"Re: Zero Season 3 Leaks\"  data-><\/figure>\n<\/div>\n<p><strong>Re:Zero kara Hajimeru Isekai Seikatsu<\/strong>known as <strong>Re: Zero<\/strong> and also as <strong>Re: Zero \u2013 Starting Life in Another World<\/strong> In the West, it is an isekai light novel that combines fantasy and suspense. This work was written by <strong>Tappei Nagatsuki<\/strong> and illustrated by <strong>Shinichirou Otsuka<\/strong> and began its publication in January 2014 in the typography <strong>MF Bunko J<\/strong> from the publisher <strong>Media factory<\/strong> and is still in serialization.<\/p>\n<p>April 4, 2016 marked the premiere of the anime adaptation of <strong>Re: Zero<\/strong>, which consists of 2 seasons with a total of 50 episodes, including specials and 2 OVAs. The animation studio <strong>White fox<\/strong> was responsible for the production of the series, under the direction of <strong>Masaharu Watanabe<\/strong>. The series is legally available on the platform <strong>Crunchy Roll<\/strong>where it also has dubbing into Latin Spanish.<\/p>\n<p>\u00a9\u9577\u6708\u9054\u5e73\u30fb\u682a\u5f0f\u4f1a\u793eKADOKAWA\u520a\uff0fRe:\u30bc\u30ed\u304b\u3089\u59cb\u3081\u308b\u7570\u4e16\u754c\u751f\u6d3b3\u88fd\u4f5c\u59d4\u54e1\u4f1a<\/p>\n<\/div>\n<\/div>","protected":false},"excerpt":{"rendered":"<p>The anime adaptation of the light novel &quot;Re:Zero kara Hajimeru Isekai Seikatsu&quot; (Re:Zero - Starting Life in Another World) has been generating buzz across various platforms, forums, and social media platforms in recent hours, and it appears the first episode of the highly anticipated third season has leaked. According to the report... <a class=\"more-link\" href=\"https:\/\/animangeek.com\/en\/zero-sofre-vazamento-de-sua-terceira-temporada\/\">Continue reading <span class=\"screen-reader-text\">Zero suffers leak of its third season<\/span><\/a><\/p>","protected":false},"author":0,"featured_media":16257,"comment_status":"open","ping_status":"open","sticky":false,"template":"","format":"standard","meta":{"footnotes":""},"categories":[5],"tags":[1308,1309,1312,1326],"yoast_head":"<!-- This site is optimized with the Yoast SEO plugin v23.3 - https:\/\/yoast.com\/wordpress\/plugins\/seo\/ -->\n<title>Zero sofre vazamento de sua terceira temporada - Animan Geek<\/title>\n<meta name=\"robots\" content=\"index, follow, max-snippet:-1, max-image-preview:large, max-video-preview:-1\" \/>\n<link rel=\"canonical\" href=\"https:\/\/animangeek.com\/en\/zero-sofre-vazamento-de-sua-terceira-temporada\/\" \/>\n<meta property=\"og:locale\" content=\"en_US\" \/>\n<meta property=\"og:type\" content=\"article\" \/>\n<meta property=\"og:title\" content=\"Zero sofre vazamento de sua terceira temporada - Animan Geek\" \/>\n<meta property=\"og:description\" content=\"A adapta\u00e7\u00e3o para anime do romance leve \u00abRe:Zero kara Hajimeru Isekai Seikatsu\u00bb (Re: Zero &#8211; Come\u00e7ando a vida em outro mundo) tem dado o que falar em diversas plataformas, f\u00f3runs e redes sociais na internet nas \u00faltimas horas, e parece que vazou o primeiro epis\u00f3dio da t\u00e3o aguardada terceira temporada. De acordo com o relato&hellip; Continue reading Zero sofre vazamento de sua terceira temporada\" \/>\n<meta property=\"og:url\" content=\"https:\/\/animangeek.com\/en\/zero-sofre-vazamento-de-sua-terceira-temporada\/\" \/>\n<meta property=\"og:site_name\" content=\"Animan Geek\" \/>\n<meta property=\"article:published_time\" content=\"2024-08-07T19:06:37+00:00\" \/>\n<meta property=\"og:image\" content=\"https:\/\/animangeek.com\/wp-content\/uploads\/sites\/106\/2024\/08\/Zero-sofre-vazamento-de-sua-terceira-temporada.webp.webp\" \/>\n\t<meta property=\"og:image:width\" content=\"1280\" \/>\n\t<meta property=\"og:image:height\" content=\"720\" \/>\n\t<meta property=\"og:image:type\" content=\"image\/webp\" \/>\n<meta name=\"twitter:card\" content=\"summary_large_image\" \/>\n<meta name=\"twitter:label1\" content=\"Est. reading time\" \/>\n\t<meta name=\"twitter:data1\" content=\"2 minutes\" \/>\n<script type=\"application\/ld+json\" class=\"yoast-schema-graph\">{\"@context\":\"https:\/\/schema.org\",\"@graph\":[{\"@type\":\"WebPage\",\"@id\":\"https:\/\/animangeek.com\/zero-sofre-vazamento-de-sua-terceira-temporada\/\",\"url\":\"https:\/\/animangeek.com\/zero-sofre-vazamento-de-sua-terceira-temporada\/\",\"name\":\"Zero sofre vazamento de sua terceira temporada - Animan Geek\",\"isPartOf\":{\"@id\":\"https:\/\/animangeek.com\/#website\"},\"primaryImageOfPage\":{\"@id\":\"https:\/\/animangeek.com\/zero-sofre-vazamento-de-sua-terceira-temporada\/#primaryimage\"},\"image\":{\"@id\":\"https:\/\/animangeek.com\/zero-sofre-vazamento-de-sua-terceira-temporada\/#primaryimage\"},\"thumbnailUrl\":\"https:\/\/animangeek.com\/wp-content\/uploads\/sites\/106\/2024\/08\/Zero-sofre-vazamento-de-sua-terceira-temporada.webp.webp\",\"datePublished\":\"2024-08-07T19:06:37+00:00\",\"dateModified\":\"2024-08-07T19:06:37+00:00\",\"author\":{\"@id\":\"\"},\"breadcrumb\":{\"@id\":\"https:\/\/animangeek.com\/zero-sofre-vazamento-de-sua-terceira-temporada\/#breadcrumb\"},\"inLanguage\":\"en-US\",\"potentialAction\":[{\"@type\":\"ReadAction\",\"target\":[\"https:\/\/animangeek.com\/zero-sofre-vazamento-de-sua-terceira-temporada\/\"]}]},{\"@type\":\"ImageObject\",\"inLanguage\":\"en-US\",\"@id\":\"https:\/\/animangeek.com\/zero-sofre-vazamento-de-sua-terceira-temporada\/#primaryimage\",\"url\":\"https:\/\/animangeek.com\/wp-content\/uploads\/sites\/106\/2024\/08\/Zero-sofre-vazamento-de-sua-terceira-temporada.webp.webp\",\"contentUrl\":\"https:\/\/animangeek.com\/wp-content\/uploads\/sites\/106\/2024\/08\/Zero-sofre-vazamento-de-sua-terceira-temporada.webp.webp\",\"width\":1280,\"height\":720},{\"@type\":\"BreadcrumbList\",\"@id\":\"https:\/\/animangeek.com\/zero-sofre-vazamento-de-sua-terceira-temporada\/#breadcrumb\",\"itemListElement\":[{\"@type\":\"ListItem\",\"position\":1,\"name\":\"Home\",\"item\":\"https:\/\/animangeek.com\/\"},{\"@type\":\"ListItem\",\"position\":2,\"name\":\"Zero sofre vazamento de sua terceira temporada\"}]},{\"@type\":\"WebSite\",\"@id\":\"https:\/\/animangeek.com\/#website\",\"url\":\"https:\/\/animangeek.com\/\",\"name\":\"Animan Geek\",\"description\":\"\",\"potentialAction\":[{\"@type\":\"SearchAction\",\"target\":{\"@type\":\"EntryPoint\",\"urlTemplate\":\"https:\/\/animangeek.com\/?s={search_term_string}\"},\"query-input\":\"required name=search_term_string\"}],\"inLanguage\":\"en-US\"}]}<\/script>\n<!-- \/ Yoast SEO plugin. -->","yoast_head_json":{"title":"Zero sofre vazamento de sua terceira temporada - Animan Geek","robots":{"index":"index","follow":"follow","max-snippet":"max-snippet:-1","max-image-preview":"max-image-preview:large","max-video-preview":"max-video-preview:-1"},"canonical":"https:\/\/animangeek.com\/en\/zero-sofre-vazamento-de-sua-terceira-temporada\/","og_locale":"en_US","og_type":"article","og_title":"Zero sofre vazamento de sua terceira temporada - Animan Geek","og_description":"A adapta\u00e7\u00e3o para anime do romance leve \u00abRe:Zero kara Hajimeru Isekai Seikatsu\u00bb (Re: Zero &#8211; Come\u00e7ando a vida em outro mundo) tem dado o que falar em diversas plataformas, f\u00f3runs e redes sociais na internet nas \u00faltimas horas, e parece que vazou o primeiro epis\u00f3dio da t\u00e3o aguardada terceira temporada. De acordo com o relato&hellip; Continue reading Zero sofre vazamento de sua terceira temporada","og_url":"https:\/\/animangeek.com\/en\/zero-sofre-vazamento-de-sua-terceira-temporada\/","og_site_name":"Animan Geek","article_published_time":"2024-08-07T19:06:37+00:00","og_image":[{"width":1280,"height":720,"url":"https:\/\/animangeek.com\/wp-content\/uploads\/sites\/106\/2024\/08\/Zero-sofre-vazamento-de-sua-terceira-temporada.webp.webp","type":"image\/webp"}],"twitter_card":"summary_large_image","twitter_misc":{"Est. reading time":"2 minutes"},"schema":{"@context":"https:\/\/schema.org","@graph":[{"@type":"WebPage","@id":"https:\/\/animangeek.com\/zero-sofre-vazamento-de-sua-terceira-temporada\/","url":"https:\/\/animangeek.com\/zero-sofre-vazamento-de-sua-terceira-temporada\/","name":"Zero sofre vazamento de sua terceira temporada - Animan Geek","isPartOf":{"@id":"https:\/\/animangeek.com\/#website"},"primaryImageOfPage":{"@id":"https:\/\/animangeek.com\/zero-sofre-vazamento-de-sua-terceira-temporada\/#primaryimage"},"image":{"@id":"https:\/\/animangeek.com\/zero-sofre-vazamento-de-sua-terceira-temporada\/#primaryimage"},"thumbnailUrl":"https:\/\/animangeek.com\/wp-content\/uploads\/sites\/106\/2024\/08\/Zero-sofre-vazamento-de-sua-terceira-temporada.webp.webp","datePublished":"2024-08-07T19:06:37+00:00","dateModified":"2024-08-07T19:06:37+00:00","author":{"@id":""},"breadcrumb":{"@id":"https:\/\/animangeek.com\/zero-sofre-vazamento-de-sua-terceira-temporada\/#breadcrumb"},"inLanguage":"en-US","potentialAction":[{"@type":"ReadAction","target":["https:\/\/animangeek.com\/zero-sofre-vazamento-de-sua-terceira-temporada\/"]}]},{"@type":"ImageObject","inLanguage":"en-US","@id":"https:\/\/animangeek.com\/zero-sofre-vazamento-de-sua-terceira-temporada\/#primaryimage","url":"https:\/\/animangeek.com\/wp-content\/uploads\/sites\/106\/2024\/08\/Zero-sofre-vazamento-de-sua-terceira-temporada.webp.webp","contentUrl":"https:\/\/animangeek.com\/wp-content\/uploads\/sites\/106\/2024\/08\/Zero-sofre-vazamento-de-sua-terceira-temporada.webp.webp","width":1280,"height":720},{"@type":"BreadcrumbList","@id":"https:\/\/animangeek.com\/zero-sofre-vazamento-de-sua-terceira-temporada\/#breadcrumb","itemListElement":[{"@type":"ListItem","position":1,"name":"Home","item":"https:\/\/animangeek.com\/"},{"@type":"ListItem","position":2,"name":"Zero sofre vazamento de sua terceira temporada"}]},{"@type":"WebSite","@id":"https:\/\/animangeek.com\/#website","url":"https:\/\/animangeek.com\/","name":"Animan Geek","description":"","potentialAction":[{"@type":"SearchAction","target":{"@type":"EntryPoint","urlTemplate":"https:\/\/animangeek.com\/?s={search_term_string}"},"query-input":"required name=search_term_string"}],"inLanguage":"en-US"}]}},"_links":{"self":[{"href":"https:\/\/animangeek.com\/en\/wp-json\/wp\/v2\/posts\/16256"}],"collection":[{"href":"https:\/\/animangeek.com\/en\/wp-json\/wp\/v2\/posts"}],"about":[{"href":"https:\/\/animangeek.com\/en\/wp-json\/wp\/v2\/types\/post"}],"replies":[{"embeddable":true,"href":"https:\/\/animangeek.com\/en\/wp-json\/wp\/v2\/comments?post=16256"}],"version-history":[{"count":0,"href":"https:\/\/animangeek.com\/en\/wp-json\/wp\/v2\/posts\/16256\/revisions"}],"wp:featuredmedia":[{"embeddable":true,"href":"https:\/\/animangeek.com\/en\/wp-json\/wp\/v2\/media\/16257"}],"wp:attachment":[{"href":"https:\/\/animangeek.com\/en\/wp-json\/wp\/v2\/media?parent=16256"}],"wp:term":[{"taxonomy":"category","embeddable":true,"href":"https:\/\/animangeek.com\/en\/wp-json\/wp\/v2\/categories?post=16256"},{"taxonomy":"post_tag","embeddable":true,"href":"https:\/\/animangeek.com\/en\/wp-json\/wp\/v2\/tags?post=16256"}],"curies":[{"name":"wp","href":"https:\/\/api.w.org\/{rel}","templated":true}]}}