{"id":17495,"date":"2024-08-17T12:05:12","date_gmt":"2024-08-17T15:05:12","guid":{"rendered":"https:\/\/animangeek.com\/a-nova-waifu-da-america-latina-acabou-por-ser-do-brasil\/"},"modified":"2024-08-17T12:05:12","modified_gmt":"2024-08-17T15:05:12","slug":"a-nova-waifu-da-america-latina-acabou-por-ser-do-brasil","status":"publish","type":"post","link":"https:\/\/animangeek.com\/en\/a-nova-waifu-da-america-latina-acabou-por-ser-do-brasil\/","title":{"rendered":"Latin America&#039;s new waifu turned out to be from Brazil"},"content":{"rendered":"<div class=\"mx-5 sm:mx-0 prose text-left mb-5\">\n<div>\n<p>The author of the upcoming romantic comedy light novel \u201c<strong>Kasshoku Musume no Latina-san ni Ore no Karada ga Nerawarete iru<\/strong> (<em>Dark Brown Latina-san is aiming at my body<\/em>)\u201d surprised her followers by revealing details on Twitter about the protagonist\u2019s origins, Latina. <strong>According to the author, Latina is originally from the Amazon region and her second language is Portuguese, which confirms that she is originally from Brazil.<\/strong> This revelation generated a wave of reactions on social media, where the soap opera had already caught the attention of fans, who speculated that Latina could come from a Spanish-speaking country, such as Peru, Colombia or any other in the region.<\/p>\n<p>The author, through his Twitter account, shared the following message:<\/p>\n<ul>\n<li>\u00ab<em>I am the author. <strong>As for this heroine, she is of Amazonian indigenous origin and her second language is Portuguese. I chose the name &#039;Latina&#039; from a list of representative South American female names that the AI suggested to me when I asked. <\/strong>I didn&#039;t expect it to be a word that represented Latina women in general.<\/em>\u00bb.<\/li>\n<\/ul>\n<div class=\"wp-block-image\">\n<figure class=\"aligncenter size-full\"><img loading=\"lazy\" decoding=\"async\" width=\"1200\" height=\"627\" src=\"https:\/\/animangeek.com\/wp-content\/uploads\/2024\/08\/A-nova-waifu-da-America-Latina-acabou-por-ser-do.jpg\" alt=\"\" class=\"wp-image-335366\"  \/><figcaption class=\"wp-element-caption\">\u00a9\u5cb8\u99ac\u304d\u3089\u304f\/TWITTER<\/figcaption><\/figure>\n<\/div>\n<ul>\n<li>\u00ab<em>She is native to South America. However, since she is an indigenous Amazonian woman, I think the cultural interaction with the protagonists will be the main thing. <strong>Still, it might be interesting to include a friend from Brazil, where the heroine lived for a while.<\/strong><\/em>\u00bb.<\/li>\n<\/ul>\n<div class=\"wp-block-image\">\n<figure class=\"aligncenter size-full\"><img loading=\"lazy\" decoding=\"async\" width=\"1200\" height=\"627\" src=\"https:\/\/animangeek.com\/wp-content\/uploads\/2024\/08\/1723907112_641_A-nova-waifu-da-America-Latina-acabou-por-ser-do.jpg\" alt=\"\" class=\"wp-image-335365\"  \/><figcaption class=\"wp-element-caption\">\u00a9\u5cb8\u99ac\u304d\u3089\u304f\/TWITTER<\/figcaption><\/figure>\n<\/div>\n<p>The story of \u201cThe Dark Brown Latina-san is Aiming for My Body\u201d follows Makoto Itou, a high school student with a seemingly ordinary life. <strong>His world changes drastically when he meets Latina, a cheerful exchange student with tanned skin who radiates energy.<\/strong> From their first meeting, when Makoto rescues her from an attacker, Latina makes a bold decision: she asks Makoto to marry her and insists that they should have a child together. <strong>This unexpected turn of events in the protagonist&#039;s life marks the beginning of a series of comical and captivating situations, as Makoto tries to adapt to this new reality and overcome a significant failure in his school life.<\/strong><\/p>\n<p>The revelation of Latina&#039;s Brazilian origins soon drew criticism on social media. Some celebrated the inclusion of Brazil in the Japanese content, while others expressed disappointment at the lack of originality in the choice of the protagonist&#039;s country of origin.<em><strong>It seems that the Japanese think that in America there are only Brazil and the United States.<\/strong><\/em>\u201ccommented one user. \u201c<em><strong>They are always from Brazil<\/strong><\/em>\u201csaid another with frustration.\u201d<em><strong>Whenever they put Latin America in an anime or manga, they put jungle and satanic cults<\/strong><\/em>\u201cadded a third, referring to common stereotypes in the representation of the region in Japanese media.<\/p>\n<p>On the other hand, there were those who defended the author&#039;s decision, arguing that making the protagonist originally from Brazil avoids a possible greater controversy.<em><strong>Predictable and better. If it were from any other Latin American country, the controversy would have been greater.<\/strong><\/em>\u201c, said one user, emphasizing the rivalry that exists between users from different Latin American countries on the Internet.<\/p>\n<div class=\"wp-block-image\">\n<figure class=\"aligncenter size-full\"><img loading=\"lazy\" decoding=\"async\" width=\"1682\" height=\"2400\" src=\"https:\/\/animangeek.com\/wp-content\/uploads\/2024\/08\/1723907112_220_A-nova-waifu-da-America-Latina-acabou-por-ser-do.jpg\" alt=\"\" class=\"wp-image-335368\"  \/><figcaption class=\"wp-element-caption\">\u00a9\u8457\u8005\uff1a\u5cb8\u99ac \u304d\u3089\u304f\/\u753b\uff1a\u304a\u308a\u3087\u3046\/SHUEISHA<\/figcaption><\/figure>\n<\/div>\n<p>In any case, anticipation for the light novel continues to grow, and <strong>It will be interesting to see how Makoto and Latina&#039;s story unfolds in a context that, although it may seem familiar, may offer more surprises than expected.<\/strong>. In the meantime, fans will continue to debate the author&#039;s choice and what it means for the representation of Latin America in the world of anime and manga.<\/p>\n<p>Source: <strong><a rel=\"nofollow noopener\" target=\"_blank\" href=\"https:\/\/x.com\/ej3lHqlQqk3WIsr\/status\/1824657747440439363\">Official Twitter Account<\/a><\/strong><\/p>\n<\/div>\n<\/div>","protected":false},"excerpt":{"rendered":"<p>The author of the upcoming romantic comedy light novel &quot;Kasshoku Musume no Latina-san ni Ore no Karada ga Nerawarete iru (Dark Brown Latina-san is Aiming for My Body)&quot; surprised his followers by revealing details about the protagonist&#039;s origins on Twitter. According to the author, Latina is originally from the Amazon region and her second\u2026 <a class=\"more-link\" href=\"https:\/\/animangeek.com\/en\/a-nova-waifu-da-america-latina-acabou-por-ser-do-brasil\/\">Continue reading <span class=\"screen-reader-text\">Latin America&#039;s new waifu turned out to be from Brazil<\/span><\/a><\/p>","protected":false},"author":0,"featured_media":17496,"comment_status":"open","ping_status":"open","sticky":false,"template":"","format":"standard","meta":{"footnotes":""},"categories":[5],"tags":[812,1449],"yoast_head":"<!-- This site is optimized with the Yoast SEO plugin v23.3 - https:\/\/yoast.com\/wordpress\/plugins\/seo\/ -->\n<title>A nova waifu da Am\u00e9rica Latina acabou por ser do Brasil - Animan Geek<\/title>\n<meta name=\"robots\" content=\"index, follow, max-snippet:-1, max-image-preview:large, max-video-preview:-1\" \/>\n<link rel=\"canonical\" href=\"https:\/\/animangeek.com\/en\/a-nova-waifu-da-america-latina-acabou-por-ser-do-brasil\/\" \/>\n<meta property=\"og:locale\" content=\"en_US\" \/>\n<meta property=\"og:type\" content=\"article\" \/>\n<meta property=\"og:title\" content=\"A nova waifu da Am\u00e9rica Latina acabou por ser do Brasil - Animan Geek\" \/>\n<meta property=\"og:description\" content=\"O autor do pr\u00f3ximo romance leve de com\u00e9dia rom\u00e2ntica \u201cKasshoku Musume no Latina-san ni Ore no Karada ga Nerawarete iru (A Dark Brown Latina-san est\u00e1 mirando no meu corpo)\u201d surpreendeu seus seguidores ao revelar no Twitter detalhes sobre a origem da protagonista, Latina. Segundo a autora, Latina \u00e9 origin\u00e1ria da regi\u00e3o amaz\u00f4nica e sua segunda&hellip; Continue reading A nova waifu da Am\u00e9rica Latina acabou por ser do Brasil\" \/>\n<meta property=\"og:url\" content=\"https:\/\/animangeek.com\/en\/a-nova-waifu-da-america-latina-acabou-por-ser-do-brasil\/\" \/>\n<meta property=\"og:site_name\" content=\"Animan Geek\" \/>\n<meta property=\"article:published_time\" content=\"2024-08-17T15:05:12+00:00\" \/>\n<meta property=\"og:image\" content=\"https:\/\/animangeek.com\/wp-content\/uploads\/sites\/106\/2024\/08\/1723907113_A-nova-waifu-da-America-Latina-acabou-por-ser-do.jpg\" \/>\n\t<meta property=\"og:image:width\" content=\"1920\" \/>\n\t<meta property=\"og:image:height\" content=\"1080\" \/>\n\t<meta property=\"og:image:type\" content=\"image\/jpeg\" \/>\n<meta name=\"twitter:card\" content=\"summary_large_image\" \/>\n<meta name=\"twitter:label1\" content=\"Est. reading time\" \/>\n\t<meta name=\"twitter:data1\" content=\"3 minutes\" \/>\n<script type=\"application\/ld+json\" class=\"yoast-schema-graph\">{\"@context\":\"https:\/\/schema.org\",\"@graph\":[{\"@type\":\"WebPage\",\"@id\":\"https:\/\/animangeek.com\/a-nova-waifu-da-america-latina-acabou-por-ser-do-brasil\/\",\"url\":\"https:\/\/animangeek.com\/a-nova-waifu-da-america-latina-acabou-por-ser-do-brasil\/\",\"name\":\"A nova waifu da Am\u00e9rica Latina acabou por ser do Brasil - Animan Geek\",\"isPartOf\":{\"@id\":\"https:\/\/animangeek.com\/#website\"},\"primaryImageOfPage\":{\"@id\":\"https:\/\/animangeek.com\/a-nova-waifu-da-america-latina-acabou-por-ser-do-brasil\/#primaryimage\"},\"image\":{\"@id\":\"https:\/\/animangeek.com\/a-nova-waifu-da-america-latina-acabou-por-ser-do-brasil\/#primaryimage\"},\"thumbnailUrl\":\"https:\/\/animangeek.com\/wp-content\/uploads\/sites\/106\/2024\/08\/1723907113_A-nova-waifu-da-America-Latina-acabou-por-ser-do.jpg\",\"datePublished\":\"2024-08-17T15:05:12+00:00\",\"dateModified\":\"2024-08-17T15:05:12+00:00\",\"author\":{\"@id\":\"\"},\"breadcrumb\":{\"@id\":\"https:\/\/animangeek.com\/a-nova-waifu-da-america-latina-acabou-por-ser-do-brasil\/#breadcrumb\"},\"inLanguage\":\"en-US\",\"potentialAction\":[{\"@type\":\"ReadAction\",\"target\":[\"https:\/\/animangeek.com\/a-nova-waifu-da-america-latina-acabou-por-ser-do-brasil\/\"]}]},{\"@type\":\"ImageObject\",\"inLanguage\":\"en-US\",\"@id\":\"https:\/\/animangeek.com\/a-nova-waifu-da-america-latina-acabou-por-ser-do-brasil\/#primaryimage\",\"url\":\"https:\/\/animangeek.com\/wp-content\/uploads\/sites\/106\/2024\/08\/1723907113_A-nova-waifu-da-America-Latina-acabou-por-ser-do.jpg\",\"contentUrl\":\"https:\/\/animangeek.com\/wp-content\/uploads\/sites\/106\/2024\/08\/1723907113_A-nova-waifu-da-America-Latina-acabou-por-ser-do.jpg\",\"width\":1920,\"height\":1080},{\"@type\":\"BreadcrumbList\",\"@id\":\"https:\/\/animangeek.com\/a-nova-waifu-da-america-latina-acabou-por-ser-do-brasil\/#breadcrumb\",\"itemListElement\":[{\"@type\":\"ListItem\",\"position\":1,\"name\":\"Home\",\"item\":\"https:\/\/animangeek.com\/\"},{\"@type\":\"ListItem\",\"position\":2,\"name\":\"A nova waifu da Am\u00e9rica Latina acabou por ser do Brasil\"}]},{\"@type\":\"WebSite\",\"@id\":\"https:\/\/animangeek.com\/#website\",\"url\":\"https:\/\/animangeek.com\/\",\"name\":\"Animan Geek\",\"description\":\"\",\"potentialAction\":[{\"@type\":\"SearchAction\",\"target\":{\"@type\":\"EntryPoint\",\"urlTemplate\":\"https:\/\/animangeek.com\/?s={search_term_string}\"},\"query-input\":\"required name=search_term_string\"}],\"inLanguage\":\"en-US\"}]}<\/script>\n<!-- \/ Yoast SEO plugin. -->","yoast_head_json":{"title":"A nova waifu da Am\u00e9rica Latina acabou por ser do Brasil - Animan Geek","robots":{"index":"index","follow":"follow","max-snippet":"max-snippet:-1","max-image-preview":"max-image-preview:large","max-video-preview":"max-video-preview:-1"},"canonical":"https:\/\/animangeek.com\/en\/a-nova-waifu-da-america-latina-acabou-por-ser-do-brasil\/","og_locale":"en_US","og_type":"article","og_title":"A nova waifu da Am\u00e9rica Latina acabou por ser do Brasil - Animan Geek","og_description":"O autor do pr\u00f3ximo romance leve de com\u00e9dia rom\u00e2ntica \u201cKasshoku Musume no Latina-san ni Ore no Karada ga Nerawarete iru (A Dark Brown Latina-san est\u00e1 mirando no meu corpo)\u201d surpreendeu seus seguidores ao revelar no Twitter detalhes sobre a origem da protagonista, Latina. Segundo a autora, Latina \u00e9 origin\u00e1ria da regi\u00e3o amaz\u00f4nica e sua segunda&hellip; Continue reading A nova waifu da Am\u00e9rica Latina acabou por ser do Brasil","og_url":"https:\/\/animangeek.com\/en\/a-nova-waifu-da-america-latina-acabou-por-ser-do-brasil\/","og_site_name":"Animan Geek","article_published_time":"2024-08-17T15:05:12+00:00","og_image":[{"width":1920,"height":1080,"url":"https:\/\/animangeek.com\/wp-content\/uploads\/sites\/106\/2024\/08\/1723907113_A-nova-waifu-da-America-Latina-acabou-por-ser-do.jpg","type":"image\/jpeg"}],"twitter_card":"summary_large_image","twitter_misc":{"Est. reading time":"3 minutes"},"schema":{"@context":"https:\/\/schema.org","@graph":[{"@type":"WebPage","@id":"https:\/\/animangeek.com\/a-nova-waifu-da-america-latina-acabou-por-ser-do-brasil\/","url":"https:\/\/animangeek.com\/a-nova-waifu-da-america-latina-acabou-por-ser-do-brasil\/","name":"A nova waifu da Am\u00e9rica Latina acabou por ser do Brasil - Animan Geek","isPartOf":{"@id":"https:\/\/animangeek.com\/#website"},"primaryImageOfPage":{"@id":"https:\/\/animangeek.com\/a-nova-waifu-da-america-latina-acabou-por-ser-do-brasil\/#primaryimage"},"image":{"@id":"https:\/\/animangeek.com\/a-nova-waifu-da-america-latina-acabou-por-ser-do-brasil\/#primaryimage"},"thumbnailUrl":"https:\/\/animangeek.com\/wp-content\/uploads\/sites\/106\/2024\/08\/1723907113_A-nova-waifu-da-America-Latina-acabou-por-ser-do.jpg","datePublished":"2024-08-17T15:05:12+00:00","dateModified":"2024-08-17T15:05:12+00:00","author":{"@id":""},"breadcrumb":{"@id":"https:\/\/animangeek.com\/a-nova-waifu-da-america-latina-acabou-por-ser-do-brasil\/#breadcrumb"},"inLanguage":"en-US","potentialAction":[{"@type":"ReadAction","target":["https:\/\/animangeek.com\/a-nova-waifu-da-america-latina-acabou-por-ser-do-brasil\/"]}]},{"@type":"ImageObject","inLanguage":"en-US","@id":"https:\/\/animangeek.com\/a-nova-waifu-da-america-latina-acabou-por-ser-do-brasil\/#primaryimage","url":"https:\/\/animangeek.com\/wp-content\/uploads\/sites\/106\/2024\/08\/1723907113_A-nova-waifu-da-America-Latina-acabou-por-ser-do.jpg","contentUrl":"https:\/\/animangeek.com\/wp-content\/uploads\/sites\/106\/2024\/08\/1723907113_A-nova-waifu-da-America-Latina-acabou-por-ser-do.jpg","width":1920,"height":1080},{"@type":"BreadcrumbList","@id":"https:\/\/animangeek.com\/a-nova-waifu-da-america-latina-acabou-por-ser-do-brasil\/#breadcrumb","itemListElement":[{"@type":"ListItem","position":1,"name":"Home","item":"https:\/\/animangeek.com\/"},{"@type":"ListItem","position":2,"name":"A nova waifu da Am\u00e9rica Latina acabou por ser do Brasil"}]},{"@type":"WebSite","@id":"https:\/\/animangeek.com\/#website","url":"https:\/\/animangeek.com\/","name":"Animan Geek","description":"","potentialAction":[{"@type":"SearchAction","target":{"@type":"EntryPoint","urlTemplate":"https:\/\/animangeek.com\/?s={search_term_string}"},"query-input":"required name=search_term_string"}],"inLanguage":"en-US"}]}},"_links":{"self":[{"href":"https:\/\/animangeek.com\/en\/wp-json\/wp\/v2\/posts\/17495"}],"collection":[{"href":"https:\/\/animangeek.com\/en\/wp-json\/wp\/v2\/posts"}],"about":[{"href":"https:\/\/animangeek.com\/en\/wp-json\/wp\/v2\/types\/post"}],"replies":[{"embeddable":true,"href":"https:\/\/animangeek.com\/en\/wp-json\/wp\/v2\/comments?post=17495"}],"version-history":[{"count":0,"href":"https:\/\/animangeek.com\/en\/wp-json\/wp\/v2\/posts\/17495\/revisions"}],"wp:featuredmedia":[{"embeddable":true,"href":"https:\/\/animangeek.com\/en\/wp-json\/wp\/v2\/media\/17496"}],"wp:attachment":[{"href":"https:\/\/animangeek.com\/en\/wp-json\/wp\/v2\/media?parent=17495"}],"wp:term":[{"taxonomy":"category","embeddable":true,"href":"https:\/\/animangeek.com\/en\/wp-json\/wp\/v2\/categories?post=17495"},{"taxonomy":"post_tag","embeddable":true,"href":"https:\/\/animangeek.com\/en\/wp-json\/wp\/v2\/tags?post=17495"}],"curies":[{"name":"wp","href":"https:\/\/api.w.org\/{rel}","templated":true}]}}