{"id":17651,"date":"2024-08-19T20:03:47","date_gmt":"2024-08-19T23:03:47","guid":{"rendered":"https:\/\/animangeek.com\/artista-latino-causa-polemica-ao-redesenhar-a-waifu-brasileira\/"},"modified":"2024-08-19T20:03:47","modified_gmt":"2024-08-19T23:03:47","slug":"artista-latino-causa-polemica-ao-redesenhar-a-waifu-brasileira","status":"publish","type":"post","link":"https:\/\/animangeek.com\/en\/artista-latino-causa-polemica-ao-redesenhar-a-waifu-brasileira\/","title":{"rendered":"Latin artist causes controversy by redesigning Brazilian waifu"},"content":{"rendered":"<div class=\"mx-5 sm:mx-0 prose text-left mb-5\">\n<div itemprop=\"articleBody\">\n<p>Since the release of the visual novel was announced  <strong>Kasshoku Musume no Latina-san<\/strong>has caused a lot of controversy among anime and manga fans. On the one hand, there are those who are excited and even intrigued by having a Latina protagonist for the first time, but on the other, many people disagree with several aspects of the story. On this occasion, a new controversy was generated, as an artist drew this \u201cLatino waifu\u201d in his own way and not everyone liked the idea.<\/p>\n<h3 class=\"wp-block-heading has-text-align-center\">Kasshoku Musume no latina-san&#039;s reinterpretation of the Latin waifu has angered Japanese audiences on social media<\/h3>\n<figure class=\"wp-block-image size-full\"><noscript><img loading=\"lazy\" decoding=\"async\" width=\"1000\" height=\"1281\" src=\"https:\/\/animangeek.com\/wp-content\/uploads\/2024\/08\/Kasshoku-Musume-no-latina-san-fanart.webp.webp\" alt=\"Kasshoku Musume No Latina-San Fanart\" class=\"wp-image-428223\" title=\"Kasshoku Musume No Latina-San: Latin artist causes controversy by redesigning Brazilian Waifu 2\"  \/><\/noscript><img loading=\"lazy\" decoding=\"async\" width=\"1000\" height=\"1281\" src=\"https:\/\/animangeek.com\/wp-content\/uploads\/2024\/08\/Kasshoku-Musume-no-latina-san-fanart.webp.webp\" alt=\"Kasshoku Musume No Latina-San Fanart\" class=\"lazyload wp-image-428223\" title=\"Kasshoku Musume No Latina-San: Latin artist causes controversy by redesigning Brazilian Waifu 2\"  data-><\/figure>\n<p>Through your profile <strong>Twitter\/X<\/strong>the user <a rel=\"nofollow noopener\" target=\"_blank\" href=\"https:\/\/x.com\/Tidal___\">@Tide___<\/a>shared his own version of \u201cLatina\u201d, the name of the protagonist of this story. In this publication as a description, this artist added \u201cI redesigned Latina-chan\u201d, but apparently this triggered the fury of many fans, mainly Japanese, who complained that changes were made to the original design of this sensational Brazilian waifu.<\/p>\n<p>Some of the comments made showing disagreement with this work redesigning the waifu of <strong>Kasshoku Musume no latina-san<\/strong> They said, \u201cLet\u2019s see, what did we say last year, the year after, and the year before that about \u2018fixing other people\u2019s art\u2019?\u201d \u201cI can\u2019t help but feel disappointed in the morals of someone who is so picky about the nationality of their characters.\u201d A lot of people were upset that this artist tried to make a remake of the waifu Kasshoku Musume no Latina-san, because they thought the original was better.<\/p>\n<p>The artist clarified that at no point did he try to \u201cfix\u201d or \u201cchange\u201d the original art, he simply wanted to draw this waifu in his own style. For this, many people, especially Latinos, applauded this user\u2019s talent and praised the excellent work he did with this drawing, even saying that it was a Latin representation and not the \u201cgeneric monkey with another skin tone that they\u201d used for the visual novel.<\/p>\n<figure class=\"wp-block-image size-full\"><noscript><img loading=\"lazy\" decoding=\"async\" width=\"1082\" height=\"1544\" src=\"https:\/\/animangeek.com\/wp-content\/uploads\/2024\/08\/Novela-Ligera-Kasshoku-Musume-no-Latina-san-ni-ore-no-karada-ga-nerawarete-iru-1.webp.webp\" alt=\"Light Novel Kasshoku Musume No Latina San Ni Ore No Karada Ga Nerawarete Iru 1\" class=\"wp-image-427709\" title=\"Kasshoku Musume No Latina-San: Latin artist causes controversy by redesigning Brazilian Waifu 3\"  \/><\/noscript><img loading=\"lazy\" decoding=\"async\" width=\"1082\" height=\"1544\" src=\"https:\/\/animangeek.com\/wp-content\/uploads\/2024\/08\/Novela-Ligera-Kasshoku-Musume-no-Latina-san-ni-ore-no-karada-ga-nerawarete-iru-1.webp.webp\" alt=\"Light Novel Kasshoku Musume No Latina San Ni Ore No Karada Ga Nerawarete Iru 1\" class=\"lazyload wp-image-427709\" title=\"Kasshoku Musume No Latina-San: Latin artist causes controversy by redesigning Brazilian Waifu 3\"  data-><\/figure>\n<figure class=\"wp-block-image size-large\"><noscript><img loading=\"lazy\" decoding=\"async\" width=\"1200\" height=\"792\" src=\"https:\/\/animangeek.com\/wp-content\/uploads\/2024\/08\/Novela-Ligera-Kasshoku-Musume-no-Latina-san-ni-ore-no-karada-ga-nerawarete-iru-3-1200x792.webp.webp\" alt=\"Light Novel Kasshoku Musume No Latina San Ni Ore No Karada Ga Nerawarete Iru 3\" class=\"wp-image-427710\" title=\"Kasshoku Musume No Latina-San: Latin artist causes controversy by redesigning Brazilian Waifu 4\"  \/><\/noscript><img loading=\"lazy\" decoding=\"async\" width=\"1200\" height=\"792\" src=\"https:\/\/animangeek.com\/wp-content\/uploads\/2024\/08\/Novela-Ligera-Kasshoku-Musume-no-Latina-san-ni-ore-no-karada-ga-nerawarete-iru-3-1200x792.webp.webp\" alt=\"Light Novel Kasshoku Musume No Latina San Ni Ore No Karada Ga Nerawarete Iru 3\" class=\"lazyload wp-image-427710\" title=\"Kasshoku Musume No Latina-San: Latin artist causes controversy by redesigning Brazilian Waifu 4\"  data-><\/figure>\n<p>Some of these comments praising the waifu&#039;s redesign<strong> Kasshoku Musume no latina-san<\/strong> are \u201cIt looks great on you\u201d \u201cIt looks epic on you\u201d \u201cTotally true to life\u201d \u201cOk, it looks beautiful with the redesign\u201d \u201cI fell in love with it\u201d \u201cThe hair is really beautiful\u201d \u201cThis version is more Brazilian than Brazilians themselves\u201d. And some people emphasized that the artist used the word \u201credesign\u201d and not \u201cimprove\u201d or \u201cfix\u201d, so at no time did he disrespect someone else&#039;s art.<\/p>\n<p>If you are also interested in knowing the history of <strong>Kasshoku Musume no latina-san<\/strong> Here we have Makoto Itou, a high school student who seemingly leads a normal life. His life changes drastically when he meets \u201cLatina\u201d, an exchange student who has tanned skin and is a very lively and energetic girl. From the first meeting, this girl surprises Makoto, because after rescuing her from an attack, Latina makes a bold decision and asks her to marry him and insists that they should have children together.<\/p>\n<p>This unexpected situation for Makoto will cause many fun and exciting events to begin unfolding, following Makoto as he adapts to his new reality and faces a major failure in his student life. For all fans who are interested in reading the story of <strong>Kasshoku Musume no latina-san<\/strong>Its release will be on August 23rd, so we are almost far from knowing the story of this interesting Latin waifu.<\/p>\n<figure class=\"wp-block-image size-large\"><noscript><img loading=\"lazy\" decoding=\"async\" width=\"1200\" height=\"675\" src=\"https:\/\/animangeek.com\/wp-content\/uploads\/2024\/08\/Kasshoku-Musume-no-Latina-san-1-1200x675.webp.webp\" alt=\"Kasshoku Musume No Latina-San\" class=\"wp-image-428050\" title=\"Kasshoku Musume No Latina-San: Latin artist causes controversy by redesigning Brazilian Waifu 5\"  \/><\/noscript><img loading=\"lazy\" decoding=\"async\" width=\"1200\" height=\"675\" src=\"https:\/\/animangeek.com\/wp-content\/uploads\/2024\/08\/Kasshoku-Musume-no-Latina-san-1-1200x675.webp.webp\" alt=\"Kasshoku Musume No Latina-San\" class=\"lazyload wp-image-428050\" title=\"Kasshoku Musume No Latina-San: Latin artist causes controversy by redesigning Brazilian Waifu 5\"  data-><\/figure>\n<p><strong>\u00a9KIRAKU KISHIMA 2024 \u00a9SHUEISHA inc. All rights reserved.<\/strong><\/p>\n<\/div>\n<\/div>","protected":false},"excerpt":{"rendered":"<p>Since the visual novel Kasshoku Musume no Latina-sante was announced, it has sparked much controversy among anime and manga fans. On the one hand, some are excited and even intrigued by the first Latina protagonist, but on the other, many disagree with various aspects of the story. This time, it sparked... <a class=\"more-link\" href=\"https:\/\/animangeek.com\/en\/artista-latino-causa-polemica-ao-redesenhar-a-waifu-brasileira\/\">Continue reading <span class=\"screen-reader-text\">Latin artist causes controversy by redesigning Brazilian waifu<\/span><\/a><\/p>","protected":false},"author":0,"featured_media":17652,"comment_status":"open","ping_status":"open","sticky":false,"template":"","format":"standard","meta":{"footnotes":""},"categories":[5],"tags":[812,1723],"yoast_head":"<!-- This site is optimized with the Yoast SEO plugin v23.3 - https:\/\/yoast.com\/wordpress\/plugins\/seo\/ -->\n<title>Artista latino causa pol\u00eamica ao redesenhar a waifu brasileira - Animan Geek<\/title>\n<meta name=\"robots\" content=\"index, follow, max-snippet:-1, max-image-preview:large, max-video-preview:-1\" \/>\n<link rel=\"canonical\" href=\"https:\/\/animangeek.com\/en\/artista-latino-causa-polemica-ao-redesenhar-a-waifu-brasileira\/\" \/>\n<meta property=\"og:locale\" content=\"en_US\" \/>\n<meta property=\"og:type\" content=\"article\" \/>\n<meta property=\"og:title\" content=\"Artista latino causa pol\u00eamica ao redesenhar a waifu brasileira - Animan Geek\" \/>\n<meta property=\"og:description\" content=\"Desde que o lan\u00e7amento do romance visual foi anunciado Kasshoku Musume no Latina-santem causado muita pol\u00eamica entre os f\u00e3s de anime e mang\u00e1. Por um lado, h\u00e1 quem fique entusiasmado e at\u00e9 intrigado por ter pela primeira vez uma protagonista latina, mas por outro, muita gente discorda em v\u00e1rios aspectos da hist\u00f3ria. Nesta ocasi\u00e3o, gerou-se&hellip; Continue reading Artista latino causa pol\u00eamica ao redesenhar a waifu brasileira\" \/>\n<meta property=\"og:url\" content=\"https:\/\/animangeek.com\/en\/artista-latino-causa-polemica-ao-redesenhar-a-waifu-brasileira\/\" \/>\n<meta property=\"og:site_name\" content=\"Animan Geek\" \/>\n<meta property=\"article:published_time\" content=\"2024-08-19T23:03:47+00:00\" \/>\n<meta property=\"og:image\" content=\"https:\/\/animangeek.com\/wp-content\/uploads\/sites\/106\/2024\/08\/Artista-latino-causa-polemica-ao-redesenhar-a-waifu-brasileira.webp.webp\" \/>\n\t<meta property=\"og:image:width\" content=\"1280\" \/>\n\t<meta property=\"og:image:height\" content=\"720\" \/>\n\t<meta property=\"og:image:type\" content=\"image\/webp\" \/>\n<meta name=\"twitter:card\" content=\"summary_large_image\" \/>\n<meta name=\"twitter:label1\" content=\"Est. reading time\" \/>\n\t<meta name=\"twitter:data1\" content=\"3 minutes\" \/>\n<script type=\"application\/ld+json\" class=\"yoast-schema-graph\">{\"@context\":\"https:\/\/schema.org\",\"@graph\":[{\"@type\":\"WebPage\",\"@id\":\"https:\/\/animangeek.com\/artista-latino-causa-polemica-ao-redesenhar-a-waifu-brasileira\/\",\"url\":\"https:\/\/animangeek.com\/artista-latino-causa-polemica-ao-redesenhar-a-waifu-brasileira\/\",\"name\":\"Artista latino causa pol\u00eamica ao redesenhar a waifu brasileira - Animan Geek\",\"isPartOf\":{\"@id\":\"https:\/\/animangeek.com\/#website\"},\"primaryImageOfPage\":{\"@id\":\"https:\/\/animangeek.com\/artista-latino-causa-polemica-ao-redesenhar-a-waifu-brasileira\/#primaryimage\"},\"image\":{\"@id\":\"https:\/\/animangeek.com\/artista-latino-causa-polemica-ao-redesenhar-a-waifu-brasileira\/#primaryimage\"},\"thumbnailUrl\":\"https:\/\/animangeek.com\/wp-content\/uploads\/sites\/106\/2024\/08\/Artista-latino-causa-polemica-ao-redesenhar-a-waifu-brasileira.webp.webp\",\"datePublished\":\"2024-08-19T23:03:47+00:00\",\"dateModified\":\"2024-08-19T23:03:47+00:00\",\"author\":{\"@id\":\"\"},\"breadcrumb\":{\"@id\":\"https:\/\/animangeek.com\/artista-latino-causa-polemica-ao-redesenhar-a-waifu-brasileira\/#breadcrumb\"},\"inLanguage\":\"en-US\",\"potentialAction\":[{\"@type\":\"ReadAction\",\"target\":[\"https:\/\/animangeek.com\/artista-latino-causa-polemica-ao-redesenhar-a-waifu-brasileira\/\"]}]},{\"@type\":\"ImageObject\",\"inLanguage\":\"en-US\",\"@id\":\"https:\/\/animangeek.com\/artista-latino-causa-polemica-ao-redesenhar-a-waifu-brasileira\/#primaryimage\",\"url\":\"https:\/\/animangeek.com\/wp-content\/uploads\/sites\/106\/2024\/08\/Artista-latino-causa-polemica-ao-redesenhar-a-waifu-brasileira.webp.webp\",\"contentUrl\":\"https:\/\/animangeek.com\/wp-content\/uploads\/sites\/106\/2024\/08\/Artista-latino-causa-polemica-ao-redesenhar-a-waifu-brasileira.webp.webp\",\"width\":1280,\"height\":720},{\"@type\":\"BreadcrumbList\",\"@id\":\"https:\/\/animangeek.com\/artista-latino-causa-polemica-ao-redesenhar-a-waifu-brasileira\/#breadcrumb\",\"itemListElement\":[{\"@type\":\"ListItem\",\"position\":1,\"name\":\"Home\",\"item\":\"https:\/\/animangeek.com\/\"},{\"@type\":\"ListItem\",\"position\":2,\"name\":\"Artista latino causa pol\u00eamica ao redesenhar a waifu brasileira\"}]},{\"@type\":\"WebSite\",\"@id\":\"https:\/\/animangeek.com\/#website\",\"url\":\"https:\/\/animangeek.com\/\",\"name\":\"Animan Geek\",\"description\":\"\",\"potentialAction\":[{\"@type\":\"SearchAction\",\"target\":{\"@type\":\"EntryPoint\",\"urlTemplate\":\"https:\/\/animangeek.com\/?s={search_term_string}\"},\"query-input\":\"required name=search_term_string\"}],\"inLanguage\":\"en-US\"}]}<\/script>\n<!-- \/ Yoast SEO plugin. -->","yoast_head_json":{"title":"Artista latino causa pol\u00eamica ao redesenhar a waifu brasileira - Animan Geek","robots":{"index":"index","follow":"follow","max-snippet":"max-snippet:-1","max-image-preview":"max-image-preview:large","max-video-preview":"max-video-preview:-1"},"canonical":"https:\/\/animangeek.com\/en\/artista-latino-causa-polemica-ao-redesenhar-a-waifu-brasileira\/","og_locale":"en_US","og_type":"article","og_title":"Artista latino causa pol\u00eamica ao redesenhar a waifu brasileira - Animan Geek","og_description":"Desde que o lan\u00e7amento do romance visual foi anunciado Kasshoku Musume no Latina-santem causado muita pol\u00eamica entre os f\u00e3s de anime e mang\u00e1. Por um lado, h\u00e1 quem fique entusiasmado e at\u00e9 intrigado por ter pela primeira vez uma protagonista latina, mas por outro, muita gente discorda em v\u00e1rios aspectos da hist\u00f3ria. Nesta ocasi\u00e3o, gerou-se&hellip; Continue reading Artista latino causa pol\u00eamica ao redesenhar a waifu brasileira","og_url":"https:\/\/animangeek.com\/en\/artista-latino-causa-polemica-ao-redesenhar-a-waifu-brasileira\/","og_site_name":"Animan Geek","article_published_time":"2024-08-19T23:03:47+00:00","og_image":[{"width":1280,"height":720,"url":"https:\/\/animangeek.com\/wp-content\/uploads\/sites\/106\/2024\/08\/Artista-latino-causa-polemica-ao-redesenhar-a-waifu-brasileira.webp.webp","type":"image\/webp"}],"twitter_card":"summary_large_image","twitter_misc":{"Est. reading time":"3 minutes"},"schema":{"@context":"https:\/\/schema.org","@graph":[{"@type":"WebPage","@id":"https:\/\/animangeek.com\/artista-latino-causa-polemica-ao-redesenhar-a-waifu-brasileira\/","url":"https:\/\/animangeek.com\/artista-latino-causa-polemica-ao-redesenhar-a-waifu-brasileira\/","name":"Artista latino causa pol\u00eamica ao redesenhar a waifu brasileira - Animan Geek","isPartOf":{"@id":"https:\/\/animangeek.com\/#website"},"primaryImageOfPage":{"@id":"https:\/\/animangeek.com\/artista-latino-causa-polemica-ao-redesenhar-a-waifu-brasileira\/#primaryimage"},"image":{"@id":"https:\/\/animangeek.com\/artista-latino-causa-polemica-ao-redesenhar-a-waifu-brasileira\/#primaryimage"},"thumbnailUrl":"https:\/\/animangeek.com\/wp-content\/uploads\/sites\/106\/2024\/08\/Artista-latino-causa-polemica-ao-redesenhar-a-waifu-brasileira.webp.webp","datePublished":"2024-08-19T23:03:47+00:00","dateModified":"2024-08-19T23:03:47+00:00","author":{"@id":""},"breadcrumb":{"@id":"https:\/\/animangeek.com\/artista-latino-causa-polemica-ao-redesenhar-a-waifu-brasileira\/#breadcrumb"},"inLanguage":"en-US","potentialAction":[{"@type":"ReadAction","target":["https:\/\/animangeek.com\/artista-latino-causa-polemica-ao-redesenhar-a-waifu-brasileira\/"]}]},{"@type":"ImageObject","inLanguage":"en-US","@id":"https:\/\/animangeek.com\/artista-latino-causa-polemica-ao-redesenhar-a-waifu-brasileira\/#primaryimage","url":"https:\/\/animangeek.com\/wp-content\/uploads\/sites\/106\/2024\/08\/Artista-latino-causa-polemica-ao-redesenhar-a-waifu-brasileira.webp.webp","contentUrl":"https:\/\/animangeek.com\/wp-content\/uploads\/sites\/106\/2024\/08\/Artista-latino-causa-polemica-ao-redesenhar-a-waifu-brasileira.webp.webp","width":1280,"height":720},{"@type":"BreadcrumbList","@id":"https:\/\/animangeek.com\/artista-latino-causa-polemica-ao-redesenhar-a-waifu-brasileira\/#breadcrumb","itemListElement":[{"@type":"ListItem","position":1,"name":"Home","item":"https:\/\/animangeek.com\/"},{"@type":"ListItem","position":2,"name":"Artista latino causa pol\u00eamica ao redesenhar a waifu brasileira"}]},{"@type":"WebSite","@id":"https:\/\/animangeek.com\/#website","url":"https:\/\/animangeek.com\/","name":"Animan Geek","description":"","potentialAction":[{"@type":"SearchAction","target":{"@type":"EntryPoint","urlTemplate":"https:\/\/animangeek.com\/?s={search_term_string}"},"query-input":"required name=search_term_string"}],"inLanguage":"en-US"}]}},"_links":{"self":[{"href":"https:\/\/animangeek.com\/en\/wp-json\/wp\/v2\/posts\/17651"}],"collection":[{"href":"https:\/\/animangeek.com\/en\/wp-json\/wp\/v2\/posts"}],"about":[{"href":"https:\/\/animangeek.com\/en\/wp-json\/wp\/v2\/types\/post"}],"replies":[{"embeddable":true,"href":"https:\/\/animangeek.com\/en\/wp-json\/wp\/v2\/comments?post=17651"}],"version-history":[{"count":0,"href":"https:\/\/animangeek.com\/en\/wp-json\/wp\/v2\/posts\/17651\/revisions"}],"wp:featuredmedia":[{"embeddable":true,"href":"https:\/\/animangeek.com\/en\/wp-json\/wp\/v2\/media\/17652"}],"wp:attachment":[{"href":"https:\/\/animangeek.com\/en\/wp-json\/wp\/v2\/media?parent=17651"}],"wp:term":[{"taxonomy":"category","embeddable":true,"href":"https:\/\/animangeek.com\/en\/wp-json\/wp\/v2\/categories?post=17651"},{"taxonomy":"post_tag","embeddable":true,"href":"https:\/\/animangeek.com\/en\/wp-json\/wp\/v2\/tags?post=17651"}],"curies":[{"name":"wp","href":"https:\/\/api.w.org\/{rel}","templated":true}]}}