{"id":17788,"date":"2024-08-22T01:42:22","date_gmt":"2024-08-22T04:42:22","guid":{"rendered":"https:\/\/animangeek.com\/fas-de-jujutsu-kaisen-comemoram-o-tao-esperado-retorno\/"},"modified":"2024-08-22T01:42:22","modified_gmt":"2024-08-22T04:42:22","slug":"fas-de-jujutsu-kaisen-comemoram-o-tao-esperado-retorno","status":"publish","type":"post","link":"https:\/\/animangeek.com\/en\/fas-de-jujutsu-kaisen-comemoram-o-tao-esperado-retorno\/","title":{"rendered":"Jujutsu Kaisen fans celebrate long-awaited return"},"content":{"rendered":"<div class=\"mx-5 sm:mx-0 prose text-left mb-5\">\n<div>\n<p class=\"has-text-align-center has-white-color has-vivid-red-background-color has-text-color has-background has-link-color wp-elements-2111c33e521cc5b9b067600a88d655b3\"><strong>This article includes spoilers for the manga \u201cJujutsu Kaisen\u201d. Reader discretion is advised.<\/strong><\/p>\n<p>As previously reported, the manga&#039;s story of \u201c<strong>Jujutsu Kaisen<\/strong>\u201dIt\u2019s only five chapters away from the end. With the final battle between the Jujutsu Sorcerers and the King of Curses at its peak and beyond, <strong>Some fans wondered whether Gege Akutami, the author of the franchise, would have enough time to resolve all the unknowns.<\/strong>.<\/p>\n<p>From shocking viral moments like Satoru Gojo\u2019s death to thrilling combat sequences, the final battle of \u201cJujutsu Kaisen\u201d has delivered a lot. However, we must mention again that the series still has a ton of unanswered questions. In addition to the much-criticized \u201cSukuna Cycle,\u201d where a new character faced off against the final villain and lost his life, it is indisputable that, <strong>Regardless of how \u201cJujutsu Kaisen\u201d ends, the legacy is already built and it definitely stands out as one of the greatest representatives of current battle shonen.<\/strong><\/p>\n<p>But what surprise could Gege Akutami have had that would make us talk about this manga again? <strong>Well, it turns out that the leaks of the latest chapter<\/strong> (yes, publisher Shueisha still hasn&#039;t learned its lesson and still &quot;trusts&quot; that copies of the magazine that will be published next week in Japan won&#039;t leak from the bookstores that distribute them and receive them in advance), <strong>confirmed the return of Nobara Kugisaki, a member of the protagonist trio who had been absent for years.<\/strong><\/p>\n<figure class=\"wp-block-gallery aligncenter has-nested-images columns-1 is-cropped wp-block-gallery-1 is-layout-flex wp-block-gallery-is-layout-flex\">\n<figure class=\"wp-block-image size-full\"><img loading=\"lazy\" decoding=\"async\" width=\"1024\" height=\"1024\" data-id=\"335590\" src=\"https:\/\/animangeek.com\/wp-content\/uploads\/2024\/08\/Fas-de-Jujutsu-Kaisen-comemoram-o-tao-esperado-retorno.jpg\" alt=\"Jujutsu Kaisen\" class=\"wp-image-335590\"  \/><\/figure>\n<figure class=\"wp-block-image size-full\"><img loading=\"lazy\" decoding=\"async\" width=\"1024\" height=\"1024\" data-id=\"335592\" src=\"https:\/\/animangeek.com\/wp-content\/uploads\/2024\/08\/1724301741_438_Fas-de-Jujutsu-Kaisen-comemoram-o-tao-esperado-retorno.jpg\" alt=\"Jujutsu Kaisen\" class=\"wp-image-335592\"  \/><\/figure>\n<figure class=\"wp-block-image size-full\"><img loading=\"lazy\" decoding=\"async\" width=\"1024\" height=\"851\" data-id=\"335593\" src=\"https:\/\/animangeek.com\/wp-content\/uploads\/2024\/08\/1724301741_600_Fas-de-Jujutsu-Kaisen-comemoram-o-tao-esperado-retorno.jpg\" alt=\"\" class=\"wp-image-335593\"  \/><\/figure>\n<figure class=\"wp-block-image size-full\"><img loading=\"lazy\" decoding=\"async\" width=\"1024\" height=\"1024\" data-id=\"335595\" src=\"https:\/\/animangeek.com\/wp-content\/uploads\/2024\/08\/1724301742_229_Fas-de-Jujutsu-Kaisen-comemoram-o-tao-esperado-retorno.jpg\" alt=\"\" class=\"wp-image-335595\"  \/><\/figure><figcaption class=\"blocks-gallery-caption wp-element-caption\">\u00a9G.AKUTAMI\/SHUEISHA<\/figcaption><\/figure>\n<p>As fans well know, Nobara apparently died in Chapter 143 released in March 2021. <strong>This means that the character had not been heard from for more than three years, so many readers had already given up on the possibility of her return.<\/strong> Even the franchise&#039;s Wikis already listed her status as &quot;Deceased&quot;, precisely because of all the silence there was about her condition.<\/p>\n<p><strong>There are a few other revelations in this new leaked chapter, but Nobara Kugisaki&#039;s return was definitely the one that caught the most attention.<\/strong> on social media:<\/p>\n<ul>\n<li>\u00ab<em>Me watching as Gege kills Choso and Kenjaku but brings Nobara back in the middle<\/em>\u00bb.<\/li>\n<li>\u00ab<em>What? No, it&#039;s not true, I don&#039;t believe it, it must be false, don&#039;t give me false illusions<\/em>\u00bb.<\/li>\n<li>\u00ab<em>Until you give us a smile, I hate you Gege<\/em>\u00bb.<\/li>\n<li>\u00ab<em>They told me I couldn&#039;t do it, they underestimated me, they made fun of me<\/em>\u00bb.<\/li>\n<li>\u00ab<em>Naruto was crucified for less<\/em>\u00bb.<\/li>\n<li>\u00ab<em>What? Really? If it&#039;s true I won&#039;t leave the anime, I swear<\/em>\u00bb.<\/li>\n<li>\u00ab<em>Apparently Nobara is alive, but didn&#039;t Mahito modify her soul? Or did Kenjaku save her?<\/em>\u00bb.<\/li>\n<li>\u00ab<em>It would have been better if she stayed dead, I&#039;m not convinced she came back, just that she got really stiff, but oh well<\/em>\u00bb.<\/li>\n<li>\u00ab<em>Damn, Itadori after defeating Sukuna doesn&#039;t need to take long to get Nobara pregnant and everything<\/em>\u00bb.<\/li>\n<li>\u00ab<em>Author without balls, as always happens in Weekly Shonen Jump<\/em>\u00bb.<\/li>\n<li>\u00ab<em>Honestly, I have no idea what I&#039;m supposed to feel.<\/em>\u00bb.<\/li>\n<li>\u00ab<em>With that he has already destroyed his work, mediocre from start to finish.<\/em>\u00bb.<\/li>\n<li>\u00ab<em>I cut myself, there&#039;s no way the shitty fake edits are right and I would have a patch<\/em>\u00bb.<\/li>\n<\/ul>\n<p>Source: <strong><a rel=\"nofollow noopener\" target=\"_blank\" href=\"https:\/\/x.com\/Go_Jover\">Twitter<\/a><\/strong><\/p>\n<\/div>\n<\/div>","protected":false},"excerpt":{"rendered":"<p>This article includes spoilers for the &quot;Jujutsu Kaisen&quot; manga. Reader discretion is advised. As previously reported, the &quot;Jujutsu Kaisen&quot; manga story is only five chapters away from the end. With the final battle between the Jujutsu Sorcerers and the King of Curses at its peak and beyond, some fans have wondered if... <a class=\"more-link\" href=\"https:\/\/animangeek.com\/en\/fas-de-jujutsu-kaisen-comemoram-o-tao-esperado-retorno\/\">Continue reading <span class=\"screen-reader-text\">Jujutsu Kaisen fans celebrate long-awaited return<\/span><\/a><\/p>","protected":false},"author":0,"featured_media":17789,"comment_status":"open","ping_status":"open","sticky":false,"template":"","format":"standard","meta":{"footnotes":""},"categories":[5],"tags":[789,1449],"yoast_head":"<!-- This site is optimized with the Yoast SEO plugin v23.3 - https:\/\/yoast.com\/wordpress\/plugins\/seo\/ -->\n<title>F\u00e3s de Jujutsu Kaisen comemoram o t\u00e3o esperado retorno - Animan Geek<\/title>\n<meta name=\"robots\" content=\"index, follow, max-snippet:-1, max-image-preview:large, max-video-preview:-1\" \/>\n<link rel=\"canonical\" href=\"https:\/\/animangeek.com\/en\/fas-de-jujutsu-kaisen-comemoram-o-tao-esperado-retorno\/\" \/>\n<meta property=\"og:locale\" content=\"en_US\" \/>\n<meta property=\"og:type\" content=\"article\" \/>\n<meta property=\"og:title\" content=\"F\u00e3s de Jujutsu Kaisen comemoram o t\u00e3o esperado retorno - Animan Geek\" \/>\n<meta property=\"og:description\" content=\"Este artigo inclui spoilers do mang\u00e1 \u201cJujutsu Kaisen\u201d. A discri\u00e7\u00e3o do leitor \u00e9 aconselhada. Como relatado anteriormente, a hist\u00f3ria do mang\u00e1 de \u201cJujutsu Kaisen\u201dEst\u00e1 a apenas cinco cap\u00edtulos do final. Com a batalha final entre os Feiticeiros de Jujutsu e o Rei das Maldi\u00e7\u00f5es no auge e ainda mais al\u00e9m, Alguns f\u00e3s se perguntavam se&hellip; Continue reading F\u00e3s de Jujutsu Kaisen comemoram o t\u00e3o esperado retorno\" \/>\n<meta property=\"og:url\" content=\"https:\/\/animangeek.com\/en\/fas-de-jujutsu-kaisen-comemoram-o-tao-esperado-retorno\/\" \/>\n<meta property=\"og:site_name\" content=\"Animan Geek\" \/>\n<meta property=\"article:published_time\" content=\"2024-08-22T04:42:22+00:00\" \/>\n<meta property=\"og:image\" content=\"https:\/\/animangeek.com\/wp-content\/uploads\/sites\/106\/2024\/08\/1724301743_Fas-de-Jujutsu-Kaisen-comemoram-o-tao-esperado-retorno.jpg\" \/>\n\t<meta property=\"og:image:width\" content=\"1920\" \/>\n\t<meta property=\"og:image:height\" content=\"1080\" \/>\n\t<meta property=\"og:image:type\" content=\"image\/jpeg\" \/>\n<meta name=\"twitter:card\" content=\"summary_large_image\" \/>\n<meta name=\"twitter:label1\" content=\"Est. reading time\" \/>\n\t<meta name=\"twitter:data1\" content=\"3 minutes\" \/>\n<script type=\"application\/ld+json\" class=\"yoast-schema-graph\">{\"@context\":\"https:\/\/schema.org\",\"@graph\":[{\"@type\":\"WebPage\",\"@id\":\"https:\/\/animangeek.com\/fas-de-jujutsu-kaisen-comemoram-o-tao-esperado-retorno\/\",\"url\":\"https:\/\/animangeek.com\/fas-de-jujutsu-kaisen-comemoram-o-tao-esperado-retorno\/\",\"name\":\"F\u00e3s de Jujutsu Kaisen comemoram o t\u00e3o esperado retorno - Animan Geek\",\"isPartOf\":{\"@id\":\"https:\/\/animangeek.com\/#website\"},\"primaryImageOfPage\":{\"@id\":\"https:\/\/animangeek.com\/fas-de-jujutsu-kaisen-comemoram-o-tao-esperado-retorno\/#primaryimage\"},\"image\":{\"@id\":\"https:\/\/animangeek.com\/fas-de-jujutsu-kaisen-comemoram-o-tao-esperado-retorno\/#primaryimage\"},\"thumbnailUrl\":\"https:\/\/animangeek.com\/wp-content\/uploads\/sites\/106\/2024\/08\/1724301743_Fas-de-Jujutsu-Kaisen-comemoram-o-tao-esperado-retorno.jpg\",\"datePublished\":\"2024-08-22T04:42:22+00:00\",\"dateModified\":\"2024-08-22T04:42:22+00:00\",\"author\":{\"@id\":\"\"},\"breadcrumb\":{\"@id\":\"https:\/\/animangeek.com\/fas-de-jujutsu-kaisen-comemoram-o-tao-esperado-retorno\/#breadcrumb\"},\"inLanguage\":\"en-US\",\"potentialAction\":[{\"@type\":\"ReadAction\",\"target\":[\"https:\/\/animangeek.com\/fas-de-jujutsu-kaisen-comemoram-o-tao-esperado-retorno\/\"]}]},{\"@type\":\"ImageObject\",\"inLanguage\":\"en-US\",\"@id\":\"https:\/\/animangeek.com\/fas-de-jujutsu-kaisen-comemoram-o-tao-esperado-retorno\/#primaryimage\",\"url\":\"https:\/\/animangeek.com\/wp-content\/uploads\/sites\/106\/2024\/08\/1724301743_Fas-de-Jujutsu-Kaisen-comemoram-o-tao-esperado-retorno.jpg\",\"contentUrl\":\"https:\/\/animangeek.com\/wp-content\/uploads\/sites\/106\/2024\/08\/1724301743_Fas-de-Jujutsu-Kaisen-comemoram-o-tao-esperado-retorno.jpg\",\"width\":1920,\"height\":1080},{\"@type\":\"BreadcrumbList\",\"@id\":\"https:\/\/animangeek.com\/fas-de-jujutsu-kaisen-comemoram-o-tao-esperado-retorno\/#breadcrumb\",\"itemListElement\":[{\"@type\":\"ListItem\",\"position\":1,\"name\":\"Home\",\"item\":\"https:\/\/animangeek.com\/\"},{\"@type\":\"ListItem\",\"position\":2,\"name\":\"F\u00e3s de Jujutsu Kaisen comemoram o t\u00e3o esperado retorno\"}]},{\"@type\":\"WebSite\",\"@id\":\"https:\/\/animangeek.com\/#website\",\"url\":\"https:\/\/animangeek.com\/\",\"name\":\"Animan Geek\",\"description\":\"\",\"potentialAction\":[{\"@type\":\"SearchAction\",\"target\":{\"@type\":\"EntryPoint\",\"urlTemplate\":\"https:\/\/animangeek.com\/?s={search_term_string}\"},\"query-input\":\"required name=search_term_string\"}],\"inLanguage\":\"en-US\"}]}<\/script>\n<!-- \/ Yoast SEO plugin. -->","yoast_head_json":{"title":"F\u00e3s de Jujutsu Kaisen comemoram o t\u00e3o esperado retorno - Animan Geek","robots":{"index":"index","follow":"follow","max-snippet":"max-snippet:-1","max-image-preview":"max-image-preview:large","max-video-preview":"max-video-preview:-1"},"canonical":"https:\/\/animangeek.com\/en\/fas-de-jujutsu-kaisen-comemoram-o-tao-esperado-retorno\/","og_locale":"en_US","og_type":"article","og_title":"F\u00e3s de Jujutsu Kaisen comemoram o t\u00e3o esperado retorno - Animan Geek","og_description":"Este artigo inclui spoilers do mang\u00e1 \u201cJujutsu Kaisen\u201d. A discri\u00e7\u00e3o do leitor \u00e9 aconselhada. Como relatado anteriormente, a hist\u00f3ria do mang\u00e1 de \u201cJujutsu Kaisen\u201dEst\u00e1 a apenas cinco cap\u00edtulos do final. Com a batalha final entre os Feiticeiros de Jujutsu e o Rei das Maldi\u00e7\u00f5es no auge e ainda mais al\u00e9m, Alguns f\u00e3s se perguntavam se&hellip; Continue reading F\u00e3s de Jujutsu Kaisen comemoram o t\u00e3o esperado retorno","og_url":"https:\/\/animangeek.com\/en\/fas-de-jujutsu-kaisen-comemoram-o-tao-esperado-retorno\/","og_site_name":"Animan Geek","article_published_time":"2024-08-22T04:42:22+00:00","og_image":[{"width":1920,"height":1080,"url":"https:\/\/animangeek.com\/wp-content\/uploads\/sites\/106\/2024\/08\/1724301743_Fas-de-Jujutsu-Kaisen-comemoram-o-tao-esperado-retorno.jpg","type":"image\/jpeg"}],"twitter_card":"summary_large_image","twitter_misc":{"Est. reading time":"3 minutes"},"schema":{"@context":"https:\/\/schema.org","@graph":[{"@type":"WebPage","@id":"https:\/\/animangeek.com\/fas-de-jujutsu-kaisen-comemoram-o-tao-esperado-retorno\/","url":"https:\/\/animangeek.com\/fas-de-jujutsu-kaisen-comemoram-o-tao-esperado-retorno\/","name":"F\u00e3s de Jujutsu Kaisen comemoram o t\u00e3o esperado retorno - Animan Geek","isPartOf":{"@id":"https:\/\/animangeek.com\/#website"},"primaryImageOfPage":{"@id":"https:\/\/animangeek.com\/fas-de-jujutsu-kaisen-comemoram-o-tao-esperado-retorno\/#primaryimage"},"image":{"@id":"https:\/\/animangeek.com\/fas-de-jujutsu-kaisen-comemoram-o-tao-esperado-retorno\/#primaryimage"},"thumbnailUrl":"https:\/\/animangeek.com\/wp-content\/uploads\/sites\/106\/2024\/08\/1724301743_Fas-de-Jujutsu-Kaisen-comemoram-o-tao-esperado-retorno.jpg","datePublished":"2024-08-22T04:42:22+00:00","dateModified":"2024-08-22T04:42:22+00:00","author":{"@id":""},"breadcrumb":{"@id":"https:\/\/animangeek.com\/fas-de-jujutsu-kaisen-comemoram-o-tao-esperado-retorno\/#breadcrumb"},"inLanguage":"en-US","potentialAction":[{"@type":"ReadAction","target":["https:\/\/animangeek.com\/fas-de-jujutsu-kaisen-comemoram-o-tao-esperado-retorno\/"]}]},{"@type":"ImageObject","inLanguage":"en-US","@id":"https:\/\/animangeek.com\/fas-de-jujutsu-kaisen-comemoram-o-tao-esperado-retorno\/#primaryimage","url":"https:\/\/animangeek.com\/wp-content\/uploads\/sites\/106\/2024\/08\/1724301743_Fas-de-Jujutsu-Kaisen-comemoram-o-tao-esperado-retorno.jpg","contentUrl":"https:\/\/animangeek.com\/wp-content\/uploads\/sites\/106\/2024\/08\/1724301743_Fas-de-Jujutsu-Kaisen-comemoram-o-tao-esperado-retorno.jpg","width":1920,"height":1080},{"@type":"BreadcrumbList","@id":"https:\/\/animangeek.com\/fas-de-jujutsu-kaisen-comemoram-o-tao-esperado-retorno\/#breadcrumb","itemListElement":[{"@type":"ListItem","position":1,"name":"Home","item":"https:\/\/animangeek.com\/"},{"@type":"ListItem","position":2,"name":"F\u00e3s de Jujutsu Kaisen comemoram o t\u00e3o esperado retorno"}]},{"@type":"WebSite","@id":"https:\/\/animangeek.com\/#website","url":"https:\/\/animangeek.com\/","name":"Animan Geek","description":"","potentialAction":[{"@type":"SearchAction","target":{"@type":"EntryPoint","urlTemplate":"https:\/\/animangeek.com\/?s={search_term_string}"},"query-input":"required name=search_term_string"}],"inLanguage":"en-US"}]}},"_links":{"self":[{"href":"https:\/\/animangeek.com\/en\/wp-json\/wp\/v2\/posts\/17788"}],"collection":[{"href":"https:\/\/animangeek.com\/en\/wp-json\/wp\/v2\/posts"}],"about":[{"href":"https:\/\/animangeek.com\/en\/wp-json\/wp\/v2\/types\/post"}],"replies":[{"embeddable":true,"href":"https:\/\/animangeek.com\/en\/wp-json\/wp\/v2\/comments?post=17788"}],"version-history":[{"count":0,"href":"https:\/\/animangeek.com\/en\/wp-json\/wp\/v2\/posts\/17788\/revisions"}],"wp:featuredmedia":[{"embeddable":true,"href":"https:\/\/animangeek.com\/en\/wp-json\/wp\/v2\/media\/17789"}],"wp:attachment":[{"href":"https:\/\/animangeek.com\/en\/wp-json\/wp\/v2\/media?parent=17788"}],"wp:term":[{"taxonomy":"category","embeddable":true,"href":"https:\/\/animangeek.com\/en\/wp-json\/wp\/v2\/categories?post=17788"},{"taxonomy":"post_tag","embeddable":true,"href":"https:\/\/animangeek.com\/en\/wp-json\/wp\/v2\/tags?post=17788"}],"curies":[{"name":"wp","href":"https:\/\/api.w.org\/{rel}","templated":true}]}}