{"id":18013,"date":"2024-08-27T22:26:46","date_gmt":"2024-08-28T01:26:46","guid":{"rendered":"https:\/\/animangeek.com\/o-ocidente-acredita-que-picoro-e-um-personagem-negro\/"},"modified":"2024-08-27T22:26:46","modified_gmt":"2024-08-28T01:26:46","slug":"o-ocidente-acredita-que-picoro-e-um-personagem-negro","status":"publish","type":"post","link":"https:\/\/animangeek.com\/en\/o-ocidente-acredita-que-picoro-e-um-personagem-negro\/","title":{"rendered":"The West believes that Pichorus is a black character"},"content":{"rendered":"<div class=\"mx-5 sm:mx-0 prose text-left mb-5\">\n<div>\n<p>Recently, a Twitter poll went viral among the anime community, generating much confusion and debate among Japanese netizens. <strong>The survey asked fans who their favorite colorful anime character was, and among the proposed options, to the surprise of many in Japan, was Piccolo, one of the most iconic characters in the \u201cDragon Ball\u201d franchise.<\/strong><\/p>\n<div class=\"wp-block-image\">\n<figure class=\"aligncenter size-full\"><img loading=\"lazy\" decoding=\"async\" width=\"1080\" height=\"1080\" src=\"https:\/\/animangeek.com\/wp-content\/uploads\/2024\/08\/O-Ocidente-acredita-que-Picoro-e-um-personagem-negro.jpg\" alt=\"Flautim\" class=\"wp-image-335853\"  \/><figcaption class=\"wp-element-caption\">\u00a9 Twitter<\/figcaption><\/figure>\n<\/div>\n<p>For Japanese fans this discovery was quite disconcerting. <strong>as Piccolo is known to be a Namekian, a green-skinned alien race within the \u201cDragon Ball\u201d universe.<\/strong> However, in the West, some fans seem to identify Picoro as a character of color, which has caused a wave of reactions and comments on social media.<\/p>\n<p>Piccolo, who was originally introduced as a villain in \u201cDragon Ball,\u201d quickly became one of the most beloved characters, especially for his evolution into a protector of Earth and his role as Gohan\u2019s mentor. <strong>Although his skin is green and he belongs to a completely different race, the perception of Piccolo as a character of color in the West may be related to several factors.<\/strong><\/p>\n<p><strong>Some fans suggest that Picoro&#039;s identification as a character of color may be linked to his role in the series as an outsider or minority within the society in which &quot;Dragon Ball&quot; is set.<\/strong>similar to how people of color have historically been treated in different cultures. This idea is reinforced by his serious demeanor and protective attitude towards others, qualities that some might interpret as attributes of a strong father figure, similar to the stereotypes associated with black characters in Western media.<\/p>\n<p>In Japan, however, this notion seems absurd to many. Below are some of the comments from the Japanese community on this topic:<\/p>\n<ul>\n<li>\u00ab<em>Are black people born from eggs? I didn&#039;t know<\/em>\u00bb.<\/li>\n<li>\u00ab<em>That&#039;s funny, in the answers they mention that black people feel a strong \u201cblackness\u201d in Picoro<\/em>\u00bb.<\/li>\n<li>\u00ab<em>Is it normal for black people to have green skin?<\/em>\u00bb.<\/li>\n<li>\u00ab<em>The minority = blacks is what you think?<\/em>\u00bb.<\/li>\n<li>\u00ab<em>This is just a preparation to protest if Piccolo isn&#039;t black in a future live-action adaptation.<\/em>\u00bb.<\/li>\n<li>\u00ab<em>Black (green)<\/em>\u00bb.<\/li>\n<li>\u00ab<em>Is it correct that he is a Namekian?<\/em>\u00bb.<\/li>\n<li>\u00ab<em>Piccoro is not black. The Dragon Ball universe actually has black people, although incredibly few (and no, Mr. PoPo doesn&#039;t count)<\/em>\u00bb.<\/li>\n<li>\u00ab<em>No, he is not. Only Americans are desperate to denigrate a certain character, just as they whitewash other fictional characters.<\/em>\u00bb.<\/li>\n<\/ul>\n<p>These comments reflect the bewilderment of many Japanese fans upon discovering this perception in the West. <strong>To them, the idea of considering an extraterrestrial character like Picoro as part of a human ethnic minority seems completely implausible.<\/strong> However, this culture clash also highlights how fictional characters can be interpreted in different ways depending on the sociocultural context.<\/p>\n<p>Source: <strong><a rel=\"nofollow noopener\" target=\"_blank\" href=\"http:\/\/otakomu.jp\/archives\/36618956.html\">Otakomu<\/a><\/strong><\/p>\n<\/div>\n<\/div>","protected":false},"excerpt":{"rendered":"<p>A Twitter poll recently went viral among the anime community, sparking much confusion and debate among Japanese netizens. The poll asked fans to name their favorite colorful anime character, and among the proposed options, to the surprise of many in Japan, was Piccolo, one of the most iconic characters from the \u201cDragon Ball\u201d franchise. <a class=\"more-link\" href=\"https:\/\/animangeek.com\/en\/o-ocidente-acredita-que-picoro-e-um-personagem-negro\/\">Continue reading <span class=\"screen-reader-text\">The West believes that Pichorus is a black character<\/span><\/a><\/p>","protected":false},"author":0,"featured_media":18014,"comment_status":"open","ping_status":"open","sticky":false,"template":"","format":"standard","meta":{"footnotes":""},"categories":[5],"tags":[275,462],"yoast_head":"<!-- This site is optimized with the Yoast SEO plugin v23.3 - https:\/\/yoast.com\/wordpress\/plugins\/seo\/ -->\n<title>O Ocidente acredita que P\u00edcoro \u00e9 um personagem negro - Animan Geek<\/title>\n<meta name=\"robots\" content=\"index, follow, max-snippet:-1, max-image-preview:large, max-video-preview:-1\" \/>\n<link rel=\"canonical\" href=\"https:\/\/animangeek.com\/en\/o-ocidente-acredita-que-picoro-e-um-personagem-negro\/\" \/>\n<meta property=\"og:locale\" content=\"en_US\" \/>\n<meta property=\"og:type\" content=\"article\" \/>\n<meta property=\"og:title\" content=\"O Ocidente acredita que P\u00edcoro \u00e9 um personagem negro - Animan Geek\" \/>\n<meta property=\"og:description\" content=\"Recentemente, uma enquete no Twitter se tornou viral entre a comunidade de anime, gerando muita confus\u00e3o e debate entre os internautas japoneses. A pesquisa perguntou aos f\u00e3s qual seu personagem de anime colorido preferido, e entre as op\u00e7\u00f5es propostas, para surpresa de muitos no Jap\u00e3o, apareceu Piccolo, um dos personagens mais ic\u00f4nicos da franquia \u201cDragon&hellip; Continue reading O Ocidente acredita que P\u00edcoro \u00e9 um personagem negro\" \/>\n<meta property=\"og:url\" content=\"https:\/\/animangeek.com\/en\/o-ocidente-acredita-que-picoro-e-um-personagem-negro\/\" \/>\n<meta property=\"og:site_name\" content=\"Animan Geek\" \/>\n<meta property=\"article:published_time\" content=\"2024-08-28T01:26:46+00:00\" \/>\n<meta property=\"og:image\" content=\"https:\/\/animangeek.com\/wp-content\/uploads\/sites\/106\/2024\/08\/1724808407_O-Ocidente-acredita-que-Picoro-e-um-personagem-negro.jpg\" \/>\n\t<meta property=\"og:image:width\" content=\"1920\" \/>\n\t<meta property=\"og:image:height\" content=\"1080\" \/>\n\t<meta property=\"og:image:type\" content=\"image\/jpeg\" \/>\n<meta name=\"twitter:card\" content=\"summary_large_image\" \/>\n<meta name=\"twitter:label1\" content=\"Est. reading time\" \/>\n\t<meta name=\"twitter:data1\" content=\"2 minutes\" \/>\n<script type=\"application\/ld+json\" class=\"yoast-schema-graph\">{\"@context\":\"https:\/\/schema.org\",\"@graph\":[{\"@type\":\"WebPage\",\"@id\":\"https:\/\/animangeek.com\/o-ocidente-acredita-que-picoro-e-um-personagem-negro\/\",\"url\":\"https:\/\/animangeek.com\/o-ocidente-acredita-que-picoro-e-um-personagem-negro\/\",\"name\":\"O Ocidente acredita que P\u00edcoro \u00e9 um personagem negro - Animan Geek\",\"isPartOf\":{\"@id\":\"https:\/\/animangeek.com\/#website\"},\"primaryImageOfPage\":{\"@id\":\"https:\/\/animangeek.com\/o-ocidente-acredita-que-picoro-e-um-personagem-negro\/#primaryimage\"},\"image\":{\"@id\":\"https:\/\/animangeek.com\/o-ocidente-acredita-que-picoro-e-um-personagem-negro\/#primaryimage\"},\"thumbnailUrl\":\"https:\/\/animangeek.com\/wp-content\/uploads\/sites\/106\/2024\/08\/1724808407_O-Ocidente-acredita-que-Picoro-e-um-personagem-negro.jpg\",\"datePublished\":\"2024-08-28T01:26:46+00:00\",\"dateModified\":\"2024-08-28T01:26:46+00:00\",\"author\":{\"@id\":\"\"},\"breadcrumb\":{\"@id\":\"https:\/\/animangeek.com\/o-ocidente-acredita-que-picoro-e-um-personagem-negro\/#breadcrumb\"},\"inLanguage\":\"en-US\",\"potentialAction\":[{\"@type\":\"ReadAction\",\"target\":[\"https:\/\/animangeek.com\/o-ocidente-acredita-que-picoro-e-um-personagem-negro\/\"]}]},{\"@type\":\"ImageObject\",\"inLanguage\":\"en-US\",\"@id\":\"https:\/\/animangeek.com\/o-ocidente-acredita-que-picoro-e-um-personagem-negro\/#primaryimage\",\"url\":\"https:\/\/animangeek.com\/wp-content\/uploads\/sites\/106\/2024\/08\/1724808407_O-Ocidente-acredita-que-Picoro-e-um-personagem-negro.jpg\",\"contentUrl\":\"https:\/\/animangeek.com\/wp-content\/uploads\/sites\/106\/2024\/08\/1724808407_O-Ocidente-acredita-que-Picoro-e-um-personagem-negro.jpg\",\"width\":1920,\"height\":1080},{\"@type\":\"BreadcrumbList\",\"@id\":\"https:\/\/animangeek.com\/o-ocidente-acredita-que-picoro-e-um-personagem-negro\/#breadcrumb\",\"itemListElement\":[{\"@type\":\"ListItem\",\"position\":1,\"name\":\"Home\",\"item\":\"https:\/\/animangeek.com\/\"},{\"@type\":\"ListItem\",\"position\":2,\"name\":\"O Ocidente acredita que P\u00edcoro \u00e9 um personagem negro\"}]},{\"@type\":\"WebSite\",\"@id\":\"https:\/\/animangeek.com\/#website\",\"url\":\"https:\/\/animangeek.com\/\",\"name\":\"Animan Geek\",\"description\":\"\",\"potentialAction\":[{\"@type\":\"SearchAction\",\"target\":{\"@type\":\"EntryPoint\",\"urlTemplate\":\"https:\/\/animangeek.com\/?s={search_term_string}\"},\"query-input\":\"required name=search_term_string\"}],\"inLanguage\":\"en-US\"}]}<\/script>\n<!-- \/ Yoast SEO plugin. -->","yoast_head_json":{"title":"O Ocidente acredita que P\u00edcoro \u00e9 um personagem negro - Animan Geek","robots":{"index":"index","follow":"follow","max-snippet":"max-snippet:-1","max-image-preview":"max-image-preview:large","max-video-preview":"max-video-preview:-1"},"canonical":"https:\/\/animangeek.com\/en\/o-ocidente-acredita-que-picoro-e-um-personagem-negro\/","og_locale":"en_US","og_type":"article","og_title":"O Ocidente acredita que P\u00edcoro \u00e9 um personagem negro - Animan Geek","og_description":"Recentemente, uma enquete no Twitter se tornou viral entre a comunidade de anime, gerando muita confus\u00e3o e debate entre os internautas japoneses. A pesquisa perguntou aos f\u00e3s qual seu personagem de anime colorido preferido, e entre as op\u00e7\u00f5es propostas, para surpresa de muitos no Jap\u00e3o, apareceu Piccolo, um dos personagens mais ic\u00f4nicos da franquia \u201cDragon&hellip; Continue reading O Ocidente acredita que P\u00edcoro \u00e9 um personagem negro","og_url":"https:\/\/animangeek.com\/en\/o-ocidente-acredita-que-picoro-e-um-personagem-negro\/","og_site_name":"Animan Geek","article_published_time":"2024-08-28T01:26:46+00:00","og_image":[{"width":1920,"height":1080,"url":"https:\/\/animangeek.com\/wp-content\/uploads\/sites\/106\/2024\/08\/1724808407_O-Ocidente-acredita-que-Picoro-e-um-personagem-negro.jpg","type":"image\/jpeg"}],"twitter_card":"summary_large_image","twitter_misc":{"Est. reading time":"2 minutes"},"schema":{"@context":"https:\/\/schema.org","@graph":[{"@type":"WebPage","@id":"https:\/\/animangeek.com\/o-ocidente-acredita-que-picoro-e-um-personagem-negro\/","url":"https:\/\/animangeek.com\/o-ocidente-acredita-que-picoro-e-um-personagem-negro\/","name":"O Ocidente acredita que P\u00edcoro \u00e9 um personagem negro - Animan Geek","isPartOf":{"@id":"https:\/\/animangeek.com\/#website"},"primaryImageOfPage":{"@id":"https:\/\/animangeek.com\/o-ocidente-acredita-que-picoro-e-um-personagem-negro\/#primaryimage"},"image":{"@id":"https:\/\/animangeek.com\/o-ocidente-acredita-que-picoro-e-um-personagem-negro\/#primaryimage"},"thumbnailUrl":"https:\/\/animangeek.com\/wp-content\/uploads\/sites\/106\/2024\/08\/1724808407_O-Ocidente-acredita-que-Picoro-e-um-personagem-negro.jpg","datePublished":"2024-08-28T01:26:46+00:00","dateModified":"2024-08-28T01:26:46+00:00","author":{"@id":""},"breadcrumb":{"@id":"https:\/\/animangeek.com\/o-ocidente-acredita-que-picoro-e-um-personagem-negro\/#breadcrumb"},"inLanguage":"en-US","potentialAction":[{"@type":"ReadAction","target":["https:\/\/animangeek.com\/o-ocidente-acredita-que-picoro-e-um-personagem-negro\/"]}]},{"@type":"ImageObject","inLanguage":"en-US","@id":"https:\/\/animangeek.com\/o-ocidente-acredita-que-picoro-e-um-personagem-negro\/#primaryimage","url":"https:\/\/animangeek.com\/wp-content\/uploads\/sites\/106\/2024\/08\/1724808407_O-Ocidente-acredita-que-Picoro-e-um-personagem-negro.jpg","contentUrl":"https:\/\/animangeek.com\/wp-content\/uploads\/sites\/106\/2024\/08\/1724808407_O-Ocidente-acredita-que-Picoro-e-um-personagem-negro.jpg","width":1920,"height":1080},{"@type":"BreadcrumbList","@id":"https:\/\/animangeek.com\/o-ocidente-acredita-que-picoro-e-um-personagem-negro\/#breadcrumb","itemListElement":[{"@type":"ListItem","position":1,"name":"Home","item":"https:\/\/animangeek.com\/"},{"@type":"ListItem","position":2,"name":"O Ocidente acredita que P\u00edcoro \u00e9 um personagem negro"}]},{"@type":"WebSite","@id":"https:\/\/animangeek.com\/#website","url":"https:\/\/animangeek.com\/","name":"Animan Geek","description":"","potentialAction":[{"@type":"SearchAction","target":{"@type":"EntryPoint","urlTemplate":"https:\/\/animangeek.com\/?s={search_term_string}"},"query-input":"required name=search_term_string"}],"inLanguage":"en-US"}]}},"_links":{"self":[{"href":"https:\/\/animangeek.com\/en\/wp-json\/wp\/v2\/posts\/18013"}],"collection":[{"href":"https:\/\/animangeek.com\/en\/wp-json\/wp\/v2\/posts"}],"about":[{"href":"https:\/\/animangeek.com\/en\/wp-json\/wp\/v2\/types\/post"}],"replies":[{"embeddable":true,"href":"https:\/\/animangeek.com\/en\/wp-json\/wp\/v2\/comments?post=18013"}],"version-history":[{"count":0,"href":"https:\/\/animangeek.com\/en\/wp-json\/wp\/v2\/posts\/18013\/revisions"}],"wp:featuredmedia":[{"embeddable":true,"href":"https:\/\/animangeek.com\/en\/wp-json\/wp\/v2\/media\/18014"}],"wp:attachment":[{"href":"https:\/\/animangeek.com\/en\/wp-json\/wp\/v2\/media?parent=18013"}],"wp:term":[{"taxonomy":"category","embeddable":true,"href":"https:\/\/animangeek.com\/en\/wp-json\/wp\/v2\/categories?post=18013"},{"taxonomy":"post_tag","embeddable":true,"href":"https:\/\/animangeek.com\/en\/wp-json\/wp\/v2\/tags?post=18013"}],"curies":[{"name":"wp","href":"https:\/\/api.w.org\/{rel}","templated":true}]}}