{"id":18066,"date":"2024-08-29T01:51:58","date_gmt":"2024-08-29T04:51:58","guid":{"rendered":"https:\/\/animangeek.com\/jujutsu-kaisen-se-despede-de-personagem-odiado\/"},"modified":"2024-08-29T01:51:58","modified_gmt":"2024-08-29T04:51:58","slug":"jujutsu-kaisen-se-despede-de-personagem-odiado","status":"publish","type":"post","link":"https:\/\/animangeek.com\/en\/jujutsu-kaisen-se-despede-de-personagem-odiado\/","title":{"rendered":"Jujutsu Kaisen says goodbye to a hated character"},"content":{"rendered":"<div class=\"mx-5 sm:mx-0 prose text-left mb-5\">\n<div>\n<p class=\"has-text-align-center has-white-color has-vivid-red-background-color has-text-color has-background has-link-color wp-elements-2111c33e521cc5b9b067600a88d655b3\"><strong>This article includes spoilers for the manga \u201cJujutsu Kaisen\u201d. Reader discretion is advised.<\/strong><\/p>\n<p>The \u201cSukuna Cycle\u201d has become a meme in the \u201cSukuna\u201d fandom.<strong>Jujutsu Kaisen<\/strong>\u201din light of the \u201cSinister Battle Arc in Shinjuku\u201d in the manga. <strong>It all revolves around the fight between Sukuna and the Jujutsu Sorcerers and how the series creator, Gege Akutami, handled it.<\/strong> While the fight against Sukuna was filled with intense action and shocking moments, it also fell into a somewhat predictable cycle that fans criticized.<\/p>\n<p>The \u201cSukuna Cycle\u201d goes like this: Sukuna defeats a powerful enemy. A new, sometimes dark, sorcerer is then introduced and teased out in the narrative. Then that new sorcerer seems to prevail over Sukuna, only for Sukuna to reemerge and defeat him, forcing the cycle to repeat itself. <strong>However, with the leaks of the next chapter, these back and forth that lasted a year with the death of Ryomen Sukuna finally ended.<\/strong><\/p>\n<p>In Chapter 268, the confrontation between Sukuna and Yuji culminates in Sukuna&#039;s defeat. As Yuji&#039;s dominance crumbles, Sukuna gets rid of Megumi and his reincarnation in Megumi&#039;s body comes to an end. <strong>Yuji, with a comforting message, tells Sukuna that, despite everything, he is willing to continue living with him and offer him a new opportunity.<\/strong><\/p>\n<div class=\"wp-block-image\">\n<figure class=\"aligncenter size-full\"><img loading=\"lazy\" decoding=\"async\" width=\"1024\" height=\"1281\" src=\"http:\/\/animangeek.com\/wp-content\/uploads\/sites\/106\/2024\/08\/Jujutsu-Kaisen-se-despede-de-personagem-odiado.png\" alt=\"\" class=\"wp-image-335925\"  \/><figcaption class=\"wp-element-caption\">\u00a9G.AKUTAMI\/SHUEISHA<\/figcaption><\/figure>\n<\/div>\n<p>Sukuna, enraged, rejects Yuji&#039;s offer and claims his identity as a curse. <strong>After Sukuna&#039;s defeat, Uraume, breaking down, expresses that the only logical reason for Sukuna&#039;s defeat is that he was in an incarnated body and that the group was lucky to have been born a thousand years too late.<\/strong><\/p>\n<p>The scene changes to Megumi waking up to find Yuji and Nobara trying to surprise him. Nobara reveals that her letter from Gojo contained information about her mother that she would rather not know. <strong>Megumi laughs as she reads Gojo&#039;s letter, which informs her that her father was killed by Gojo himself.<\/strong><\/p>\n<div class=\"wp-block-image\">\n<figure class=\"aligncenter size-full\"><img loading=\"lazy\" decoding=\"async\" width=\"1024\" height=\"941\" src=\"https:\/\/animangeek.com\/wp-content\/uploads\/2024\/08\/1724907118_100_Jujutsu-Kaisen-se-despede-de-personagem-odiado.png\" alt=\"\" class=\"wp-image-335924\"  \/><figcaption class=\"wp-element-caption\">\u00a9G.AKUTAMI\/SHUEISHA<\/figcaption><\/figure>\n<\/div>\n<p>Finally, Nobara suggests a meeting with Maki and the others, and Yuji mentions the need to apologize and thank everyone, especially Yuta. <strong>Upon arriving at the location, the group comes across a scene in which someone screams in frustration at Yuta&#039;s fate, leaving Megumi confused and worried about the nature of the situation.<\/strong><\/p>\n<p>This development in which the protagonist trio managed to survive began to create a division among fans, with some pointing out that \u201cit&#039;s a Disney-type ending where everything goes well\u201d, and others defending it. <strong>What do you have to say about this?<\/strong><\/p>\n<p>Source: <strong><a rel=\"nofollow noopener\" target=\"_blank\" href=\"https:\/\/x.com\/Go_Jover\">@Go_Jover on Twitter<\/a><\/strong><\/p>\n<\/div>\n<\/div>","protected":false},"excerpt":{"rendered":"<p>This article includes spoilers for the \u201cJujutsu Kaisen\u201d manga. Reader discretion is advised. The \u201cSukuna Cycle\u201d has become a meme in the \u201cSukuna.Jujutsu Kaisen\u201d fandom in light of the \u201cSinister Battle Arc in Shinjuku\u201d in the manga. It all revolves around the fight between Sukuna and the Jujutsu Sorcerers and how the series creator, Gege\u2026 <a class=\"more-link\" href=\"https:\/\/animangeek.com\/en\/jujutsu-kaisen-se-despede-de-personagem-odiado\/\">Continue reading <span class=\"screen-reader-text\">Jujutsu Kaisen says goodbye to a hated character<\/span><\/a><\/p>","protected":false},"author":0,"featured_media":18067,"comment_status":"open","ping_status":"open","sticky":false,"template":"","format":"standard","meta":{"footnotes":""},"categories":[5],"tags":[789,1449],"yoast_head":"<!-- This site is optimized with the Yoast SEO plugin v23.3 - https:\/\/yoast.com\/wordpress\/plugins\/seo\/ -->\n<title>Jujutsu Kaisen se despede de personagem odiado - Animan Geek<\/title>\n<meta name=\"robots\" content=\"index, follow, max-snippet:-1, max-image-preview:large, max-video-preview:-1\" \/>\n<link rel=\"canonical\" href=\"https:\/\/animangeek.com\/en\/jujutsu-kaisen-se-despede-de-personagem-odiado\/\" \/>\n<meta property=\"og:locale\" content=\"en_US\" \/>\n<meta property=\"og:type\" content=\"article\" \/>\n<meta property=\"og:title\" content=\"Jujutsu Kaisen se despede de personagem odiado - Animan Geek\" \/>\n<meta property=\"og:description\" content=\"Este artigo inclui spoilers do mang\u00e1 \u201cJujutsu Kaisen\u201d. A discri\u00e7\u00e3o do leitor \u00e9 aconselhada. O \u201cCiclo Sukuna\u201d se tornou um meme no fandom \u201cSukuna\u201d.Jujutsu Kaisen\u201d\u00e0 luz do \u201cArco de Batalha Sinistro em Shinjuku\u201d no mang\u00e1. Tudo gira em torno da luta entre Sukuna e os Feiticeiros de Jujutsu e como o criador da s\u00e9rie, Gege&hellip; Continue reading Jujutsu Kaisen se despede de personagem odiado\" \/>\n<meta property=\"og:url\" content=\"https:\/\/animangeek.com\/en\/jujutsu-kaisen-se-despede-de-personagem-odiado\/\" \/>\n<meta property=\"og:site_name\" content=\"Animan Geek\" \/>\n<meta property=\"article:published_time\" content=\"2024-08-29T04:51:58+00:00\" \/>\n<meta property=\"og:image\" content=\"https:\/\/animangeek.com\/wp-content\/uploads\/sites\/106\/2024\/08\/Jujutsu-Kaisen-se-despede-de-personagem-odiado.jpg\" \/>\n\t<meta property=\"og:image:width\" content=\"1920\" \/>\n\t<meta property=\"og:image:height\" content=\"1080\" \/>\n\t<meta property=\"og:image:type\" content=\"image\/jpeg\" \/>\n<meta name=\"twitter:card\" content=\"summary_large_image\" \/>\n<meta name=\"twitter:label1\" content=\"Est. reading time\" \/>\n\t<meta name=\"twitter:data1\" content=\"2 minutes\" \/>\n<script type=\"application\/ld+json\" class=\"yoast-schema-graph\">{\"@context\":\"https:\/\/schema.org\",\"@graph\":[{\"@type\":\"WebPage\",\"@id\":\"https:\/\/animangeek.com\/jujutsu-kaisen-se-despede-de-personagem-odiado\/\",\"url\":\"https:\/\/animangeek.com\/jujutsu-kaisen-se-despede-de-personagem-odiado\/\",\"name\":\"Jujutsu Kaisen se despede de personagem odiado - Animan Geek\",\"isPartOf\":{\"@id\":\"https:\/\/animangeek.com\/#website\"},\"primaryImageOfPage\":{\"@id\":\"https:\/\/animangeek.com\/jujutsu-kaisen-se-despede-de-personagem-odiado\/#primaryimage\"},\"image\":{\"@id\":\"https:\/\/animangeek.com\/jujutsu-kaisen-se-despede-de-personagem-odiado\/#primaryimage\"},\"thumbnailUrl\":\"https:\/\/animangeek.com\/wp-content\/uploads\/sites\/106\/2024\/08\/Jujutsu-Kaisen-se-despede-de-personagem-odiado.jpg\",\"datePublished\":\"2024-08-29T04:51:58+00:00\",\"dateModified\":\"2024-08-29T04:51:58+00:00\",\"author\":{\"@id\":\"\"},\"breadcrumb\":{\"@id\":\"https:\/\/animangeek.com\/jujutsu-kaisen-se-despede-de-personagem-odiado\/#breadcrumb\"},\"inLanguage\":\"en-US\",\"potentialAction\":[{\"@type\":\"ReadAction\",\"target\":[\"https:\/\/animangeek.com\/jujutsu-kaisen-se-despede-de-personagem-odiado\/\"]}]},{\"@type\":\"ImageObject\",\"inLanguage\":\"en-US\",\"@id\":\"https:\/\/animangeek.com\/jujutsu-kaisen-se-despede-de-personagem-odiado\/#primaryimage\",\"url\":\"https:\/\/animangeek.com\/wp-content\/uploads\/sites\/106\/2024\/08\/Jujutsu-Kaisen-se-despede-de-personagem-odiado.jpg\",\"contentUrl\":\"https:\/\/animangeek.com\/wp-content\/uploads\/sites\/106\/2024\/08\/Jujutsu-Kaisen-se-despede-de-personagem-odiado.jpg\",\"width\":1920,\"height\":1080},{\"@type\":\"BreadcrumbList\",\"@id\":\"https:\/\/animangeek.com\/jujutsu-kaisen-se-despede-de-personagem-odiado\/#breadcrumb\",\"itemListElement\":[{\"@type\":\"ListItem\",\"position\":1,\"name\":\"Home\",\"item\":\"https:\/\/animangeek.com\/\"},{\"@type\":\"ListItem\",\"position\":2,\"name\":\"Jujutsu Kaisen se despede de personagem odiado\"}]},{\"@type\":\"WebSite\",\"@id\":\"https:\/\/animangeek.com\/#website\",\"url\":\"https:\/\/animangeek.com\/\",\"name\":\"Animan Geek\",\"description\":\"\",\"potentialAction\":[{\"@type\":\"SearchAction\",\"target\":{\"@type\":\"EntryPoint\",\"urlTemplate\":\"https:\/\/animangeek.com\/?s={search_term_string}\"},\"query-input\":\"required name=search_term_string\"}],\"inLanguage\":\"en-US\"}]}<\/script>\n<!-- \/ Yoast SEO plugin. -->","yoast_head_json":{"title":"Jujutsu Kaisen se despede de personagem odiado - Animan Geek","robots":{"index":"index","follow":"follow","max-snippet":"max-snippet:-1","max-image-preview":"max-image-preview:large","max-video-preview":"max-video-preview:-1"},"canonical":"https:\/\/animangeek.com\/en\/jujutsu-kaisen-se-despede-de-personagem-odiado\/","og_locale":"en_US","og_type":"article","og_title":"Jujutsu Kaisen se despede de personagem odiado - Animan Geek","og_description":"Este artigo inclui spoilers do mang\u00e1 \u201cJujutsu Kaisen\u201d. A discri\u00e7\u00e3o do leitor \u00e9 aconselhada. O \u201cCiclo Sukuna\u201d se tornou um meme no fandom \u201cSukuna\u201d.Jujutsu Kaisen\u201d\u00e0 luz do \u201cArco de Batalha Sinistro em Shinjuku\u201d no mang\u00e1. Tudo gira em torno da luta entre Sukuna e os Feiticeiros de Jujutsu e como o criador da s\u00e9rie, Gege&hellip; Continue reading Jujutsu Kaisen se despede de personagem odiado","og_url":"https:\/\/animangeek.com\/en\/jujutsu-kaisen-se-despede-de-personagem-odiado\/","og_site_name":"Animan Geek","article_published_time":"2024-08-29T04:51:58+00:00","og_image":[{"width":1920,"height":1080,"url":"https:\/\/animangeek.com\/wp-content\/uploads\/sites\/106\/2024\/08\/Jujutsu-Kaisen-se-despede-de-personagem-odiado.jpg","type":"image\/jpeg"}],"twitter_card":"summary_large_image","twitter_misc":{"Est. reading time":"2 minutes"},"schema":{"@context":"https:\/\/schema.org","@graph":[{"@type":"WebPage","@id":"https:\/\/animangeek.com\/jujutsu-kaisen-se-despede-de-personagem-odiado\/","url":"https:\/\/animangeek.com\/jujutsu-kaisen-se-despede-de-personagem-odiado\/","name":"Jujutsu Kaisen se despede de personagem odiado - Animan Geek","isPartOf":{"@id":"https:\/\/animangeek.com\/#website"},"primaryImageOfPage":{"@id":"https:\/\/animangeek.com\/jujutsu-kaisen-se-despede-de-personagem-odiado\/#primaryimage"},"image":{"@id":"https:\/\/animangeek.com\/jujutsu-kaisen-se-despede-de-personagem-odiado\/#primaryimage"},"thumbnailUrl":"https:\/\/animangeek.com\/wp-content\/uploads\/sites\/106\/2024\/08\/Jujutsu-Kaisen-se-despede-de-personagem-odiado.jpg","datePublished":"2024-08-29T04:51:58+00:00","dateModified":"2024-08-29T04:51:58+00:00","author":{"@id":""},"breadcrumb":{"@id":"https:\/\/animangeek.com\/jujutsu-kaisen-se-despede-de-personagem-odiado\/#breadcrumb"},"inLanguage":"en-US","potentialAction":[{"@type":"ReadAction","target":["https:\/\/animangeek.com\/jujutsu-kaisen-se-despede-de-personagem-odiado\/"]}]},{"@type":"ImageObject","inLanguage":"en-US","@id":"https:\/\/animangeek.com\/jujutsu-kaisen-se-despede-de-personagem-odiado\/#primaryimage","url":"https:\/\/animangeek.com\/wp-content\/uploads\/sites\/106\/2024\/08\/Jujutsu-Kaisen-se-despede-de-personagem-odiado.jpg","contentUrl":"https:\/\/animangeek.com\/wp-content\/uploads\/sites\/106\/2024\/08\/Jujutsu-Kaisen-se-despede-de-personagem-odiado.jpg","width":1920,"height":1080},{"@type":"BreadcrumbList","@id":"https:\/\/animangeek.com\/jujutsu-kaisen-se-despede-de-personagem-odiado\/#breadcrumb","itemListElement":[{"@type":"ListItem","position":1,"name":"Home","item":"https:\/\/animangeek.com\/"},{"@type":"ListItem","position":2,"name":"Jujutsu Kaisen se despede de personagem odiado"}]},{"@type":"WebSite","@id":"https:\/\/animangeek.com\/#website","url":"https:\/\/animangeek.com\/","name":"Animan Geek","description":"","potentialAction":[{"@type":"SearchAction","target":{"@type":"EntryPoint","urlTemplate":"https:\/\/animangeek.com\/?s={search_term_string}"},"query-input":"required name=search_term_string"}],"inLanguage":"en-US"}]}},"_links":{"self":[{"href":"https:\/\/animangeek.com\/en\/wp-json\/wp\/v2\/posts\/18066"}],"collection":[{"href":"https:\/\/animangeek.com\/en\/wp-json\/wp\/v2\/posts"}],"about":[{"href":"https:\/\/animangeek.com\/en\/wp-json\/wp\/v2\/types\/post"}],"replies":[{"embeddable":true,"href":"https:\/\/animangeek.com\/en\/wp-json\/wp\/v2\/comments?post=18066"}],"version-history":[{"count":0,"href":"https:\/\/animangeek.com\/en\/wp-json\/wp\/v2\/posts\/18066\/revisions"}],"wp:featuredmedia":[{"embeddable":true,"href":"https:\/\/animangeek.com\/en\/wp-json\/wp\/v2\/media\/18067"}],"wp:attachment":[{"href":"https:\/\/animangeek.com\/en\/wp-json\/wp\/v2\/media?parent=18066"}],"wp:term":[{"taxonomy":"category","embeddable":true,"href":"https:\/\/animangeek.com\/en\/wp-json\/wp\/v2\/categories?post=18066"},{"taxonomy":"post_tag","embeddable":true,"href":"https:\/\/animangeek.com\/en\/wp-json\/wp\/v2\/tags?post=18066"}],"curies":[{"name":"wp","href":"https:\/\/api.w.org\/{rel}","templated":true}]}}