{"id":18738,"date":"2024-09-14T19:45:39","date_gmt":"2024-09-14T22:45:39","guid":{"rendered":"https:\/\/animangeek.com\/zero-faz-aparicao-inesperada-no-noticiario-da-tv-azteca\/"},"modified":"2024-09-14T19:45:39","modified_gmt":"2024-09-14T22:45:39","slug":"zero-faz-aparicao-inesperada-no-noticiario-da-tv-azteca","status":"publish","type":"post","link":"https:\/\/animangeek.com\/en\/zero-faz-aparicao-inesperada-no-noticiario-da-tv-azteca\/","title":{"rendered":"Zero makes an unexpected appearance on TV Azteca news"},"content":{"rendered":"<div class=\"mx-5 sm:mx-0 prose text-left mb-5\">\n<div itemprop=\"articleBody\">\n<p>a few days ago, <strong>Re:Zero Kara Hajimeru Isekai Seikatsu<\/strong> (<strong>Re: Zero \u2013 Starting Life in Another World<\/strong>) surprised its fans by confirming the release date of its long-awaited third season, which will take place on October 2nd of this year. And apparently this news was shocking enough that even the most traditional media echoed it, or at least <strong>TV Aztec<\/strong>which in a small report gave all the details, surprising many fans because an anime reappeared in the traditional media as news.<\/p>\n<h3 class=\"wp-block-heading has-text-align-center\">Re: Zero is new thanks to TV Azteca<\/h3>\n<figure class=\"wp-block-embed aligncenter is-type-video is-provider-tiktok wp-block-embed-tiktok\"\/>\n<div class=\"wp-block-image\">\n<figure class=\"aligncenter size-full\"><noscript><img loading=\"lazy\" decoding=\"async\" width=\"1280\" height=\"720\" src=\"http:\/\/animangeek.com\/wp-content\/uploads\/sites\/106\/2024\/08\/1722626591_O-fofo-Rem-de-ReZero-exala-beleza-em-uma-nova.webp.webp\" alt=\"Re: Zero Rem\" class=\"wp-image-426116\" title=\"Re: Zero makes an unexpected appearance on TV Azteca News 2\"  \/><\/noscript><img loading=\"lazy\" decoding=\"async\" width=\"1280\" height=\"720\" src=\"http:\/\/animangeek.com\/wp-content\/uploads\/sites\/106\/2024\/08\/1722626591_O-fofo-Rem-de-ReZero-exala-beleza-em-uma-nova.webp.webp\" alt=\"Re: Zero Rem\" class=\"lazyload wp-image-426116\" title=\"Re: Zero makes an unexpected appearance on TV Azteca News 2\"  data-><\/figure>\n<\/div>\n<p>With the recent announcement that the third season of the anime <strong>Re:Zero Kara Hajimeru Isekai Seikatsu<\/strong> (<strong>Re: Zero \u2013 Starting Life in Another World<\/strong>) would premiere in just under a month, on October 2, fans of the series were surprised by the arrival of this new story arc. But many others were surprised for another reason, more precisely the citizens of Ciudad Juarez in Mexico, since in one of the most important news programs in the country that is broadcast by <strong>TV Aztec<\/strong>gave this news.<\/p>\n<p>And as you can see, it was shared in different <a rel=\"nofollow noopener\" target=\"_blank\" href=\"https:\/\/www.tiktok.com\/@tvaztecaciudadjuarez\/video\/7412739505188326662\"><strong>official platforms<\/strong><\/a>  from TV Azteca a fragment of one of the programs in which the news was given in the form of a short report where all the known data about this new season of <strong>Re: Zero<\/strong>: from the duration of the first special episode, which will be ninety minutes long and there will be eight episodes in total, surprising fans of this anime. In addition, the news was presented as another one in the entertainment section.<\/p>\n<div class=\"wp-block-image\">\n<figure class=\"aligncenter size-full\"><noscript><img loading=\"lazy\" decoding=\"async\" width=\"1280\" height=\"720\" src=\"http:\/\/animangeek.com\/wp-content\/uploads\/sites\/106\/2024\/08\/Zero-Season-3-agora-esta-pronto-para-ser-visto.webp.webp\" alt=\"O primeiro epis\u00f3dio da 3\u00aa temporada de Re:Zero j\u00e1 est\u00e1 pronto para assistir\" class=\"wp-image-425814\" title=\"Re: Zero makes an unexpected appearance on TV Azteca News 3\"  \/><\/noscript><img loading=\"lazy\" decoding=\"async\" width=\"1280\" height=\"720\" src=\"http:\/\/animangeek.com\/wp-content\/uploads\/sites\/106\/2024\/08\/Zero-Season-3-agora-esta-pronto-para-ser-visto.webp.webp\" alt=\"O primeiro epis\u00f3dio da 3\u00aa temporada de Re:Zero j\u00e1 est\u00e1 pronto para assistir\" class=\"lazyload wp-image-425814\" title=\"Re: Zero makes an unexpected appearance on TV Azteca News 3\"  data-><\/figure>\n<\/div>\n<p>As expected, many fans were excited about this fact, as those who celebrated it<strong> Re: Zero<\/strong> officially confirm the exact date of its third season, but above all that a medium as big as it is <strong>TV Aztec<\/strong> comment on the fact. In addition, others focused on the seriousness that was given to the topic, not as a mockery as anime in general has been normalized in the past, but truly informative as it is: important news for Re:Zero fans.<\/p>\n<p>Finally, although many were surprised that this news was given by <strong>TV Aztec<\/strong>this medium in recent weeks has been in the news for the same reason that it began to address many issues in the world of anime, such as the problem that the Remake of <strong>Rating 1\/2 <\/strong>and their voices in Latin. Even from the middle they went further and made their own <strong>best isekai anime<\/strong> that every fan must see, that&#039;s why TV Azteca knows this impressive world full of stories like anime well.<\/p>\n<div class=\"wp-block-image\">\n<figure class=\"aligncenter size-full\"><noscript><img loading=\"lazy\" decoding=\"async\" width=\"1280\" height=\"720\" src=\"https:\/\/animangeek.com\/wp-content\/uploads\/2024\/09\/Re-Zero-rem-min-6.webp.webp\" alt=\"Re:Zero Apresentou Ao P\u00fablico A Capa Do Seu Volume 39\" class=\"wp-image-430146\" title=\"Re: Zero makes an unexpected appearance on TV Azteca 4 news\"  \/><\/noscript><img loading=\"lazy\" decoding=\"async\" width=\"1280\" height=\"720\" src=\"https:\/\/animangeek.com\/wp-content\/uploads\/2024\/09\/Re-Zero-rem-min-6.webp.webp\" alt=\"Re:Zero Apresentou Ao P\u00fablico A Capa Do Seu Volume 39\" class=\"lazyload wp-image-430146\" title=\"Re: Zero makes an unexpected appearance on TV Azteca 4 news\"  data-><\/figure>\n<\/div>\n<p><strong>\u00a9\u9577\u6708\u9054\u5e73\u30fb\u682a\u5f0f\u4f1a\u793eKADOKAWA\u520a\uff0fRe:\u30bc\u30ed\u304b\u3089\u59cb\u3081\u308b\u7570\u4e16\u754c\u751f\u6d3b3\u88fd\u4f5c\u59d4\u54e1\u4f1a<\/strong><\/p>\n<\/div>\n<p><script async src=\"\/\/www.tiktok.com\/embed.js\"><\/script>\n<\/div>","protected":false},"excerpt":{"rendered":"<p>A few days ago, Re:Zero Kara Hajimeru Isekai Seikatsu (Re:Zero \u2013 Starting Life in Another World) surprised its fans by confirming the release date of its long-awaited third season, which will take place on October 2nd of this year. And apparently this news was shocking enough that even the most\u2026 <a class=\"more-link\" href=\"https:\/\/animangeek.com\/en\/zero-faz-aparicao-inesperada-no-noticiario-da-tv-azteca\/\">Continue reading <span class=\"screen-reader-text\">Zero makes an unexpected appearance on TV Azteca news<\/span><\/a><\/p>","protected":false},"author":0,"featured_media":17854,"comment_status":"open","ping_status":"open","sticky":false,"template":"","format":"standard","meta":{"footnotes":""},"categories":[5],"tags":[1309,1312,1536],"yoast_head":"<!-- This site is optimized with the Yoast SEO plugin v23.3 - https:\/\/yoast.com\/wordpress\/plugins\/seo\/ -->\n<title>Zero faz apari\u00e7\u00e3o inesperada no notici\u00e1rio da TV Azteca - Animan Geek<\/title>\n<meta name=\"robots\" content=\"index, follow, max-snippet:-1, max-image-preview:large, max-video-preview:-1\" \/>\n<link rel=\"canonical\" href=\"https:\/\/animangeek.com\/en\/zero-faz-aparicao-inesperada-no-noticiario-da-tv-azteca\/\" \/>\n<meta property=\"og:locale\" content=\"en_US\" \/>\n<meta property=\"og:type\" content=\"article\" \/>\n<meta property=\"og:title\" content=\"Zero faz apari\u00e7\u00e3o inesperada no notici\u00e1rio da TV Azteca - Animan Geek\" \/>\n<meta property=\"og:description\" content=\"h\u00e1 alguns dias, Re:Zero Kara Hajimeru Isekai Seikatsu (Re: Zero &#8211; Come\u00e7ando a vida em outro mundo) surpreendeu seus f\u00e3s ao confirmar a data de lan\u00e7amento de sua t\u00e3o aguardada terceira temporada, que acontecer\u00e1 no dia 2 de outubro deste ano. E aparentemente esta not\u00edcia foi chocante o suficiente para que at\u00e9 a m\u00eddia mais&hellip; Continue reading Zero faz apari\u00e7\u00e3o inesperada no notici\u00e1rio da TV Azteca\" \/>\n<meta property=\"og:url\" content=\"https:\/\/animangeek.com\/en\/zero-faz-aparicao-inesperada-no-noticiario-da-tv-azteca\/\" \/>\n<meta property=\"og:site_name\" content=\"Animan Geek\" \/>\n<meta property=\"article:published_time\" content=\"2024-09-14T22:45:39+00:00\" \/>\n<meta property=\"og:image\" content=\"https:\/\/animangeek.com\/wp-content\/uploads\/sites\/106\/2024\/08\/ReZero-Witchs-Resurrection-confirma-data-oficial-de-lancamento.webp.webp\" \/>\n\t<meta property=\"og:image:width\" content=\"1280\" \/>\n\t<meta property=\"og:image:height\" content=\"720\" \/>\n\t<meta property=\"og:image:type\" content=\"image\/webp\" \/>\n<meta name=\"twitter:card\" content=\"summary_large_image\" \/>\n<meta name=\"twitter:label1\" content=\"Est. reading time\" \/>\n\t<meta name=\"twitter:data1\" content=\"2 minutes\" \/>\n<script type=\"application\/ld+json\" class=\"yoast-schema-graph\">{\"@context\":\"https:\/\/schema.org\",\"@graph\":[{\"@type\":\"WebPage\",\"@id\":\"https:\/\/animangeek.com\/zero-faz-aparicao-inesperada-no-noticiario-da-tv-azteca\/\",\"url\":\"https:\/\/animangeek.com\/zero-faz-aparicao-inesperada-no-noticiario-da-tv-azteca\/\",\"name\":\"Zero faz apari\u00e7\u00e3o inesperada no notici\u00e1rio da TV Azteca - Animan Geek\",\"isPartOf\":{\"@id\":\"https:\/\/animangeek.com\/#website\"},\"primaryImageOfPage\":{\"@id\":\"https:\/\/animangeek.com\/zero-faz-aparicao-inesperada-no-noticiario-da-tv-azteca\/#primaryimage\"},\"image\":{\"@id\":\"https:\/\/animangeek.com\/zero-faz-aparicao-inesperada-no-noticiario-da-tv-azteca\/#primaryimage\"},\"thumbnailUrl\":\"https:\/\/animangeek.com\/wp-content\/uploads\/sites\/106\/2024\/08\/ReZero-Witchs-Resurrection-confirma-data-oficial-de-lancamento.webp.webp\",\"datePublished\":\"2024-09-14T22:45:39+00:00\",\"dateModified\":\"2024-09-14T22:45:39+00:00\",\"author\":{\"@id\":\"\"},\"breadcrumb\":{\"@id\":\"https:\/\/animangeek.com\/zero-faz-aparicao-inesperada-no-noticiario-da-tv-azteca\/#breadcrumb\"},\"inLanguage\":\"en-US\",\"potentialAction\":[{\"@type\":\"ReadAction\",\"target\":[\"https:\/\/animangeek.com\/zero-faz-aparicao-inesperada-no-noticiario-da-tv-azteca\/\"]}]},{\"@type\":\"ImageObject\",\"inLanguage\":\"en-US\",\"@id\":\"https:\/\/animangeek.com\/zero-faz-aparicao-inesperada-no-noticiario-da-tv-azteca\/#primaryimage\",\"url\":\"https:\/\/animangeek.com\/wp-content\/uploads\/sites\/106\/2024\/08\/ReZero-Witchs-Resurrection-confirma-data-oficial-de-lancamento.webp.webp\",\"contentUrl\":\"https:\/\/animangeek.com\/wp-content\/uploads\/sites\/106\/2024\/08\/ReZero-Witchs-Resurrection-confirma-data-oficial-de-lancamento.webp.webp\",\"width\":1280,\"height\":720},{\"@type\":\"BreadcrumbList\",\"@id\":\"https:\/\/animangeek.com\/zero-faz-aparicao-inesperada-no-noticiario-da-tv-azteca\/#breadcrumb\",\"itemListElement\":[{\"@type\":\"ListItem\",\"position\":1,\"name\":\"Home\",\"item\":\"https:\/\/animangeek.com\/\"},{\"@type\":\"ListItem\",\"position\":2,\"name\":\"Zero faz apari\u00e7\u00e3o inesperada no notici\u00e1rio da TV Azteca\"}]},{\"@type\":\"WebSite\",\"@id\":\"https:\/\/animangeek.com\/#website\",\"url\":\"https:\/\/animangeek.com\/\",\"name\":\"Animan Geek\",\"description\":\"\",\"potentialAction\":[{\"@type\":\"SearchAction\",\"target\":{\"@type\":\"EntryPoint\",\"urlTemplate\":\"https:\/\/animangeek.com\/?s={search_term_string}\"},\"query-input\":\"required name=search_term_string\"}],\"inLanguage\":\"en-US\"}]}<\/script>\n<!-- \/ Yoast SEO plugin. -->","yoast_head_json":{"title":"Zero faz apari\u00e7\u00e3o inesperada no notici\u00e1rio da TV Azteca - Animan Geek","robots":{"index":"index","follow":"follow","max-snippet":"max-snippet:-1","max-image-preview":"max-image-preview:large","max-video-preview":"max-video-preview:-1"},"canonical":"https:\/\/animangeek.com\/en\/zero-faz-aparicao-inesperada-no-noticiario-da-tv-azteca\/","og_locale":"en_US","og_type":"article","og_title":"Zero faz apari\u00e7\u00e3o inesperada no notici\u00e1rio da TV Azteca - Animan Geek","og_description":"h\u00e1 alguns dias, Re:Zero Kara Hajimeru Isekai Seikatsu (Re: Zero &#8211; Come\u00e7ando a vida em outro mundo) surpreendeu seus f\u00e3s ao confirmar a data de lan\u00e7amento de sua t\u00e3o aguardada terceira temporada, que acontecer\u00e1 no dia 2 de outubro deste ano. E aparentemente esta not\u00edcia foi chocante o suficiente para que at\u00e9 a m\u00eddia mais&hellip; Continue reading Zero faz apari\u00e7\u00e3o inesperada no notici\u00e1rio da TV Azteca","og_url":"https:\/\/animangeek.com\/en\/zero-faz-aparicao-inesperada-no-noticiario-da-tv-azteca\/","og_site_name":"Animan Geek","article_published_time":"2024-09-14T22:45:39+00:00","og_image":[{"width":1280,"height":720,"url":"https:\/\/animangeek.com\/wp-content\/uploads\/sites\/106\/2024\/08\/ReZero-Witchs-Resurrection-confirma-data-oficial-de-lancamento.webp.webp","type":"image\/webp"}],"twitter_card":"summary_large_image","twitter_misc":{"Est. reading time":"2 minutes"},"schema":{"@context":"https:\/\/schema.org","@graph":[{"@type":"WebPage","@id":"https:\/\/animangeek.com\/zero-faz-aparicao-inesperada-no-noticiario-da-tv-azteca\/","url":"https:\/\/animangeek.com\/zero-faz-aparicao-inesperada-no-noticiario-da-tv-azteca\/","name":"Zero faz apari\u00e7\u00e3o inesperada no notici\u00e1rio da TV Azteca - Animan Geek","isPartOf":{"@id":"https:\/\/animangeek.com\/#website"},"primaryImageOfPage":{"@id":"https:\/\/animangeek.com\/zero-faz-aparicao-inesperada-no-noticiario-da-tv-azteca\/#primaryimage"},"image":{"@id":"https:\/\/animangeek.com\/zero-faz-aparicao-inesperada-no-noticiario-da-tv-azteca\/#primaryimage"},"thumbnailUrl":"https:\/\/animangeek.com\/wp-content\/uploads\/sites\/106\/2024\/08\/ReZero-Witchs-Resurrection-confirma-data-oficial-de-lancamento.webp.webp","datePublished":"2024-09-14T22:45:39+00:00","dateModified":"2024-09-14T22:45:39+00:00","author":{"@id":""},"breadcrumb":{"@id":"https:\/\/animangeek.com\/zero-faz-aparicao-inesperada-no-noticiario-da-tv-azteca\/#breadcrumb"},"inLanguage":"en-US","potentialAction":[{"@type":"ReadAction","target":["https:\/\/animangeek.com\/zero-faz-aparicao-inesperada-no-noticiario-da-tv-azteca\/"]}]},{"@type":"ImageObject","inLanguage":"en-US","@id":"https:\/\/animangeek.com\/zero-faz-aparicao-inesperada-no-noticiario-da-tv-azteca\/#primaryimage","url":"https:\/\/animangeek.com\/wp-content\/uploads\/sites\/106\/2024\/08\/ReZero-Witchs-Resurrection-confirma-data-oficial-de-lancamento.webp.webp","contentUrl":"https:\/\/animangeek.com\/wp-content\/uploads\/sites\/106\/2024\/08\/ReZero-Witchs-Resurrection-confirma-data-oficial-de-lancamento.webp.webp","width":1280,"height":720},{"@type":"BreadcrumbList","@id":"https:\/\/animangeek.com\/zero-faz-aparicao-inesperada-no-noticiario-da-tv-azteca\/#breadcrumb","itemListElement":[{"@type":"ListItem","position":1,"name":"Home","item":"https:\/\/animangeek.com\/"},{"@type":"ListItem","position":2,"name":"Zero faz apari\u00e7\u00e3o inesperada no notici\u00e1rio da TV Azteca"}]},{"@type":"WebSite","@id":"https:\/\/animangeek.com\/#website","url":"https:\/\/animangeek.com\/","name":"Animan Geek","description":"","potentialAction":[{"@type":"SearchAction","target":{"@type":"EntryPoint","urlTemplate":"https:\/\/animangeek.com\/?s={search_term_string}"},"query-input":"required name=search_term_string"}],"inLanguage":"en-US"}]}},"_links":{"self":[{"href":"https:\/\/animangeek.com\/en\/wp-json\/wp\/v2\/posts\/18738"}],"collection":[{"href":"https:\/\/animangeek.com\/en\/wp-json\/wp\/v2\/posts"}],"about":[{"href":"https:\/\/animangeek.com\/en\/wp-json\/wp\/v2\/types\/post"}],"replies":[{"embeddable":true,"href":"https:\/\/animangeek.com\/en\/wp-json\/wp\/v2\/comments?post=18738"}],"version-history":[{"count":0,"href":"https:\/\/animangeek.com\/en\/wp-json\/wp\/v2\/posts\/18738\/revisions"}],"wp:featuredmedia":[{"embeddable":true,"href":"https:\/\/animangeek.com\/en\/wp-json\/wp\/v2\/media\/17854"}],"wp:attachment":[{"href":"https:\/\/animangeek.com\/en\/wp-json\/wp\/v2\/media?parent=18738"}],"wp:term":[{"taxonomy":"category","embeddable":true,"href":"https:\/\/animangeek.com\/en\/wp-json\/wp\/v2\/categories?post=18738"},{"taxonomy":"post_tag","embeddable":true,"href":"https:\/\/animangeek.com\/en\/wp-json\/wp\/v2\/tags?post=18738"}],"curies":[{"name":"wp","href":"https:\/\/api.w.org\/{rel}","templated":true}]}}