{"id":19114,"date":"2024-09-23T15:19:40","date_gmt":"2024-09-23T18:19:40","guid":{"rendered":"https:\/\/animangeek.com\/o-remake-de-spice-and-wolf-tera-uma-segunda-temporada\/"},"modified":"2024-09-23T15:19:40","modified_gmt":"2024-09-23T18:19:40","slug":"o-remake-de-spice-and-wolf-tera-uma-segunda-temporada","status":"publish","type":"post","link":"https:\/\/animangeek.com\/en\/o-remake-de-spice-and-wolf-tera-uma-segunda-temporada\/","title":{"rendered":"Spice and Wolf remake will get a second season"},"content":{"rendered":"<div class=\"mx-5 sm:mx-0 prose text-left mb-5\">\n<div>\n<p>After airing its final episode today, it was announced that the anime \u201c<strong>Spice and Wolf: The Merchant Meets the Wise Wolf<\/strong>\u201cwill have a <strong>second season<\/strong>. The statement did not indicate a scheduled release date, but it is inferred that the same production team remains at Passione Studios.<\/p>\n<p>It should be noted that <strong>This is a new adaptation (remake)<\/strong> of the light novels written by <strong>Isuna Hasekura<\/strong> and illustrated by <strong>Juu Ayakura<\/strong>\u201c<strong>Spice and Wolf<\/strong> (<em>Ookami to Koushinryou<\/em>)\u201d, adapting the original content more faithfully.<\/p>\n<div class=\"wp-block-image\">\n<figure class=\"aligncenter size-full\"><img loading=\"lazy\" decoding=\"async\" width=\"1811\" height=\"2560\" src=\"https:\/\/animangeek.com\/wp-content\/uploads\/2024\/09\/O-remake-de-Spice-and-Wolf-tera-uma-segunda-temporada.jpg\" alt=\"\" class=\"wp-image-337102\"  \/><figcaption class=\"wp-element-caption\">(c)\u652f\u5009\u51cd\u78022022 \u30a4\u30e9\u30b9\u30c8\uff0f\u6587\u5009\u5341<\/figcaption><\/figure>\n<\/div>\n<p><strong>Isuna Hasekura<\/strong> and <strong>Juu Ayakura<\/strong> They began publishing the light novels in February 2006 through the publisher <strong>Dengeki Bunko<\/strong> of <strong>Kadokawa<\/strong>. The work inspired a manga adaptation by <strong>Keito Koume<\/strong> which was published between September 2007 and December 2017.<\/p>\n<p>The franchise also inspired a twelve-episode anime adaptation produced by the studios <strong>Imagine<\/strong>under the direction of <strong>Takeo Takahashi<\/strong> and scripts written by <strong>Naruhisa Arakawa<\/strong>premiered in January 2008. A second season of twelve episodes was produced by the studios <strong>Brain Base<\/strong> and <strong>Marvy Jack<\/strong>and released in July 2009.<\/p>\n<h3 class=\"wp-block-heading\"><strong>Production team<\/strong><\/h3>\n<ul>\n<li><strong>Takeo Takahashi<\/strong> (<em>Ookami to Koushinryou<\/em>, <em>Maoyuu Maou Yuusha<\/em>, <em>Citric<\/em>) returns as chief director of the new adaptation.<\/li>\n<li><strong>Hijiri Sanpei<\/strong> (<em>Rock in the Yuusha<\/em>, <em>Maoyuu Maou Yuusha<\/em>, <em>Citric<\/em>) is in charge of directing the anime at the studios <strong>Passion<\/strong>.<\/li>\n<li><strong>Kouji Haneda<\/strong> (<em>Saihate no Paladin, PERSONA5 the Animation, Orenchi no Furo Jijou, Yarichin\u2606Bitch-bu<\/em>) is responsible for character design and animation direction.<\/li>\n<li><strong>Kevin Penkin<\/strong> (<em>Tate no Yuusha no Nariagari<\/em>, <em>Made in the Abyss<\/em>, <em>Tower of God<\/em>) is responsible for composing the soundtrack.<\/li>\n<\/ul>\n<p><iframe loading=\"lazy\" title=\"TV \u30a2\u30cb\u30e1\u300e\u72fc\u3068\u9999\u8f9b\u6599 MERCHANT MEETS THE WISE WOLF\" width=\"500\" height=\"281\" src=\"https:\/\/www.youtube.com\/embed\/IRL1jSmfIKU?feature=oembed\" frameborder=\"0\" allow=\"accelerometer; autoplay; clipboard-write; encrypted-media; gyroscope; picture-in-picture; web-share\" referrerpolicy=\"strict-origin-when-cross-origin\" allowfullscreen><\/iframe><\/p>\n<h3 class=\"wp-block-heading\"><strong>Spice and Wolf Synopsis<\/strong><\/h3>\n<p><em>Holo is a powerful wolf deity who is celebrated and revered in the small town of Pasloe for blessing the annual harvest. However, as the years pass and the villagers become more self-sufficient, Holo, who calls herself the \u201cWise Wolf of Yoitsu,\u201d has been reduced to a mere folktale. When a traveling merchant named Kraft Lawrence stops in Pasloe, Holo offers to become his business partner if he will eventually take her to his home in northern Yoitsu.<\/em><\/p>\n<p><em>The clever merchant recognizes Holo&#039;s uncanny ability to assess a person&#039;s character and accepts her proposal. Now possessing strong business skills and a charismatic negotiator, Lawrence is getting closer to his goal of opening his own shop. However, as Lawrence travels the countryside with Holo in search of economic opportunities, he begins to realize that his aspirations are slowly turning into something unexpected.<\/em><\/p>\n<p>Source: <strong><a rel=\"nofollow noopener\" target=\"_blank\" href=\"https:\/\/natalie.mu\/comic\/news\/592153\">Natalie in comics<\/a><\/strong><\/p>\n<p>(c)\u652f\u5009\u51cd\u78022022 \u30a4\u30e9\u30b9\u30c8\uff0f\u6587\u5009\u5341<\/p>\n<\/div>\n<\/div>","protected":false},"excerpt":{"rendered":"<p>After the airing of its final episode today, it was announced that the anime \u201cSpice and Wolf: The Merchant Meets the Wise Wolf\u201d will have a second season. The statement did not indicate a scheduled release date, but it is inferred that the same production team remains at Passione Studios. It should be noted that This is a new adaptation (remake) of the\u2026 <a class=\"more-link\" href=\"https:\/\/animangeek.com\/en\/o-remake-de-spice-and-wolf-tera-uma-segunda-temporada\/\">Continue reading <span class=\"screen-reader-text\">Spice and Wolf remake will get a second season<\/span><\/a><\/p>","protected":false},"author":0,"featured_media":19116,"comment_status":"open","ping_status":"open","sticky":false,"template":"","format":"standard","meta":{"footnotes":""},"categories":[3],"tags":[510,793,1203],"yoast_head":"<!-- This site is optimized with the Yoast SEO plugin v23.3 - https:\/\/yoast.com\/wordpress\/plugins\/seo\/ -->\n<title>O remake de Spice and Wolf ter\u00e1 uma segunda temporada - Animan Geek<\/title>\n<meta name=\"robots\" content=\"index, follow, max-snippet:-1, max-image-preview:large, max-video-preview:-1\" \/>\n<link rel=\"canonical\" href=\"https:\/\/animangeek.com\/en\/o-remake-de-spice-and-wolf-tera-uma-segunda-temporada\/\" \/>\n<meta property=\"og:locale\" content=\"en_US\" \/>\n<meta property=\"og:type\" content=\"article\" \/>\n<meta property=\"og:title\" content=\"O remake de Spice and Wolf ter\u00e1 uma segunda temporada - Animan Geek\" \/>\n<meta property=\"og:description\" content=\"Ap\u00f3s a exibi\u00e7\u00e3o de seu epis\u00f3dio final hoje, foi anunciado que o anime \u201cSpice e Wolf: O comerciante encontra o lobo s\u00e1bio&#8220;ter\u00e1 um segunda temporada. O comunicado n\u00e3o indicava data prevista de lan\u00e7amento, mas infere-se que a mesma equipe de produ\u00e7\u00e3o permanece no Passione Studios. Deve-se notar que Esta \u00e9 uma nova adapta\u00e7\u00e3o (remake) dos&hellip; Continue reading O remake de Spice and Wolf ter\u00e1 uma segunda temporada\" \/>\n<meta property=\"og:url\" content=\"https:\/\/animangeek.com\/en\/o-remake-de-spice-and-wolf-tera-uma-segunda-temporada\/\" \/>\n<meta property=\"og:site_name\" content=\"Animan Geek\" \/>\n<meta property=\"article:published_time\" content=\"2024-09-23T18:19:40+00:00\" \/>\n<meta property=\"og:image\" content=\"https:\/\/animangeek.com\/wp-content\/uploads\/sites\/106\/2024\/09\/1727115581_O-remake-de-Spice-and-Wolf-tera-uma-segunda-temporada.jpg\" \/>\n\t<meta property=\"og:image:width\" content=\"1920\" \/>\n\t<meta property=\"og:image:height\" content=\"1080\" \/>\n\t<meta property=\"og:image:type\" content=\"image\/jpeg\" \/>\n<meta name=\"twitter:card\" content=\"summary_large_image\" \/>\n<meta name=\"twitter:label1\" content=\"Est. reading time\" \/>\n\t<meta name=\"twitter:data1\" content=\"2 minutes\" \/>\n<script type=\"application\/ld+json\" class=\"yoast-schema-graph\">{\"@context\":\"https:\/\/schema.org\",\"@graph\":[{\"@type\":\"WebPage\",\"@id\":\"https:\/\/animangeek.com\/o-remake-de-spice-and-wolf-tera-uma-segunda-temporada\/\",\"url\":\"https:\/\/animangeek.com\/o-remake-de-spice-and-wolf-tera-uma-segunda-temporada\/\",\"name\":\"O remake de Spice and Wolf ter\u00e1 uma segunda temporada - Animan Geek\",\"isPartOf\":{\"@id\":\"https:\/\/animangeek.com\/#website\"},\"primaryImageOfPage\":{\"@id\":\"https:\/\/animangeek.com\/o-remake-de-spice-and-wolf-tera-uma-segunda-temporada\/#primaryimage\"},\"image\":{\"@id\":\"https:\/\/animangeek.com\/o-remake-de-spice-and-wolf-tera-uma-segunda-temporada\/#primaryimage\"},\"thumbnailUrl\":\"https:\/\/animangeek.com\/wp-content\/uploads\/sites\/106\/2024\/09\/1727115581_O-remake-de-Spice-and-Wolf-tera-uma-segunda-temporada.jpg\",\"datePublished\":\"2024-09-23T18:19:40+00:00\",\"dateModified\":\"2024-09-23T18:19:40+00:00\",\"author\":{\"@id\":\"\"},\"breadcrumb\":{\"@id\":\"https:\/\/animangeek.com\/o-remake-de-spice-and-wolf-tera-uma-segunda-temporada\/#breadcrumb\"},\"inLanguage\":\"en-US\",\"potentialAction\":[{\"@type\":\"ReadAction\",\"target\":[\"https:\/\/animangeek.com\/o-remake-de-spice-and-wolf-tera-uma-segunda-temporada\/\"]}]},{\"@type\":\"ImageObject\",\"inLanguage\":\"en-US\",\"@id\":\"https:\/\/animangeek.com\/o-remake-de-spice-and-wolf-tera-uma-segunda-temporada\/#primaryimage\",\"url\":\"https:\/\/animangeek.com\/wp-content\/uploads\/sites\/106\/2024\/09\/1727115581_O-remake-de-Spice-and-Wolf-tera-uma-segunda-temporada.jpg\",\"contentUrl\":\"https:\/\/animangeek.com\/wp-content\/uploads\/sites\/106\/2024\/09\/1727115581_O-remake-de-Spice-and-Wolf-tera-uma-segunda-temporada.jpg\",\"width\":1920,\"height\":1080},{\"@type\":\"BreadcrumbList\",\"@id\":\"https:\/\/animangeek.com\/o-remake-de-spice-and-wolf-tera-uma-segunda-temporada\/#breadcrumb\",\"itemListElement\":[{\"@type\":\"ListItem\",\"position\":1,\"name\":\"Home\",\"item\":\"https:\/\/animangeek.com\/\"},{\"@type\":\"ListItem\",\"position\":2,\"name\":\"O remake de Spice and Wolf ter\u00e1 uma segunda temporada\"}]},{\"@type\":\"WebSite\",\"@id\":\"https:\/\/animangeek.com\/#website\",\"url\":\"https:\/\/animangeek.com\/\",\"name\":\"Animan Geek\",\"description\":\"\",\"potentialAction\":[{\"@type\":\"SearchAction\",\"target\":{\"@type\":\"EntryPoint\",\"urlTemplate\":\"https:\/\/animangeek.com\/?s={search_term_string}\"},\"query-input\":\"required name=search_term_string\"}],\"inLanguage\":\"en-US\"}]}<\/script>\n<!-- \/ Yoast SEO plugin. -->","yoast_head_json":{"title":"O remake de Spice and Wolf ter\u00e1 uma segunda temporada - Animan Geek","robots":{"index":"index","follow":"follow","max-snippet":"max-snippet:-1","max-image-preview":"max-image-preview:large","max-video-preview":"max-video-preview:-1"},"canonical":"https:\/\/animangeek.com\/en\/o-remake-de-spice-and-wolf-tera-uma-segunda-temporada\/","og_locale":"en_US","og_type":"article","og_title":"O remake de Spice and Wolf ter\u00e1 uma segunda temporada - Animan Geek","og_description":"Ap\u00f3s a exibi\u00e7\u00e3o de seu epis\u00f3dio final hoje, foi anunciado que o anime \u201cSpice e Wolf: O comerciante encontra o lobo s\u00e1bio&#8220;ter\u00e1 um segunda temporada. O comunicado n\u00e3o indicava data prevista de lan\u00e7amento, mas infere-se que a mesma equipe de produ\u00e7\u00e3o permanece no Passione Studios. Deve-se notar que Esta \u00e9 uma nova adapta\u00e7\u00e3o (remake) dos&hellip; Continue reading O remake de Spice and Wolf ter\u00e1 uma segunda temporada","og_url":"https:\/\/animangeek.com\/en\/o-remake-de-spice-and-wolf-tera-uma-segunda-temporada\/","og_site_name":"Animan Geek","article_published_time":"2024-09-23T18:19:40+00:00","og_image":[{"width":1920,"height":1080,"url":"https:\/\/animangeek.com\/wp-content\/uploads\/sites\/106\/2024\/09\/1727115581_O-remake-de-Spice-and-Wolf-tera-uma-segunda-temporada.jpg","type":"image\/jpeg"}],"twitter_card":"summary_large_image","twitter_misc":{"Est. reading time":"2 minutes"},"schema":{"@context":"https:\/\/schema.org","@graph":[{"@type":"WebPage","@id":"https:\/\/animangeek.com\/o-remake-de-spice-and-wolf-tera-uma-segunda-temporada\/","url":"https:\/\/animangeek.com\/o-remake-de-spice-and-wolf-tera-uma-segunda-temporada\/","name":"O remake de Spice and Wolf ter\u00e1 uma segunda temporada - Animan Geek","isPartOf":{"@id":"https:\/\/animangeek.com\/#website"},"primaryImageOfPage":{"@id":"https:\/\/animangeek.com\/o-remake-de-spice-and-wolf-tera-uma-segunda-temporada\/#primaryimage"},"image":{"@id":"https:\/\/animangeek.com\/o-remake-de-spice-and-wolf-tera-uma-segunda-temporada\/#primaryimage"},"thumbnailUrl":"https:\/\/animangeek.com\/wp-content\/uploads\/sites\/106\/2024\/09\/1727115581_O-remake-de-Spice-and-Wolf-tera-uma-segunda-temporada.jpg","datePublished":"2024-09-23T18:19:40+00:00","dateModified":"2024-09-23T18:19:40+00:00","author":{"@id":""},"breadcrumb":{"@id":"https:\/\/animangeek.com\/o-remake-de-spice-and-wolf-tera-uma-segunda-temporada\/#breadcrumb"},"inLanguage":"en-US","potentialAction":[{"@type":"ReadAction","target":["https:\/\/animangeek.com\/o-remake-de-spice-and-wolf-tera-uma-segunda-temporada\/"]}]},{"@type":"ImageObject","inLanguage":"en-US","@id":"https:\/\/animangeek.com\/o-remake-de-spice-and-wolf-tera-uma-segunda-temporada\/#primaryimage","url":"https:\/\/animangeek.com\/wp-content\/uploads\/sites\/106\/2024\/09\/1727115581_O-remake-de-Spice-and-Wolf-tera-uma-segunda-temporada.jpg","contentUrl":"https:\/\/animangeek.com\/wp-content\/uploads\/sites\/106\/2024\/09\/1727115581_O-remake-de-Spice-and-Wolf-tera-uma-segunda-temporada.jpg","width":1920,"height":1080},{"@type":"BreadcrumbList","@id":"https:\/\/animangeek.com\/o-remake-de-spice-and-wolf-tera-uma-segunda-temporada\/#breadcrumb","itemListElement":[{"@type":"ListItem","position":1,"name":"Home","item":"https:\/\/animangeek.com\/"},{"@type":"ListItem","position":2,"name":"O remake de Spice and Wolf ter\u00e1 uma segunda temporada"}]},{"@type":"WebSite","@id":"https:\/\/animangeek.com\/#website","url":"https:\/\/animangeek.com\/","name":"Animan Geek","description":"","potentialAction":[{"@type":"SearchAction","target":{"@type":"EntryPoint","urlTemplate":"https:\/\/animangeek.com\/?s={search_term_string}"},"query-input":"required name=search_term_string"}],"inLanguage":"en-US"}]}},"_links":{"self":[{"href":"https:\/\/animangeek.com\/en\/wp-json\/wp\/v2\/posts\/19114"}],"collection":[{"href":"https:\/\/animangeek.com\/en\/wp-json\/wp\/v2\/posts"}],"about":[{"href":"https:\/\/animangeek.com\/en\/wp-json\/wp\/v2\/types\/post"}],"replies":[{"embeddable":true,"href":"https:\/\/animangeek.com\/en\/wp-json\/wp\/v2\/comments?post=19114"}],"version-history":[{"count":0,"href":"https:\/\/animangeek.com\/en\/wp-json\/wp\/v2\/posts\/19114\/revisions"}],"wp:featuredmedia":[{"embeddable":true,"href":"https:\/\/animangeek.com\/en\/wp-json\/wp\/v2\/media\/19116"}],"wp:attachment":[{"href":"https:\/\/animangeek.com\/en\/wp-json\/wp\/v2\/media?parent=19114"}],"wp:term":[{"taxonomy":"category","embeddable":true,"href":"https:\/\/animangeek.com\/en\/wp-json\/wp\/v2\/categories?post=19114"},{"taxonomy":"post_tag","embeddable":true,"href":"https:\/\/animangeek.com\/en\/wp-json\/wp\/v2\/tags?post=19114"}],"curies":[{"name":"wp","href":"https:\/\/api.w.org\/{rel}","templated":true}]}}