{"id":19138,"date":"2024-09-24T11:56:17","date_gmt":"2024-09-24T14:56:17","guid":{"rendered":"https:\/\/animangeek.com\/japao-o-otaku-esfaqueado-teria-sido-um-valentao\/"},"modified":"2025-11-27T20:50:11","modified_gmt":"2025-11-27T20:50:11","slug":"japao-o-otaku-esfaqueado-teria-sido-um-valentao","status":"publish","type":"post","link":"https:\/\/animangeek.com\/en\/japao-o-otaku-esfaqueado-teria-sido-um-valentao\/","title":{"rendered":"Japan: Stabbed otaku is said to have been a bully"},"content":{"rendered":"<div class=\"mx-5 sm:mx-0 prose text-left mb-5\">\n<div>\n<p><strong>A shocking assassination attempt was recorded in Japan during the anime music event \u201cNagano Aniera Festa (\u30ca\u30ac\u30ce\u30a2\u30cb\u30a8\u30e9\u30d5\u30a7\u30b9\u30bf)\u201d<\/strong>where a 38-year-old man, identified as Tsukasa Yoshida (\u5409\u7530\u53f8), attacked a 32-year-old man with a folding knife. Yoshida, who works as a temporary employee in Kanagawa Prefecture, <strong>He confessed that he stabbed the victim with the intention of killing her, claiming that he had been harassed by him in the past.<\/strong><\/p>\n<p><a href=\"https:\/\/www.youtube.com\/watch?v=u0VKBAkPtsI\">https:\/\/www.youtube.com\/watch?v=u0VKBAkPtsI<\/a><\/p>\n<p><strong>According to Yoshida&#039;s statements, the attacker confessed that he &quot;planned to kill him&quot; because he had been &quot;harassed&quot; by the victim, a man who had traveled from outside the prefecture to attend the event.<\/strong> Authorities continue to investigate the relationship between the two, although police have not yet determined whether the two knew each other before.<\/p>\n<p><strong>The attack was carried out using a collapsible weapon that Yoshida managed to enter the venue with, despite event organizers implementing a visual search of belongings at the entrance. <\/strong>According to authorities, the attacker arrived alone at the festival and managed to hide the weapon.<\/p>\n<div class=\"wp-block-image\">\n<figure class=\"aligncenter size-full\"><img loading=\"lazy\" decoding=\"async\" class=\"wp-image-337122\" src=\"http:\/\/animangeek.com\/wp-content\/uploads\/sites\/106\/2024\/09\/Japao-O-otaku-esfaqueado-teria-sido-um-valentao.png\" alt=\"Jap\u00e3o\" width=\"1280\" height=\"720\" \/><figcaption class=\"wp-element-caption\">Copyright \u00a9 2024 NBS\u9577\u91ce\u653e\u9001\u7121\u65ad\u8ee2\u8f09\u3092\u7981\u3058\u307e\u3059\u3002 \u00a9 LY Corporation<\/figcaption><\/figure>\n<\/div>\n<p>The news generated a large number of comments on online forums, where users reacted with a mixture of disbelief and ridicule about the event:<\/p>\n<ul>\n<li>\u00ab<em>At 38 years old, is there still harassment?<\/em>\u00bb.<\/li>\n<li>\u00ab<em>The Liberal Democratic Party is harassing Okinawa<\/em>\u00bb.<\/li>\n<li>\u00ab<em>Harassed by someone 6 years younger? He feels like the epitome of a weak man<\/em>\u00bb.<\/li>\n<li>\u00ab<em>Did they know each other? Why stab him at a festival?<\/em>\u00bb.<\/li>\n<li>\u00ab<em>It depends on the level of the company. In places with a low level it is normal for this to occur.<\/em>\u00bb.<\/li>\n<li>\u00ab<em>Aren&#039;t middle-aged men&#039;s motivations for committing crimes a little childish these days?<\/em>\u00bb.<\/li>\n<li>\u00ab<em>If the harasser was a permanent employee and the harassed was a temporary worker, it is common<\/em>\u00bb.<\/li>\n<li>\u00ab<em>Society has abandoned the \u201cuntouchables.\u201d It\u2019s society\u2019s fault<\/em>\u00bb.<\/li>\n<li>\u00ab<em>The final fate of a weak man who could not overcome his situation<\/em>\u00bb.<\/li>\n<li>\u00ab<em>32-year-old temporary worker (otaku): &#039;That old man is useless.&#039; 38-year-old unemployed man (otaku): &#039;He harasses me\u2026&#039;. This is hell.<\/em>\u00bb.<\/li>\n<li>\u00ab<em>Harassment? Then it is inevitable<\/em>\u00bb.<\/li>\n<\/ul>\n<p><strong>The general reaction suggests skepticism toward Yoshida&#039;s claim that he was bullied, as well as a mockery of the power dynamics between two adults in a conflict that many consider outdated. <\/strong>Some commenters also criticized the social and work environment, which they said could have exacerbated Yoshida&#039;s resentment, although others saw the situation as a product of the perpetrator&#039;s own emotional weaknesses.<\/p>\n<p>Source: <strong>Yaraon!<\/strong><\/p>\n<\/div>\n<\/div>","protected":false},"excerpt":{"rendered":"<p>A shocking murder attempt was reported in Japan during the anime music event \u201cNagano Aniera Festa (\u30ca\u30ac\u30ce\u30a2\u30cb\u30a8\u30e9\u30d5\u30a7\u30b9\u30bf)\u201d where a 38-year-old man, identified as Tsukasa Yoshida (\u5409\u7530\u53f8), attacked a 32-year-old man with a folding knife. Yoshida, who works as a temporary employee in Kanagawa Prefecture, confessed to stabbing the victim\u2026 <a class=\"more-link\" href=\"https:\/\/animangeek.com\/en\/japao-o-otaku-esfaqueado-teria-sido-um-valentao\/\">Continue reading <span class=\"screen-reader-text\">Japan: Stabbed otaku is said to have been a bully<\/span><\/a><\/p>","protected":false},"author":93,"featured_media":19139,"comment_status":"open","ping_status":"open","sticky":false,"template":"","format":"standard","meta":{"footnotes":""},"categories":[5],"tags":[773,1196],"yoast_head":"<!-- This site is optimized with the Yoast SEO plugin v23.3 - https:\/\/yoast.com\/wordpress\/plugins\/seo\/ -->\n<title>Jap\u00e3o: O otaku esfaqueado teria sido um valent\u00e3o - Animan Geek<\/title>\n<meta name=\"robots\" content=\"index, follow, max-snippet:-1, max-image-preview:large, max-video-preview:-1\" \/>\n<link rel=\"canonical\" href=\"https:\/\/animangeek.com\/en\/japao-o-otaku-esfaqueado-teria-sido-um-valentao\/\" \/>\n<meta property=\"og:locale\" content=\"en_US\" \/>\n<meta property=\"og:type\" content=\"article\" \/>\n<meta property=\"og:title\" content=\"Jap\u00e3o: O otaku esfaqueado teria sido um valent\u00e3o - Animan Geek\" \/>\n<meta property=\"og:description\" content=\"Uma chocante tentativa de assassinato foi registrada no Jap\u00e3o durante o evento musical de anime \u201cNagano Aniera Festa (\u30ca\u30ac\u30ce\u30a2\u30cb\u30a8\u30e9\u30d5\u30a7\u30b9\u30bf)\u201donde um homem de 38 anos, identificado como Tsukasa Yoshida (\u5409\u7530\u53f8), atacou um homem de 32 anos com uma faca dobr\u00e1vel. Yoshida, que trabalha como funcion\u00e1rio tempor\u00e1rio na prov\u00edncia de Kanagawa, Ele confessou que esfaqueou a v\u00edtima&hellip; Continue reading Jap\u00e3o: O otaku esfaqueado teria sido um valent\u00e3o\" \/>\n<meta property=\"og:url\" content=\"https:\/\/animangeek.com\/en\/japao-o-otaku-esfaqueado-teria-sido-um-valentao\/\" \/>\n<meta property=\"og:site_name\" content=\"Animan Geek\" \/>\n<meta property=\"article:published_time\" content=\"2024-09-24T14:56:17+00:00\" \/>\n<meta property=\"article:modified_time\" content=\"2025-11-27T20:50:11+00:00\" \/>\n<meta property=\"og:image\" content=\"https:\/\/animangeek.com\/wp-content\/uploads\/sites\/106\/2024\/09\/Japao-O-otaku-esfaqueado-teria-sido-um-valentao.jpg\" \/>\n\t<meta property=\"og:image:width\" content=\"1920\" \/>\n\t<meta property=\"og:image:height\" content=\"1080\" \/>\n\t<meta property=\"og:image:type\" content=\"image\/jpeg\" \/>\n<meta name=\"author\" content=\"joaovitorjacintho1998\" \/>\n<meta name=\"twitter:card\" content=\"summary_large_image\" \/>\n<meta name=\"twitter:label1\" content=\"Written by\" \/>\n\t<meta name=\"twitter:data1\" content=\"joaovitorjacintho1998\" \/>\n\t<meta name=\"twitter:label2\" content=\"Est. reading time\" \/>\n\t<meta name=\"twitter:data2\" content=\"3 minutes\" \/>\n<script type=\"application\/ld+json\" class=\"yoast-schema-graph\">{\"@context\":\"https:\/\/schema.org\",\"@graph\":[{\"@type\":\"WebPage\",\"@id\":\"https:\/\/animangeek.com\/japao-o-otaku-esfaqueado-teria-sido-um-valentao\/\",\"url\":\"https:\/\/animangeek.com\/japao-o-otaku-esfaqueado-teria-sido-um-valentao\/\",\"name\":\"Jap\u00e3o: O otaku esfaqueado teria sido um valent\u00e3o - Animan Geek\",\"isPartOf\":{\"@id\":\"https:\/\/animangeek.com\/#website\"},\"primaryImageOfPage\":{\"@id\":\"https:\/\/animangeek.com\/japao-o-otaku-esfaqueado-teria-sido-um-valentao\/#primaryimage\"},\"image\":{\"@id\":\"https:\/\/animangeek.com\/japao-o-otaku-esfaqueado-teria-sido-um-valentao\/#primaryimage\"},\"thumbnailUrl\":\"https:\/\/animangeek.com\/wp-content\/uploads\/sites\/106\/2024\/09\/Japao-O-otaku-esfaqueado-teria-sido-um-valentao.jpg\",\"datePublished\":\"2024-09-24T14:56:17+00:00\",\"dateModified\":\"2025-11-27T20:50:11+00:00\",\"author\":{\"@id\":\"https:\/\/animangeek.com\/#\/schema\/person\/b0b94dcbe2f5caf90bfdf59817c675ed\"},\"breadcrumb\":{\"@id\":\"https:\/\/animangeek.com\/japao-o-otaku-esfaqueado-teria-sido-um-valentao\/#breadcrumb\"},\"inLanguage\":\"en-US\",\"potentialAction\":[{\"@type\":\"ReadAction\",\"target\":[\"https:\/\/animangeek.com\/japao-o-otaku-esfaqueado-teria-sido-um-valentao\/\"]}]},{\"@type\":\"ImageObject\",\"inLanguage\":\"en-US\",\"@id\":\"https:\/\/animangeek.com\/japao-o-otaku-esfaqueado-teria-sido-um-valentao\/#primaryimage\",\"url\":\"https:\/\/animangeek.com\/wp-content\/uploads\/sites\/106\/2024\/09\/Japao-O-otaku-esfaqueado-teria-sido-um-valentao.jpg\",\"contentUrl\":\"https:\/\/animangeek.com\/wp-content\/uploads\/sites\/106\/2024\/09\/Japao-O-otaku-esfaqueado-teria-sido-um-valentao.jpg\",\"width\":1920,\"height\":1080},{\"@type\":\"BreadcrumbList\",\"@id\":\"https:\/\/animangeek.com\/japao-o-otaku-esfaqueado-teria-sido-um-valentao\/#breadcrumb\",\"itemListElement\":[{\"@type\":\"ListItem\",\"position\":1,\"name\":\"Home\",\"item\":\"https:\/\/animangeek.com\/\"},{\"@type\":\"ListItem\",\"position\":2,\"name\":\"Jap\u00e3o: O otaku esfaqueado teria sido um valent\u00e3o\"}]},{\"@type\":\"WebSite\",\"@id\":\"https:\/\/animangeek.com\/#website\",\"url\":\"https:\/\/animangeek.com\/\",\"name\":\"Animan Geek\",\"description\":\"\",\"potentialAction\":[{\"@type\":\"SearchAction\",\"target\":{\"@type\":\"EntryPoint\",\"urlTemplate\":\"https:\/\/animangeek.com\/?s={search_term_string}\"},\"query-input\":\"required name=search_term_string\"}],\"inLanguage\":\"en-US\"},{\"@type\":\"Person\",\"@id\":\"https:\/\/animangeek.com\/#\/schema\/person\/b0b94dcbe2f5caf90bfdf59817c675ed\",\"name\":\"joaovitorjacintho1998\",\"image\":{\"@type\":\"ImageObject\",\"inLanguage\":\"en-US\",\"@id\":\"https:\/\/animangeek.com\/#\/schema\/person\/image\/\",\"url\":\"https:\/\/secure.gravatar.com\/avatar\/2843227ca03ccf8cc7ccca45204c127e?s=96&d=mm&r=g\",\"contentUrl\":\"https:\/\/secure.gravatar.com\/avatar\/2843227ca03ccf8cc7ccca45204c127e?s=96&d=mm&r=g\",\"caption\":\"joaovitorjacintho1998\"},\"url\":\"https:\/\/animangeek.com\/en\/author\/joaovitorjacintho1998\/\"}]}<\/script>\n<!-- \/ Yoast SEO plugin. -->","yoast_head_json":{"title":"Jap\u00e3o: O otaku esfaqueado teria sido um valent\u00e3o - Animan Geek","robots":{"index":"index","follow":"follow","max-snippet":"max-snippet:-1","max-image-preview":"max-image-preview:large","max-video-preview":"max-video-preview:-1"},"canonical":"https:\/\/animangeek.com\/en\/japao-o-otaku-esfaqueado-teria-sido-um-valentao\/","og_locale":"en_US","og_type":"article","og_title":"Jap\u00e3o: O otaku esfaqueado teria sido um valent\u00e3o - Animan Geek","og_description":"Uma chocante tentativa de assassinato foi registrada no Jap\u00e3o durante o evento musical de anime \u201cNagano Aniera Festa (\u30ca\u30ac\u30ce\u30a2\u30cb\u30a8\u30e9\u30d5\u30a7\u30b9\u30bf)\u201donde um homem de 38 anos, identificado como Tsukasa Yoshida (\u5409\u7530\u53f8), atacou um homem de 32 anos com uma faca dobr\u00e1vel. Yoshida, que trabalha como funcion\u00e1rio tempor\u00e1rio na prov\u00edncia de Kanagawa, Ele confessou que esfaqueou a v\u00edtima&hellip; Continue reading Jap\u00e3o: O otaku esfaqueado teria sido um valent\u00e3o","og_url":"https:\/\/animangeek.com\/en\/japao-o-otaku-esfaqueado-teria-sido-um-valentao\/","og_site_name":"Animan Geek","article_published_time":"2024-09-24T14:56:17+00:00","article_modified_time":"2025-11-27T20:50:11+00:00","og_image":[{"width":1920,"height":1080,"url":"https:\/\/animangeek.com\/wp-content\/uploads\/sites\/106\/2024\/09\/Japao-O-otaku-esfaqueado-teria-sido-um-valentao.jpg","type":"image\/jpeg"}],"author":"joaovitorjacintho1998","twitter_card":"summary_large_image","twitter_misc":{"Written by":"joaovitorjacintho1998","Est. reading time":"3 minutes"},"schema":{"@context":"https:\/\/schema.org","@graph":[{"@type":"WebPage","@id":"https:\/\/animangeek.com\/japao-o-otaku-esfaqueado-teria-sido-um-valentao\/","url":"https:\/\/animangeek.com\/japao-o-otaku-esfaqueado-teria-sido-um-valentao\/","name":"Jap\u00e3o: O otaku esfaqueado teria sido um valent\u00e3o - Animan Geek","isPartOf":{"@id":"https:\/\/animangeek.com\/#website"},"primaryImageOfPage":{"@id":"https:\/\/animangeek.com\/japao-o-otaku-esfaqueado-teria-sido-um-valentao\/#primaryimage"},"image":{"@id":"https:\/\/animangeek.com\/japao-o-otaku-esfaqueado-teria-sido-um-valentao\/#primaryimage"},"thumbnailUrl":"https:\/\/animangeek.com\/wp-content\/uploads\/sites\/106\/2024\/09\/Japao-O-otaku-esfaqueado-teria-sido-um-valentao.jpg","datePublished":"2024-09-24T14:56:17+00:00","dateModified":"2025-11-27T20:50:11+00:00","author":{"@id":"https:\/\/animangeek.com\/#\/schema\/person\/b0b94dcbe2f5caf90bfdf59817c675ed"},"breadcrumb":{"@id":"https:\/\/animangeek.com\/japao-o-otaku-esfaqueado-teria-sido-um-valentao\/#breadcrumb"},"inLanguage":"en-US","potentialAction":[{"@type":"ReadAction","target":["https:\/\/animangeek.com\/japao-o-otaku-esfaqueado-teria-sido-um-valentao\/"]}]},{"@type":"ImageObject","inLanguage":"en-US","@id":"https:\/\/animangeek.com\/japao-o-otaku-esfaqueado-teria-sido-um-valentao\/#primaryimage","url":"https:\/\/animangeek.com\/wp-content\/uploads\/sites\/106\/2024\/09\/Japao-O-otaku-esfaqueado-teria-sido-um-valentao.jpg","contentUrl":"https:\/\/animangeek.com\/wp-content\/uploads\/sites\/106\/2024\/09\/Japao-O-otaku-esfaqueado-teria-sido-um-valentao.jpg","width":1920,"height":1080},{"@type":"BreadcrumbList","@id":"https:\/\/animangeek.com\/japao-o-otaku-esfaqueado-teria-sido-um-valentao\/#breadcrumb","itemListElement":[{"@type":"ListItem","position":1,"name":"Home","item":"https:\/\/animangeek.com\/"},{"@type":"ListItem","position":2,"name":"Jap\u00e3o: O otaku esfaqueado teria sido um valent\u00e3o"}]},{"@type":"WebSite","@id":"https:\/\/animangeek.com\/#website","url":"https:\/\/animangeek.com\/","name":"Animan Geek","description":"","potentialAction":[{"@type":"SearchAction","target":{"@type":"EntryPoint","urlTemplate":"https:\/\/animangeek.com\/?s={search_term_string}"},"query-input":"required name=search_term_string"}],"inLanguage":"en-US"},{"@type":"Person","@id":"https:\/\/animangeek.com\/#\/schema\/person\/b0b94dcbe2f5caf90bfdf59817c675ed","name":"joaovitorjacintho1998","image":{"@type":"ImageObject","inLanguage":"en-US","@id":"https:\/\/animangeek.com\/#\/schema\/person\/image\/","url":"https:\/\/secure.gravatar.com\/avatar\/2843227ca03ccf8cc7ccca45204c127e?s=96&d=mm&r=g","contentUrl":"https:\/\/secure.gravatar.com\/avatar\/2843227ca03ccf8cc7ccca45204c127e?s=96&d=mm&r=g","caption":"joaovitorjacintho1998"},"url":"https:\/\/animangeek.com\/en\/author\/joaovitorjacintho1998\/"}]}},"_links":{"self":[{"href":"https:\/\/animangeek.com\/en\/wp-json\/wp\/v2\/posts\/19138"}],"collection":[{"href":"https:\/\/animangeek.com\/en\/wp-json\/wp\/v2\/posts"}],"about":[{"href":"https:\/\/animangeek.com\/en\/wp-json\/wp\/v2\/types\/post"}],"author":[{"embeddable":true,"href":"https:\/\/animangeek.com\/en\/wp-json\/wp\/v2\/users\/93"}],"replies":[{"embeddable":true,"href":"https:\/\/animangeek.com\/en\/wp-json\/wp\/v2\/comments?post=19138"}],"version-history":[{"count":1,"href":"https:\/\/animangeek.com\/en\/wp-json\/wp\/v2\/posts\/19138\/revisions"}],"predecessor-version":[{"id":21040,"href":"https:\/\/animangeek.com\/en\/wp-json\/wp\/v2\/posts\/19138\/revisions\/21040"}],"wp:featuredmedia":[{"embeddable":true,"href":"https:\/\/animangeek.com\/en\/wp-json\/wp\/v2\/media\/19139"}],"wp:attachment":[{"href":"https:\/\/animangeek.com\/en\/wp-json\/wp\/v2\/media?parent=19138"}],"wp:term":[{"taxonomy":"category","embeddable":true,"href":"https:\/\/animangeek.com\/en\/wp-json\/wp\/v2\/categories?post=19138"},{"taxonomy":"post_tag","embeddable":true,"href":"https:\/\/animangeek.com\/en\/wp-json\/wp\/v2\/tags?post=19138"}],"curies":[{"name":"wp","href":"https:\/\/api.w.org\/{rel}","templated":true}]}}