{"id":11464,"date":"2024-05-18T12:32:51","date_gmt":"2024-05-18T15:32:51","guid":{"rendered":"https:\/\/animangeek.com\/a-historia-de-edens-zero-esta-prestes-a-terminar\/"},"modified":"2024-05-18T12:32:51","modified_gmt":"2024-05-18T15:32:51","slug":"a-historia-de-edens-zero-esta-prestes-a-terminar","status":"publish","type":"post","link":"https:\/\/animangeek.com\/en_gb\/a-historia-de-edens-zero-esta-prestes-a-terminar\/","title":{"rendered":"The story of EDENS ZERO is about to end"},"content":{"rendered":"<div class=\"mx-5 sm:mx-0 prose text-left mb-5\"><\/p>\n<div>\n<p>The popular manga written and illustrated by <strong>Hiro Mashima<\/strong>\u201c<strong>EDEN ZERO<\/strong>\u201c, <strong>will end in five chapters<\/strong>. According to available information, if there are no breaks in its publication, the work will end in the thirtieth issue of this year&#039;s Weekly Shonen Magazine, which will be published in late June or early July, depending on the magazine&#039;s schedule.<\/p>\n<div class=\"wp-block-image\">\n<figure class=\"aligncenter size-full\"><img loading=\"lazy\" decoding=\"async\" width=\"1600\" height=\"2263\" src=\"https:\/\/animangeek.com\/wp-content\/uploads\/2024\/05\/A-historia-de-EDENS-ZERO-esta-prestes-a-terminar.jpg\" alt=\"\u00c9DENS ZERO\" class=\"wp-image-329866\"  \/><\/figure>\n<\/div>\n<p>\u201cEDENS ZERO\u201d began serialization in Weekly Shonen Magazine in June 2018. <strong>Since its release, the manga has gained a large following thanks to its intriguing storyline and distinctive character designs by Mashima, who previously created the hit manga \u201cFairy Tail.\u201d<\/strong> The story of &quot;EDENS ZERO&quot; follows the adventures of Shiki Granbell, a young man living on a desert planet who decides to explore the universe in search of the goddess of the cosmos known as &quot;Mother.&quot; Accompanied by Rebecca Bluegarden and her cat Happy, Shiki faces numerous challenges and enemies on his journey through space.<\/p>\n<p>The popularity of \u201cEDENS ZERO\u201d is not limited to just the manga. <strong>The series was adapted into an anime with two seasons totaling 50 episodes. Anime fans are still awaiting a third season, which has not yet been officially confirmed.<\/strong> Additionally, the franchise expanded into video games with the release of a smartphone game in February 2022. However, a planned console video game never saw the light of day, leaving fans of the series wanting more interactive content.<\/p>\n<p><strong>The impact of \u201cEDENS ZERO\u201d on the manga and anime industry has been significant, and its conclusion will mark the end of an era for many fans who have followed the adventures of Shiki and his friends over the years.<\/strong> With the series coming to an end, it remains to be seen how Mashima will conclude this exciting story and what new surprises he may have in store for his readers.<\/p>\n<p>Source: <strong><a rel=\"nofollow noopener\" target=\"_blank\" href=\"http:\/\/ryokutya2089.com\/archives\/75854\">Ryokutya<\/a><\/strong><\/p>\n<\/div>\n<p><\/div>","protected":false},"excerpt":{"rendered":"<p>The popular manga, &quot;\u00c9DENS ZERO,&quot; written and illustrated by Hiro Mashima, will conclude in five chapters. According to available information, if there are no publication breaks, the series will conclude in this year&#039;s thirtieth issue of Weekly Shonen Magazine, which will be published in late June or early July, depending on the magazine&#039;s schedule. <a class=\"more-link\" href=\"https:\/\/animangeek.com\/en_gb\/a-historia-de-edens-zero-esta-prestes-a-terminar\/\">Continue reading <span class=\"screen-reader-text\">The story of EDENS ZERO is about to end<\/span><\/a><\/p>","protected":false},"author":0,"featured_media":11465,"comment_status":"open","ping_status":"open","sticky":false,"template":"","format":"standard","meta":{"footnotes":""},"categories":[8],"tags":[471,842],"yoast_head":"<!-- This site is optimized with the Yoast SEO plugin v23.3 - https:\/\/yoast.com\/wordpress\/plugins\/seo\/ -->\n<title>A hist\u00f3ria de EDENS ZERO est\u00e1 prestes a terminar - Animan Geek<\/title>\n<meta name=\"robots\" content=\"index, follow, max-snippet:-1, max-image-preview:large, max-video-preview:-1\" \/>\n<link rel=\"canonical\" href=\"https:\/\/animangeek.com\/en_gb\/a-historia-de-edens-zero-esta-prestes-a-terminar\/\" \/>\n<meta property=\"og:locale\" content=\"en_GB\" \/>\n<meta property=\"og:type\" content=\"article\" \/>\n<meta property=\"og:title\" content=\"A hist\u00f3ria de EDENS ZERO est\u00e1 prestes a terminar - Animan Geek\" \/>\n<meta property=\"og:description\" content=\"O popular mang\u00e1 escrito e ilustrado por Hiro Mashima\u201c\u00c9DENS ZERO\u201c, terminar\u00e1 em cinco cap\u00edtulos. De acordo com as informa\u00e7\u00f5es dispon\u00edveis, caso n\u00e3o haja pausas na sua publica\u00e7\u00e3o, a obra terminar\u00e1 na trig\u00e9sima edi\u00e7\u00e3o deste ano da Weekly Shonen Magazine, que ser\u00e1 publicada no final de junho ou in\u00edcio de julho, dependendo da programa\u00e7\u00e3o da revista.&hellip; Continue reading A hist\u00f3ria de EDENS ZERO est\u00e1 prestes a terminar\" \/>\n<meta property=\"og:url\" content=\"https:\/\/animangeek.com\/en_gb\/a-historia-de-edens-zero-esta-prestes-a-terminar\/\" \/>\n<meta property=\"og:site_name\" content=\"Animan Geek\" \/>\n<meta property=\"article:published_time\" content=\"2024-05-18T15:32:51+00:00\" \/>\n<meta property=\"og:image\" content=\"https:\/\/animangeek.com\/wp-content\/uploads\/sites\/106\/2024\/05\/1716046372_A-historia-de-EDENS-ZERO-esta-prestes-a-terminar.jpg\" \/>\n\t<meta property=\"og:image:width\" content=\"1920\" \/>\n\t<meta property=\"og:image:height\" content=\"1080\" \/>\n\t<meta property=\"og:image:type\" content=\"image\/jpeg\" \/>\n<meta name=\"twitter:card\" content=\"summary_large_image\" \/>\n<meta name=\"twitter:label1\" content=\"Est. reading time\" \/>\n\t<meta name=\"twitter:data1\" content=\"2 minutes\" \/>\n<script type=\"application\/ld+json\" class=\"yoast-schema-graph\">{\"@context\":\"https:\/\/schema.org\",\"@graph\":[{\"@type\":\"WebPage\",\"@id\":\"https:\/\/animangeek.com\/a-historia-de-edens-zero-esta-prestes-a-terminar\/\",\"url\":\"https:\/\/animangeek.com\/a-historia-de-edens-zero-esta-prestes-a-terminar\/\",\"name\":\"A hist\u00f3ria de EDENS ZERO est\u00e1 prestes a terminar - Animan Geek\",\"isPartOf\":{\"@id\":\"https:\/\/animangeek.com\/#website\"},\"primaryImageOfPage\":{\"@id\":\"https:\/\/animangeek.com\/a-historia-de-edens-zero-esta-prestes-a-terminar\/#primaryimage\"},\"image\":{\"@id\":\"https:\/\/animangeek.com\/a-historia-de-edens-zero-esta-prestes-a-terminar\/#primaryimage\"},\"thumbnailUrl\":\"https:\/\/animangeek.com\/wp-content\/uploads\/sites\/106\/2024\/05\/1716046372_A-historia-de-EDENS-ZERO-esta-prestes-a-terminar.jpg\",\"datePublished\":\"2024-05-18T15:32:51+00:00\",\"dateModified\":\"2024-05-18T15:32:51+00:00\",\"author\":{\"@id\":\"\"},\"breadcrumb\":{\"@id\":\"https:\/\/animangeek.com\/a-historia-de-edens-zero-esta-prestes-a-terminar\/#breadcrumb\"},\"inLanguage\":\"en-GB\",\"potentialAction\":[{\"@type\":\"ReadAction\",\"target\":[\"https:\/\/animangeek.com\/a-historia-de-edens-zero-esta-prestes-a-terminar\/\"]}]},{\"@type\":\"ImageObject\",\"inLanguage\":\"en-GB\",\"@id\":\"https:\/\/animangeek.com\/a-historia-de-edens-zero-esta-prestes-a-terminar\/#primaryimage\",\"url\":\"https:\/\/animangeek.com\/wp-content\/uploads\/sites\/106\/2024\/05\/1716046372_A-historia-de-EDENS-ZERO-esta-prestes-a-terminar.jpg\",\"contentUrl\":\"https:\/\/animangeek.com\/wp-content\/uploads\/sites\/106\/2024\/05\/1716046372_A-historia-de-EDENS-ZERO-esta-prestes-a-terminar.jpg\",\"width\":1920,\"height\":1080},{\"@type\":\"BreadcrumbList\",\"@id\":\"https:\/\/animangeek.com\/a-historia-de-edens-zero-esta-prestes-a-terminar\/#breadcrumb\",\"itemListElement\":[{\"@type\":\"ListItem\",\"position\":1,\"name\":\"Home\",\"item\":\"https:\/\/animangeek.com\/\"},{\"@type\":\"ListItem\",\"position\":2,\"name\":\"A hist\u00f3ria de EDENS ZERO est\u00e1 prestes a terminar\"}]},{\"@type\":\"WebSite\",\"@id\":\"https:\/\/animangeek.com\/#website\",\"url\":\"https:\/\/animangeek.com\/\",\"name\":\"Animan Geek\",\"description\":\"\",\"potentialAction\":[{\"@type\":\"SearchAction\",\"target\":{\"@type\":\"EntryPoint\",\"urlTemplate\":\"https:\/\/animangeek.com\/?s={search_term_string}\"},\"query-input\":\"required name=search_term_string\"}],\"inLanguage\":\"en-GB\"}]}<\/script>\n<!-- \/ Yoast SEO plugin. -->","yoast_head_json":{"title":"A hist\u00f3ria de EDENS ZERO est\u00e1 prestes a terminar - Animan Geek","robots":{"index":"index","follow":"follow","max-snippet":"max-snippet:-1","max-image-preview":"max-image-preview:large","max-video-preview":"max-video-preview:-1"},"canonical":"https:\/\/animangeek.com\/en_gb\/a-historia-de-edens-zero-esta-prestes-a-terminar\/","og_locale":"en_GB","og_type":"article","og_title":"A hist\u00f3ria de EDENS ZERO est\u00e1 prestes a terminar - Animan Geek","og_description":"O popular mang\u00e1 escrito e ilustrado por Hiro Mashima\u201c\u00c9DENS ZERO\u201c, terminar\u00e1 em cinco cap\u00edtulos. De acordo com as informa\u00e7\u00f5es dispon\u00edveis, caso n\u00e3o haja pausas na sua publica\u00e7\u00e3o, a obra terminar\u00e1 na trig\u00e9sima edi\u00e7\u00e3o deste ano da Weekly Shonen Magazine, que ser\u00e1 publicada no final de junho ou in\u00edcio de julho, dependendo da programa\u00e7\u00e3o da revista.&hellip; Continue reading A hist\u00f3ria de EDENS ZERO est\u00e1 prestes a terminar","og_url":"https:\/\/animangeek.com\/en_gb\/a-historia-de-edens-zero-esta-prestes-a-terminar\/","og_site_name":"Animan Geek","article_published_time":"2024-05-18T15:32:51+00:00","og_image":[{"width":1920,"height":1080,"url":"https:\/\/animangeek.com\/wp-content\/uploads\/sites\/106\/2024\/05\/1716046372_A-historia-de-EDENS-ZERO-esta-prestes-a-terminar.jpg","type":"image\/jpeg"}],"twitter_card":"summary_large_image","twitter_misc":{"Est. reading time":"2 minutes"},"schema":{"@context":"https:\/\/schema.org","@graph":[{"@type":"WebPage","@id":"https:\/\/animangeek.com\/a-historia-de-edens-zero-esta-prestes-a-terminar\/","url":"https:\/\/animangeek.com\/a-historia-de-edens-zero-esta-prestes-a-terminar\/","name":"A hist\u00f3ria de EDENS ZERO est\u00e1 prestes a terminar - Animan Geek","isPartOf":{"@id":"https:\/\/animangeek.com\/#website"},"primaryImageOfPage":{"@id":"https:\/\/animangeek.com\/a-historia-de-edens-zero-esta-prestes-a-terminar\/#primaryimage"},"image":{"@id":"https:\/\/animangeek.com\/a-historia-de-edens-zero-esta-prestes-a-terminar\/#primaryimage"},"thumbnailUrl":"https:\/\/animangeek.com\/wp-content\/uploads\/sites\/106\/2024\/05\/1716046372_A-historia-de-EDENS-ZERO-esta-prestes-a-terminar.jpg","datePublished":"2024-05-18T15:32:51+00:00","dateModified":"2024-05-18T15:32:51+00:00","author":{"@id":""},"breadcrumb":{"@id":"https:\/\/animangeek.com\/a-historia-de-edens-zero-esta-prestes-a-terminar\/#breadcrumb"},"inLanguage":"en-GB","potentialAction":[{"@type":"ReadAction","target":["https:\/\/animangeek.com\/a-historia-de-edens-zero-esta-prestes-a-terminar\/"]}]},{"@type":"ImageObject","inLanguage":"en-GB","@id":"https:\/\/animangeek.com\/a-historia-de-edens-zero-esta-prestes-a-terminar\/#primaryimage","url":"https:\/\/animangeek.com\/wp-content\/uploads\/sites\/106\/2024\/05\/1716046372_A-historia-de-EDENS-ZERO-esta-prestes-a-terminar.jpg","contentUrl":"https:\/\/animangeek.com\/wp-content\/uploads\/sites\/106\/2024\/05\/1716046372_A-historia-de-EDENS-ZERO-esta-prestes-a-terminar.jpg","width":1920,"height":1080},{"@type":"BreadcrumbList","@id":"https:\/\/animangeek.com\/a-historia-de-edens-zero-esta-prestes-a-terminar\/#breadcrumb","itemListElement":[{"@type":"ListItem","position":1,"name":"Home","item":"https:\/\/animangeek.com\/"},{"@type":"ListItem","position":2,"name":"A hist\u00f3ria de EDENS ZERO est\u00e1 prestes a terminar"}]},{"@type":"WebSite","@id":"https:\/\/animangeek.com\/#website","url":"https:\/\/animangeek.com\/","name":"Animan Geek","description":"","potentialAction":[{"@type":"SearchAction","target":{"@type":"EntryPoint","urlTemplate":"https:\/\/animangeek.com\/?s={search_term_string}"},"query-input":"required name=search_term_string"}],"inLanguage":"en-GB"}]}},"_links":{"self":[{"href":"https:\/\/animangeek.com\/en_gb\/wp-json\/wp\/v2\/posts\/11464"}],"collection":[{"href":"https:\/\/animangeek.com\/en_gb\/wp-json\/wp\/v2\/posts"}],"about":[{"href":"https:\/\/animangeek.com\/en_gb\/wp-json\/wp\/v2\/types\/post"}],"replies":[{"embeddable":true,"href":"https:\/\/animangeek.com\/en_gb\/wp-json\/wp\/v2\/comments?post=11464"}],"version-history":[{"count":0,"href":"https:\/\/animangeek.com\/en_gb\/wp-json\/wp\/v2\/posts\/11464\/revisions"}],"wp:featuredmedia":[{"embeddable":true,"href":"https:\/\/animangeek.com\/en_gb\/wp-json\/wp\/v2\/media\/11465"}],"wp:attachment":[{"href":"https:\/\/animangeek.com\/en_gb\/wp-json\/wp\/v2\/media?parent=11464"}],"wp:term":[{"taxonomy":"category","embeddable":true,"href":"https:\/\/animangeek.com\/en_gb\/wp-json\/wp\/v2\/categories?post=11464"},{"taxonomy":"post_tag","embeddable":true,"href":"https:\/\/animangeek.com\/en_gb\/wp-json\/wp\/v2\/tags?post=11464"}],"curies":[{"name":"wp","href":"https:\/\/api.w.org\/{rel}","templated":true}]}}