{"id":12472,"date":"2024-05-29T13:41:47","date_gmt":"2024-05-29T16:41:47","guid":{"rendered":"https:\/\/animangeek.com\/dandadan-teria-ate-uma-segunda-temporada\/"},"modified":"2024-05-29T13:41:47","modified_gmt":"2024-05-29T16:41:47","slug":"dandadan-teria-ate-uma-segunda-temporada","status":"publish","type":"post","link":"https:\/\/animangeek.com\/en_gb\/dandadan-teria-ate-uma-segunda-temporada\/","title":{"rendered":"Dandadan would even have a second season"},"content":{"rendered":"<div class=\"mx-5 sm:mx-0 prose text-left mb-5\"><\/p>\n<div>\n<p>A recent leak has confirmed that the anime adaptation of the manga written and illustrated by <strong>Yukinobu Tatsu<\/strong>\u201c<strong>I like<\/strong>&quot;, will have a second season. It should be noted that the series has not yet been released, as it is scheduled for the season of <strong>Fall 2024 (October to December)<\/strong>.<\/p>\n<p><strong>It is also important to note that this may not be a \u201csecond season\u201d but rather a \u201csecond part,\u201d as has been the trend in the anime industry in recent years.<\/strong> However, not all fans have been positive about this type of execution, as separating an adaptation into two parts only makes the project lose interest during the time it takes for the second part to arrive.<\/p>\n<div class=\"wp-block-image\">\n<figure class=\"aligncenter size-full\"><img loading=\"lazy\" decoding=\"async\" width=\"1449\" height=\"2048\" src=\"https:\/\/animangeek.com\/wp-content\/uploads\/2024\/05\/Dandadan-teria-ate-uma-segunda-temporada.jpg\" alt=\"Gosto\" class=\"wp-image-330448\"  \/><\/figure>\n<\/div>\n<p><strong>Yukinobu Tatsu<\/strong> The manga began publishing through the digital service <strong>Shonen Jump Plus<\/strong> from the publisher <strong>Shueisha<\/strong> in April 2021, where it is still being serialized. Tatsu is also the author of other serialized works, such as \u201c<strong>Seigi no Rokugou<\/strong>&quot;you&quot;<strong>Fireball!<\/strong>\u201c, as well as one-shots like\u201c<strong>Yamada Kiki Ippatsu<\/strong>\u201din 2019 and\u201c<strong>Renai Saibaihou<\/strong>\u201din 2015.<\/p>\n<h3 class=\"wp-block-heading\"><strong>Cast of voices<\/strong><\/h3>\n<ul>\n<li><strong>Shion Wakayama<\/strong> as Momo Ayase.<\/li>\n<li><strong>Natsuki Hanae<\/strong> as Ken Takakura.<\/li>\n<li><strong>Mayumi Tanaka<\/strong> like Turbo Babaa.<\/li>\n<li><strong>Kazuya Nakai<\/strong> as Serpo Hoshibito.<\/li>\n<\/ul>\n<h3 class=\"wp-block-heading\"><strong>Production team<\/strong><\/h3>\n<ul>\n<li><strong>Fuuga Yamashiro<\/strong> (<em>Yojouhan Time Machine Blues, Inu-ou, Eizouken ni wa Te wo Dasu na!<\/em>) is in charge of directing the anime at the studios <strong>SARU Science<\/strong>.<\/li>\n<li><strong>Hiroshi Seko<\/strong> (<em>Shingeki no Kyojin, Jujutsu Kaisen, Mob Psycho 100<\/em>) is responsible for writing and supervising the scripts.<\/li>\n<li><strong>Naoyuki So<\/strong> (<em>PSYCHO-PASS, Ergo Proxy, Inuyashiki<\/em>) is responsible for character design and animation direction, while <strong>Yoshimichi Kameda<\/strong> (<em>One Punch Man, Mob Psycho 100, Space\u2606Dandy<\/em>) is responsible for the design of the monsters.<\/li>\n<li><strong>Kensuke Ushio<\/strong> (<em>Koe no Katachi, Chainsaw Man, DEVILMAN Crybaby<\/em>) is responsible for composing the soundtrack.<\/li>\n<\/ul>\n<p><iframe loading=\"lazy\" title=\"DAN DA DAN | Official Trailer | Netflix Anime\" width=\"500\" height=\"281\" src=\"https:\/\/www.youtube.com\/embed\/NRxTXed7I7k?feature=oembed\" frameborder=\"0\" allow=\"accelerometer; autoplay; clipboard-write; encrypted-media; gyroscope; picture-in-picture; web-share\" referrerpolicy=\"strict-origin-when-cross-origin\" allowfullscreen><\/iframe><\/p>\n<h3 class=\"wp-block-heading\"><strong>Synopsis of Dandadan<\/strong><\/h3>\n<p><em>After being aggressively rejected, Momo Ayase becomes enraged when she bumps into a boy who is being bullied. Saved by her reckless kindness, the occult-obsessed boy tries to talk to her about supernatural interests he believes they share. Rejecting his claims, Ayase proclaims that she, instead, believes in ghosts, sparking an argument between the two over which one is real. In a bet to determine who is right, the two decide to visit separate locations related to the occult and the supernatural: Ayase visits the former, and the boy the latter.<\/em><\/p>\n<p><em>When the two arrive at their respective places, it turns out that neither of them was wrong, and that both the occult and ghosts exist. This marks the beginning of the adventure for Ayase and the boy, who shares the name of Ayase&#039;s favorite idol, Ken Takakura, as they attempt to fix the surreal supernatural and sci-fi elements around them and return to a normal life.<\/em><\/p>\n<p>Source: <strong><a rel=\"nofollow noopener\" target=\"_blank\" href=\"https:\/\/x.com\/SugoiLITE\/status\/1795802124426813723\">SUGOI Lite<\/a><\/strong><\/p>\n<p>\u00a9Yukinobu Ryu\/Shueisha\/Dandadan Production Committee<\/p>\n<\/div>\n<p><\/div>","protected":false},"excerpt":{"rendered":"<p>A recent leak confirmed that the anime adaptation of the manga &quot;Taste&quot; written and illustrated by Yukinobu Tatsu will have a second season. It should be noted that the series has not yet been released, as it is scheduled for the Fall 2024 season (October-December). It is also important to note that this may not be a &quot;second... <a class=\"more-link\" href=\"https:\/\/animangeek.com\/en_gb\/dandadan-teria-ate-uma-segunda-temporada\/\">Continue reading <span class=\"screen-reader-text\">Dandadan would even have a second season<\/span><\/a><\/p>","protected":false},"author":0,"featured_media":12474,"comment_status":"open","ping_status":"open","sticky":false,"template":"","format":"standard","meta":{"footnotes":""},"categories":[3],"tags":[340,399,1449],"yoast_head":"<!-- This site is optimized with the Yoast SEO plugin v23.3 - https:\/\/yoast.com\/wordpress\/plugins\/seo\/ -->\n<title>Dandadan teria at\u00e9 uma segunda temporada - Animan Geek<\/title>\n<meta name=\"robots\" content=\"index, follow, max-snippet:-1, max-image-preview:large, max-video-preview:-1\" \/>\n<link rel=\"canonical\" href=\"https:\/\/animangeek.com\/en_gb\/dandadan-teria-ate-uma-segunda-temporada\/\" \/>\n<meta property=\"og:locale\" content=\"en_GB\" \/>\n<meta property=\"og:type\" content=\"article\" \/>\n<meta property=\"og:title\" content=\"Dandadan teria at\u00e9 uma segunda temporada - Animan Geek\" \/>\n<meta property=\"og:description\" content=\"Um vazamento recente garantiu que a adapta\u00e7\u00e3o para anime do mang\u00e1 escrita e ilustrada por Yukinobu Tatsu\u201cGosto\u201c, ter\u00e1 uma segunda temporada. Ressalta-se que a s\u00e9rie ainda n\u00e3o foi lan\u00e7ada, pois est\u00e1 prevista para a temporada de Outono de 2024 (outubro a dezembro). \u00c9 tamb\u00e9m importante referir que \u00e9 poss\u00edvel que esta n\u00e3o seja uma \u201csegunda&hellip; Continue reading Dandadan teria at\u00e9 uma segunda temporada\" \/>\n<meta property=\"og:url\" content=\"https:\/\/animangeek.com\/en_gb\/dandadan-teria-ate-uma-segunda-temporada\/\" \/>\n<meta property=\"og:site_name\" content=\"Animan Geek\" \/>\n<meta property=\"article:published_time\" content=\"2024-05-29T16:41:47+00:00\" \/>\n<meta property=\"og:image\" content=\"https:\/\/animangeek.com\/wp-content\/uploads\/sites\/106\/2024\/05\/1717000908_Dandadan-teria-ate-uma-segunda-temporada.jpg\" \/>\n\t<meta property=\"og:image:width\" content=\"1920\" \/>\n\t<meta property=\"og:image:height\" content=\"1080\" \/>\n\t<meta property=\"og:image:type\" content=\"image\/jpeg\" \/>\n<meta name=\"twitter:card\" content=\"summary_large_image\" \/>\n<meta name=\"twitter:label1\" content=\"Est. reading time\" \/>\n\t<meta name=\"twitter:data1\" content=\"2 minutes\" \/>\n<script type=\"application\/ld+json\" class=\"yoast-schema-graph\">{\"@context\":\"https:\/\/schema.org\",\"@graph\":[{\"@type\":\"WebPage\",\"@id\":\"https:\/\/animangeek.com\/dandadan-teria-ate-uma-segunda-temporada\/\",\"url\":\"https:\/\/animangeek.com\/dandadan-teria-ate-uma-segunda-temporada\/\",\"name\":\"Dandadan teria at\u00e9 uma segunda temporada - Animan Geek\",\"isPartOf\":{\"@id\":\"https:\/\/animangeek.com\/#website\"},\"primaryImageOfPage\":{\"@id\":\"https:\/\/animangeek.com\/dandadan-teria-ate-uma-segunda-temporada\/#primaryimage\"},\"image\":{\"@id\":\"https:\/\/animangeek.com\/dandadan-teria-ate-uma-segunda-temporada\/#primaryimage\"},\"thumbnailUrl\":\"https:\/\/animangeek.com\/wp-content\/uploads\/sites\/106\/2024\/05\/1717000908_Dandadan-teria-ate-uma-segunda-temporada.jpg\",\"datePublished\":\"2024-05-29T16:41:47+00:00\",\"dateModified\":\"2024-05-29T16:41:47+00:00\",\"author\":{\"@id\":\"\"},\"breadcrumb\":{\"@id\":\"https:\/\/animangeek.com\/dandadan-teria-ate-uma-segunda-temporada\/#breadcrumb\"},\"inLanguage\":\"en-GB\",\"potentialAction\":[{\"@type\":\"ReadAction\",\"target\":[\"https:\/\/animangeek.com\/dandadan-teria-ate-uma-segunda-temporada\/\"]}]},{\"@type\":\"ImageObject\",\"inLanguage\":\"en-GB\",\"@id\":\"https:\/\/animangeek.com\/dandadan-teria-ate-uma-segunda-temporada\/#primaryimage\",\"url\":\"https:\/\/animangeek.com\/wp-content\/uploads\/sites\/106\/2024\/05\/1717000908_Dandadan-teria-ate-uma-segunda-temporada.jpg\",\"contentUrl\":\"https:\/\/animangeek.com\/wp-content\/uploads\/sites\/106\/2024\/05\/1717000908_Dandadan-teria-ate-uma-segunda-temporada.jpg\",\"width\":1920,\"height\":1080},{\"@type\":\"BreadcrumbList\",\"@id\":\"https:\/\/animangeek.com\/dandadan-teria-ate-uma-segunda-temporada\/#breadcrumb\",\"itemListElement\":[{\"@type\":\"ListItem\",\"position\":1,\"name\":\"Home\",\"item\":\"https:\/\/animangeek.com\/\"},{\"@type\":\"ListItem\",\"position\":2,\"name\":\"Dandadan teria at\u00e9 uma segunda temporada\"}]},{\"@type\":\"WebSite\",\"@id\":\"https:\/\/animangeek.com\/#website\",\"url\":\"https:\/\/animangeek.com\/\",\"name\":\"Animan Geek\",\"description\":\"\",\"potentialAction\":[{\"@type\":\"SearchAction\",\"target\":{\"@type\":\"EntryPoint\",\"urlTemplate\":\"https:\/\/animangeek.com\/?s={search_term_string}\"},\"query-input\":\"required name=search_term_string\"}],\"inLanguage\":\"en-GB\"}]}<\/script>\n<!-- \/ Yoast SEO plugin. -->","yoast_head_json":{"title":"Dandadan teria at\u00e9 uma segunda temporada - Animan Geek","robots":{"index":"index","follow":"follow","max-snippet":"max-snippet:-1","max-image-preview":"max-image-preview:large","max-video-preview":"max-video-preview:-1"},"canonical":"https:\/\/animangeek.com\/en_gb\/dandadan-teria-ate-uma-segunda-temporada\/","og_locale":"en_GB","og_type":"article","og_title":"Dandadan teria at\u00e9 uma segunda temporada - Animan Geek","og_description":"Um vazamento recente garantiu que a adapta\u00e7\u00e3o para anime do mang\u00e1 escrita e ilustrada por Yukinobu Tatsu\u201cGosto\u201c, ter\u00e1 uma segunda temporada. Ressalta-se que a s\u00e9rie ainda n\u00e3o foi lan\u00e7ada, pois est\u00e1 prevista para a temporada de Outono de 2024 (outubro a dezembro). \u00c9 tamb\u00e9m importante referir que \u00e9 poss\u00edvel que esta n\u00e3o seja uma \u201csegunda&hellip; Continue reading Dandadan teria at\u00e9 uma segunda temporada","og_url":"https:\/\/animangeek.com\/en_gb\/dandadan-teria-ate-uma-segunda-temporada\/","og_site_name":"Animan Geek","article_published_time":"2024-05-29T16:41:47+00:00","og_image":[{"width":1920,"height":1080,"url":"https:\/\/animangeek.com\/wp-content\/uploads\/sites\/106\/2024\/05\/1717000908_Dandadan-teria-ate-uma-segunda-temporada.jpg","type":"image\/jpeg"}],"twitter_card":"summary_large_image","twitter_misc":{"Est. reading time":"2 minutes"},"schema":{"@context":"https:\/\/schema.org","@graph":[{"@type":"WebPage","@id":"https:\/\/animangeek.com\/dandadan-teria-ate-uma-segunda-temporada\/","url":"https:\/\/animangeek.com\/dandadan-teria-ate-uma-segunda-temporada\/","name":"Dandadan teria at\u00e9 uma segunda temporada - Animan Geek","isPartOf":{"@id":"https:\/\/animangeek.com\/#website"},"primaryImageOfPage":{"@id":"https:\/\/animangeek.com\/dandadan-teria-ate-uma-segunda-temporada\/#primaryimage"},"image":{"@id":"https:\/\/animangeek.com\/dandadan-teria-ate-uma-segunda-temporada\/#primaryimage"},"thumbnailUrl":"https:\/\/animangeek.com\/wp-content\/uploads\/sites\/106\/2024\/05\/1717000908_Dandadan-teria-ate-uma-segunda-temporada.jpg","datePublished":"2024-05-29T16:41:47+00:00","dateModified":"2024-05-29T16:41:47+00:00","author":{"@id":""},"breadcrumb":{"@id":"https:\/\/animangeek.com\/dandadan-teria-ate-uma-segunda-temporada\/#breadcrumb"},"inLanguage":"en-GB","potentialAction":[{"@type":"ReadAction","target":["https:\/\/animangeek.com\/dandadan-teria-ate-uma-segunda-temporada\/"]}]},{"@type":"ImageObject","inLanguage":"en-GB","@id":"https:\/\/animangeek.com\/dandadan-teria-ate-uma-segunda-temporada\/#primaryimage","url":"https:\/\/animangeek.com\/wp-content\/uploads\/sites\/106\/2024\/05\/1717000908_Dandadan-teria-ate-uma-segunda-temporada.jpg","contentUrl":"https:\/\/animangeek.com\/wp-content\/uploads\/sites\/106\/2024\/05\/1717000908_Dandadan-teria-ate-uma-segunda-temporada.jpg","width":1920,"height":1080},{"@type":"BreadcrumbList","@id":"https:\/\/animangeek.com\/dandadan-teria-ate-uma-segunda-temporada\/#breadcrumb","itemListElement":[{"@type":"ListItem","position":1,"name":"Home","item":"https:\/\/animangeek.com\/"},{"@type":"ListItem","position":2,"name":"Dandadan teria at\u00e9 uma segunda temporada"}]},{"@type":"WebSite","@id":"https:\/\/animangeek.com\/#website","url":"https:\/\/animangeek.com\/","name":"Animan Geek","description":"","potentialAction":[{"@type":"SearchAction","target":{"@type":"EntryPoint","urlTemplate":"https:\/\/animangeek.com\/?s={search_term_string}"},"query-input":"required name=search_term_string"}],"inLanguage":"en-GB"}]}},"_links":{"self":[{"href":"https:\/\/animangeek.com\/en_gb\/wp-json\/wp\/v2\/posts\/12472"}],"collection":[{"href":"https:\/\/animangeek.com\/en_gb\/wp-json\/wp\/v2\/posts"}],"about":[{"href":"https:\/\/animangeek.com\/en_gb\/wp-json\/wp\/v2\/types\/post"}],"replies":[{"embeddable":true,"href":"https:\/\/animangeek.com\/en_gb\/wp-json\/wp\/v2\/comments?post=12472"}],"version-history":[{"count":0,"href":"https:\/\/animangeek.com\/en_gb\/wp-json\/wp\/v2\/posts\/12472\/revisions"}],"wp:featuredmedia":[{"embeddable":true,"href":"https:\/\/animangeek.com\/en_gb\/wp-json\/wp\/v2\/media\/12474"}],"wp:attachment":[{"href":"https:\/\/animangeek.com\/en_gb\/wp-json\/wp\/v2\/media?parent=12472"}],"wp:term":[{"taxonomy":"category","embeddable":true,"href":"https:\/\/animangeek.com\/en_gb\/wp-json\/wp\/v2\/categories?post=12472"},{"taxonomy":"post_tag","embeddable":true,"href":"https:\/\/animangeek.com\/en_gb\/wp-json\/wp\/v2\/tags?post=12472"}],"curies":[{"name":"wp","href":"https:\/\/api.w.org\/{rel}","templated":true}]}}