{"id":13718,"date":"2024-07-01T12:04:52","date_gmt":"2024-07-01T15:04:52","guid":{"rendered":"https:\/\/animangeek.com\/oshi-no-ko-nos-da-uma-nova-visao-de-sua-intrigante-segunda-temporada\/"},"modified":"2024-07-01T12:04:52","modified_gmt":"2024-07-01T15:04:52","slug":"oshi-no-ko-nos-da-uma-nova-visao-de-sua-intrigante-segunda-temporada","status":"publish","type":"post","link":"https:\/\/animangeek.com\/en_gb\/oshi-no-ko-nos-da-uma-nova-visao-de-sua-intrigante-segunda-temporada\/","title":{"rendered":"Oshi no Ko gives us a new look at its intriguing second season"},"content":{"rendered":"<div class=\"mx-5 sm:mx-0 prose text-left mb-5\"><\/p>\n<div>\n<p>the anime of <em>Oshi no Ko<\/em> It will return this summer with its second season, and a new trailer is available to promote it. Thanks to this, you can hear its ending theme, known as <em>burning<\/em> and is sung by Hitsujibungaku.<\/p>\n<figure class=\"wp-block-embed is-type-video is-provider-youtube wp-block-embed-youtube wp-embed-aspect-16-9 wp-has-aspect-ratio\">\n<p>\n<iframe loading=\"lazy\" title=\"T\uff36\u30a2\u30cb\u30e1\u300e\u3010\u63a8\u3057\u306e\u5b50\u3011\u300f\u7b2c2\u671f\u30e1\u30a4\u30f3PV\u7b2c2\u5f3e\u30102024\u5e747\u67083\u65e5\u3011\" width=\"500\" height=\"281\" src=\"https:\/\/www.youtube.com\/embed\/QMuajQlx64c?feature=oembed\" frameborder=\"0\" allow=\"accelerometer; autoplay; clipboard-write; encrypted-media; gyroscope; picture-in-picture; web-share\" referrerpolicy=\"strict-origin-when-cross-origin\" allowfullscreen><\/iframe><\/p>\n<\/figure>\n<p>There was also information about the opening theme or opening song. While this can be heard in an earlier video, it was unclear which artist performed it. The only thing known is that it was GEMN.<\/p>\n<p>There were plenty of people who thought he was a new singer, but that&#039;s not actually the case. The opening theme for the second season of <em>Oshi no Ko<\/em>which has the name of <em>Fatal<\/em>is sung by artists Kento Nakajima and Tatsuya Kitani.<\/p>\n<p><strong>We recommend: Oshi no Ko season 2 chapter 1, what time, how and where to watch.<\/strong><\/p>\n<p>GEMN is the name of the temporary duo they decided to create. The trailer reconfirms the anime&#039;s premiere date, which is July 3, 2024, on Japanese television. HIDIVE has already confirmed that it will have this sequel in its catalog.<\/p>\n<div class=\"wp-block-image\">\n<figure class=\"aligncenter size-full\"><img decoding=\"async\" src=\"https:\/\/animangeek.com\/wp-content\/uploads\/2024\/07\/Oshi-no-Ko-nos-da-uma-nova-visao-de-sua.webp.webp\" alt=\"Oshi no Ko nos d\u00e1 uma nova vis\u00e3o de sua intrigante segunda temporada\" class=\"lazyload wp-image-629557\"\/><figcaption class=\"wp-element-caption\">Source: <em>Doga Kobo.<\/em><\/figcaption><\/figure>\n<\/div>\n<p>You just need to confirm the date mentioned above. Unfortunately, this video-on-demand service is no longer available in Latin America. There&#039;s no information, at least for now, if any other platform will have the second season. <em>Oshi no Ko<\/em> among its premieres.<\/p>\n<figure class=\"wp-block-embed is-type-rich is-provider-twitter wp-block-embed-twitter\"\/>\n<figure class=\"wp-block-embed is-type-rich is-provider-twitter wp-block-embed-twitter\"\/>\n<p>In this regard, you just have to be patient. As for the voice cast, the following is known:<\/p>\n<ul>\n<li>Megumi Han as Kana Arima<\/li>\n<li>Manaka Iwami as Akane Kurokawa<\/li>\n<li>Takeo \u014ctsuka as Aquamarine Hoshino<\/li>\n<li>Seiji Maeda as Melt Narushima<\/li>\n<li>Kouki Uchiyama as Taiki Himekawa<\/li>\n<li>Yuusuke Kobayashi as Sakuya Kamoshida<\/li>\n<li>Tomoyuki Shimura as Toshirou Kindaichi<\/li>\n<li>Ayane Sakura as Abiko Samejima<\/li>\n<li>Daisuke Ono as GOA<\/li>\n<\/ul>\n<div class=\"wp-block-image\">\n<figure class=\"aligncenter size-full\"><img decoding=\"async\" src=\"https:\/\/animangeek.com\/wp-content\/uploads\/2024\/07\/1719846292_322_Oshi-no-Ko-nos-da-uma-nova-visao-de-sua.webp.webp\" alt=\"Oshi no Ko nos d\u00e1 uma nova vis\u00e3o de sua intrigante segunda temporada\" class=\"lazyload wp-image-629558\"\/><figcaption class=\"wp-element-caption\">Source: <em>Doga Kobo.<\/em><\/figcaption><\/figure>\n<\/div>\n<p>Daisuke Hiramaki directs the second season of <em>Oshi no Ko<\/em>Jin Tanaka is in charge of the scripts and Kanna Hirayama is designing the characters. They worked on the original anime, so you can expect the same quality.<\/p>\n<figure class=\"wp-block-embed is-type-video is-provider-youtube wp-block-embed-youtube wp-embed-aspect-16-9 wp-has-aspect-ratio\">\n<p>\n<iframe loading=\"lazy\" title=\"Elden Ring: Shadow of the Erdtree is good but not for that\" width=\"500\" height=\"281\" src=\"https:\/\/www.youtube.com\/embed\/lbogwHxEHqg?feature=oembed\" frameborder=\"0\" allow=\"accelerometer; autoplay; clipboard-write; encrypted-media; gyroscope; picture-in-picture; web-share\" referrerpolicy=\"strict-origin-when-cross-origin\" allowfullscreen><\/iframe><\/p>\n<\/figure>\n<\/div>\n<p><\/div>","protected":false},"excerpt":{"rendered":"<p>The Oshi no Ko He anime will return this summer with its second season, and a new trailer is available to promote it. Thanks to this trailer, you can hear its ending theme, known as &quot;Burning&quot; and sung by Hitsujibungaku. There was also information about the opening theme, or theme song, by\u2026 <a class=\"more-link\" href=\"https:\/\/animangeek.com\/en_gb\/oshi-no-ko-nos-da-uma-nova-visao-de-sua-intrigante-segunda-temporada\/\">Continue reading <span class=\"screen-reader-text\">Oshi no Ko gives us a new look at its intriguing second season<\/span><\/a><\/p>","protected":false},"author":0,"featured_media":13720,"comment_status":"open","ping_status":"open","sticky":false,"template":"","format":"standard","meta":{"footnotes":""},"categories":[3],"tags":[],"yoast_head":"<!-- This site is optimized with the Yoast SEO plugin v23.3 - https:\/\/yoast.com\/wordpress\/plugins\/seo\/ -->\n<title>Oshi no Ko nos d\u00e1 uma nova vis\u00e3o de sua intrigante segunda temporada - Animan Geek<\/title>\n<meta name=\"robots\" content=\"index, follow, max-snippet:-1, max-image-preview:large, max-video-preview:-1\" \/>\n<link rel=\"canonical\" href=\"https:\/\/animangeek.com\/en_gb\/oshi-no-ko-nos-da-uma-nova-visao-de-sua-intrigante-segunda-temporada\/\" \/>\n<meta property=\"og:locale\" content=\"en_GB\" \/>\n<meta property=\"og:type\" content=\"article\" \/>\n<meta property=\"og:title\" content=\"Oshi no Ko nos d\u00e1 uma nova vis\u00e3o de sua intrigante segunda temporada - Animan Geek\" \/>\n<meta property=\"og:description\" content=\"o anime de Oshi no Ko Ele retornar\u00e1 no ver\u00e3o com sua segunda temporada, e para promov\u00ea-la est\u00e1 dispon\u00edvel um novo trailer. \u00c9 gra\u00e7as a isso que voc\u00ea pode ouvir seu tema de encerramento ou encerramento, que \u00e9 conhecido como queimando e \u00e9 cantada por Hitsujibungaku. Tamb\u00e9m havia informa\u00e7\u00f5es sobre a abertura ou m\u00fasica de&hellip; Continue reading Oshi no Ko nos d\u00e1 uma nova vis\u00e3o de sua intrigante segunda temporada\" \/>\n<meta property=\"og:url\" content=\"https:\/\/animangeek.com\/en_gb\/oshi-no-ko-nos-da-uma-nova-visao-de-sua-intrigante-segunda-temporada\/\" \/>\n<meta property=\"og:site_name\" content=\"Animan Geek\" \/>\n<meta property=\"article:published_time\" content=\"2024-07-01T15:04:52+00:00\" \/>\n<meta property=\"og:image\" content=\"https:\/\/animangeek.com\/wp-content\/uploads\/sites\/106\/2024\/07\/1719846293_Oshi-no-Ko-nos-da-uma-nova-visao-de-sua.webp.webp\" \/>\n\t<meta property=\"og:image:width\" content=\"1280\" \/>\n\t<meta property=\"og:image:height\" content=\"720\" \/>\n\t<meta property=\"og:image:type\" content=\"image\/webp\" \/>\n<meta name=\"twitter:card\" content=\"summary_large_image\" \/>\n<meta name=\"twitter:label1\" content=\"Est. reading time\" \/>\n\t<meta name=\"twitter:data1\" content=\"2 minutes\" \/>\n<script type=\"application\/ld+json\" class=\"yoast-schema-graph\">{\"@context\":\"https:\/\/schema.org\",\"@graph\":[{\"@type\":\"WebPage\",\"@id\":\"https:\/\/animangeek.com\/oshi-no-ko-nos-da-uma-nova-visao-de-sua-intrigante-segunda-temporada\/\",\"url\":\"https:\/\/animangeek.com\/oshi-no-ko-nos-da-uma-nova-visao-de-sua-intrigante-segunda-temporada\/\",\"name\":\"Oshi no Ko nos d\u00e1 uma nova vis\u00e3o de sua intrigante segunda temporada - Animan Geek\",\"isPartOf\":{\"@id\":\"https:\/\/animangeek.com\/#website\"},\"primaryImageOfPage\":{\"@id\":\"https:\/\/animangeek.com\/oshi-no-ko-nos-da-uma-nova-visao-de-sua-intrigante-segunda-temporada\/#primaryimage\"},\"image\":{\"@id\":\"https:\/\/animangeek.com\/oshi-no-ko-nos-da-uma-nova-visao-de-sua-intrigante-segunda-temporada\/#primaryimage\"},\"thumbnailUrl\":\"https:\/\/animangeek.com\/wp-content\/uploads\/sites\/106\/2024\/07\/1719846293_Oshi-no-Ko-nos-da-uma-nova-visao-de-sua.webp.webp\",\"datePublished\":\"2024-07-01T15:04:52+00:00\",\"dateModified\":\"2024-07-01T15:04:52+00:00\",\"author\":{\"@id\":\"\"},\"breadcrumb\":{\"@id\":\"https:\/\/animangeek.com\/oshi-no-ko-nos-da-uma-nova-visao-de-sua-intrigante-segunda-temporada\/#breadcrumb\"},\"inLanguage\":\"en-GB\",\"potentialAction\":[{\"@type\":\"ReadAction\",\"target\":[\"https:\/\/animangeek.com\/oshi-no-ko-nos-da-uma-nova-visao-de-sua-intrigante-segunda-temporada\/\"]}]},{\"@type\":\"ImageObject\",\"inLanguage\":\"en-GB\",\"@id\":\"https:\/\/animangeek.com\/oshi-no-ko-nos-da-uma-nova-visao-de-sua-intrigante-segunda-temporada\/#primaryimage\",\"url\":\"https:\/\/animangeek.com\/wp-content\/uploads\/sites\/106\/2024\/07\/1719846293_Oshi-no-Ko-nos-da-uma-nova-visao-de-sua.webp.webp\",\"contentUrl\":\"https:\/\/animangeek.com\/wp-content\/uploads\/sites\/106\/2024\/07\/1719846293_Oshi-no-Ko-nos-da-uma-nova-visao-de-sua.webp.webp\",\"width\":1280,\"height\":720},{\"@type\":\"BreadcrumbList\",\"@id\":\"https:\/\/animangeek.com\/oshi-no-ko-nos-da-uma-nova-visao-de-sua-intrigante-segunda-temporada\/#breadcrumb\",\"itemListElement\":[{\"@type\":\"ListItem\",\"position\":1,\"name\":\"Home\",\"item\":\"https:\/\/animangeek.com\/\"},{\"@type\":\"ListItem\",\"position\":2,\"name\":\"Oshi no Ko nos d\u00e1 uma nova vis\u00e3o de sua intrigante segunda temporada\"}]},{\"@type\":\"WebSite\",\"@id\":\"https:\/\/animangeek.com\/#website\",\"url\":\"https:\/\/animangeek.com\/\",\"name\":\"Animan Geek\",\"description\":\"\",\"potentialAction\":[{\"@type\":\"SearchAction\",\"target\":{\"@type\":\"EntryPoint\",\"urlTemplate\":\"https:\/\/animangeek.com\/?s={search_term_string}\"},\"query-input\":\"required name=search_term_string\"}],\"inLanguage\":\"en-GB\"}]}<\/script>\n<!-- \/ Yoast SEO plugin. -->","yoast_head_json":{"title":"Oshi no Ko nos d\u00e1 uma nova vis\u00e3o de sua intrigante segunda temporada - Animan Geek","robots":{"index":"index","follow":"follow","max-snippet":"max-snippet:-1","max-image-preview":"max-image-preview:large","max-video-preview":"max-video-preview:-1"},"canonical":"https:\/\/animangeek.com\/en_gb\/oshi-no-ko-nos-da-uma-nova-visao-de-sua-intrigante-segunda-temporada\/","og_locale":"en_GB","og_type":"article","og_title":"Oshi no Ko nos d\u00e1 uma nova vis\u00e3o de sua intrigante segunda temporada - Animan Geek","og_description":"o anime de Oshi no Ko Ele retornar\u00e1 no ver\u00e3o com sua segunda temporada, e para promov\u00ea-la est\u00e1 dispon\u00edvel um novo trailer. \u00c9 gra\u00e7as a isso que voc\u00ea pode ouvir seu tema de encerramento ou encerramento, que \u00e9 conhecido como queimando e \u00e9 cantada por Hitsujibungaku. Tamb\u00e9m havia informa\u00e7\u00f5es sobre a abertura ou m\u00fasica de&hellip; Continue reading Oshi no Ko nos d\u00e1 uma nova vis\u00e3o de sua intrigante segunda temporada","og_url":"https:\/\/animangeek.com\/en_gb\/oshi-no-ko-nos-da-uma-nova-visao-de-sua-intrigante-segunda-temporada\/","og_site_name":"Animan Geek","article_published_time":"2024-07-01T15:04:52+00:00","og_image":[{"width":1280,"height":720,"url":"https:\/\/animangeek.com\/wp-content\/uploads\/sites\/106\/2024\/07\/1719846293_Oshi-no-Ko-nos-da-uma-nova-visao-de-sua.webp.webp","type":"image\/webp"}],"twitter_card":"summary_large_image","twitter_misc":{"Est. reading time":"2 minutes"},"schema":{"@context":"https:\/\/schema.org","@graph":[{"@type":"WebPage","@id":"https:\/\/animangeek.com\/oshi-no-ko-nos-da-uma-nova-visao-de-sua-intrigante-segunda-temporada\/","url":"https:\/\/animangeek.com\/oshi-no-ko-nos-da-uma-nova-visao-de-sua-intrigante-segunda-temporada\/","name":"Oshi no Ko nos d\u00e1 uma nova vis\u00e3o de sua intrigante segunda temporada - Animan Geek","isPartOf":{"@id":"https:\/\/animangeek.com\/#website"},"primaryImageOfPage":{"@id":"https:\/\/animangeek.com\/oshi-no-ko-nos-da-uma-nova-visao-de-sua-intrigante-segunda-temporada\/#primaryimage"},"image":{"@id":"https:\/\/animangeek.com\/oshi-no-ko-nos-da-uma-nova-visao-de-sua-intrigante-segunda-temporada\/#primaryimage"},"thumbnailUrl":"https:\/\/animangeek.com\/wp-content\/uploads\/sites\/106\/2024\/07\/1719846293_Oshi-no-Ko-nos-da-uma-nova-visao-de-sua.webp.webp","datePublished":"2024-07-01T15:04:52+00:00","dateModified":"2024-07-01T15:04:52+00:00","author":{"@id":""},"breadcrumb":{"@id":"https:\/\/animangeek.com\/oshi-no-ko-nos-da-uma-nova-visao-de-sua-intrigante-segunda-temporada\/#breadcrumb"},"inLanguage":"en-GB","potentialAction":[{"@type":"ReadAction","target":["https:\/\/animangeek.com\/oshi-no-ko-nos-da-uma-nova-visao-de-sua-intrigante-segunda-temporada\/"]}]},{"@type":"ImageObject","inLanguage":"en-GB","@id":"https:\/\/animangeek.com\/oshi-no-ko-nos-da-uma-nova-visao-de-sua-intrigante-segunda-temporada\/#primaryimage","url":"https:\/\/animangeek.com\/wp-content\/uploads\/sites\/106\/2024\/07\/1719846293_Oshi-no-Ko-nos-da-uma-nova-visao-de-sua.webp.webp","contentUrl":"https:\/\/animangeek.com\/wp-content\/uploads\/sites\/106\/2024\/07\/1719846293_Oshi-no-Ko-nos-da-uma-nova-visao-de-sua.webp.webp","width":1280,"height":720},{"@type":"BreadcrumbList","@id":"https:\/\/animangeek.com\/oshi-no-ko-nos-da-uma-nova-visao-de-sua-intrigante-segunda-temporada\/#breadcrumb","itemListElement":[{"@type":"ListItem","position":1,"name":"Home","item":"https:\/\/animangeek.com\/"},{"@type":"ListItem","position":2,"name":"Oshi no Ko nos d\u00e1 uma nova vis\u00e3o de sua intrigante segunda temporada"}]},{"@type":"WebSite","@id":"https:\/\/animangeek.com\/#website","url":"https:\/\/animangeek.com\/","name":"Animan Geek","description":"","potentialAction":[{"@type":"SearchAction","target":{"@type":"EntryPoint","urlTemplate":"https:\/\/animangeek.com\/?s={search_term_string}"},"query-input":"required name=search_term_string"}],"inLanguage":"en-GB"}]}},"_links":{"self":[{"href":"https:\/\/animangeek.com\/en_gb\/wp-json\/wp\/v2\/posts\/13718"}],"collection":[{"href":"https:\/\/animangeek.com\/en_gb\/wp-json\/wp\/v2\/posts"}],"about":[{"href":"https:\/\/animangeek.com\/en_gb\/wp-json\/wp\/v2\/types\/post"}],"replies":[{"embeddable":true,"href":"https:\/\/animangeek.com\/en_gb\/wp-json\/wp\/v2\/comments?post=13718"}],"version-history":[{"count":0,"href":"https:\/\/animangeek.com\/en_gb\/wp-json\/wp\/v2\/posts\/13718\/revisions"}],"wp:featuredmedia":[{"embeddable":true,"href":"https:\/\/animangeek.com\/en_gb\/wp-json\/wp\/v2\/media\/13720"}],"wp:attachment":[{"href":"https:\/\/animangeek.com\/en_gb\/wp-json\/wp\/v2\/media?parent=13718"}],"wp:term":[{"taxonomy":"category","embeddable":true,"href":"https:\/\/animangeek.com\/en_gb\/wp-json\/wp\/v2\/categories?post=13718"},{"taxonomy":"post_tag","embeddable":true,"href":"https:\/\/animangeek.com\/en_gb\/wp-json\/wp\/v2\/tags?post=13718"}],"curies":[{"name":"wp","href":"https:\/\/api.w.org\/{rel}","templated":true}]}}