{"id":14221,"date":"2024-07-12T22:49:32","date_gmt":"2024-07-13T01:49:32","guid":{"rendered":"https:\/\/animangeek.com\/girls-band-cry-ja-esta-com-problemas\/"},"modified":"2024-07-12T22:49:32","modified_gmt":"2024-07-13T01:49:32","slug":"girls-band-cry-ja-esta-com-problemas","status":"publish","type":"post","link":"https:\/\/animangeek.com\/en_gb\/girls-band-cry-ja-esta-com-problemas\/","title":{"rendered":"Girls Band Cry is already in trouble"},"content":{"rendered":"<div class=\"mx-5 sm:mx-0 prose text-left mb-5\"><\/p>\n<div>\n<p>The franchise \u201c<strong>Female band cries<\/strong>&quot;, one of the most beloved in the anime world, issued an important statement that left its followers worried. The main band, <strong>Togenashi Togeari<\/strong>composed of <strong>To fight<\/strong>, <strong>I looked<\/strong>, <strong>Yuri<\/strong>, <strong>Shuri<\/strong> and <strong>Natsu<\/strong>will face significant changes to its lineup due to health issues.<\/p>\n<p><strong>Mirei and Natsu<\/strong>, who had been absent recently due to health problems, were evaluated by doctors and determined to be unable to continue their activities at this time. For him, <strong>decided to prioritize their health and take an indefinite break to recover<\/strong>. Nonetheless, <strong>Rina, Yuuri and Shuri<\/strong> They will continue with the band&#039;s activities.<\/p>\n<p>The statement states:<\/p>\n<ul>\n<li>\u00ab<em>We are always grateful for Togenashi Togeari&#039;s support. Due to health issues, Mirei and Natsu, who were absent, will not be able to continue their activities as per medical evaluation. <strong>Prioritizing their recovery, we have decided that they will take an indefinite break.<\/strong> During this time, Rina, Yuuri, and Shuri will continue their activities. We apologize for the concerns and inconvenience caused to fans and those involved. We appreciate your understanding and ask that you continue to warmly support Togenashi Togeari.<\/em>\u00bb.<\/li>\n<\/ul>\n<div class=\"wp-block-image\">\n<figure class=\"aligncenter size-full\"><img loading=\"lazy\" decoding=\"async\" width=\"1280\" height=\"720\" src=\"http:\/\/animangeek.com\/wp-content\/uploads\/sites\/106\/2024\/07\/Girls-Band-Cry-ja-esta-com-problemas.png\" alt=\"\" class=\"wp-image-333112\"  \/><\/figure>\n<\/div>\n<p><strong>\u201cGirl Band Cry\u201d<\/strong>created and produced by <strong>Toei Animation<\/strong>is an original anime series directed by <strong>Kazuo Sakai<\/strong> and written by <strong>Jukki Hanada<\/strong>with character designs from <strong>Nari Teshima<\/strong>CGI direction of <strong>Mari Kondo and Jae Hoon Jung<\/strong>and music composed by <strong>Kenji Tamai<\/strong>. It aired during the spring-2024 (April-June) television season in Japan.<\/p>\n<p>The series tells the story of <strong>Nina Iseri<\/strong>, a 17-year-old girl searching for her life&#039;s purpose and wanting to get into a good university. However, her first day in Tokyo is full of difficulties until she meets <strong>Momoka Kawaragi<\/strong>your favorite guitarist. <strong>Together they decide to form a band, adding Subaru Awa as drummer, Tomo Ebizuka on keyboard and Rupa on bass.<\/strong>The five girls face countless challenges both in the music industry and in their personal lives, but their passion for music drives them to never give up.<\/p>\n<p>Fans expressed their concern and support through various comments, such as:<\/p>\n<ul>\n<li>\u00ab<em>We look forward to your recovery. Take good care of yourselves!<\/em>\u00bb.<\/li>\n<li>\u00ab<em>I hope you both recover soon... I&#039;d love to see you back at the next show! The most important thing is that you recover without any problems!<\/em>\u00bb.<\/li>\n<li>\u00ab<em>I pray for both of your recovery. I always support everyone at Togetoge.<\/em>\u00bb.<\/li>\n<li>\u00ab<em>Let&#039;s take things slowly. We&#039;ll always be waiting<\/em>\u00bb.<\/li>\n<li>\u00ab<em>It&#039;s great that they&#039;re busy with so many things, but I also think it puts a lot of pressure on them. Please, the crew and production team, take care of the members&#039; physical and mental well-being. We&#039;ll always be waiting, so make sure you continue your activities stress-free.<\/em>\u00bb.<\/li>\n<li>\u00ab<em>I always silently support you. Please take care of your health first. Don&#039;t rush to recover without rushing.<\/em>\u00bb.<\/li>\n<li>\u00ab<em>Take care\u2026 I&#039;m waiting for the day when the five of you can perform together in a show.<\/em>\u00bb.<\/li>\n<li>\u00ab<em>Sometimes rest is important too. Don&#039;t rush to recover.<\/em>\u00bb.<\/li>\n<li>\u00ab<em>Deciding to take a break and recover well is important. The remaining three members are also great, so Togetoge will be fine!<\/em>\u00bb.<\/li>\n<\/ul>\n<p>Source: <strong><a rel=\"nofollow noopener\" target=\"_blank\" href=\"http:\/\/blog.esuteru.com\/archives\/10237524.html\">Hachika Kikou<\/a><\/strong><\/p>\n<\/div>\n<p><\/div>","protected":false},"excerpt":{"rendered":"<p>The &quot;Girl Band Cry&quot; franchise, one of the most beloved in the anime world, issued an important statement that has left its fans concerned. The main band, Togenashi Togeari, composed of Lutar, Mirei, Yuri, Shuri, and Natsu, will face significant changes to its lineup due to health issues. Mirei and Natsu, who were recently absent due to health issues,\u2026 <a class=\"more-link\" href=\"https:\/\/animangeek.com\/en_gb\/girls-band-cry-ja-esta-com-problemas\/\">Continue reading <span class=\"screen-reader-text\">Girls Band Cry is already in trouble<\/span><\/a><\/p>","protected":false},"author":0,"featured_media":14222,"comment_status":"open","ping_status":"open","sticky":false,"template":"","format":"standard","meta":{"footnotes":""},"categories":[5],"tags":[119,244],"yoast_head":"<!-- This site is optimized with the Yoast SEO plugin v23.3 - https:\/\/yoast.com\/wordpress\/plugins\/seo\/ -->\n<title>Girls Band Cry j\u00e1 est\u00e1 com problemas - Animan Geek<\/title>\n<meta name=\"robots\" content=\"index, follow, max-snippet:-1, max-image-preview:large, max-video-preview:-1\" \/>\n<link rel=\"canonical\" href=\"https:\/\/animangeek.com\/en_gb\/girls-band-cry-ja-esta-com-problemas\/\" \/>\n<meta property=\"og:locale\" content=\"en_GB\" \/>\n<meta property=\"og:type\" content=\"article\" \/>\n<meta property=\"og:title\" content=\"Girls Band Cry j\u00e1 est\u00e1 com problemas - Animan Geek\" \/>\n<meta property=\"og:description\" content=\"A franquia &#8220;Banda feminina chora\u201c, uma das mais queridas do mundo dos animes, emitiu um comunicado importante que deixou seus seguidores preocupados. A banda principal, Togenashi Togearicomposta por Lutar, Mirei, Yuri, Shuri e natsuenfrentar\u00e1 mudan\u00e7as significativas em sua escala\u00e7\u00e3o devido a problemas de sa\u00fade. Mirei e Natsu, que estavam ausentes recentemente por problemas de sa\u00fade,&hellip; Continue reading Girls Band Cry j\u00e1 est\u00e1 com problemas\" \/>\n<meta property=\"og:url\" content=\"https:\/\/animangeek.com\/en_gb\/girls-band-cry-ja-esta-com-problemas\/\" \/>\n<meta property=\"og:site_name\" content=\"Animan Geek\" \/>\n<meta property=\"article:published_time\" content=\"2024-07-13T01:49:32+00:00\" \/>\n<meta property=\"og:image\" content=\"https:\/\/animangeek.com\/wp-content\/uploads\/sites\/106\/2024\/07\/Girls-Band-Cry-ja-esta-com-problemas.jpg\" \/>\n\t<meta property=\"og:image:width\" content=\"1920\" \/>\n\t<meta property=\"og:image:height\" content=\"1080\" \/>\n\t<meta property=\"og:image:type\" content=\"image\/jpeg\" \/>\n<meta name=\"twitter:card\" content=\"summary_large_image\" \/>\n<meta name=\"twitter:label1\" content=\"Est. reading time\" \/>\n\t<meta name=\"twitter:data1\" content=\"3 minutes\" \/>\n<script type=\"application\/ld+json\" class=\"yoast-schema-graph\">{\"@context\":\"https:\/\/schema.org\",\"@graph\":[{\"@type\":\"WebPage\",\"@id\":\"https:\/\/animangeek.com\/girls-band-cry-ja-esta-com-problemas\/\",\"url\":\"https:\/\/animangeek.com\/girls-band-cry-ja-esta-com-problemas\/\",\"name\":\"Girls Band Cry j\u00e1 est\u00e1 com problemas - Animan Geek\",\"isPartOf\":{\"@id\":\"https:\/\/animangeek.com\/#website\"},\"primaryImageOfPage\":{\"@id\":\"https:\/\/animangeek.com\/girls-band-cry-ja-esta-com-problemas\/#primaryimage\"},\"image\":{\"@id\":\"https:\/\/animangeek.com\/girls-band-cry-ja-esta-com-problemas\/#primaryimage\"},\"thumbnailUrl\":\"https:\/\/animangeek.com\/wp-content\/uploads\/sites\/106\/2024\/07\/Girls-Band-Cry-ja-esta-com-problemas.jpg\",\"datePublished\":\"2024-07-13T01:49:32+00:00\",\"dateModified\":\"2024-07-13T01:49:32+00:00\",\"author\":{\"@id\":\"\"},\"breadcrumb\":{\"@id\":\"https:\/\/animangeek.com\/girls-band-cry-ja-esta-com-problemas\/#breadcrumb\"},\"inLanguage\":\"en-GB\",\"potentialAction\":[{\"@type\":\"ReadAction\",\"target\":[\"https:\/\/animangeek.com\/girls-band-cry-ja-esta-com-problemas\/\"]}]},{\"@type\":\"ImageObject\",\"inLanguage\":\"en-GB\",\"@id\":\"https:\/\/animangeek.com\/girls-band-cry-ja-esta-com-problemas\/#primaryimage\",\"url\":\"https:\/\/animangeek.com\/wp-content\/uploads\/sites\/106\/2024\/07\/Girls-Band-Cry-ja-esta-com-problemas.jpg\",\"contentUrl\":\"https:\/\/animangeek.com\/wp-content\/uploads\/sites\/106\/2024\/07\/Girls-Band-Cry-ja-esta-com-problemas.jpg\",\"width\":1920,\"height\":1080},{\"@type\":\"BreadcrumbList\",\"@id\":\"https:\/\/animangeek.com\/girls-band-cry-ja-esta-com-problemas\/#breadcrumb\",\"itemListElement\":[{\"@type\":\"ListItem\",\"position\":1,\"name\":\"Home\",\"item\":\"https:\/\/animangeek.com\/\"},{\"@type\":\"ListItem\",\"position\":2,\"name\":\"Girls Band Cry j\u00e1 est\u00e1 com problemas\"}]},{\"@type\":\"WebSite\",\"@id\":\"https:\/\/animangeek.com\/#website\",\"url\":\"https:\/\/animangeek.com\/\",\"name\":\"Animan Geek\",\"description\":\"\",\"potentialAction\":[{\"@type\":\"SearchAction\",\"target\":{\"@type\":\"EntryPoint\",\"urlTemplate\":\"https:\/\/animangeek.com\/?s={search_term_string}\"},\"query-input\":\"required name=search_term_string\"}],\"inLanguage\":\"en-GB\"}]}<\/script>\n<!-- \/ Yoast SEO plugin. -->","yoast_head_json":{"title":"Girls Band Cry j\u00e1 est\u00e1 com problemas - Animan Geek","robots":{"index":"index","follow":"follow","max-snippet":"max-snippet:-1","max-image-preview":"max-image-preview:large","max-video-preview":"max-video-preview:-1"},"canonical":"https:\/\/animangeek.com\/en_gb\/girls-band-cry-ja-esta-com-problemas\/","og_locale":"en_GB","og_type":"article","og_title":"Girls Band Cry j\u00e1 est\u00e1 com problemas - Animan Geek","og_description":"A franquia &#8220;Banda feminina chora\u201c, uma das mais queridas do mundo dos animes, emitiu um comunicado importante que deixou seus seguidores preocupados. A banda principal, Togenashi Togearicomposta por Lutar, Mirei, Yuri, Shuri e natsuenfrentar\u00e1 mudan\u00e7as significativas em sua escala\u00e7\u00e3o devido a problemas de sa\u00fade. Mirei e Natsu, que estavam ausentes recentemente por problemas de sa\u00fade,&hellip; Continue reading Girls Band Cry j\u00e1 est\u00e1 com problemas","og_url":"https:\/\/animangeek.com\/en_gb\/girls-band-cry-ja-esta-com-problemas\/","og_site_name":"Animan Geek","article_published_time":"2024-07-13T01:49:32+00:00","og_image":[{"width":1920,"height":1080,"url":"https:\/\/animangeek.com\/wp-content\/uploads\/sites\/106\/2024\/07\/Girls-Band-Cry-ja-esta-com-problemas.jpg","type":"image\/jpeg"}],"twitter_card":"summary_large_image","twitter_misc":{"Est. reading time":"3 minutes"},"schema":{"@context":"https:\/\/schema.org","@graph":[{"@type":"WebPage","@id":"https:\/\/animangeek.com\/girls-band-cry-ja-esta-com-problemas\/","url":"https:\/\/animangeek.com\/girls-band-cry-ja-esta-com-problemas\/","name":"Girls Band Cry j\u00e1 est\u00e1 com problemas - Animan Geek","isPartOf":{"@id":"https:\/\/animangeek.com\/#website"},"primaryImageOfPage":{"@id":"https:\/\/animangeek.com\/girls-band-cry-ja-esta-com-problemas\/#primaryimage"},"image":{"@id":"https:\/\/animangeek.com\/girls-band-cry-ja-esta-com-problemas\/#primaryimage"},"thumbnailUrl":"https:\/\/animangeek.com\/wp-content\/uploads\/sites\/106\/2024\/07\/Girls-Band-Cry-ja-esta-com-problemas.jpg","datePublished":"2024-07-13T01:49:32+00:00","dateModified":"2024-07-13T01:49:32+00:00","author":{"@id":""},"breadcrumb":{"@id":"https:\/\/animangeek.com\/girls-band-cry-ja-esta-com-problemas\/#breadcrumb"},"inLanguage":"en-GB","potentialAction":[{"@type":"ReadAction","target":["https:\/\/animangeek.com\/girls-band-cry-ja-esta-com-problemas\/"]}]},{"@type":"ImageObject","inLanguage":"en-GB","@id":"https:\/\/animangeek.com\/girls-band-cry-ja-esta-com-problemas\/#primaryimage","url":"https:\/\/animangeek.com\/wp-content\/uploads\/sites\/106\/2024\/07\/Girls-Band-Cry-ja-esta-com-problemas.jpg","contentUrl":"https:\/\/animangeek.com\/wp-content\/uploads\/sites\/106\/2024\/07\/Girls-Band-Cry-ja-esta-com-problemas.jpg","width":1920,"height":1080},{"@type":"BreadcrumbList","@id":"https:\/\/animangeek.com\/girls-band-cry-ja-esta-com-problemas\/#breadcrumb","itemListElement":[{"@type":"ListItem","position":1,"name":"Home","item":"https:\/\/animangeek.com\/"},{"@type":"ListItem","position":2,"name":"Girls Band Cry j\u00e1 est\u00e1 com problemas"}]},{"@type":"WebSite","@id":"https:\/\/animangeek.com\/#website","url":"https:\/\/animangeek.com\/","name":"Animan Geek","description":"","potentialAction":[{"@type":"SearchAction","target":{"@type":"EntryPoint","urlTemplate":"https:\/\/animangeek.com\/?s={search_term_string}"},"query-input":"required name=search_term_string"}],"inLanguage":"en-GB"}]}},"_links":{"self":[{"href":"https:\/\/animangeek.com\/en_gb\/wp-json\/wp\/v2\/posts\/14221"}],"collection":[{"href":"https:\/\/animangeek.com\/en_gb\/wp-json\/wp\/v2\/posts"}],"about":[{"href":"https:\/\/animangeek.com\/en_gb\/wp-json\/wp\/v2\/types\/post"}],"replies":[{"embeddable":true,"href":"https:\/\/animangeek.com\/en_gb\/wp-json\/wp\/v2\/comments?post=14221"}],"version-history":[{"count":0,"href":"https:\/\/animangeek.com\/en_gb\/wp-json\/wp\/v2\/posts\/14221\/revisions"}],"wp:featuredmedia":[{"embeddable":true,"href":"https:\/\/animangeek.com\/en_gb\/wp-json\/wp\/v2\/media\/14222"}],"wp:attachment":[{"href":"https:\/\/animangeek.com\/en_gb\/wp-json\/wp\/v2\/media?parent=14221"}],"wp:term":[{"taxonomy":"category","embeddable":true,"href":"https:\/\/animangeek.com\/en_gb\/wp-json\/wp\/v2\/categories?post=14221"},{"taxonomy":"post_tag","embeddable":true,"href":"https:\/\/animangeek.com\/en_gb\/wp-json\/wp\/v2\/tags?post=14221"}],"curies":[{"name":"wp","href":"https:\/\/api.w.org\/{rel}","templated":true}]}}