{"id":14579,"date":"2024-07-23T13:20:11","date_gmt":"2024-07-23T16:20:11","guid":{"rendered":"https:\/\/animangeek.com\/autor-de-boku-no-hero-academia-nao-planeja-sequencia\/"},"modified":"2024-07-23T13:20:11","modified_gmt":"2024-07-23T16:20:11","slug":"autor-de-boku-no-hero-academia-nao-planeja-sequencia","status":"publish","type":"post","link":"https:\/\/animangeek.com\/en_gb\/autor-de-boku-no-hero-academia-nao-planeja-sequencia\/","title":{"rendered":"My Hero Academia author has no plans for a sequel."},"content":{"rendered":"<div class=\"mx-5 sm:mx-0 prose text-left mb-5\"><\/p>\n<div>\n<p>As \u201c<strong>Boku no Hero Academia<\/strong>\u201d is approaching its finale, scheduled for the next few weeks, fans have been immersed in a wave of curiosity about the characters and plots that Kohei Horikoshi, the series creator, may have left in the pipeline. <strong>In a recent interview, Horikoshi provided insightful insight into his narrative approach and future intentions, ruling out any possibility of a second installment focused on unexplored details.<\/strong><\/p>\n<p><strong>\u201cMy Hero Academia\u201d has been one of the most influential and popular series of the last decade, attracting a vast global audience with its fascinating blend of superheroes, drama and action.<\/strong> The story follows Izuku Midoriya, a young man born without superpowers in a world where they are common, and his journey to become the greatest hero after receiving the power of One For All. Throughout its run, the series introduced a rich array of characters and a complex narrative that kept viewers on edge.<\/p>\n<div class=\"wp-block-image\">\n<figure class=\"aligncenter size-full\"><img loading=\"lazy\" decoding=\"async\" width=\"1200\" height=\"630\" src=\"http:\/\/animangeek.com\/wp-content\/uploads\/sites\/106\/2024\/07\/Autor-de-Boku-no-Hero-Academia-nao-planeja-sequencia.png\" alt=\"Boku no Hero Academia\" class=\"wp-image-333612\"  \/><\/figure>\n<\/div>\n<p>In the interview, when asked if there were characters or stories you would have liked to explore further but hadn&#039;t had the opportunity, <strong>Horikoshi responded that although he had created characters and their detailed backstories, he intentionally decided not to include them in the main story.<\/strong> He specifically mentioned previous wielders of One For All, of whom he had detailed histories, but chose to leave them out. <strong>This decision was not due to lack of time or space, but rather a deliberate choice to keep certain elements a mystery.<\/strong><\/p>\n<p><strong>When asked if he would ever want to draw these backgrounds, Horikoshi was adamant that he wouldn&#039;t.<\/strong> He explained that his intention was to suggest these elements, rather than fully develop them. <strong>He compared his approach to the film &quot;Terminator 2,&quot; where John Connor&#039;s future is hinted at but not shown in detail, allowing the viewer&#039;s imagination to fill in the story.<\/strong> For Horikoshi, this technique enriches the narrative experience, allowing fans to create their own versions and theories about unexplored elements.<\/p>\n<p>This answer also indirectly addressed the question about the possibility of a second part of \u201cMy Hero Academia\u201d. <strong>Horikoshi made it clear that although he thought of many characters and episodes that he didn&#039;t draw, he doesn&#039;t feel like he missed anything and is completely satisfied with the result.<\/strong> He preferred to keep certain stories and characters within the scope of what was suggested, thus enriching the main narrative without overloading it with additional details.<\/p>\n<p><strong>The conclusion of \u201cMy Hero Academia\u201d marks the end of an era for many fans, but it also leaves a rich legacy of characters and storylines that have captured the imagination of millions.<\/strong> Horikoshi&#039;s answers reflect a mature and thoughtful narrative approach, where the intentional omission of certain details contributes to the depth and mystery of the world he created. As the series draws to a close, fans can take comfort in knowing that every element, both shown and hinted at, was part of a carefully planned vision by its creator (<strong>supposedly<\/strong>).<\/p>\n<p>Source: <strong><a rel=\"nofollow noopener\" target=\"_blank\" href=\"https:\/\/www.viz.com\/blog\/posts\/kohei-horikoshi-on-10-years-of-my-hero-academia\">Media Viewing<\/a><\/strong><\/p>\n<\/div>\n<p><\/div>","protected":false},"excerpt":{"rendered":"<p>As &quot;My Hero Academia&quot; nears its finale in the coming weeks, fans have been immersed in a wave of curiosity about the characters and plotlines that series creator Kohei Horikoshi may have left in the pipeline. In a recent interview, Horikoshi provided insightful insight into the\u2026 <a class=\"more-link\" href=\"https:\/\/animangeek.com\/en_gb\/autor-de-boku-no-hero-academia-nao-planeja-sequencia\/\">Continue reading <span class=\"screen-reader-text\">My Hero Academia author has no plans for a sequel.<\/span><\/a><\/p>","protected":false},"author":0,"featured_media":14580,"comment_status":"open","ping_status":"open","sticky":false,"template":"","format":"standard","meta":{"footnotes":""},"categories":[5],"tags":[271,1449],"yoast_head":"<!-- This site is optimized with the Yoast SEO plugin v23.3 - https:\/\/yoast.com\/wordpress\/plugins\/seo\/ -->\n<title>Autor de Boku no Hero Academia n\u00e3o planeja sequ\u00eancia - Animan Geek<\/title>\n<meta name=\"robots\" content=\"index, follow, max-snippet:-1, max-image-preview:large, max-video-preview:-1\" \/>\n<link rel=\"canonical\" href=\"https:\/\/animangeek.com\/en_gb\/autor-de-boku-no-hero-academia-nao-planeja-sequencia\/\" \/>\n<meta property=\"og:locale\" content=\"en_GB\" \/>\n<meta property=\"og:type\" content=\"article\" \/>\n<meta property=\"og:title\" content=\"Autor de Boku no Hero Academia n\u00e3o planeja sequ\u00eancia - Animan Geek\" \/>\n<meta property=\"og:description\" content=\"A medida que &#8220;Boku no Hero Academia\u201d est\u00e1 se aproximando do seu final, previsto para as pr\u00f3ximas semanas, os f\u00e3s t\u00eam estado imersos em uma onda de curiosidade sobre os personagens e enredos que Kohei Horikoshi, o criador da s\u00e9rie, pode ter deixado na calha. Numa entrevista recente, Horikoshi forneceu uma vis\u00e3o perspicaz sobre a&hellip; Continue reading Autor de Boku no Hero Academia n\u00e3o planeja sequ\u00eancia\" \/>\n<meta property=\"og:url\" content=\"https:\/\/animangeek.com\/en_gb\/autor-de-boku-no-hero-academia-nao-planeja-sequencia\/\" \/>\n<meta property=\"og:site_name\" content=\"Animan Geek\" \/>\n<meta property=\"article:published_time\" content=\"2024-07-23T16:20:11+00:00\" \/>\n<meta property=\"og:image\" content=\"https:\/\/animangeek.com\/wp-content\/uploads\/sites\/106\/2024\/07\/Autor-de-Boku-no-Hero-Academia-nao-planeja-sequencia.jpg\" \/>\n\t<meta property=\"og:image:width\" content=\"1920\" \/>\n\t<meta property=\"og:image:height\" content=\"1080\" \/>\n\t<meta property=\"og:image:type\" content=\"image\/jpeg\" \/>\n<meta name=\"twitter:card\" content=\"summary_large_image\" \/>\n<meta name=\"twitter:label1\" content=\"Est. reading time\" \/>\n\t<meta name=\"twitter:data1\" content=\"3 minutes\" \/>\n<script type=\"application\/ld+json\" class=\"yoast-schema-graph\">{\"@context\":\"https:\/\/schema.org\",\"@graph\":[{\"@type\":\"WebPage\",\"@id\":\"https:\/\/animangeek.com\/autor-de-boku-no-hero-academia-nao-planeja-sequencia\/\",\"url\":\"https:\/\/animangeek.com\/autor-de-boku-no-hero-academia-nao-planeja-sequencia\/\",\"name\":\"Autor de Boku no Hero Academia n\u00e3o planeja sequ\u00eancia - Animan Geek\",\"isPartOf\":{\"@id\":\"https:\/\/animangeek.com\/#website\"},\"primaryImageOfPage\":{\"@id\":\"https:\/\/animangeek.com\/autor-de-boku-no-hero-academia-nao-planeja-sequencia\/#primaryimage\"},\"image\":{\"@id\":\"https:\/\/animangeek.com\/autor-de-boku-no-hero-academia-nao-planeja-sequencia\/#primaryimage\"},\"thumbnailUrl\":\"https:\/\/animangeek.com\/wp-content\/uploads\/sites\/106\/2024\/07\/Autor-de-Boku-no-Hero-Academia-nao-planeja-sequencia.jpg\",\"datePublished\":\"2024-07-23T16:20:11+00:00\",\"dateModified\":\"2024-07-23T16:20:11+00:00\",\"author\":{\"@id\":\"\"},\"breadcrumb\":{\"@id\":\"https:\/\/animangeek.com\/autor-de-boku-no-hero-academia-nao-planeja-sequencia\/#breadcrumb\"},\"inLanguage\":\"en-GB\",\"potentialAction\":[{\"@type\":\"ReadAction\",\"target\":[\"https:\/\/animangeek.com\/autor-de-boku-no-hero-academia-nao-planeja-sequencia\/\"]}]},{\"@type\":\"ImageObject\",\"inLanguage\":\"en-GB\",\"@id\":\"https:\/\/animangeek.com\/autor-de-boku-no-hero-academia-nao-planeja-sequencia\/#primaryimage\",\"url\":\"https:\/\/animangeek.com\/wp-content\/uploads\/sites\/106\/2024\/07\/Autor-de-Boku-no-Hero-Academia-nao-planeja-sequencia.jpg\",\"contentUrl\":\"https:\/\/animangeek.com\/wp-content\/uploads\/sites\/106\/2024\/07\/Autor-de-Boku-no-Hero-Academia-nao-planeja-sequencia.jpg\",\"width\":1920,\"height\":1080},{\"@type\":\"BreadcrumbList\",\"@id\":\"https:\/\/animangeek.com\/autor-de-boku-no-hero-academia-nao-planeja-sequencia\/#breadcrumb\",\"itemListElement\":[{\"@type\":\"ListItem\",\"position\":1,\"name\":\"Home\",\"item\":\"https:\/\/animangeek.com\/\"},{\"@type\":\"ListItem\",\"position\":2,\"name\":\"Autor de Boku no Hero Academia n\u00e3o planeja sequ\u00eancia\"}]},{\"@type\":\"WebSite\",\"@id\":\"https:\/\/animangeek.com\/#website\",\"url\":\"https:\/\/animangeek.com\/\",\"name\":\"Animan Geek\",\"description\":\"\",\"potentialAction\":[{\"@type\":\"SearchAction\",\"target\":{\"@type\":\"EntryPoint\",\"urlTemplate\":\"https:\/\/animangeek.com\/?s={search_term_string}\"},\"query-input\":\"required name=search_term_string\"}],\"inLanguage\":\"en-GB\"}]}<\/script>\n<!-- \/ Yoast SEO plugin. -->","yoast_head_json":{"title":"Autor de Boku no Hero Academia n\u00e3o planeja sequ\u00eancia - Animan Geek","robots":{"index":"index","follow":"follow","max-snippet":"max-snippet:-1","max-image-preview":"max-image-preview:large","max-video-preview":"max-video-preview:-1"},"canonical":"https:\/\/animangeek.com\/en_gb\/autor-de-boku-no-hero-academia-nao-planeja-sequencia\/","og_locale":"en_GB","og_type":"article","og_title":"Autor de Boku no Hero Academia n\u00e3o planeja sequ\u00eancia - Animan Geek","og_description":"A medida que &#8220;Boku no Hero Academia\u201d est\u00e1 se aproximando do seu final, previsto para as pr\u00f3ximas semanas, os f\u00e3s t\u00eam estado imersos em uma onda de curiosidade sobre os personagens e enredos que Kohei Horikoshi, o criador da s\u00e9rie, pode ter deixado na calha. Numa entrevista recente, Horikoshi forneceu uma vis\u00e3o perspicaz sobre a&hellip; Continue reading Autor de Boku no Hero Academia n\u00e3o planeja sequ\u00eancia","og_url":"https:\/\/animangeek.com\/en_gb\/autor-de-boku-no-hero-academia-nao-planeja-sequencia\/","og_site_name":"Animan Geek","article_published_time":"2024-07-23T16:20:11+00:00","og_image":[{"width":1920,"height":1080,"url":"https:\/\/animangeek.com\/wp-content\/uploads\/sites\/106\/2024\/07\/Autor-de-Boku-no-Hero-Academia-nao-planeja-sequencia.jpg","type":"image\/jpeg"}],"twitter_card":"summary_large_image","twitter_misc":{"Est. reading time":"3 minutes"},"schema":{"@context":"https:\/\/schema.org","@graph":[{"@type":"WebPage","@id":"https:\/\/animangeek.com\/autor-de-boku-no-hero-academia-nao-planeja-sequencia\/","url":"https:\/\/animangeek.com\/autor-de-boku-no-hero-academia-nao-planeja-sequencia\/","name":"Autor de Boku no Hero Academia n\u00e3o planeja sequ\u00eancia - Animan Geek","isPartOf":{"@id":"https:\/\/animangeek.com\/#website"},"primaryImageOfPage":{"@id":"https:\/\/animangeek.com\/autor-de-boku-no-hero-academia-nao-planeja-sequencia\/#primaryimage"},"image":{"@id":"https:\/\/animangeek.com\/autor-de-boku-no-hero-academia-nao-planeja-sequencia\/#primaryimage"},"thumbnailUrl":"https:\/\/animangeek.com\/wp-content\/uploads\/sites\/106\/2024\/07\/Autor-de-Boku-no-Hero-Academia-nao-planeja-sequencia.jpg","datePublished":"2024-07-23T16:20:11+00:00","dateModified":"2024-07-23T16:20:11+00:00","author":{"@id":""},"breadcrumb":{"@id":"https:\/\/animangeek.com\/autor-de-boku-no-hero-academia-nao-planeja-sequencia\/#breadcrumb"},"inLanguage":"en-GB","potentialAction":[{"@type":"ReadAction","target":["https:\/\/animangeek.com\/autor-de-boku-no-hero-academia-nao-planeja-sequencia\/"]}]},{"@type":"ImageObject","inLanguage":"en-GB","@id":"https:\/\/animangeek.com\/autor-de-boku-no-hero-academia-nao-planeja-sequencia\/#primaryimage","url":"https:\/\/animangeek.com\/wp-content\/uploads\/sites\/106\/2024\/07\/Autor-de-Boku-no-Hero-Academia-nao-planeja-sequencia.jpg","contentUrl":"https:\/\/animangeek.com\/wp-content\/uploads\/sites\/106\/2024\/07\/Autor-de-Boku-no-Hero-Academia-nao-planeja-sequencia.jpg","width":1920,"height":1080},{"@type":"BreadcrumbList","@id":"https:\/\/animangeek.com\/autor-de-boku-no-hero-academia-nao-planeja-sequencia\/#breadcrumb","itemListElement":[{"@type":"ListItem","position":1,"name":"Home","item":"https:\/\/animangeek.com\/"},{"@type":"ListItem","position":2,"name":"Autor de Boku no Hero Academia n\u00e3o planeja sequ\u00eancia"}]},{"@type":"WebSite","@id":"https:\/\/animangeek.com\/#website","url":"https:\/\/animangeek.com\/","name":"Animan Geek","description":"","potentialAction":[{"@type":"SearchAction","target":{"@type":"EntryPoint","urlTemplate":"https:\/\/animangeek.com\/?s={search_term_string}"},"query-input":"required name=search_term_string"}],"inLanguage":"en-GB"}]}},"_links":{"self":[{"href":"https:\/\/animangeek.com\/en_gb\/wp-json\/wp\/v2\/posts\/14579"}],"collection":[{"href":"https:\/\/animangeek.com\/en_gb\/wp-json\/wp\/v2\/posts"}],"about":[{"href":"https:\/\/animangeek.com\/en_gb\/wp-json\/wp\/v2\/types\/post"}],"replies":[{"embeddable":true,"href":"https:\/\/animangeek.com\/en_gb\/wp-json\/wp\/v2\/comments?post=14579"}],"version-history":[{"count":0,"href":"https:\/\/animangeek.com\/en_gb\/wp-json\/wp\/v2\/posts\/14579\/revisions"}],"wp:featuredmedia":[{"embeddable":true,"href":"https:\/\/animangeek.com\/en_gb\/wp-json\/wp\/v2\/media\/14580"}],"wp:attachment":[{"href":"https:\/\/animangeek.com\/en_gb\/wp-json\/wp\/v2\/media?parent=14579"}],"wp:term":[{"taxonomy":"category","embeddable":true,"href":"https:\/\/animangeek.com\/en_gb\/wp-json\/wp\/v2\/categories?post=14579"},{"taxonomy":"post_tag","embeddable":true,"href":"https:\/\/animangeek.com\/en_gb\/wp-json\/wp\/v2\/tags?post=14579"}],"curies":[{"name":"wp","href":"https:\/\/api.w.org\/{rel}","templated":true}]}}