{"id":18955,"date":"2024-09-19T12:06:31","date_gmt":"2024-09-19T15:06:31","guid":{"rendered":"https:\/\/animangeek.com\/eles-acreditam-que-jujutsu-kaisen-tera-uma-sequencia-de-manga\/"},"modified":"2024-09-19T12:06:31","modified_gmt":"2024-09-19T15:06:31","slug":"eles-acreditam-que-jujutsu-kaisen-tera-uma-sequencia-de-manga","status":"publish","type":"post","link":"https:\/\/animangeek.com\/en_gb\/eles-acreditam-que-jujutsu-kaisen-tera-uma-sequencia-de-manga\/","title":{"rendered":"They believe Jujutsu Kaisen will have a manga sequel"},"content":{"rendered":"<div class=\"mx-5 sm:mx-0 prose text-left mb-5\">\n<div>\n<p>Recent leaks have raised expectations among fans of \u201c<strong>Jujutsu Kaisen<\/strong>\u201c, confirming that <strong>The manga&#039;s final chapter, scheduled to be published on September 29 in Weekly Shonen Jump magazine, will include several &quot;happy announcements.&quot;<\/strong> According to these reports, author Gege Akutami will say goodbye to the series with a beautiful color illustration and a special announcement that was described as a gift for fans of the work. <strong>Additionally, the series editor contributed to the speculation by declaring that &quot;there will be more Jujutsu Kaisen to come,&quot; which sparked all sorts of theories about the future of the franchise.<\/strong><\/p>\n<div class=\"wp-block-image\">\n<figure class=\"aligncenter size-full\"><img loading=\"lazy\" decoding=\"async\" width=\"1280\" height=\"2008\" src=\"https:\/\/animangeek.com\/wp-content\/uploads\/2024\/09\/Eles-acreditam-que-Jujutsu-Kaisen-tera-uma-sequencia-de-manga.jpg\" alt=\"Jujutsu Kaisen\" class=\"wp-image-336934\"  \/><figcaption class=\"wp-element-caption\">\u00a9GEGE AKUTAMI\/SHUEISHA<\/figcaption><\/figure>\n<\/div>\n<p><strong>One of the most discussed points among fans is the possibility of a direct sequel.<\/strong> Although Gege Akutami has reiterated on several occasions his intention to end the manga as soon as possible, these new statements have fueled debate over whether the manga&#039;s end will truly be final. <strong>Many followers believe that the plot was resolved abruptly in the last chapters, which has generated some dissatisfaction among readers. <\/strong>However, the publisher&#039;s announcement left open the possibility of Jujutsu Kaisen continuing in some form, whether with a spin-off, new derivative stories, or even the expansion of its universe in other formats.<\/p>\n<p><strong>Despite this, many fans maintain a more conservative position, remembering that similar cases in other franchises, such as \u201cMy Hero Academia\u201d, generated excessive expectations.<\/strong> At the time, a \u201cbig announcement\u201d was also promised to accompany the final chapter, which turned out to be a popularity poll, causing disappointment among many fans.<\/p>\n<p>Jujutsu Kaisen is one of the most successful series of recent years, with a huge impact on both the manga and the anime adaptation. <strong>A third season of the anime, which adapts the Sacrifice Game Arc, is currently in production, but there has been no recent news about its progress or possible release dates. <\/strong>This has led many to speculate that the &quot;happy announcements&quot; at the end of the manga could be related to the anime.<\/p>\n<p><strong>While a direct sequel seems unlikely given Gege Akutami&#039;s focus on wrapping up the main story, it&#039;s clear that Shueisha and the anime&#039;s producers still see great potential in Jujutsu Kaisen.<\/strong> Fans will be watching on September 29th (or it will likely leak much earlier), hoping not only for the end of an era, but also the beginning of new adventures in this universe that has captured the imagination of millions.<\/p>\n<p>Source: <strong><a rel=\"nofollow noopener\" target=\"_blank\" href=\"https:\/\/x.com\/WSJ_manga\/status\/1836684420142465490\">WSJ Manga<\/a><\/strong><\/p>\n<\/div>\n<\/div>","protected":false},"excerpt":{"rendered":"<p>Recent leaks have raised expectations among &quot;Jujutsu Kaisen&quot; fans, confirming that the manga&#039;s final chapter, scheduled to be published on September 29 in Weekly Shonen Jump magazine, will include several &quot;happy announcements.&quot; According to these reports, author Gege Akutami will bid farewell to the series with a stunning color illustration and a special announcement... <a class=\"more-link\" href=\"https:\/\/animangeek.com\/en_gb\/eles-acreditam-que-jujutsu-kaisen-tera-uma-sequencia-de-manga\/\">Continue reading <span class=\"screen-reader-text\">They believe Jujutsu Kaisen will have a manga sequel<\/span><\/a><\/p>","protected":false},"author":0,"featured_media":11408,"comment_status":"open","ping_status":"open","sticky":false,"template":"","format":"standard","meta":{"footnotes":""},"categories":[5],"tags":[789,1441,1449],"yoast_head":"<!-- This site is optimized with the Yoast SEO plugin v23.3 - https:\/\/yoast.com\/wordpress\/plugins\/seo\/ -->\n<title>Eles acreditam que Jujutsu Kaisen ter\u00e1 uma sequ\u00eancia de mang\u00e1 - Animan Geek<\/title>\n<meta name=\"robots\" content=\"index, follow, max-snippet:-1, max-image-preview:large, max-video-preview:-1\" \/>\n<link rel=\"canonical\" href=\"https:\/\/animangeek.com\/en_gb\/eles-acreditam-que-jujutsu-kaisen-tera-uma-sequencia-de-manga\/\" \/>\n<meta property=\"og:locale\" content=\"en_GB\" \/>\n<meta property=\"og:type\" content=\"article\" \/>\n<meta property=\"og:title\" content=\"Eles acreditam que Jujutsu Kaisen ter\u00e1 uma sequ\u00eancia de mang\u00e1 - Animan Geek\" \/>\n<meta property=\"og:description\" content=\"Vazamentos recentes aumentaram as expectativas entre os f\u00e3s de \u201cJujutsu Kaisen&#8220;, confirmando que O cap\u00edtulo final do mang\u00e1, programado para ser publicado em 29 de setembro na revista Weekly Shonen Jump, incluir\u00e1 v\u00e1rios \u201can\u00fancios felizes\u201d. Segundo esses relatos, o autor Gege Akutami se despedir\u00e1 da s\u00e9rie com uma \u00f3tima ilustra\u00e7\u00e3o colorida e um an\u00fancio especial&hellip; Continue reading Eles acreditam que Jujutsu Kaisen ter\u00e1 uma sequ\u00eancia de mang\u00e1\" \/>\n<meta property=\"og:url\" content=\"https:\/\/animangeek.com\/en_gb\/eles-acreditam-que-jujutsu-kaisen-tera-uma-sequencia-de-manga\/\" \/>\n<meta property=\"og:site_name\" content=\"Animan Geek\" \/>\n<meta property=\"article:published_time\" content=\"2024-09-19T15:06:31+00:00\" \/>\n<meta property=\"og:image\" content=\"https:\/\/animangeek.com\/wp-content\/uploads\/sites\/106\/2024\/05\/1715987802_Jujutsu-Kaisen-terminara-em-2024.jpg\" \/>\n\t<meta property=\"og:image:width\" content=\"1920\" \/>\n\t<meta property=\"og:image:height\" content=\"1080\" \/>\n\t<meta property=\"og:image:type\" content=\"image\/jpeg\" \/>\n<meta name=\"twitter:card\" content=\"summary_large_image\" \/>\n<meta name=\"twitter:label1\" content=\"Est. reading time\" \/>\n\t<meta name=\"twitter:data1\" content=\"2 minutes\" \/>\n<script type=\"application\/ld+json\" class=\"yoast-schema-graph\">{\"@context\":\"https:\/\/schema.org\",\"@graph\":[{\"@type\":\"WebPage\",\"@id\":\"https:\/\/animangeek.com\/eles-acreditam-que-jujutsu-kaisen-tera-uma-sequencia-de-manga\/\",\"url\":\"https:\/\/animangeek.com\/eles-acreditam-que-jujutsu-kaisen-tera-uma-sequencia-de-manga\/\",\"name\":\"Eles acreditam que Jujutsu Kaisen ter\u00e1 uma sequ\u00eancia de mang\u00e1 - Animan Geek\",\"isPartOf\":{\"@id\":\"https:\/\/animangeek.com\/#website\"},\"primaryImageOfPage\":{\"@id\":\"https:\/\/animangeek.com\/eles-acreditam-que-jujutsu-kaisen-tera-uma-sequencia-de-manga\/#primaryimage\"},\"image\":{\"@id\":\"https:\/\/animangeek.com\/eles-acreditam-que-jujutsu-kaisen-tera-uma-sequencia-de-manga\/#primaryimage\"},\"thumbnailUrl\":\"https:\/\/animangeek.com\/wp-content\/uploads\/sites\/106\/2024\/05\/1715987802_Jujutsu-Kaisen-terminara-em-2024.jpg\",\"datePublished\":\"2024-09-19T15:06:31+00:00\",\"dateModified\":\"2024-09-19T15:06:31+00:00\",\"author\":{\"@id\":\"\"},\"breadcrumb\":{\"@id\":\"https:\/\/animangeek.com\/eles-acreditam-que-jujutsu-kaisen-tera-uma-sequencia-de-manga\/#breadcrumb\"},\"inLanguage\":\"en-GB\",\"potentialAction\":[{\"@type\":\"ReadAction\",\"target\":[\"https:\/\/animangeek.com\/eles-acreditam-que-jujutsu-kaisen-tera-uma-sequencia-de-manga\/\"]}]},{\"@type\":\"ImageObject\",\"inLanguage\":\"en-GB\",\"@id\":\"https:\/\/animangeek.com\/eles-acreditam-que-jujutsu-kaisen-tera-uma-sequencia-de-manga\/#primaryimage\",\"url\":\"https:\/\/animangeek.com\/wp-content\/uploads\/sites\/106\/2024\/05\/1715987802_Jujutsu-Kaisen-terminara-em-2024.jpg\",\"contentUrl\":\"https:\/\/animangeek.com\/wp-content\/uploads\/sites\/106\/2024\/05\/1715987802_Jujutsu-Kaisen-terminara-em-2024.jpg\",\"width\":1920,\"height\":1080},{\"@type\":\"BreadcrumbList\",\"@id\":\"https:\/\/animangeek.com\/eles-acreditam-que-jujutsu-kaisen-tera-uma-sequencia-de-manga\/#breadcrumb\",\"itemListElement\":[{\"@type\":\"ListItem\",\"position\":1,\"name\":\"Home\",\"item\":\"https:\/\/animangeek.com\/\"},{\"@type\":\"ListItem\",\"position\":2,\"name\":\"Eles acreditam que Jujutsu Kaisen ter\u00e1 uma sequ\u00eancia de mang\u00e1\"}]},{\"@type\":\"WebSite\",\"@id\":\"https:\/\/animangeek.com\/#website\",\"url\":\"https:\/\/animangeek.com\/\",\"name\":\"Animan Geek\",\"description\":\"\",\"potentialAction\":[{\"@type\":\"SearchAction\",\"target\":{\"@type\":\"EntryPoint\",\"urlTemplate\":\"https:\/\/animangeek.com\/?s={search_term_string}\"},\"query-input\":\"required name=search_term_string\"}],\"inLanguage\":\"en-GB\"}]}<\/script>\n<!-- \/ Yoast SEO plugin. -->","yoast_head_json":{"title":"Eles acreditam que Jujutsu Kaisen ter\u00e1 uma sequ\u00eancia de mang\u00e1 - Animan Geek","robots":{"index":"index","follow":"follow","max-snippet":"max-snippet:-1","max-image-preview":"max-image-preview:large","max-video-preview":"max-video-preview:-1"},"canonical":"https:\/\/animangeek.com\/en_gb\/eles-acreditam-que-jujutsu-kaisen-tera-uma-sequencia-de-manga\/","og_locale":"en_GB","og_type":"article","og_title":"Eles acreditam que Jujutsu Kaisen ter\u00e1 uma sequ\u00eancia de mang\u00e1 - Animan Geek","og_description":"Vazamentos recentes aumentaram as expectativas entre os f\u00e3s de \u201cJujutsu Kaisen&#8220;, confirmando que O cap\u00edtulo final do mang\u00e1, programado para ser publicado em 29 de setembro na revista Weekly Shonen Jump, incluir\u00e1 v\u00e1rios \u201can\u00fancios felizes\u201d. Segundo esses relatos, o autor Gege Akutami se despedir\u00e1 da s\u00e9rie com uma \u00f3tima ilustra\u00e7\u00e3o colorida e um an\u00fancio especial&hellip; Continue reading Eles acreditam que Jujutsu Kaisen ter\u00e1 uma sequ\u00eancia de mang\u00e1","og_url":"https:\/\/animangeek.com\/en_gb\/eles-acreditam-que-jujutsu-kaisen-tera-uma-sequencia-de-manga\/","og_site_name":"Animan Geek","article_published_time":"2024-09-19T15:06:31+00:00","og_image":[{"width":1920,"height":1080,"url":"https:\/\/animangeek.com\/wp-content\/uploads\/sites\/106\/2024\/05\/1715987802_Jujutsu-Kaisen-terminara-em-2024.jpg","type":"image\/jpeg"}],"twitter_card":"summary_large_image","twitter_misc":{"Est. reading time":"2 minutes"},"schema":{"@context":"https:\/\/schema.org","@graph":[{"@type":"WebPage","@id":"https:\/\/animangeek.com\/eles-acreditam-que-jujutsu-kaisen-tera-uma-sequencia-de-manga\/","url":"https:\/\/animangeek.com\/eles-acreditam-que-jujutsu-kaisen-tera-uma-sequencia-de-manga\/","name":"Eles acreditam que Jujutsu Kaisen ter\u00e1 uma sequ\u00eancia de mang\u00e1 - Animan Geek","isPartOf":{"@id":"https:\/\/animangeek.com\/#website"},"primaryImageOfPage":{"@id":"https:\/\/animangeek.com\/eles-acreditam-que-jujutsu-kaisen-tera-uma-sequencia-de-manga\/#primaryimage"},"image":{"@id":"https:\/\/animangeek.com\/eles-acreditam-que-jujutsu-kaisen-tera-uma-sequencia-de-manga\/#primaryimage"},"thumbnailUrl":"https:\/\/animangeek.com\/wp-content\/uploads\/sites\/106\/2024\/05\/1715987802_Jujutsu-Kaisen-terminara-em-2024.jpg","datePublished":"2024-09-19T15:06:31+00:00","dateModified":"2024-09-19T15:06:31+00:00","author":{"@id":""},"breadcrumb":{"@id":"https:\/\/animangeek.com\/eles-acreditam-que-jujutsu-kaisen-tera-uma-sequencia-de-manga\/#breadcrumb"},"inLanguage":"en-GB","potentialAction":[{"@type":"ReadAction","target":["https:\/\/animangeek.com\/eles-acreditam-que-jujutsu-kaisen-tera-uma-sequencia-de-manga\/"]}]},{"@type":"ImageObject","inLanguage":"en-GB","@id":"https:\/\/animangeek.com\/eles-acreditam-que-jujutsu-kaisen-tera-uma-sequencia-de-manga\/#primaryimage","url":"https:\/\/animangeek.com\/wp-content\/uploads\/sites\/106\/2024\/05\/1715987802_Jujutsu-Kaisen-terminara-em-2024.jpg","contentUrl":"https:\/\/animangeek.com\/wp-content\/uploads\/sites\/106\/2024\/05\/1715987802_Jujutsu-Kaisen-terminara-em-2024.jpg","width":1920,"height":1080},{"@type":"BreadcrumbList","@id":"https:\/\/animangeek.com\/eles-acreditam-que-jujutsu-kaisen-tera-uma-sequencia-de-manga\/#breadcrumb","itemListElement":[{"@type":"ListItem","position":1,"name":"Home","item":"https:\/\/animangeek.com\/"},{"@type":"ListItem","position":2,"name":"Eles acreditam que Jujutsu Kaisen ter\u00e1 uma sequ\u00eancia de mang\u00e1"}]},{"@type":"WebSite","@id":"https:\/\/animangeek.com\/#website","url":"https:\/\/animangeek.com\/","name":"Animan Geek","description":"","potentialAction":[{"@type":"SearchAction","target":{"@type":"EntryPoint","urlTemplate":"https:\/\/animangeek.com\/?s={search_term_string}"},"query-input":"required name=search_term_string"}],"inLanguage":"en-GB"}]}},"_links":{"self":[{"href":"https:\/\/animangeek.com\/en_gb\/wp-json\/wp\/v2\/posts\/18955"}],"collection":[{"href":"https:\/\/animangeek.com\/en_gb\/wp-json\/wp\/v2\/posts"}],"about":[{"href":"https:\/\/animangeek.com\/en_gb\/wp-json\/wp\/v2\/types\/post"}],"replies":[{"embeddable":true,"href":"https:\/\/animangeek.com\/en_gb\/wp-json\/wp\/v2\/comments?post=18955"}],"version-history":[{"count":0,"href":"https:\/\/animangeek.com\/en_gb\/wp-json\/wp\/v2\/posts\/18955\/revisions"}],"wp:featuredmedia":[{"embeddable":true,"href":"https:\/\/animangeek.com\/en_gb\/wp-json\/wp\/v2\/media\/11408"}],"wp:attachment":[{"href":"https:\/\/animangeek.com\/en_gb\/wp-json\/wp\/v2\/media?parent=18955"}],"wp:term":[{"taxonomy":"category","embeddable":true,"href":"https:\/\/animangeek.com\/en_gb\/wp-json\/wp\/v2\/categories?post=18955"},{"taxonomy":"post_tag","embeddable":true,"href":"https:\/\/animangeek.com\/en_gb\/wp-json\/wp\/v2\/tags?post=18955"}],"curies":[{"name":"wp","href":"https:\/\/api.w.org\/{rel}","templated":true}]}}