{"id":19034,"date":"2024-09-21T13:16:40","date_gmt":"2024-09-21T16:16:40","guid":{"rendered":"https:\/\/animangeek.com\/do-autor-de-nichijou-city-tera-um-anime\/"},"modified":"2024-09-21T13:16:40","modified_gmt":"2024-09-21T16:16:40","slug":"do-autor-de-nichijou-city-tera-um-anime","status":"publish","type":"post","link":"https:\/\/animangeek.com\/en_gb\/do-autor-de-nichijou-city-tera-um-anime\/","title":{"rendered":"From the author of Nichijou, CITY will have an anime"},"content":{"rendered":"<div class=\"mx-5 sm:mx-0 prose text-left mb-5\">\n<div>\n<p>During a special broadcast, the studios <strong>Kyoto Animation<\/strong> announced that the manga written and illustrated by <strong>Keiichi Arawi<\/strong>\u201c<strong>CITY<\/strong>\u201c, will have an anime adaptation that <strong>It will premiere in 2025 in Japan.<\/strong> This is another work by the author of \u201c<strong>Nichijou \u2013 My Ordinary Life<\/strong>\u201c, and is the studio\u2019s first non-sequential production in over six years.<\/p>\n<p><iframe loading=\"lazy\" title=\"\u300eCITY THE ANIMATION\u300f\u30c6\u30a3\u30b6\u30fcPV\" width=\"500\" height=\"281\" src=\"https:\/\/www.youtube.com\/embed\/4uOl1vpOjAg?feature=oembed\" frameborder=\"0\" allow=\"accelerometer; autoplay; clipboard-write; encrypted-media; gyroscope; picture-in-picture; web-share\" referrerpolicy=\"strict-origin-when-cross-origin\" allowfullscreen><\/iframe><\/p>\n<div class=\"wp-block-image\">\n<figure class=\"aligncenter size-full\"><img loading=\"lazy\" decoding=\"async\" width=\"1130\" height=\"1600\" src=\"https:\/\/animangeek.com\/wp-content\/uploads\/2024\/09\/Do-autor-de-Nichijou-CITY-tera-um-anime.jpg\" alt=\"\" class=\"wp-image-337023\"  \/><\/figure>\n<\/div>\n<p>In turn, <strong>Keiichi Arawi<\/strong> The manga began publishing through the magazine <strong>Morning <\/strong>from the publisher <strong>Kodansha<\/strong> in September 2017, and completed in February 2021 with a total of thirteen compilation volumes. The author also wrote other works such as \u201c<strong>Nichijou \u2013 My Ordinary Life<\/strong>\u201d and \u201c<strong>Helvetica Standard<\/strong>\u201c, which inspired a joint anime adaptation also produced by <strong>Kyoto Animation<\/strong> and released in 2011.<\/p>\n<h3 class=\"wp-block-heading\"><strong>voice cast<\/strong><\/h3>\n<p><strong>Mikako Komatsu as Midori Nagumo<\/strong>A naive and innocent girl who causes incidents everywhere. Her future dream is to do fun things.<\/p>\n<div class=\"wp-block-image\">\n<figure class=\"aligncenter size-full\"><img loading=\"lazy\" decoding=\"async\" width=\"2480\" height=\"1748\" src=\"https:\/\/animangeek.com\/wp-content\/uploads\/2024\/09\/1726935400_594_Do-autor-de-Nichijou-CITY-tera-um-anime.jpg\" alt=\"\" class=\"wp-image-337022\"  \/><\/figure>\n<\/div>\n<p><strong>Aki Toyosaki as Niikura<\/strong>a girl who never stops throwing punches and ends up getting into everything. She says she&#039;s a completely normal girl and that her dream is to be a photographer.<\/p>\n<div class=\"wp-block-image\">\n<figure class=\"aligncenter size-full\"><img loading=\"lazy\" decoding=\"async\" width=\"2480\" height=\"1748\" src=\"https:\/\/animangeek.com\/wp-content\/uploads\/2024\/09\/1726935400_563_Do-autor-de-Nichijou-CITY-tera-um-anime.jpg\" alt=\"\" class=\"wp-image-337021\"  \/><\/figure>\n<\/div>\n<p><strong>Yui Ishikawa as Wako Izumi<\/strong>a bit of a mysterious girl, and it&#039;s not clear if she&#039;s normal or genderqueer.<\/p>\n<div class=\"wp-block-image\">\n<figure class=\"aligncenter size-full\"><img loading=\"lazy\" decoding=\"async\" width=\"2480\" height=\"1748\" src=\"https:\/\/animangeek.com\/wp-content\/uploads\/2024\/09\/1726935400_481_Do-autor-de-Nichijou-CITY-tera-um-anime.jpg\" alt=\"\" class=\"wp-image-337020\"  \/><\/figure>\n<\/div>\n<h3 class=\"wp-block-heading\"><strong>CITY Synopsis<\/strong><\/h3>\n<p><em>From the creator of Nichijou, this surreal series revolves around penniless college student Midori Nagumo, who lives in an ordinary town full of unusual people. And as this reckless girl runs, she sets the town in motion.<\/em><\/p>\n<p><em>Midori finds herself in a difficult situation. She&#039;s in debt, and her landlord is trying to evict her for unpaid rent. Her best friend refuses to lend her money ever since she caught on to her tricks. Maybe a little intimidation will help. Or a little theft? Neither is sustainable. Maybe getting a job would solve things\u2026 But working means less time for fun adventures in the big city\u2026<\/em><\/p>\n<p>Source: <strong><a rel=\"nofollow noopener\" target=\"_blank\" href=\"https:\/\/natalie.mu\/comic\/news\/592004\">Natalie in comics<\/a><\/strong><\/p>\n<p>(c)\u3042\u3089\u3090\u3051\u3044\u3044\u3061\u30fb\u8b1b\u8ac7\u793e\uff0f CITY THE ANIMATION \u88fd\u4f5c\u59d4\u54e1\u4f1a<\/p>\n<\/div>\n<\/div>","protected":false},"excerpt":{"rendered":"<p>During a special broadcast, Kyoto Animation Studios announced that the manga &quot;CITY&quot; written and illustrated by Keiichi Arawi will have an anime adaptation that will premiere in 2025 in Japan. This is another work by the author of &quot;Nichijou \u2013 My Ordinary Life,&quot; and is the studio&#039;s first non-sequential production in\u2026 <a class=\"more-link\" href=\"https:\/\/animangeek.com\/en_gb\/do-autor-de-nichijou-city-tera-um-anime\/\">Continue reading <span class=\"screen-reader-text\">From the author of Nichijou, CITY will have an anime<\/span><\/a><\/p>","protected":false},"author":0,"featured_media":19036,"comment_status":"open","ping_status":"open","sticky":false,"template":"","format":"standard","meta":{"footnotes":""},"categories":[3],"tags":[117,339,842,1097],"yoast_head":"<!-- This site is optimized with the Yoast SEO plugin v23.3 - https:\/\/yoast.com\/wordpress\/plugins\/seo\/ -->\n<title>Do autor de Nichijou, CITY ter\u00e1 um anime - Animan Geek<\/title>\n<meta name=\"robots\" content=\"index, follow, max-snippet:-1, max-image-preview:large, max-video-preview:-1\" \/>\n<link rel=\"canonical\" href=\"https:\/\/animangeek.com\/en_gb\/do-autor-de-nichijou-city-tera-um-anime\/\" \/>\n<meta property=\"og:locale\" content=\"en_GB\" \/>\n<meta property=\"og:type\" content=\"article\" \/>\n<meta property=\"og:title\" content=\"Do autor de Nichijou, CITY ter\u00e1 um anime - Animan Geek\" \/>\n<meta property=\"og:description\" content=\"Durante uma transmiss\u00e3o especial, os est\u00fadios Anima\u00e7\u00e3o de Quioto anunciou que o mang\u00e1 escrito e ilustrado por Keiichi Arawi\u201cCIDADE\u201c, ter\u00e1 uma adapta\u00e7\u00e3o para anime que Ele estrear\u00e1 em 2025 no Jap\u00e3o. Esta \u00e9 mais uma das obras do autor de \u201cNichijou \u2013 Minha vida comum\u201c, e \u00e9 a primeira produ\u00e7\u00e3o n\u00e3o sequencial do est\u00fadio em&hellip; Continue reading Do autor de Nichijou, CITY ter\u00e1 um anime\" \/>\n<meta property=\"og:url\" content=\"https:\/\/animangeek.com\/en_gb\/do-autor-de-nichijou-city-tera-um-anime\/\" \/>\n<meta property=\"og:site_name\" content=\"Animan Geek\" \/>\n<meta property=\"article:published_time\" content=\"2024-09-21T16:16:40+00:00\" \/>\n<meta property=\"og:image\" content=\"https:\/\/animangeek.com\/wp-content\/uploads\/sites\/106\/2024\/09\/1726935401_Do-autor-de-Nichijou-CITY-tera-um-anime.jpg\" \/>\n\t<meta property=\"og:image:width\" content=\"1920\" \/>\n\t<meta property=\"og:image:height\" content=\"1080\" \/>\n\t<meta property=\"og:image:type\" content=\"image\/jpeg\" \/>\n<meta name=\"twitter:card\" content=\"summary_large_image\" \/>\n<meta name=\"twitter:label1\" content=\"Est. reading time\" \/>\n\t<meta name=\"twitter:data1\" content=\"2 minutes\" \/>\n<script type=\"application\/ld+json\" class=\"yoast-schema-graph\">{\"@context\":\"https:\/\/schema.org\",\"@graph\":[{\"@type\":\"WebPage\",\"@id\":\"https:\/\/animangeek.com\/do-autor-de-nichijou-city-tera-um-anime\/\",\"url\":\"https:\/\/animangeek.com\/do-autor-de-nichijou-city-tera-um-anime\/\",\"name\":\"Do autor de Nichijou, CITY ter\u00e1 um anime - Animan Geek\",\"isPartOf\":{\"@id\":\"https:\/\/animangeek.com\/#website\"},\"primaryImageOfPage\":{\"@id\":\"https:\/\/animangeek.com\/do-autor-de-nichijou-city-tera-um-anime\/#primaryimage\"},\"image\":{\"@id\":\"https:\/\/animangeek.com\/do-autor-de-nichijou-city-tera-um-anime\/#primaryimage\"},\"thumbnailUrl\":\"https:\/\/animangeek.com\/wp-content\/uploads\/sites\/106\/2024\/09\/1726935401_Do-autor-de-Nichijou-CITY-tera-um-anime.jpg\",\"datePublished\":\"2024-09-21T16:16:40+00:00\",\"dateModified\":\"2024-09-21T16:16:40+00:00\",\"author\":{\"@id\":\"\"},\"breadcrumb\":{\"@id\":\"https:\/\/animangeek.com\/do-autor-de-nichijou-city-tera-um-anime\/#breadcrumb\"},\"inLanguage\":\"en-GB\",\"potentialAction\":[{\"@type\":\"ReadAction\",\"target\":[\"https:\/\/animangeek.com\/do-autor-de-nichijou-city-tera-um-anime\/\"]}]},{\"@type\":\"ImageObject\",\"inLanguage\":\"en-GB\",\"@id\":\"https:\/\/animangeek.com\/do-autor-de-nichijou-city-tera-um-anime\/#primaryimage\",\"url\":\"https:\/\/animangeek.com\/wp-content\/uploads\/sites\/106\/2024\/09\/1726935401_Do-autor-de-Nichijou-CITY-tera-um-anime.jpg\",\"contentUrl\":\"https:\/\/animangeek.com\/wp-content\/uploads\/sites\/106\/2024\/09\/1726935401_Do-autor-de-Nichijou-CITY-tera-um-anime.jpg\",\"width\":1920,\"height\":1080},{\"@type\":\"BreadcrumbList\",\"@id\":\"https:\/\/animangeek.com\/do-autor-de-nichijou-city-tera-um-anime\/#breadcrumb\",\"itemListElement\":[{\"@type\":\"ListItem\",\"position\":1,\"name\":\"Home\",\"item\":\"https:\/\/animangeek.com\/\"},{\"@type\":\"ListItem\",\"position\":2,\"name\":\"Do autor de Nichijou, CITY ter\u00e1 um anime\"}]},{\"@type\":\"WebSite\",\"@id\":\"https:\/\/animangeek.com\/#website\",\"url\":\"https:\/\/animangeek.com\/\",\"name\":\"Animan Geek\",\"description\":\"\",\"potentialAction\":[{\"@type\":\"SearchAction\",\"target\":{\"@type\":\"EntryPoint\",\"urlTemplate\":\"https:\/\/animangeek.com\/?s={search_term_string}\"},\"query-input\":\"required name=search_term_string\"}],\"inLanguage\":\"en-GB\"}]}<\/script>\n<!-- \/ Yoast SEO plugin. -->","yoast_head_json":{"title":"Do autor de Nichijou, CITY ter\u00e1 um anime - Animan Geek","robots":{"index":"index","follow":"follow","max-snippet":"max-snippet:-1","max-image-preview":"max-image-preview:large","max-video-preview":"max-video-preview:-1"},"canonical":"https:\/\/animangeek.com\/en_gb\/do-autor-de-nichijou-city-tera-um-anime\/","og_locale":"en_GB","og_type":"article","og_title":"Do autor de Nichijou, CITY ter\u00e1 um anime - Animan Geek","og_description":"Durante uma transmiss\u00e3o especial, os est\u00fadios Anima\u00e7\u00e3o de Quioto anunciou que o mang\u00e1 escrito e ilustrado por Keiichi Arawi\u201cCIDADE\u201c, ter\u00e1 uma adapta\u00e7\u00e3o para anime que Ele estrear\u00e1 em 2025 no Jap\u00e3o. Esta \u00e9 mais uma das obras do autor de \u201cNichijou \u2013 Minha vida comum\u201c, e \u00e9 a primeira produ\u00e7\u00e3o n\u00e3o sequencial do est\u00fadio em&hellip; Continue reading Do autor de Nichijou, CITY ter\u00e1 um anime","og_url":"https:\/\/animangeek.com\/en_gb\/do-autor-de-nichijou-city-tera-um-anime\/","og_site_name":"Animan Geek","article_published_time":"2024-09-21T16:16:40+00:00","og_image":[{"width":1920,"height":1080,"url":"https:\/\/animangeek.com\/wp-content\/uploads\/sites\/106\/2024\/09\/1726935401_Do-autor-de-Nichijou-CITY-tera-um-anime.jpg","type":"image\/jpeg"}],"twitter_card":"summary_large_image","twitter_misc":{"Est. reading time":"2 minutes"},"schema":{"@context":"https:\/\/schema.org","@graph":[{"@type":"WebPage","@id":"https:\/\/animangeek.com\/do-autor-de-nichijou-city-tera-um-anime\/","url":"https:\/\/animangeek.com\/do-autor-de-nichijou-city-tera-um-anime\/","name":"Do autor de Nichijou, CITY ter\u00e1 um anime - Animan Geek","isPartOf":{"@id":"https:\/\/animangeek.com\/#website"},"primaryImageOfPage":{"@id":"https:\/\/animangeek.com\/do-autor-de-nichijou-city-tera-um-anime\/#primaryimage"},"image":{"@id":"https:\/\/animangeek.com\/do-autor-de-nichijou-city-tera-um-anime\/#primaryimage"},"thumbnailUrl":"https:\/\/animangeek.com\/wp-content\/uploads\/sites\/106\/2024\/09\/1726935401_Do-autor-de-Nichijou-CITY-tera-um-anime.jpg","datePublished":"2024-09-21T16:16:40+00:00","dateModified":"2024-09-21T16:16:40+00:00","author":{"@id":""},"breadcrumb":{"@id":"https:\/\/animangeek.com\/do-autor-de-nichijou-city-tera-um-anime\/#breadcrumb"},"inLanguage":"en-GB","potentialAction":[{"@type":"ReadAction","target":["https:\/\/animangeek.com\/do-autor-de-nichijou-city-tera-um-anime\/"]}]},{"@type":"ImageObject","inLanguage":"en-GB","@id":"https:\/\/animangeek.com\/do-autor-de-nichijou-city-tera-um-anime\/#primaryimage","url":"https:\/\/animangeek.com\/wp-content\/uploads\/sites\/106\/2024\/09\/1726935401_Do-autor-de-Nichijou-CITY-tera-um-anime.jpg","contentUrl":"https:\/\/animangeek.com\/wp-content\/uploads\/sites\/106\/2024\/09\/1726935401_Do-autor-de-Nichijou-CITY-tera-um-anime.jpg","width":1920,"height":1080},{"@type":"BreadcrumbList","@id":"https:\/\/animangeek.com\/do-autor-de-nichijou-city-tera-um-anime\/#breadcrumb","itemListElement":[{"@type":"ListItem","position":1,"name":"Home","item":"https:\/\/animangeek.com\/"},{"@type":"ListItem","position":2,"name":"Do autor de Nichijou, CITY ter\u00e1 um anime"}]},{"@type":"WebSite","@id":"https:\/\/animangeek.com\/#website","url":"https:\/\/animangeek.com\/","name":"Animan Geek","description":"","potentialAction":[{"@type":"SearchAction","target":{"@type":"EntryPoint","urlTemplate":"https:\/\/animangeek.com\/?s={search_term_string}"},"query-input":"required name=search_term_string"}],"inLanguage":"en-GB"}]}},"_links":{"self":[{"href":"https:\/\/animangeek.com\/en_gb\/wp-json\/wp\/v2\/posts\/19034"}],"collection":[{"href":"https:\/\/animangeek.com\/en_gb\/wp-json\/wp\/v2\/posts"}],"about":[{"href":"https:\/\/animangeek.com\/en_gb\/wp-json\/wp\/v2\/types\/post"}],"replies":[{"embeddable":true,"href":"https:\/\/animangeek.com\/en_gb\/wp-json\/wp\/v2\/comments?post=19034"}],"version-history":[{"count":0,"href":"https:\/\/animangeek.com\/en_gb\/wp-json\/wp\/v2\/posts\/19034\/revisions"}],"wp:featuredmedia":[{"embeddable":true,"href":"https:\/\/animangeek.com\/en_gb\/wp-json\/wp\/v2\/media\/19036"}],"wp:attachment":[{"href":"https:\/\/animangeek.com\/en_gb\/wp-json\/wp\/v2\/media?parent=19034"}],"wp:term":[{"taxonomy":"category","embeddable":true,"href":"https:\/\/animangeek.com\/en_gb\/wp-json\/wp\/v2\/categories?post=19034"},{"taxonomy":"post_tag","embeddable":true,"href":"https:\/\/animangeek.com\/en_gb\/wp-json\/wp\/v2\/tags?post=19034"}],"curies":[{"name":"wp","href":"https:\/\/api.w.org\/{rel}","templated":true}]}}