{"id":19242,"date":"2024-09-26T12:51:42","date_gmt":"2024-09-26T15:51:42","guid":{"rendered":"https:\/\/animangeek.com\/rezero-emilia-comemora-com-um-otaku-latino\/"},"modified":"2024-09-26T12:51:42","modified_gmt":"2024-09-26T15:51:42","slug":"rezero-emilia-comemora-com-um-otaku-latino","status":"publish","type":"post","link":"https:\/\/animangeek.com\/en_gb\/rezero-emilia-comemora-com-um-otaku-latino\/","title":{"rendered":"Re:ZERO: Emilia celebrates with a Latin otaku"},"content":{"rendered":"<div class=\"mx-5 sm:mx-0 prose text-left mb-5\">\n<div>\n<p>Recently, a Facebook post became a trend on social media, <strong>featuring a themed birthday celebration for the popular anime \u201cRe:ZERO \u2013 Starting Life in Another World\u201d<\/strong>. User Armando Tolentino shared images of his party on December 2, 2023, where he is seen surrounded by products and decorations focused on Em\u00edlia, one of the most beloved characters in the series. <strong>The photographs generated numerous comments, most of them positive, but also some with hints of surprise and humor.<\/strong>reflecting the impact of the anime community on contemporary culture.<\/p>\n<div class=\"wp-block-image\">\n<figure class=\"aligncenter size-full\"><img loading=\"lazy\" decoding=\"async\" width=\"1440\" height=\"1804\" src=\"https:\/\/animangeek.com\/wp-content\/uploads\/2024\/09\/ReZERO-Emilia-comemora-com-um-otaku-latino.jpg\" alt=\"\" class=\"wp-image-337244\"  \/><figcaption class=\"wp-element-caption\">\u00a9Facebook<\/figcaption><\/figure>\n<\/div>\n<p><strong>In the images, Armando appears celebrating his 22nd birthday, accompanied by his family and proudly displaying a cake decorated with Em\u00edlia&#039;s image, as well as stickers, posters and other products related to \u201cRe:ZERO\u201d.<\/strong> The post quickly attracted the attention of thousands of users, and some comments went viral for capturing the contrast between admiration and sarcastic criticism.<\/p>\n<ul>\n<li>\u00ab<em>The father&#039;s face when he asks what he was doing wrong with his son is everything, the child is 22 years old...<\/em>\u00bb.<\/li>\n<li>\u00ab<em>This is genuinely cute<\/em>\u00bb.<\/li>\n<li>\u00ab<em>At least he&#039;s happy<\/em>\u00bb.<\/li>\n<li>\u00ab<em>I hope one day I can celebrate like this<\/em>\u00bb.<\/li>\n<li>\u00ab<em>The family that supports him automatically makes him a winning Chad<\/em>\u00bb.<\/li>\n<\/ul>\n<p><strong>The publication&#039;s popularity coincides with the return of \u201cRe:ZERO\u201d with its third season in October 2024, news that greatly excited fans. <\/strong>The franchise, which began as a light novel written by Tappei Nagatsuki, has won millions of fans since its anime adaptation in 2016, thanks to its intense plot, complex characters and the fascinating relationship between Subaru Natsuki and Emilia.<\/p>\n<p>Social media users also took the opportunity to make jokes about the relationship between the characters in the series, commenting in a humorous tone:<\/p>\n<ul>\n<li>\u00ab<em>What the menu doesn&#039;t know is that Emilia officially wants the Subaru for herself.<\/em>\u00bb.<\/li>\n<li>\u00ab<em>How disrespectful to put my girlfriend there<\/em>\u00bb.<\/li>\n<li>\u00ab<em>I just saw a happy guy celebrating his birthday with his family with a theme of his favorite character. He&#039;s actually a Chad, I hope he had a good day.<\/em>\u00bb.<\/li>\n<li>\u00ab<em>Supportive family, a true Chad<\/em>\u00bb.<\/li>\n<li>\u00ab<em>The truth is, I was jealous of being able to show this openly.<\/em>\u00bb.<\/li>\n<\/ul>\n<p>Source: <strong><a rel=\"nofollow noopener\" target=\"_blank\" href=\"https:\/\/www.facebook.com\/groups\/845509213208079\/posts\/1162040058221658\/\">Facebook<\/a><\/strong><\/p>\n<\/div>\n<\/div>","protected":false},"excerpt":{"rendered":"<p>A Facebook post recently trended on social media, showing a birthday celebration themed around the popular anime &quot;Re:ZERO \u2013 Starting Life in Another World.&quot; User Armando Tolentino shared images from his December 2, 2023, party, where he is seen surrounded by merchandise and decorations centered around Em\u00edlia, one of the\u2026 <a class=\"more-link\" href=\"https:\/\/animangeek.com\/en_gb\/rezero-emilia-comemora-com-um-otaku-latino\/\">Continue reading <span class=\"screen-reader-text\">Re:ZERO: Emilia celebrates with a Latin otaku<\/span><\/a><\/p>","protected":false},"author":0,"featured_media":19243,"comment_status":"open","ping_status":"open","sticky":false,"template":"","format":"standard","meta":{"footnotes":""},"categories":[5],"tags":[100,1308,1312],"yoast_head":"<!-- This site is optimized with the Yoast SEO plugin v23.3 - https:\/\/yoast.com\/wordpress\/plugins\/seo\/ -->\n<title>Re:ZERO: Emilia comemora com um otaku latino - Animan Geek<\/title>\n<meta name=\"robots\" content=\"index, follow, max-snippet:-1, max-image-preview:large, max-video-preview:-1\" \/>\n<link rel=\"canonical\" href=\"https:\/\/animangeek.com\/en_gb\/rezero-emilia-comemora-com-um-otaku-latino\/\" \/>\n<meta property=\"og:locale\" content=\"en_GB\" \/>\n<meta property=\"og:type\" content=\"article\" \/>\n<meta property=\"og:title\" content=\"Re:ZERO: Emilia comemora com um otaku latino - Animan Geek\" \/>\n<meta property=\"og:description\" content=\"Recentemente, uma postagem no Facebook virou tend\u00eancia nas redes sociais, mostrando uma comemora\u00e7\u00e3o de anivers\u00e1rio tem\u00e1tica do popular anime \u201cRe:ZERO \u2013 Starting Life in Another World\u201d. O usu\u00e1rio Armando Tolentino compartilhou imagens de sua festa no dia 2 de dezembro de 2023, onde \u00e9 visto rodeado de produtos e decora\u00e7\u00f5es focadas em Em\u00edlia, uma das&hellip; Continue reading Re:ZERO: Emilia comemora com um otaku latino\" \/>\n<meta property=\"og:url\" content=\"https:\/\/animangeek.com\/en_gb\/rezero-emilia-comemora-com-um-otaku-latino\/\" \/>\n<meta property=\"og:site_name\" content=\"Animan Geek\" \/>\n<meta property=\"article:published_time\" content=\"2024-09-26T15:51:42+00:00\" \/>\n<meta property=\"og:image\" content=\"https:\/\/animangeek.com\/wp-content\/uploads\/sites\/106\/2024\/09\/1727365902_ReZERO-Emilia-comemora-com-um-otaku-latino.jpg\" \/>\n\t<meta property=\"og:image:width\" content=\"1920\" \/>\n\t<meta property=\"og:image:height\" content=\"1080\" \/>\n\t<meta property=\"og:image:type\" content=\"image\/jpeg\" \/>\n<meta name=\"twitter:card\" content=\"summary_large_image\" \/>\n<meta name=\"twitter:label1\" content=\"Est. reading time\" \/>\n\t<meta name=\"twitter:data1\" content=\"2 minutes\" \/>\n<script type=\"application\/ld+json\" class=\"yoast-schema-graph\">{\"@context\":\"https:\/\/schema.org\",\"@graph\":[{\"@type\":\"WebPage\",\"@id\":\"https:\/\/animangeek.com\/rezero-emilia-comemora-com-um-otaku-latino\/\",\"url\":\"https:\/\/animangeek.com\/rezero-emilia-comemora-com-um-otaku-latino\/\",\"name\":\"Re:ZERO: Emilia comemora com um otaku latino - Animan Geek\",\"isPartOf\":{\"@id\":\"https:\/\/animangeek.com\/#website\"},\"primaryImageOfPage\":{\"@id\":\"https:\/\/animangeek.com\/rezero-emilia-comemora-com-um-otaku-latino\/#primaryimage\"},\"image\":{\"@id\":\"https:\/\/animangeek.com\/rezero-emilia-comemora-com-um-otaku-latino\/#primaryimage\"},\"thumbnailUrl\":\"https:\/\/animangeek.com\/wp-content\/uploads\/sites\/106\/2024\/09\/1727365902_ReZERO-Emilia-comemora-com-um-otaku-latino.jpg\",\"datePublished\":\"2024-09-26T15:51:42+00:00\",\"dateModified\":\"2024-09-26T15:51:42+00:00\",\"author\":{\"@id\":\"\"},\"breadcrumb\":{\"@id\":\"https:\/\/animangeek.com\/rezero-emilia-comemora-com-um-otaku-latino\/#breadcrumb\"},\"inLanguage\":\"en-GB\",\"potentialAction\":[{\"@type\":\"ReadAction\",\"target\":[\"https:\/\/animangeek.com\/rezero-emilia-comemora-com-um-otaku-latino\/\"]}]},{\"@type\":\"ImageObject\",\"inLanguage\":\"en-GB\",\"@id\":\"https:\/\/animangeek.com\/rezero-emilia-comemora-com-um-otaku-latino\/#primaryimage\",\"url\":\"https:\/\/animangeek.com\/wp-content\/uploads\/sites\/106\/2024\/09\/1727365902_ReZERO-Emilia-comemora-com-um-otaku-latino.jpg\",\"contentUrl\":\"https:\/\/animangeek.com\/wp-content\/uploads\/sites\/106\/2024\/09\/1727365902_ReZERO-Emilia-comemora-com-um-otaku-latino.jpg\",\"width\":1920,\"height\":1080},{\"@type\":\"BreadcrumbList\",\"@id\":\"https:\/\/animangeek.com\/rezero-emilia-comemora-com-um-otaku-latino\/#breadcrumb\",\"itemListElement\":[{\"@type\":\"ListItem\",\"position\":1,\"name\":\"Home\",\"item\":\"https:\/\/animangeek.com\/\"},{\"@type\":\"ListItem\",\"position\":2,\"name\":\"Re:ZERO: Emilia comemora com um otaku latino\"}]},{\"@type\":\"WebSite\",\"@id\":\"https:\/\/animangeek.com\/#website\",\"url\":\"https:\/\/animangeek.com\/\",\"name\":\"Animan Geek\",\"description\":\"\",\"potentialAction\":[{\"@type\":\"SearchAction\",\"target\":{\"@type\":\"EntryPoint\",\"urlTemplate\":\"https:\/\/animangeek.com\/?s={search_term_string}\"},\"query-input\":\"required name=search_term_string\"}],\"inLanguage\":\"en-GB\"}]}<\/script>\n<!-- \/ Yoast SEO plugin. -->","yoast_head_json":{"title":"Re:ZERO: Emilia comemora com um otaku latino - Animan Geek","robots":{"index":"index","follow":"follow","max-snippet":"max-snippet:-1","max-image-preview":"max-image-preview:large","max-video-preview":"max-video-preview:-1"},"canonical":"https:\/\/animangeek.com\/en_gb\/rezero-emilia-comemora-com-um-otaku-latino\/","og_locale":"en_GB","og_type":"article","og_title":"Re:ZERO: Emilia comemora com um otaku latino - Animan Geek","og_description":"Recentemente, uma postagem no Facebook virou tend\u00eancia nas redes sociais, mostrando uma comemora\u00e7\u00e3o de anivers\u00e1rio tem\u00e1tica do popular anime \u201cRe:ZERO \u2013 Starting Life in Another World\u201d. O usu\u00e1rio Armando Tolentino compartilhou imagens de sua festa no dia 2 de dezembro de 2023, onde \u00e9 visto rodeado de produtos e decora\u00e7\u00f5es focadas em Em\u00edlia, uma das&hellip; Continue reading Re:ZERO: Emilia comemora com um otaku latino","og_url":"https:\/\/animangeek.com\/en_gb\/rezero-emilia-comemora-com-um-otaku-latino\/","og_site_name":"Animan Geek","article_published_time":"2024-09-26T15:51:42+00:00","og_image":[{"width":1920,"height":1080,"url":"https:\/\/animangeek.com\/wp-content\/uploads\/sites\/106\/2024\/09\/1727365902_ReZERO-Emilia-comemora-com-um-otaku-latino.jpg","type":"image\/jpeg"}],"twitter_card":"summary_large_image","twitter_misc":{"Est. reading time":"2 minutes"},"schema":{"@context":"https:\/\/schema.org","@graph":[{"@type":"WebPage","@id":"https:\/\/animangeek.com\/rezero-emilia-comemora-com-um-otaku-latino\/","url":"https:\/\/animangeek.com\/rezero-emilia-comemora-com-um-otaku-latino\/","name":"Re:ZERO: Emilia comemora com um otaku latino - Animan Geek","isPartOf":{"@id":"https:\/\/animangeek.com\/#website"},"primaryImageOfPage":{"@id":"https:\/\/animangeek.com\/rezero-emilia-comemora-com-um-otaku-latino\/#primaryimage"},"image":{"@id":"https:\/\/animangeek.com\/rezero-emilia-comemora-com-um-otaku-latino\/#primaryimage"},"thumbnailUrl":"https:\/\/animangeek.com\/wp-content\/uploads\/sites\/106\/2024\/09\/1727365902_ReZERO-Emilia-comemora-com-um-otaku-latino.jpg","datePublished":"2024-09-26T15:51:42+00:00","dateModified":"2024-09-26T15:51:42+00:00","author":{"@id":""},"breadcrumb":{"@id":"https:\/\/animangeek.com\/rezero-emilia-comemora-com-um-otaku-latino\/#breadcrumb"},"inLanguage":"en-GB","potentialAction":[{"@type":"ReadAction","target":["https:\/\/animangeek.com\/rezero-emilia-comemora-com-um-otaku-latino\/"]}]},{"@type":"ImageObject","inLanguage":"en-GB","@id":"https:\/\/animangeek.com\/rezero-emilia-comemora-com-um-otaku-latino\/#primaryimage","url":"https:\/\/animangeek.com\/wp-content\/uploads\/sites\/106\/2024\/09\/1727365902_ReZERO-Emilia-comemora-com-um-otaku-latino.jpg","contentUrl":"https:\/\/animangeek.com\/wp-content\/uploads\/sites\/106\/2024\/09\/1727365902_ReZERO-Emilia-comemora-com-um-otaku-latino.jpg","width":1920,"height":1080},{"@type":"BreadcrumbList","@id":"https:\/\/animangeek.com\/rezero-emilia-comemora-com-um-otaku-latino\/#breadcrumb","itemListElement":[{"@type":"ListItem","position":1,"name":"Home","item":"https:\/\/animangeek.com\/"},{"@type":"ListItem","position":2,"name":"Re:ZERO: Emilia comemora com um otaku latino"}]},{"@type":"WebSite","@id":"https:\/\/animangeek.com\/#website","url":"https:\/\/animangeek.com\/","name":"Animan Geek","description":"","potentialAction":[{"@type":"SearchAction","target":{"@type":"EntryPoint","urlTemplate":"https:\/\/animangeek.com\/?s={search_term_string}"},"query-input":"required name=search_term_string"}],"inLanguage":"en-GB"}]}},"_links":{"self":[{"href":"https:\/\/animangeek.com\/en_gb\/wp-json\/wp\/v2\/posts\/19242"}],"collection":[{"href":"https:\/\/animangeek.com\/en_gb\/wp-json\/wp\/v2\/posts"}],"about":[{"href":"https:\/\/animangeek.com\/en_gb\/wp-json\/wp\/v2\/types\/post"}],"replies":[{"embeddable":true,"href":"https:\/\/animangeek.com\/en_gb\/wp-json\/wp\/v2\/comments?post=19242"}],"version-history":[{"count":0,"href":"https:\/\/animangeek.com\/en_gb\/wp-json\/wp\/v2\/posts\/19242\/revisions"}],"wp:featuredmedia":[{"embeddable":true,"href":"https:\/\/animangeek.com\/en_gb\/wp-json\/wp\/v2\/media\/19243"}],"wp:attachment":[{"href":"https:\/\/animangeek.com\/en_gb\/wp-json\/wp\/v2\/media?parent=19242"}],"wp:term":[{"taxonomy":"category","embeddable":true,"href":"https:\/\/animangeek.com\/en_gb\/wp-json\/wp\/v2\/categories?post=19242"},{"taxonomy":"post_tag","embeddable":true,"href":"https:\/\/animangeek.com\/en_gb\/wp-json\/wp\/v2\/tags?post=19242"}],"curies":[{"name":"wp","href":"https:\/\/api.w.org\/{rel}","templated":true}]}}