{"id":2496,"date":"2023-08-09T11:15:40","date_gmt":"2023-08-09T14:15:40","guid":{"rendered":"https:\/\/animangeek.com\/?p=2496"},"modified":"2023-08-09T11:15:40","modified_gmt":"2023-08-09T14:15:40","slug":"manga-oshi-no-ko-anuncia-pausa","status":"publish","type":"post","link":"https:\/\/animangeek.com\/en_gb\/manga-oshi-no-ko-anuncia-pausa\/","title":{"rendered":"Oshi no Ko manga announces hiatus"},"content":{"rendered":"<div class=\"mx-5 sm:mx-0 prose text-left mb-5\">Without a doubt, fans of the manga <strong>Oshi no Ko <\/strong>are waiting to see how this story progresses after the latest events in which someone from Ai&#039;s past appeared, as he could be a key character in Ai&#039;s career. <strong>Hoshino Ruby<\/strong>, simply came back to explain his disappearance for so many years, whatever the case, it seems that we will have to wait a little longer to know how this story will continue.<\/p>\n<div>\n<h3 class=\"wp-block-heading has-text-align-center\">Oshi no Ko announces a 4-week hiatus and a short spin-off<\/h3>\n<figure class=\"wp-block-image size-large\"><noscript><img loading=\"lazy\" decoding=\"async\" width=\"1200\" height=\"675\" src=\"https:\/\/animangeek.com\/wp-content\/uploads\/2023\/08\/Manga-Oshi-no-Ko-anuncia-pausa.jpg\" alt=\"Oshi-No-Ko-Idol\" class=\"wp-image-333631\" title=\"Oshi No Ko Manga Announces Break 2\"\/><\/noscript><img loading=\"lazy\" decoding=\"async\" class=\"lazyload wp-image-333631\" title=\"Oshi No Ko Manga Announces Break 2\" src=\"https:\/\/animangeek.com\/wp-content\/uploads\/2023\/08\/Manga-Oshi-no-Ko-anuncia-pausa.jpg\" alt=\"Oshi-No-Ko-Idol\" width=\"1200\" height=\"675\" data-=\"\" \/><\/figure>\n<p>Yesterday, the author of<strong> Oshi no ko<\/strong>, <strong>Aka Akasaka <\/strong>announced that the manga will take a break of approximately one month and will resume publication from September 14th, no explanation was given as to the cause that led to this decision, but in the meantime 4 additional chapters of the series will be released published which will have the title <strong>Oshi no Ko: Interlude <\/strong>and the person responsible for its creation will be the artist of Oshi no Ko, <strong>Mengo Yokotari, p<\/strong>It seems like this story will take the artist&#039;s point of view and translate it into a story about the idol industry.<\/p>\n<p>These four additional chapters are expected to be told from the manga artist&#039;s perspective, allowing him to discuss his workflow, the challenges he faces in the industry, and possibly even address the current industry in Japan. As one would expect, he&#039;ll discuss the work of idols in Japan today and how they strive to survive in a very competitive industry; however, we&#039;ll have to learn all of that when the first of the four chapters is officially published.<\/p>\n<figure class=\"wp-block-image size-large\"><noscript><img loading=\"lazy\" decoding=\"async\" width=\"1200\" height=\"675\" src=\"https:\/\/animangeek.com\/wp-content\/uploads\/2023\/08\/1691128596_562_Crunchyroll-lanca-novos-videoclipes-para-YOASOBI-Aimer-MAN-WITH-A.jpg\" alt=\"A hist\u00f3ria continua! Oshi No Ko anunciou sua segunda temporada\" class=\"wp-image-337903\" title=\"Oshi No Ko Manga Announces Break 3\"\/><\/noscript><img loading=\"lazy\" decoding=\"async\" class=\"lazyload wp-image-337903\" title=\"Oshi No Ko Manga Announces Break 3\" src=\"https:\/\/animangeek.com\/wp-content\/uploads\/2023\/08\/1691128596_562_Crunchyroll-lanca-novos-videoclipes-para-YOASOBI-Aimer-MAN-WITH-A.jpg\" alt=\"A hist\u00f3ria continua! Oshi No Ko anunciou sua segunda temporada\" width=\"1200\" height=\"675\" data-=\"\" \/><\/figure>\n<p>It should be noted that when the four additional chapters of <strong>Oshi no Ko: Interlude <\/strong>the original publication of the story will be resumed, so we will have to wait some time to see how this intriguing story unfolds, which left many people with more doubts than they had at the beginning, so you have to stay tuned for the information that will be revealed to us in the coming days and do not despair until the manga resumes the publication of the original story.<\/p>\n<figure class=\"wp-block-image size-full\"><noscript><img loading=\"lazy\" decoding=\"async\" width=\"1200\" height=\"1695\" src=\"https:\/\/animangeek.com\/wp-content\/uploads\/2023\/08\/1691550535_592_Manga-Oshi-no-Ko-anuncia-pausa.jpg\" alt=\"Visual de Oshi No Ko Temporada 2\" class=\"wp-image-337896\" title=\"Oshi No Ko Manga Announces Break 4\"\/><\/noscript><img loading=\"lazy\" decoding=\"async\" class=\"lazyload wp-image-337896\" title=\"Oshi No Ko Manga Announces Break 4\" src=\"https:\/\/animangeek.com\/wp-content\/uploads\/2023\/08\/1691550535_592_Manga-Oshi-no-Ko-anuncia-pausa.jpg\" alt=\"Visual de Oshi No Ko Temporada 2\" width=\"1200\" height=\"1695\" data-=\"\" \/><\/figure>\n<p>For those who didn&#039;t know this series, <strong>Oshi no Ko<\/strong> tells us a story about the entertainment industry in Japan, one of the most complicated worlds where celebrities seek to show an exaggerated version of themselves, hiding their true thoughts to survive and stand out in a world where lying is common.<\/p>\n<p>One of the stars of this industry, <strong>Oh Hoshino <\/strong>of the idol group <strong>B-Komachi<\/strong> He managed to captivate the world, but suddenly he announced a break in his activities due to health problems.<\/p>\n<p>History puts us in the place of <strong>Gorou Amemiya<\/strong>A big fan of Ai and a gynecologist at a rural hospital, he&#039;s always wanted to meet the idol. However, his wish comes true when she shows up at his hospital, surprised to find herself pregnant with twins. This encounter will change the lives of both involved and their relationship. Undoubtedly, despite being an idol anime, it presents us with a rarely discussed topic: the reality of one of Japan&#039;s most popular industries and how people struggle within this world to become known and succeed. It&#039;s about many things.<\/p>\n<p><a href=\"https:\/\/ichigoproduction.com\/\" target=\"_blank\" rel=\"nofollow noopener\">\u00a9<\/a><a href=\"https:\/\/ichigoproduction.com\/\" target=\"_blank\" rel=\"nofollow noopener\">\u8d64\u5742\u30a2\u30ab\u00d7\u6a2a\u69cd\u30e1\u30f3\u30b4\uff0f\u96c6\u82f1\u793e\u30fb\u3010\u63a8\u3057\u306e\u5b50\u3011\u88fd\u4f5c\u59d4\u54e1\u4f1a<\/a><\/p>\n<\/div>\n<p>&nbsp;<\/p><\/div>","protected":false},"excerpt":{"rendered":"<p>No doubt fans of the Oshi no Ko manga are waiting to see how this story progresses after the latest events in which someone from Ai&#039;s past appeared, since he could be a key character in Hoshino Rubi&#039;s career, simply returned to explain his disappearance for so many years, whatever the... <a class=\"more-link\" href=\"https:\/\/animangeek.com\/en_gb\/manga-oshi-no-ko-anuncia-pausa\/\">Continue reading <span class=\"screen-reader-text\">Oshi no Ko manga announces hiatus<\/span><\/a><\/p>","protected":false},"author":0,"featured_media":2497,"comment_status":"open","ping_status":"open","sticky":false,"template":"","format":"standard","meta":{"footnotes":""},"categories":[8],"tags":[],"yoast_head":"<!-- This site is optimized with the Yoast SEO plugin v23.3 - https:\/\/yoast.com\/wordpress\/plugins\/seo\/ -->\n<title>Mang\u00e1 Oshi no Ko anuncia pausa - Animan Geek<\/title>\n<meta name=\"robots\" content=\"index, follow, max-snippet:-1, max-image-preview:large, max-video-preview:-1\" \/>\n<link rel=\"canonical\" href=\"https:\/\/animangeek.com\/en_gb\/manga-oshi-no-ko-anuncia-pausa\/\" \/>\n<meta property=\"og:locale\" content=\"en_GB\" \/>\n<meta property=\"og:type\" content=\"article\" \/>\n<meta property=\"og:title\" content=\"Mang\u00e1 Oshi no Ko anuncia pausa - Animan Geek\" \/>\n<meta property=\"og:description\" content=\"Sem d\u00favida os f\u00e3s do mang\u00e1 de Oshi no Ko est\u00e3o esperando para ver como essa hist\u00f3ria progride ap\u00f3s os \u00faltimos eventos em que algu\u00e9m do passado de Ai apareceu, j\u00e1 que ele pode ser um personagem-chave na carreira de Hoshino Rubi, simplesmente voltou para explicar seu desaparecimento por tantos anos, seja qual for o&hellip; Continue reading Mang\u00e1 Oshi no Ko anuncia pausa\" \/>\n<meta property=\"og:url\" content=\"https:\/\/animangeek.com\/en_gb\/manga-oshi-no-ko-anuncia-pausa\/\" \/>\n<meta property=\"og:site_name\" content=\"Animan Geek\" \/>\n<meta property=\"article:published_time\" content=\"2023-08-09T14:15:40+00:00\" \/>\n<meta property=\"og:image\" content=\"https:\/\/animangeek.com\/wp-content\/uploads\/sites\/106\/2023\/08\/1691550535_Manga-Oshi-no-Ko-anuncia-pausa.jpg\" \/>\n\t<meta property=\"og:image:width\" content=\"1280\" \/>\n\t<meta property=\"og:image:height\" content=\"720\" \/>\n\t<meta property=\"og:image:type\" content=\"image\/jpeg\" \/>\n<meta name=\"twitter:card\" content=\"summary_large_image\" \/>\n<meta name=\"twitter:label1\" content=\"Est. reading time\" \/>\n\t<meta name=\"twitter:data1\" content=\"3 minutes\" \/>\n<script type=\"application\/ld+json\" class=\"yoast-schema-graph\">{\"@context\":\"https:\/\/schema.org\",\"@graph\":[{\"@type\":\"WebPage\",\"@id\":\"https:\/\/animangeek.com\/manga-oshi-no-ko-anuncia-pausa\/\",\"url\":\"https:\/\/animangeek.com\/manga-oshi-no-ko-anuncia-pausa\/\",\"name\":\"Mang\u00e1 Oshi no Ko anuncia pausa - Animan Geek\",\"isPartOf\":{\"@id\":\"https:\/\/animangeek.com\/#website\"},\"primaryImageOfPage\":{\"@id\":\"https:\/\/animangeek.com\/manga-oshi-no-ko-anuncia-pausa\/#primaryimage\"},\"image\":{\"@id\":\"https:\/\/animangeek.com\/manga-oshi-no-ko-anuncia-pausa\/#primaryimage\"},\"thumbnailUrl\":\"https:\/\/animangeek.com\/wp-content\/uploads\/sites\/106\/2023\/08\/1691550535_Manga-Oshi-no-Ko-anuncia-pausa.jpg\",\"datePublished\":\"2023-08-09T14:15:40+00:00\",\"dateModified\":\"2023-08-09T14:15:40+00:00\",\"author\":{\"@id\":\"\"},\"breadcrumb\":{\"@id\":\"https:\/\/animangeek.com\/manga-oshi-no-ko-anuncia-pausa\/#breadcrumb\"},\"inLanguage\":\"en-GB\",\"potentialAction\":[{\"@type\":\"ReadAction\",\"target\":[\"https:\/\/animangeek.com\/manga-oshi-no-ko-anuncia-pausa\/\"]}]},{\"@type\":\"ImageObject\",\"inLanguage\":\"en-GB\",\"@id\":\"https:\/\/animangeek.com\/manga-oshi-no-ko-anuncia-pausa\/#primaryimage\",\"url\":\"https:\/\/animangeek.com\/wp-content\/uploads\/sites\/106\/2023\/08\/1691550535_Manga-Oshi-no-Ko-anuncia-pausa.jpg\",\"contentUrl\":\"https:\/\/animangeek.com\/wp-content\/uploads\/sites\/106\/2023\/08\/1691550535_Manga-Oshi-no-Ko-anuncia-pausa.jpg\",\"width\":1280,\"height\":720},{\"@type\":\"BreadcrumbList\",\"@id\":\"https:\/\/animangeek.com\/manga-oshi-no-ko-anuncia-pausa\/#breadcrumb\",\"itemListElement\":[{\"@type\":\"ListItem\",\"position\":1,\"name\":\"Home\",\"item\":\"https:\/\/animangeek.com\/\"},{\"@type\":\"ListItem\",\"position\":2,\"name\":\"Mang\u00e1 Oshi no Ko anuncia pausa\"}]},{\"@type\":\"WebSite\",\"@id\":\"https:\/\/animangeek.com\/#website\",\"url\":\"https:\/\/animangeek.com\/\",\"name\":\"Animan Geek\",\"description\":\"\",\"potentialAction\":[{\"@type\":\"SearchAction\",\"target\":{\"@type\":\"EntryPoint\",\"urlTemplate\":\"https:\/\/animangeek.com\/?s={search_term_string}\"},\"query-input\":\"required name=search_term_string\"}],\"inLanguage\":\"en-GB\"}]}<\/script>\n<!-- \/ Yoast SEO plugin. -->","yoast_head_json":{"title":"Mang\u00e1 Oshi no Ko anuncia pausa - Animan Geek","robots":{"index":"index","follow":"follow","max-snippet":"max-snippet:-1","max-image-preview":"max-image-preview:large","max-video-preview":"max-video-preview:-1"},"canonical":"https:\/\/animangeek.com\/en_gb\/manga-oshi-no-ko-anuncia-pausa\/","og_locale":"en_GB","og_type":"article","og_title":"Mang\u00e1 Oshi no Ko anuncia pausa - Animan Geek","og_description":"Sem d\u00favida os f\u00e3s do mang\u00e1 de Oshi no Ko est\u00e3o esperando para ver como essa hist\u00f3ria progride ap\u00f3s os \u00faltimos eventos em que algu\u00e9m do passado de Ai apareceu, j\u00e1 que ele pode ser um personagem-chave na carreira de Hoshino Rubi, simplesmente voltou para explicar seu desaparecimento por tantos anos, seja qual for o&hellip; Continue reading Mang\u00e1 Oshi no Ko anuncia pausa","og_url":"https:\/\/animangeek.com\/en_gb\/manga-oshi-no-ko-anuncia-pausa\/","og_site_name":"Animan Geek","article_published_time":"2023-08-09T14:15:40+00:00","og_image":[{"width":1280,"height":720,"url":"https:\/\/animangeek.com\/wp-content\/uploads\/sites\/106\/2023\/08\/1691550535_Manga-Oshi-no-Ko-anuncia-pausa.jpg","type":"image\/jpeg"}],"twitter_card":"summary_large_image","twitter_misc":{"Est. reading time":"3 minutes"},"schema":{"@context":"https:\/\/schema.org","@graph":[{"@type":"WebPage","@id":"https:\/\/animangeek.com\/manga-oshi-no-ko-anuncia-pausa\/","url":"https:\/\/animangeek.com\/manga-oshi-no-ko-anuncia-pausa\/","name":"Mang\u00e1 Oshi no Ko anuncia pausa - Animan Geek","isPartOf":{"@id":"https:\/\/animangeek.com\/#website"},"primaryImageOfPage":{"@id":"https:\/\/animangeek.com\/manga-oshi-no-ko-anuncia-pausa\/#primaryimage"},"image":{"@id":"https:\/\/animangeek.com\/manga-oshi-no-ko-anuncia-pausa\/#primaryimage"},"thumbnailUrl":"https:\/\/animangeek.com\/wp-content\/uploads\/sites\/106\/2023\/08\/1691550535_Manga-Oshi-no-Ko-anuncia-pausa.jpg","datePublished":"2023-08-09T14:15:40+00:00","dateModified":"2023-08-09T14:15:40+00:00","author":{"@id":""},"breadcrumb":{"@id":"https:\/\/animangeek.com\/manga-oshi-no-ko-anuncia-pausa\/#breadcrumb"},"inLanguage":"en-GB","potentialAction":[{"@type":"ReadAction","target":["https:\/\/animangeek.com\/manga-oshi-no-ko-anuncia-pausa\/"]}]},{"@type":"ImageObject","inLanguage":"en-GB","@id":"https:\/\/animangeek.com\/manga-oshi-no-ko-anuncia-pausa\/#primaryimage","url":"https:\/\/animangeek.com\/wp-content\/uploads\/sites\/106\/2023\/08\/1691550535_Manga-Oshi-no-Ko-anuncia-pausa.jpg","contentUrl":"https:\/\/animangeek.com\/wp-content\/uploads\/sites\/106\/2023\/08\/1691550535_Manga-Oshi-no-Ko-anuncia-pausa.jpg","width":1280,"height":720},{"@type":"BreadcrumbList","@id":"https:\/\/animangeek.com\/manga-oshi-no-ko-anuncia-pausa\/#breadcrumb","itemListElement":[{"@type":"ListItem","position":1,"name":"Home","item":"https:\/\/animangeek.com\/"},{"@type":"ListItem","position":2,"name":"Mang\u00e1 Oshi no Ko anuncia pausa"}]},{"@type":"WebSite","@id":"https:\/\/animangeek.com\/#website","url":"https:\/\/animangeek.com\/","name":"Animan Geek","description":"","potentialAction":[{"@type":"SearchAction","target":{"@type":"EntryPoint","urlTemplate":"https:\/\/animangeek.com\/?s={search_term_string}"},"query-input":"required name=search_term_string"}],"inLanguage":"en-GB"}]}},"_links":{"self":[{"href":"https:\/\/animangeek.com\/en_gb\/wp-json\/wp\/v2\/posts\/2496"}],"collection":[{"href":"https:\/\/animangeek.com\/en_gb\/wp-json\/wp\/v2\/posts"}],"about":[{"href":"https:\/\/animangeek.com\/en_gb\/wp-json\/wp\/v2\/types\/post"}],"replies":[{"embeddable":true,"href":"https:\/\/animangeek.com\/en_gb\/wp-json\/wp\/v2\/comments?post=2496"}],"version-history":[{"count":0,"href":"https:\/\/animangeek.com\/en_gb\/wp-json\/wp\/v2\/posts\/2496\/revisions"}],"wp:featuredmedia":[{"embeddable":true,"href":"https:\/\/animangeek.com\/en_gb\/wp-json\/wp\/v2\/media\/2497"}],"wp:attachment":[{"href":"https:\/\/animangeek.com\/en_gb\/wp-json\/wp\/v2\/media?parent=2496"}],"wp:term":[{"taxonomy":"category","embeddable":true,"href":"https:\/\/animangeek.com\/en_gb\/wp-json\/wp\/v2\/categories?post=2496"},{"taxonomy":"post_tag","embeddable":true,"href":"https:\/\/animangeek.com\/en_gb\/wp-json\/wp\/v2\/tags?post=2496"}],"curies":[{"name":"wp","href":"https:\/\/api.w.org\/{rel}","templated":true}]}}