{"id":2664,"date":"2023-08-10T06:40:26","date_gmt":"2023-08-10T09:40:26","guid":{"rendered":"https:\/\/animangeek.com\/?p=2664"},"modified":"2023-08-10T06:40:26","modified_gmt":"2023-08-10T09:40:26","slug":"studio-de-attack-on-titan-vai-animar-pokemon-minisserie-paldean-winds","status":"publish","type":"post","link":"https:\/\/animangeek.com\/en_gb\/studio-de-attack-on-titan-vai-animar-pokemon-minisserie-paldean-winds\/","title":{"rendered":"Attack on Titan Studio to Animate Pok\u00e9mon: Paldean Winds Miniseries"},"content":{"rendered":"<div class=\"mx-5 sm:mx-0 prose text-left mb-5\"><img decoding=\"async\" src=\"http:\/\/animangeek.com\/wp-content\/uploads\/sites\/106\/2023\/08\/Attack-on-Titan-Studio-para-Animar-Pokemon-Minisserie-Paldean-Winds.jpg\" \/><\/p>\n<div>\n<p>Entitled <em>Pok\u00e9mon<\/em><em>: Paldean Winds<\/em>WIT Studio will be handling the latest <em>Pok\u00e9mon<\/em> miniseries.<!-- No repeatable ad for zone: character count repeatable. --><!-- Repeatable debug data: {\"injection\":\"none\",\"adPosition\":0,\"startingPoint\":1,\"skipEvery\":null,\"nbrPlacementFilledEachSkip\":0,\"nbrPlacementsScanned\":0,\"ruleCount\":10,\"degradationStartingPoint\":2,\"actualCount\":103} --><!-- Zone: below first paragraph. --><\/p>\n<p><!-- No winning ad found for zone: mid intro! --><\/p>\n<p>The studio behind the previous seasons of <em>Attack on Titan<\/em>, <em>Classification of Kings,<\/em> and <em>Vinland Saga<\/em> was confirmed as a collaborator on the new miniseries via <a href=\"https:\/\/twitter.com\/Pokemon\/status\/1688988522575704064\" target=\"_blank\" rel=\"nofollow noopener\">X (formerly Twitter)<\/a>.<\/p>\n<p>The project will be led by director Ryouhei Takeshita (<em>Jujutsu Kaisen<\/em>), screenwriters Teruko Utsumi (<em>kakegurui<\/em>) and Keisuke Satou, color designer Ayaka Nakamura (<em>Pok\u00e9mon: Hisuian Snow<\/em>) and art director Yuuki Funagakure (<em>Mondaiji<\/em>).<\/p>\n<p>3D Director Shigenori Hirozumi (<em>Attack on Titan<\/em>), Yuuki Kawashita (<em>Vinland Saga<\/em>), prolific sound director Masafumi Mima and editor Aya Hida (<em>Attack on Titan<\/em>) and musician Kevin Penkin also make up the team.<\/p>\n<p><!-- Repeatable debug data: {\"injection\":\"before\",\"adPosition\":0,\"startingPoint\":1,\"skipEvery\":null,\"nbrPlacementFilledEachSkip\":0,\"nbrPlacementsScanned\":1,\"ruleCount\":10,\"degradationStartingPoint\":2,\"actualCount\":613} --><!-- Zone: character count repeatable. --><!-- Repeatable debug data: {\"injection\":\"after\",\"adPosition\":1,\"startingPoint\":1,\"skipEvery\":null,\"nbrPlacementFilledEachSkip\":1,\"nbrPlacementsScanned\":1,\"ruleCount\":10,\"degradationStartingPoint\":2,\"actualCount\":0} --><\/p>\n<p><!-- No repeatable ad for zone: character count repeatable. --><!-- Repeatable debug data: {\"injection\":\"none\",\"adPosition\":1,\"startingPoint\":1,\"skipEvery\":null,\"nbrPlacementFilledEachSkip\":1,\"nbrPlacementsScanned\":2,\"ruleCount\":1000,\"degradationStartingPoint\":2,\"actualCount\":57} --><\/p>\n<p><!-- No repeatable ad for zone: character count repeatable. --><!-- Repeatable debug data: {\"injection\":\"none\",\"adPosition\":1,\"startingPoint\":1,\"skipEvery\":null,\"nbrPlacementFilledEachSkip\":1,\"nbrPlacementsScanned\":2,\"ruleCount\":1000,\"degradationStartingPoint\":2,\"actualCount\":58} --><\/p>\n<p><!-- No repeatable ad for zone: character count repeatable. --><!-- Repeatable debug data: {\"injection\":\"none\",\"adPosition\":1,\"startingPoint\":1,\"skipEvery\":null,\"nbrPlacementFilledEachSkip\":1,\"nbrPlacementsScanned\":2,\"ruleCount\":1000,\"degradationStartingPoint\":2,\"actualCount\":298} --><\/p>\n<p>WIT Studios <em>Pok\u00e9mon<\/em><em>: Paldean Winds<\/em> revolves around a new group of trainers and the starter Pok\u00e9mon: Quaxly, Meowscarada, and Fuecoco, all introduced in Generation IX. <em>Pok\u00e9mon Scarlet and Violet<\/em>.<\/p>\n<p>The original liquid animation is successful <em>Pok\u00e9mon: Hisuian Snow<\/em>, which was also animated by WIT. \u201cThis original story will portray the youthful drama of several academy students as they develop, growing and learning while attending school,\u201d CEO Takato Utsunomiya revealed in <em>Pok\u00e9mon Gifts.<\/em><\/p>\n<p>The trailer continues the themes of journey and self-discovery commonly found in <em>Pok\u00e9mon<\/em> games and anime.<\/p>\n<p><!-- No repeatable ad for zone: character count repeatable. --><!-- Repeatable debug data: {\"injection\":\"none\",\"adPosition\":1,\"startingPoint\":1,\"skipEvery\":null,\"nbrPlacementFilledEachSkip\":1,\"nbrPlacementsScanned\":2,\"ruleCount\":1000,\"degradationStartingPoint\":2,\"actualCount\":961} --><\/p>\n<p>\u201c\u2018A treasure of my own\u2019? What is that?\u201d \u201cSomething I won\u2019t let go of.\u201d \u201cSomething that doesn\u2019t change.\u201d \u201cSomething I never expected,\u201d hints at the perspectives of Ohara, Aliquis, and Hohma, who will bring the new adaptation to life. \u201cNow\u2026 Take a deep breath\u2026 And go out into the world.\u201d<!-- No repeatable ad for zone: character count repeatable. --><!-- Repeatable debug data: {\"injection\":\"none\",\"adPosition\":2,\"startingPoint\":1,\"skipEvery\":null,\"nbrPlacementFilledEachSkip\":2,\"nbrPlacementsScanned\":3,\"ruleCount\":1000,\"degradationStartingPoint\":2,\"actualCount\":111} --><!-- No winning ad found for zone: native in content! --><\/p>\n<p><!-- Repeatable debug data: {\"injection\":\"before\",\"adPosition\":1,\"startingPoint\":1,\"skipEvery\":null,\"nbrPlacementFilledEachSkip\":1,\"nbrPlacementsScanned\":2,\"ruleCount\":1000,\"degradationStartingPoint\":2,\"actualCount\":1338} --><!-- Zone: character count repeatable. --><!-- Repeatable debug data: {\"injection\":\"after\",\"adPosition\":2,\"startingPoint\":1,\"skipEvery\":null,\"nbrPlacementFilledEachSkip\":2,\"nbrPlacementsScanned\":2,\"ruleCount\":1000,\"degradationStartingPoint\":2,\"actualCount\":0} --><\/p>\n<h2 id=\"pok-eacute-mon-paldean-winds-will-premiere-on-youtube-in-september\">Pok\u00e9mon: Paldean Winds will premiere on YouTube in September<\/h2>\n<p><em>Attack on Titan<\/em> marks one of WIT&#039;s most notable acquisitions, but the renowned studio has been involved with <em>Pok\u00e9mon<\/em> for years. 2018 <em>Pok\u00e9mon the Movie: The Power of Us<\/em> was made in collaboration with OLM Studios, before <em>Pok\u00e9mon: Hisuian Snow<\/em> and <em>Paldean Winds<\/em> in successive years.<\/p>\n<p>Fans expressed their excitement about WIT&#039;s continued partnership with the iconic franchise, particularly praising the stunning character designs and environments. With picturesque adaptations of <em>Classification of Kings<\/em> and <em>The Ancient Magus&#039; Bride<\/em> in WIT&#039;s portfolio, fans expect depth from one of the <em>Pok\u00e9mon <\/em>largest regions.<\/p>\n<p><!-- No repeatable ad for zone: character count repeatable. --><!-- Repeatable debug data: {\"injection\":\"none\",\"adPosition\":2,\"startingPoint\":1,\"skipEvery\":null,\"nbrPlacementFilledEachSkip\":2,\"nbrPlacementsScanned\":3,\"ruleCount\":1000,\"degradationStartingPoint\":2,\"actualCount\":759} --><\/p>\n<p><em>Pok\u00e9mon: Paldean Winds<\/em> will span four episodes and will be available to stream via YouTube on September 6, 2023.<\/p>\n<p><!-- No repeatable ad for zone: character count repeatable. --><!-- Repeatable debug data: {\"injection\":\"none\",\"adPosition\":2,\"startingPoint\":1,\"skipEvery\":null,\"nbrPlacementFilledEachSkip\":2,\"nbrPlacementsScanned\":3,\"ruleCount\":1000,\"degradationStartingPoint\":2,\"actualCount\":873} --><\/p>\n<p>Source: <a href=\"https:\/\/twitter.com\/Pokemon\/status\/1688988522575704064\" target=\"_blank\" rel=\"nofollow noopener\">x<\/a><\/p>\n<p><!-- No repeatable ad for zone: character count repeatable. --><!-- Repeatable debug data: {\"injection\":\"none\",\"adPosition\":2,\"startingPoint\":1,\"skipEvery\":null,\"nbrPlacementFilledEachSkip\":2,\"nbrPlacementsScanned\":3,\"ruleCount\":1000,\"degradationStartingPoint\":2,\"actualCount\":882} --><\/p>\n<p><!-- No repeatable ad for zone: character count repeatable. --><!-- Repeatable debug data: {\"injection\":\"none\",\"adPosition\":2,\"startingPoint\":1,\"skipEvery\":null,\"nbrPlacementFilledEachSkip\":2,\"nbrPlacementsScanned\":3,\"ruleCount\":1000,\"degradationStartingPoint\":2,\"actualCount\":883} --><\/p>\n<\/div>\n<p><script async src=\"\/\/platform.twitter.com\/widgets.js\" charset=\"utf-8\"><\/script><\/div>","protected":false},"excerpt":{"rendered":"<p>Titled Pok\u00e9mon: Paldean Winds, WIT Studio will be handling the latest Pok\u00e9mon miniseries. The studio behind the previous seasons of Attack on Titan, Ranking of Kings, and Vinland Saga has been confirmed as a collaborator on the new miniseries via X (formerly Twitter). The project will feature director Ryouhei Takeshita (Jujutsu Kaisen), writers Teruko\u2026 <a class=\"more-link\" href=\"https:\/\/animangeek.com\/en_gb\/studio-de-attack-on-titan-vai-animar-pokemon-minisserie-paldean-winds\/\">Continue reading <span class=\"screen-reader-text\">Attack on Titan Studio to Animate Pok\u00e9mon: Paldean Winds Miniseries<\/span><\/a><\/p>","protected":false},"author":0,"featured_media":2663,"comment_status":"open","ping_status":"open","sticky":false,"template":"","format":"standard","meta":{"footnotes":""},"categories":[4],"tags":[],"yoast_head":"<!-- This site is optimized with the Yoast SEO plugin v23.3 - https:\/\/yoast.com\/wordpress\/plugins\/seo\/ -->\n<title>Studio de Attack on Titan vai animar Pok\u00e9mon: Miniss\u00e9rie Paldean Winds - Animan Geek<\/title>\n<meta name=\"robots\" content=\"index, follow, max-snippet:-1, max-image-preview:large, max-video-preview:-1\" \/>\n<link rel=\"canonical\" href=\"https:\/\/animangeek.com\/en_gb\/studio-de-attack-on-titan-vai-animar-pokemon-minisserie-paldean-winds\/\" \/>\n<meta property=\"og:locale\" content=\"en_GB\" \/>\n<meta property=\"og:type\" content=\"article\" \/>\n<meta property=\"og:title\" content=\"Studio de Attack on Titan vai animar Pok\u00e9mon: Miniss\u00e9rie Paldean Winds - Animan Geek\" \/>\n<meta property=\"og:description\" content=\"Intitulado Pok\u00e9mon: Ventos Paldeanoso WIT Studio estar\u00e1 lidando com as \u00faltimas Pok\u00e9mon miniss\u00e9rie. O est\u00fadio por tr\u00e1s das temporadas anteriores de Ataque ao tit\u00e3, Classifica\u00e7\u00e3o dos Reis, e Vinland Saga foi confirmado como colaborador da nova miniss\u00e9rie via X (antigo Twitter). O projeto ter\u00e1 a equipe do diretor Ryouhei Takeshita (Jujutsu Kaisen), os roteiristas Teruko&hellip; Continue reading Studio de Attack on Titan vai animar Pok\u00e9mon: Miniss\u00e9rie Paldean Winds\" \/>\n<meta property=\"og:url\" content=\"https:\/\/animangeek.com\/en_gb\/studio-de-attack-on-titan-vai-animar-pokemon-minisserie-paldean-winds\/\" \/>\n<meta property=\"og:site_name\" content=\"Animan Geek\" \/>\n<meta property=\"article:published_time\" content=\"2023-08-10T09:40:26+00:00\" \/>\n<meta property=\"og:image\" content=\"https:\/\/animangeek.com\/wp-content\/uploads\/sites\/106\/2023\/08\/Attack-on-Titan-Studio-para-Animar-Pokemon-Minisserie-Paldean-Winds.jpg\" \/>\n\t<meta property=\"og:image:width\" content=\"1920\" \/>\n\t<meta property=\"og:image:height\" content=\"960\" \/>\n\t<meta property=\"og:image:type\" content=\"image\/jpeg\" \/>\n<meta name=\"twitter:card\" content=\"summary_large_image\" \/>\n<meta name=\"twitter:label1\" content=\"Est. reading time\" \/>\n\t<meta name=\"twitter:data1\" content=\"2 minutes\" \/>\n<script type=\"application\/ld+json\" class=\"yoast-schema-graph\">{\"@context\":\"https:\/\/schema.org\",\"@graph\":[{\"@type\":\"WebPage\",\"@id\":\"https:\/\/animangeek.com\/studio-de-attack-on-titan-vai-animar-pokemon-minisserie-paldean-winds\/\",\"url\":\"https:\/\/animangeek.com\/studio-de-attack-on-titan-vai-animar-pokemon-minisserie-paldean-winds\/\",\"name\":\"Studio de Attack on Titan vai animar Pok\u00e9mon: Miniss\u00e9rie Paldean Winds - Animan Geek\",\"isPartOf\":{\"@id\":\"https:\/\/animangeek.com\/#website\"},\"primaryImageOfPage\":{\"@id\":\"https:\/\/animangeek.com\/studio-de-attack-on-titan-vai-animar-pokemon-minisserie-paldean-winds\/#primaryimage\"},\"image\":{\"@id\":\"https:\/\/animangeek.com\/studio-de-attack-on-titan-vai-animar-pokemon-minisserie-paldean-winds\/#primaryimage\"},\"thumbnailUrl\":\"https:\/\/animangeek.com\/wp-content\/uploads\/sites\/106\/2023\/08\/Attack-on-Titan-Studio-para-Animar-Pokemon-Minisserie-Paldean-Winds.jpg\",\"datePublished\":\"2023-08-10T09:40:26+00:00\",\"dateModified\":\"2023-08-10T09:40:26+00:00\",\"author\":{\"@id\":\"\"},\"breadcrumb\":{\"@id\":\"https:\/\/animangeek.com\/studio-de-attack-on-titan-vai-animar-pokemon-minisserie-paldean-winds\/#breadcrumb\"},\"inLanguage\":\"en-GB\",\"potentialAction\":[{\"@type\":\"ReadAction\",\"target\":[\"https:\/\/animangeek.com\/studio-de-attack-on-titan-vai-animar-pokemon-minisserie-paldean-winds\/\"]}]},{\"@type\":\"ImageObject\",\"inLanguage\":\"en-GB\",\"@id\":\"https:\/\/animangeek.com\/studio-de-attack-on-titan-vai-animar-pokemon-minisserie-paldean-winds\/#primaryimage\",\"url\":\"https:\/\/animangeek.com\/wp-content\/uploads\/sites\/106\/2023\/08\/Attack-on-Titan-Studio-para-Animar-Pokemon-Minisserie-Paldean-Winds.jpg\",\"contentUrl\":\"https:\/\/animangeek.com\/wp-content\/uploads\/sites\/106\/2023\/08\/Attack-on-Titan-Studio-para-Animar-Pokemon-Minisserie-Paldean-Winds.jpg\",\"width\":1920,\"height\":960},{\"@type\":\"BreadcrumbList\",\"@id\":\"https:\/\/animangeek.com\/studio-de-attack-on-titan-vai-animar-pokemon-minisserie-paldean-winds\/#breadcrumb\",\"itemListElement\":[{\"@type\":\"ListItem\",\"position\":1,\"name\":\"Home\",\"item\":\"https:\/\/animangeek.com\/\"},{\"@type\":\"ListItem\",\"position\":2,\"name\":\"Studio de Attack on Titan vai animar Pok\u00e9mon: Miniss\u00e9rie Paldean Winds\"}]},{\"@type\":\"WebSite\",\"@id\":\"https:\/\/animangeek.com\/#website\",\"url\":\"https:\/\/animangeek.com\/\",\"name\":\"Animan Geek\",\"description\":\"\",\"potentialAction\":[{\"@type\":\"SearchAction\",\"target\":{\"@type\":\"EntryPoint\",\"urlTemplate\":\"https:\/\/animangeek.com\/?s={search_term_string}\"},\"query-input\":\"required name=search_term_string\"}],\"inLanguage\":\"en-GB\"}]}<\/script>\n<!-- \/ Yoast SEO plugin. -->","yoast_head_json":{"title":"Studio de Attack on Titan vai animar Pok\u00e9mon: Miniss\u00e9rie Paldean Winds - Animan Geek","robots":{"index":"index","follow":"follow","max-snippet":"max-snippet:-1","max-image-preview":"max-image-preview:large","max-video-preview":"max-video-preview:-1"},"canonical":"https:\/\/animangeek.com\/en_gb\/studio-de-attack-on-titan-vai-animar-pokemon-minisserie-paldean-winds\/","og_locale":"en_GB","og_type":"article","og_title":"Studio de Attack on Titan vai animar Pok\u00e9mon: Miniss\u00e9rie Paldean Winds - Animan Geek","og_description":"Intitulado Pok\u00e9mon: Ventos Paldeanoso WIT Studio estar\u00e1 lidando com as \u00faltimas Pok\u00e9mon miniss\u00e9rie. O est\u00fadio por tr\u00e1s das temporadas anteriores de Ataque ao tit\u00e3, Classifica\u00e7\u00e3o dos Reis, e Vinland Saga foi confirmado como colaborador da nova miniss\u00e9rie via X (antigo Twitter). O projeto ter\u00e1 a equipe do diretor Ryouhei Takeshita (Jujutsu Kaisen), os roteiristas Teruko&hellip; Continue reading Studio de Attack on Titan vai animar Pok\u00e9mon: Miniss\u00e9rie Paldean Winds","og_url":"https:\/\/animangeek.com\/en_gb\/studio-de-attack-on-titan-vai-animar-pokemon-minisserie-paldean-winds\/","og_site_name":"Animan Geek","article_published_time":"2023-08-10T09:40:26+00:00","og_image":[{"width":1920,"height":960,"url":"https:\/\/animangeek.com\/wp-content\/uploads\/sites\/106\/2023\/08\/Attack-on-Titan-Studio-para-Animar-Pokemon-Minisserie-Paldean-Winds.jpg","type":"image\/jpeg"}],"twitter_card":"summary_large_image","twitter_misc":{"Est. reading time":"2 minutes"},"schema":{"@context":"https:\/\/schema.org","@graph":[{"@type":"WebPage","@id":"https:\/\/animangeek.com\/studio-de-attack-on-titan-vai-animar-pokemon-minisserie-paldean-winds\/","url":"https:\/\/animangeek.com\/studio-de-attack-on-titan-vai-animar-pokemon-minisserie-paldean-winds\/","name":"Studio de Attack on Titan vai animar Pok\u00e9mon: Miniss\u00e9rie Paldean Winds - Animan Geek","isPartOf":{"@id":"https:\/\/animangeek.com\/#website"},"primaryImageOfPage":{"@id":"https:\/\/animangeek.com\/studio-de-attack-on-titan-vai-animar-pokemon-minisserie-paldean-winds\/#primaryimage"},"image":{"@id":"https:\/\/animangeek.com\/studio-de-attack-on-titan-vai-animar-pokemon-minisserie-paldean-winds\/#primaryimage"},"thumbnailUrl":"https:\/\/animangeek.com\/wp-content\/uploads\/sites\/106\/2023\/08\/Attack-on-Titan-Studio-para-Animar-Pokemon-Minisserie-Paldean-Winds.jpg","datePublished":"2023-08-10T09:40:26+00:00","dateModified":"2023-08-10T09:40:26+00:00","author":{"@id":""},"breadcrumb":{"@id":"https:\/\/animangeek.com\/studio-de-attack-on-titan-vai-animar-pokemon-minisserie-paldean-winds\/#breadcrumb"},"inLanguage":"en-GB","potentialAction":[{"@type":"ReadAction","target":["https:\/\/animangeek.com\/studio-de-attack-on-titan-vai-animar-pokemon-minisserie-paldean-winds\/"]}]},{"@type":"ImageObject","inLanguage":"en-GB","@id":"https:\/\/animangeek.com\/studio-de-attack-on-titan-vai-animar-pokemon-minisserie-paldean-winds\/#primaryimage","url":"https:\/\/animangeek.com\/wp-content\/uploads\/sites\/106\/2023\/08\/Attack-on-Titan-Studio-para-Animar-Pokemon-Minisserie-Paldean-Winds.jpg","contentUrl":"https:\/\/animangeek.com\/wp-content\/uploads\/sites\/106\/2023\/08\/Attack-on-Titan-Studio-para-Animar-Pokemon-Minisserie-Paldean-Winds.jpg","width":1920,"height":960},{"@type":"BreadcrumbList","@id":"https:\/\/animangeek.com\/studio-de-attack-on-titan-vai-animar-pokemon-minisserie-paldean-winds\/#breadcrumb","itemListElement":[{"@type":"ListItem","position":1,"name":"Home","item":"https:\/\/animangeek.com\/"},{"@type":"ListItem","position":2,"name":"Studio de Attack on Titan vai animar Pok\u00e9mon: Miniss\u00e9rie Paldean Winds"}]},{"@type":"WebSite","@id":"https:\/\/animangeek.com\/#website","url":"https:\/\/animangeek.com\/","name":"Animan Geek","description":"","potentialAction":[{"@type":"SearchAction","target":{"@type":"EntryPoint","urlTemplate":"https:\/\/animangeek.com\/?s={search_term_string}"},"query-input":"required name=search_term_string"}],"inLanguage":"en-GB"}]}},"_links":{"self":[{"href":"https:\/\/animangeek.com\/en_gb\/wp-json\/wp\/v2\/posts\/2664"}],"collection":[{"href":"https:\/\/animangeek.com\/en_gb\/wp-json\/wp\/v2\/posts"}],"about":[{"href":"https:\/\/animangeek.com\/en_gb\/wp-json\/wp\/v2\/types\/post"}],"replies":[{"embeddable":true,"href":"https:\/\/animangeek.com\/en_gb\/wp-json\/wp\/v2\/comments?post=2664"}],"version-history":[{"count":0,"href":"https:\/\/animangeek.com\/en_gb\/wp-json\/wp\/v2\/posts\/2664\/revisions"}],"wp:featuredmedia":[{"embeddable":true,"href":"https:\/\/animangeek.com\/en_gb\/wp-json\/wp\/v2\/media\/2663"}],"wp:attachment":[{"href":"https:\/\/animangeek.com\/en_gb\/wp-json\/wp\/v2\/media?parent=2664"}],"wp:term":[{"taxonomy":"category","embeddable":true,"href":"https:\/\/animangeek.com\/en_gb\/wp-json\/wp\/v2\/categories?post=2664"},{"taxonomy":"post_tag","embeddable":true,"href":"https:\/\/animangeek.com\/en_gb\/wp-json\/wp\/v2\/tags?post=2664"}],"curies":[{"name":"wp","href":"https:\/\/api.w.org\/{rel}","templated":true}]}}