{"id":12143,"date":"2024-05-24T12:36:41","date_gmt":"2024-05-24T15:36:41","guid":{"rendered":"https:\/\/animangeek.com\/genshin-impact-impressiona-com-curta-de-anime\/"},"modified":"2024-05-24T12:36:41","modified_gmt":"2024-05-24T15:36:41","slug":"genshin-impact-impressiona-com-curta-de-anime","status":"publish","type":"post","link":"https:\/\/animangeek.com\/es\/genshin-impact-impressiona-com-curta-de-anime\/","title":{"rendered":"Genshin Impact impresiona con un cortometraje de anime"},"content":{"rendered":"<div class=\"mx-5 sm:mx-0 prose text-left mb-5\"><\/p>\n<div>\n<p>&quot;<strong>Impacto de Genshin<\/strong>\u201d estren\u00f3 el corto animado previamente anunciado con una canci\u00f3n de <strong>Mezcla de agujeros<\/strong> S\u00ed <strong>Gustar <\/strong>durante una transmisi\u00f3n en vivo de la versi\u00f3n especial 4.7. La animaci\u00f3n, titulada \u00ab<strong>El camino no tomado<\/strong>\u00bb, incluye a los personajes Aether, Lumine, Paimon y Dainsleif y se le puede ver viajando por las naciones de Teyvat.<\/p>\n<ul>\n<li>\u00ab<em><strong>Pero al menos todav\u00eda est\u00e1s en alg\u00fan lugar de este mundo. El rastro de una estrella fugaz que hace mucho cruz\u00f3 el cielo, ahora es el camino no transitado que te busco.<\/strong><\/em>\u00bb.<\/li>\n<\/ul>\n<p><iframe loading=\"lazy\" title=\"Cortometraje animado &quot;El camino no tomado&quot; | Genshin Impact #Genshin Impact #Aether #Lumine #Animated\" width=\"500\" height=\"281\" src=\"https:\/\/www.youtube.com\/embed\/T5-YMslEmxw?feature=oembed\" frameborder=\"0\" allow=\"accelerometer; autoplay; clipboard-write; encrypted-media; gyroscope; picture-in-picture; web-share\" referrerpolicy=\"strict-origin-when-cross-origin\" allowfullscreen><\/iframe><\/p>\n<p>La transmisi\u00f3n tambi\u00e9n anunci\u00f3 los pr\u00f3ximos carteles de Clorinde y Alhaitham en la primera mitad del a\u00f1o con el nuevo personaje de 4 estrellas &quot;Sethos, el Medidor de Sabidur\u00eda&quot;, mientras que Sigewinne y Furina est\u00e1n en la segunda mitad. <strong>La siguiente naci\u00f3n, Natlan, fue presentada hacia el final de la transmisi\u00f3n en vivo, mostrando criaturas parecidas a dragones y vishap vagando por la regi\u00f3n. La versi\u00f3n 4.7 de Genshin Impact est\u00e1 programada para lanzarse el 5 de junio.<\/strong><\/p>\n<p><strong>Si bien el \u00faltimo corto animado del videojuego es hermoso y cautivador, muchos fan\u00e1ticos est\u00e1n m\u00e1s preocupados por el anime de la franquicia que se encuentra actualmente en producci\u00f3n. <\/strong>Al menos hasta donde saben los fan\u00e1ticos, esto todav\u00eda est\u00e1 sucediendo, ya que pr\u00e1cticamente no ha habido m\u00e1s noticias confirmadas desde el anuncio inicial del anime en septiembre de 2022.<\/p>\n<div class=\"wp-block-image\">\n<figure class=\"aligncenter size-full is-resized\"><img loading=\"lazy\" decoding=\"async\" width=\"1200\" height=\"675\" src=\"https:\/\/animangeek.com\/wp-content\/uploads\/2024\/05\/Genshin-Impact-impressiona-com-curta-de-anime.jpg\" alt=\"Impacto Genshin\" class=\"wp-image-330171\" style=\"width:840px;height:auto\"  \/><\/figure>\n<\/div>\n<p><strong>Del mismo modo, la preocupaci\u00f3n de los fan\u00e1ticos por el estado del anime es comprensible, especialmente considerando lo hermosos que son los cortos animados como &quot;The Road Not Taken&quot;.<\/strong> A su vez, esto tambi\u00e9n explica por qu\u00e9 la discusi\u00f3n sobre el anime es dominante inmediatamente despu\u00e9s del estreno del corto; Su calidad es de tan alto calibre que los fan\u00e1ticos no pueden evitar preguntarse c\u00f3mo se ver\u00e1 el supuesto anime en su versi\u00f3n final.<\/p>\n<p><strong>Es importante mencionar que este corto no fue producido por Ufotable, el estudio que anunci\u00f3 una colaboraci\u00f3n a largo plazo con la franquicia hace casi dos a\u00f1os.<\/strong> Es comprensible que muchas personas en Internet le regalen flores al cortometraje animado mientras expresan su preocupaci\u00f3n y esperanza por el estado de la producci\u00f3n del anime. Muchos otros, sin embargo, van en una u otra direcci\u00f3n, aparentemente despreocupados por el proyecto de animaci\u00f3n del que no est\u00e1n hablando.<\/p>\n<p>Fuente: <strong><a rel=\"nofollow noopener\" target=\"_blank\" href=\"https:\/\/genshin.hoyoverse.com\/en\/news\/detail\/123808\">Sitio web oficial<\/a><\/strong><\/p>\n<\/div>\n<p><\/div>","protected":false},"excerpt":{"rendered":"<p>\u201cGenshin Impact\u201d estren\u00f3 el corto animado previamente anunciado, con m\u00fasica de Hole Mix, durante una transmisi\u00f3n especial en vivo de la versi\u00f3n 4.7. La animaci\u00f3n, titulada \u201cEl Camino No Tomado\u201d, presenta a los personajes Aether, Lumine, Paimon y Dainsleif viajando por las naciones de Teyvat. \u201cPero al menos t\u00fa\u2026\u201d <a class=\"more-link\" href=\"https:\/\/animangeek.com\/es\/genshin-impact-impressiona-com-curta-de-anime\/\">Sigue leyendo <span class=\"screen-reader-text\">Genshin Impact impresiona con un cortometraje de anime<\/span><\/a><\/p>","protected":false},"author":0,"featured_media":12145,"comment_status":"open","ping_status":"open","sticky":false,"template":"","format":"standard","meta":{"footnotes":""},"categories":[3],"tags":[639,1652],"yoast_head":"<!-- This site is optimized with the Yoast SEO plugin v23.3 - https:\/\/yoast.com\/wordpress\/plugins\/seo\/ -->\n<title>Genshin Impact impressiona com curta de anime - Animan Geek<\/title>\n<meta name=\"robots\" content=\"index, follow, max-snippet:-1, max-image-preview:large, max-video-preview:-1\" \/>\n<link rel=\"canonical\" href=\"https:\/\/animangeek.com\/es\/genshin-impact-impressiona-com-curta-de-anime\/\" \/>\n<meta property=\"og:locale\" content=\"es_MX\" \/>\n<meta property=\"og:type\" content=\"article\" \/>\n<meta property=\"og:title\" content=\"Genshin Impact impressiona com curta de anime - Animan Geek\" \/>\n<meta property=\"og:description\" content=\"\u201cImpacto Genshin\u201d estreou o curta de anima\u00e7\u00e3o anunciado anteriormente com uma m\u00fasica de Mistura de furos sim Gostar durante uma transmiss\u00e3o ao vivo especial da vers\u00e3o 4.7. A anima\u00e7\u00e3o, intitulada \u00abO caminho n\u00e3o percorrido\u00bb, inclui os personagens Aether, Lumine, Paimon e Dainsleif e pode ser visto viajando pelas na\u00e7\u00f5es de Teyvat. \u00abMas pelo menos voc\u00ea&hellip; Continue reading Genshin Impact impressiona com curta de anime\" \/>\n<meta property=\"og:url\" content=\"https:\/\/animangeek.com\/es\/genshin-impact-impressiona-com-curta-de-anime\/\" \/>\n<meta property=\"og:site_name\" content=\"Animan Geek\" \/>\n<meta property=\"article:published_time\" content=\"2024-05-24T15:36:41+00:00\" \/>\n<meta property=\"og:image\" content=\"https:\/\/animangeek.com\/wp-content\/uploads\/sites\/106\/2024\/05\/1716565002_Genshin-Impact-impressiona-com-curta-de-anime.jpg\" \/>\n\t<meta property=\"og:image:width\" content=\"1920\" \/>\n\t<meta property=\"og:image:height\" content=\"1080\" \/>\n\t<meta property=\"og:image:type\" content=\"image\/jpeg\" \/>\n<meta name=\"twitter:card\" content=\"summary_large_image\" \/>\n<meta name=\"twitter:label1\" content=\"Est. reading time\" \/>\n\t<meta name=\"twitter:data1\" content=\"2 minutos\" \/>\n<script type=\"application\/ld+json\" class=\"yoast-schema-graph\">{\"@context\":\"https:\/\/schema.org\",\"@graph\":[{\"@type\":\"WebPage\",\"@id\":\"https:\/\/animangeek.com\/genshin-impact-impressiona-com-curta-de-anime\/\",\"url\":\"https:\/\/animangeek.com\/genshin-impact-impressiona-com-curta-de-anime\/\",\"name\":\"Genshin Impact impressiona com curta de anime - Animan Geek\",\"isPartOf\":{\"@id\":\"https:\/\/animangeek.com\/#website\"},\"primaryImageOfPage\":{\"@id\":\"https:\/\/animangeek.com\/genshin-impact-impressiona-com-curta-de-anime\/#primaryimage\"},\"image\":{\"@id\":\"https:\/\/animangeek.com\/genshin-impact-impressiona-com-curta-de-anime\/#primaryimage\"},\"thumbnailUrl\":\"https:\/\/animangeek.com\/wp-content\/uploads\/sites\/106\/2024\/05\/1716565002_Genshin-Impact-impressiona-com-curta-de-anime.jpg\",\"datePublished\":\"2024-05-24T15:36:41+00:00\",\"dateModified\":\"2024-05-24T15:36:41+00:00\",\"author\":{\"@id\":\"\"},\"breadcrumb\":{\"@id\":\"https:\/\/animangeek.com\/genshin-impact-impressiona-com-curta-de-anime\/#breadcrumb\"},\"inLanguage\":\"es-MX\",\"potentialAction\":[{\"@type\":\"ReadAction\",\"target\":[\"https:\/\/animangeek.com\/genshin-impact-impressiona-com-curta-de-anime\/\"]}]},{\"@type\":\"ImageObject\",\"inLanguage\":\"es-MX\",\"@id\":\"https:\/\/animangeek.com\/genshin-impact-impressiona-com-curta-de-anime\/#primaryimage\",\"url\":\"https:\/\/animangeek.com\/wp-content\/uploads\/sites\/106\/2024\/05\/1716565002_Genshin-Impact-impressiona-com-curta-de-anime.jpg\",\"contentUrl\":\"https:\/\/animangeek.com\/wp-content\/uploads\/sites\/106\/2024\/05\/1716565002_Genshin-Impact-impressiona-com-curta-de-anime.jpg\",\"width\":1920,\"height\":1080},{\"@type\":\"BreadcrumbList\",\"@id\":\"https:\/\/animangeek.com\/genshin-impact-impressiona-com-curta-de-anime\/#breadcrumb\",\"itemListElement\":[{\"@type\":\"ListItem\",\"position\":1,\"name\":\"Home\",\"item\":\"https:\/\/animangeek.com\/\"},{\"@type\":\"ListItem\",\"position\":2,\"name\":\"Genshin Impact impressiona com curta de anime\"}]},{\"@type\":\"WebSite\",\"@id\":\"https:\/\/animangeek.com\/#website\",\"url\":\"https:\/\/animangeek.com\/\",\"name\":\"Animan Geek\",\"description\":\"\",\"potentialAction\":[{\"@type\":\"SearchAction\",\"target\":{\"@type\":\"EntryPoint\",\"urlTemplate\":\"https:\/\/animangeek.com\/?s={search_term_string}\"},\"query-input\":\"required name=search_term_string\"}],\"inLanguage\":\"es-MX\"}]}<\/script>\n<!-- \/ Yoast SEO plugin. -->","yoast_head_json":{"title":"Genshin Impact impressiona com curta de anime - Animan Geek","robots":{"index":"index","follow":"follow","max-snippet":"max-snippet:-1","max-image-preview":"max-image-preview:large","max-video-preview":"max-video-preview:-1"},"canonical":"https:\/\/animangeek.com\/es\/genshin-impact-impressiona-com-curta-de-anime\/","og_locale":"es_MX","og_type":"article","og_title":"Genshin Impact impressiona com curta de anime - Animan Geek","og_description":"\u201cImpacto Genshin\u201d estreou o curta de anima\u00e7\u00e3o anunciado anteriormente com uma m\u00fasica de Mistura de furos sim Gostar durante uma transmiss\u00e3o ao vivo especial da vers\u00e3o 4.7. A anima\u00e7\u00e3o, intitulada \u00abO caminho n\u00e3o percorrido\u00bb, inclui os personagens Aether, Lumine, Paimon e Dainsleif e pode ser visto viajando pelas na\u00e7\u00f5es de Teyvat. \u00abMas pelo menos voc\u00ea&hellip; Continue reading Genshin Impact impressiona com curta de anime","og_url":"https:\/\/animangeek.com\/es\/genshin-impact-impressiona-com-curta-de-anime\/","og_site_name":"Animan Geek","article_published_time":"2024-05-24T15:36:41+00:00","og_image":[{"width":1920,"height":1080,"url":"https:\/\/animangeek.com\/wp-content\/uploads\/sites\/106\/2024\/05\/1716565002_Genshin-Impact-impressiona-com-curta-de-anime.jpg","type":"image\/jpeg"}],"twitter_card":"summary_large_image","twitter_misc":{"Est. reading time":"2 minutos"},"schema":{"@context":"https:\/\/schema.org","@graph":[{"@type":"WebPage","@id":"https:\/\/animangeek.com\/genshin-impact-impressiona-com-curta-de-anime\/","url":"https:\/\/animangeek.com\/genshin-impact-impressiona-com-curta-de-anime\/","name":"Genshin Impact impressiona com curta de anime - Animan Geek","isPartOf":{"@id":"https:\/\/animangeek.com\/#website"},"primaryImageOfPage":{"@id":"https:\/\/animangeek.com\/genshin-impact-impressiona-com-curta-de-anime\/#primaryimage"},"image":{"@id":"https:\/\/animangeek.com\/genshin-impact-impressiona-com-curta-de-anime\/#primaryimage"},"thumbnailUrl":"https:\/\/animangeek.com\/wp-content\/uploads\/sites\/106\/2024\/05\/1716565002_Genshin-Impact-impressiona-com-curta-de-anime.jpg","datePublished":"2024-05-24T15:36:41+00:00","dateModified":"2024-05-24T15:36:41+00:00","author":{"@id":""},"breadcrumb":{"@id":"https:\/\/animangeek.com\/genshin-impact-impressiona-com-curta-de-anime\/#breadcrumb"},"inLanguage":"es-MX","potentialAction":[{"@type":"ReadAction","target":["https:\/\/animangeek.com\/genshin-impact-impressiona-com-curta-de-anime\/"]}]},{"@type":"ImageObject","inLanguage":"es-MX","@id":"https:\/\/animangeek.com\/genshin-impact-impressiona-com-curta-de-anime\/#primaryimage","url":"https:\/\/animangeek.com\/wp-content\/uploads\/sites\/106\/2024\/05\/1716565002_Genshin-Impact-impressiona-com-curta-de-anime.jpg","contentUrl":"https:\/\/animangeek.com\/wp-content\/uploads\/sites\/106\/2024\/05\/1716565002_Genshin-Impact-impressiona-com-curta-de-anime.jpg","width":1920,"height":1080},{"@type":"BreadcrumbList","@id":"https:\/\/animangeek.com\/genshin-impact-impressiona-com-curta-de-anime\/#breadcrumb","itemListElement":[{"@type":"ListItem","position":1,"name":"Home","item":"https:\/\/animangeek.com\/"},{"@type":"ListItem","position":2,"name":"Genshin Impact impressiona com curta de anime"}]},{"@type":"WebSite","@id":"https:\/\/animangeek.com\/#website","url":"https:\/\/animangeek.com\/","name":"Animan Geek","description":"","potentialAction":[{"@type":"SearchAction","target":{"@type":"EntryPoint","urlTemplate":"https:\/\/animangeek.com\/?s={search_term_string}"},"query-input":"required name=search_term_string"}],"inLanguage":"es-MX"}]}},"_links":{"self":[{"href":"https:\/\/animangeek.com\/es\/wp-json\/wp\/v2\/posts\/12143"}],"collection":[{"href":"https:\/\/animangeek.com\/es\/wp-json\/wp\/v2\/posts"}],"about":[{"href":"https:\/\/animangeek.com\/es\/wp-json\/wp\/v2\/types\/post"}],"replies":[{"embeddable":true,"href":"https:\/\/animangeek.com\/es\/wp-json\/wp\/v2\/comments?post=12143"}],"version-history":[{"count":0,"href":"https:\/\/animangeek.com\/es\/wp-json\/wp\/v2\/posts\/12143\/revisions"}],"wp:featuredmedia":[{"embeddable":true,"href":"https:\/\/animangeek.com\/es\/wp-json\/wp\/v2\/media\/12145"}],"wp:attachment":[{"href":"https:\/\/animangeek.com\/es\/wp-json\/wp\/v2\/media?parent=12143"}],"wp:term":[{"taxonomy":"category","embeddable":true,"href":"https:\/\/animangeek.com\/es\/wp-json\/wp\/v2\/categories?post=12143"},{"taxonomy":"post_tag","embeddable":true,"href":"https:\/\/animangeek.com\/es\/wp-json\/wp\/v2\/tags?post=12143"}],"curies":[{"name":"wp","href":"https:\/\/api.w.org\/{rel}","templated":true}]}}