{"id":12505,"date":"2024-05-30T05:55:41","date_gmt":"2024-05-30T08:55:41","guid":{"rendered":"https:\/\/animangeek.com\/musical-attack-on-titan-stage-fara-estreia-internacional-em-nova-york\/"},"modified":"2024-05-30T05:55:41","modified_gmt":"2024-05-30T08:55:41","slug":"musical-attack-on-titan-stage-fara-estreia-internacional-em-nova-york","status":"publish","type":"post","link":"https:\/\/animangeek.com\/es\/musical-attack-on-titan-stage-fara-estreia-internacional-em-nova-york\/","title":{"rendered":"El musical de Attack on Titan tendr\u00e1 su estreno internacional en Nueva York"},"content":{"rendered":"<div class=\"mx-5 sm:mx-0 prose text-left mb-5\"><\/p>\n<div data-postid=\"83668\">\n<p>La adaptaci\u00f3n teatral musical de <strong><em>Ataque a los Titanes<\/em><\/strong>  est\u00e1 listo para hacer su primera aparici\u00f3n internacional. Con derecho <strong><em>ATAQUE A LOS TIT\u00c1N: El Musical<\/em><\/strong>se presentar\u00e1 en el New York City Center, en Nueva York, EE.UU., del 11 al 13 de octubre de 2024.<\/p>\n<p>Se revel\u00f3 un tr\u00e1iler para celebrar el anuncio.<\/p>\n<figure class=\"wp-block-embed is-type-video is-provider-youtube wp-block-embed-youtube wp-embed-aspect-16-9 wp-has-aspect-ratio\">\n<p> <iframe loading=\"lazy\" title=\"ATAQUE A LOS TITANES: El Musical | TR\u00c1ILER OFICIAL\" width=\"500\" height=\"281\" src=\"https:\/\/www.youtube.com\/embed\/WSijVnb2ogg?feature=oembed\" frameborder=\"0\" allow=\"accelerometer; autoplay; clipboard-write; encrypted-media; gyroscope; picture-in-picture; web-share\" referrerpolicy=\"strict-origin-when-cross-origin\" allowfullscreen><\/iframe> <\/p><figcaption class=\"wp-element-caption\"> <\/figcaption><\/figure>\n<p><strong><em>Ataque a los Titanes<\/em><\/strong>  El creador Hajime Isayama expres\u00f3 su entusiasmo por las pr\u00f3ximas actuaciones, afirmando: \u201c<em>Cuando vi la actuaci\u00f3n en Tokio, me impresion\u00f3 la intensidad en el escenario. Sent\u00ed que el medio del teatro musical encaja perfectamente en el trabajo de Attack on Titan. Las acciones y la m\u00fasica de los artistas crean un nuevo Attack on Titan que se distingue tanto del manga como del anime originales. Han creado un escenario incre\u00edblemente maravilloso y no puedo esperar a que la gente de Nueva York lo vea. Espero que est\u00e9is deseando que empiecen las presentaciones.<\/em>\u201c.<\/p>\n<p><strong><em>Ataque a los Titanes: El Musical<\/em><\/strong>  Combinar\u00e1 t\u00e9cnicas esc\u00e9nicas tradicionales con las \u00faltimas tecnolog\u00edas y trucos junto con la m\u00fasica para recrear el mundo de Attack on Titan.<\/p>\n<p>La adaptaci\u00f3n musical se estren\u00f3 por primera vez en el Teatro Orix de Osaka en enero de 2023. <\/p>\n<div class=\"wp-block-image\">\n<figure class=\"aligncenter size-full\"><img fetchpriority=\"high\" decoding=\"async\" width=\"600\" height=\"840\" alt=\"Musical AOT\" class=\"wp-image-51293 lzl\"  data-lzl- src=\"https:\/\/animangeek.com\/wp-content\/uploads\/2024\/05\/Musical-Attack-On-Titan-Stage-fara-estreia-internacional-em-Nova.jpg\"><noscript lzl=\"\"><img fetchpriority=\"high\" decoding=\"async\" width=\"600\" height=\"840\" src=\"https:\/\/animangeek.com\/wp-content\/uploads\/2024\/05\/Musical-Attack-On-Titan-Stage-fara-estreia-internacional-em-Nova.jpg\" alt=\"Musical AOT\" class=\"wp-image-51293\"  ><\/noscript><figcaption class=\"wp-element-caption\"> <\/figcaption><\/figure>\n<\/div>\n<p>Go Ueki es el director, con Masafumi Hata responsable del gui\u00f3n. KEN THE 390 y Kaori Miura dirigieron la m\u00fasica y la letra respectivamente.<\/p>\n<p>El reparto incluye:<\/p>\n<ul>\n<li>Kurumu Okamiya como Eren Jaeger<\/li>\n<li>Sara Takatsuki como Mikasa Ackerman<\/li>\n<li>Eito Konishi como Armin Arlert<\/li>\n<li>Ryo Matsuda como Levi<\/li>\n<li>Yu Fukuzawa como Jean Kirstein<\/li>\n<li>Joshua Kazuaki como Marco Bott<\/li>\n<li>Tomoya Nakanishi como Connie Springer<\/li>\n<li>Senna como Sasha Braus<\/li>\n<li>Mitsu Murata como Hannes<\/li>\n<li>Takeshi Hayashino como Keith Shadis<\/li>\n<li>Masanori Tomita como Dimo \u200b\u200b\u200b\u200bReeves<\/li>\n<li>Mimi Maihane como Carla Jaeger<\/li>\n<li>Mitsuru Karahashi como Grisha Jaeger<\/li>\n<li>Riona Tatemichi como Hange Zoe<\/li>\n<li>Takuro Ono como Erwin Smith<\/li>\n<\/ul>\n<p><strong><em>Ataque a los Titanes <\/em><\/strong>Fue serializado en la revista mensual de manga shonen de Kodansha. <strong>Revista Bessatsu Shonen<\/strong> desde septiembre de 2009 hasta abril de 2021, con sus cap\u00edtulos recopilados en 34 vol\u00famenes tankobon.<\/p>\n<p>Una serie de televisi\u00f3n de anime fue producida por Wit Studio (temporadas 1 a 3) y MAPPA (temporada 4). Una primera temporada de 25 episodios se emiti\u00f3 de abril a septiembre de 2013, seguida de una segunda temporada de 12 episodios se emiti\u00f3 de abril a junio de 2017. Una tercera temporada de 22 episodios se emiti\u00f3 en dos partes, con los primeros 12 episodios transmiti\u00e9ndose de julio a octubre de 2018 y los \u00faltimos 10 episodios transmiti\u00e9ndose de abril a julio de 2019. Una cuarta y \u00faltima temporada se estren\u00f3 en diciembre de 2020, emitiendo 16 episodios en su primera parte. Una segunda parte compuesta por 12 episodios se emiti\u00f3 de enero a abril de 2022, y la tercera y cuarta parte se emitieron en dos especiales; El primero se estren\u00f3 en marzo de 2023 y el segundo en noviembre de 2023.<\/p>\n<p>En noviembre de 2023, el manga ten\u00eda m\u00e1s de 140 millones de copias en circulaci\u00f3n, lo que lo convierte en una de las series de manga m\u00e1s vendidas de todos los tiempos. Ha ganado varios premios, incluido el Kodansha Manga Award, el premio Attilio Micheluzzi y el premio Harvey.<\/p>\n<p>Fuente: <a rel=\"nofollow noopener\" target=\"_blank\" href=\"https:\/\/natalie.mu\/comic\/news\/575480\">Natalie en los c\u00f3mics<\/a><\/p>\n<\/p><\/div>\n<p><\/div>","protected":false},"excerpt":{"rendered":"<p>La adaptaci\u00f3n musical teatral de Ataque a los Titanes se estrenar\u00e1 internacionalmente. Titulada ATAQUE A LOS TITANES: El Musical, se presentar\u00e1 en el New York City Center de Nueva York, EE. UU., del 11 al 13 de octubre de 2024. Se lanz\u00f3 un tr\u00e1iler para celebrar el anuncio. El creador de Ataque a los Titanes, Hajime Isayama\u2026 <a class=\"more-link\" href=\"https:\/\/animangeek.com\/es\/musical-attack-on-titan-stage-fara-estreia-internacional-em-nova-york\/\">Sigue leyendo <span class=\"screen-reader-text\">El musical de Attack on Titan tendr\u00e1 su estreno internacional en Nueva York<\/span><\/a><\/p>","protected":false},"author":0,"featured_media":12507,"comment_status":"open","ping_status":"open","sticky":false,"template":"","format":"standard","meta":{"footnotes":""},"categories":[3],"tags":[],"yoast_head":"<!-- This site is optimized with the Yoast SEO plugin v23.3 - https:\/\/yoast.com\/wordpress\/plugins\/seo\/ -->\n<title>Musical Attack On Titan Stage far\u00e1 estreia internacional em Nova York - Animan Geek<\/title>\n<meta name=\"robots\" content=\"index, follow, max-snippet:-1, max-image-preview:large, max-video-preview:-1\" \/>\n<link rel=\"canonical\" href=\"https:\/\/animangeek.com\/es\/musical-attack-on-titan-stage-fara-estreia-internacional-em-nova-york\/\" \/>\n<meta property=\"og:locale\" content=\"es_MX\" \/>\n<meta property=\"og:type\" content=\"article\" \/>\n<meta property=\"og:title\" content=\"Musical Attack On Titan Stage far\u00e1 estreia internacional em Nova York - Animan Geek\" \/>\n<meta property=\"og:description\" content=\"A adapta\u00e7\u00e3o musical teatral de Ataque ao tit\u00e3 est\u00e1 pronto para fazer sua primeira apari\u00e7\u00e3o internacional. Intitulado ATAQUE em TITAN: O Musicalser\u00e1 apresentada no New York City Center, em Nova York, EUA, de 11 a 13 de outubro de 2024. Um trailer foi revelado para comemorar o an\u00fancio. Ataque ao tit\u00e3 o criador Hajime Isayama&hellip; Continue reading Musical Attack On Titan Stage far\u00e1 estreia internacional em Nova York\" \/>\n<meta property=\"og:url\" content=\"https:\/\/animangeek.com\/es\/musical-attack-on-titan-stage-fara-estreia-internacional-em-nova-york\/\" \/>\n<meta property=\"og:site_name\" content=\"Animan Geek\" \/>\n<meta property=\"article:published_time\" content=\"2024-05-30T08:55:41+00:00\" \/>\n<meta property=\"og:image\" content=\"https:\/\/animangeek.com\/wp-content\/uploads\/sites\/106\/2024\/05\/1717059342_Musical-Attack-On-Titan-Stage-fara-estreia-internacional-em-Nova.jpg\" \/>\n\t<meta property=\"og:image:width\" content=\"980\" \/>\n\t<meta property=\"og:image:height\" content=\"550\" \/>\n\t<meta property=\"og:image:type\" content=\"image\/jpeg\" \/>\n<meta name=\"twitter:card\" content=\"summary_large_image\" \/>\n<meta name=\"twitter:label1\" content=\"Est. reading time\" \/>\n\t<meta name=\"twitter:data1\" content=\"3 minutos\" \/>\n<script type=\"application\/ld+json\" class=\"yoast-schema-graph\">{\"@context\":\"https:\/\/schema.org\",\"@graph\":[{\"@type\":\"WebPage\",\"@id\":\"https:\/\/animangeek.com\/musical-attack-on-titan-stage-fara-estreia-internacional-em-nova-york\/\",\"url\":\"https:\/\/animangeek.com\/musical-attack-on-titan-stage-fara-estreia-internacional-em-nova-york\/\",\"name\":\"Musical Attack On Titan Stage far\u00e1 estreia internacional em Nova York - Animan Geek\",\"isPartOf\":{\"@id\":\"https:\/\/animangeek.com\/#website\"},\"primaryImageOfPage\":{\"@id\":\"https:\/\/animangeek.com\/musical-attack-on-titan-stage-fara-estreia-internacional-em-nova-york\/#primaryimage\"},\"image\":{\"@id\":\"https:\/\/animangeek.com\/musical-attack-on-titan-stage-fara-estreia-internacional-em-nova-york\/#primaryimage\"},\"thumbnailUrl\":\"https:\/\/animangeek.com\/wp-content\/uploads\/sites\/106\/2024\/05\/1717059342_Musical-Attack-On-Titan-Stage-fara-estreia-internacional-em-Nova.jpg\",\"datePublished\":\"2024-05-30T08:55:41+00:00\",\"dateModified\":\"2024-05-30T08:55:41+00:00\",\"author\":{\"@id\":\"\"},\"breadcrumb\":{\"@id\":\"https:\/\/animangeek.com\/musical-attack-on-titan-stage-fara-estreia-internacional-em-nova-york\/#breadcrumb\"},\"inLanguage\":\"es-MX\",\"potentialAction\":[{\"@type\":\"ReadAction\",\"target\":[\"https:\/\/animangeek.com\/musical-attack-on-titan-stage-fara-estreia-internacional-em-nova-york\/\"]}]},{\"@type\":\"ImageObject\",\"inLanguage\":\"es-MX\",\"@id\":\"https:\/\/animangeek.com\/musical-attack-on-titan-stage-fara-estreia-internacional-em-nova-york\/#primaryimage\",\"url\":\"https:\/\/animangeek.com\/wp-content\/uploads\/sites\/106\/2024\/05\/1717059342_Musical-Attack-On-Titan-Stage-fara-estreia-internacional-em-Nova.jpg\",\"contentUrl\":\"https:\/\/animangeek.com\/wp-content\/uploads\/sites\/106\/2024\/05\/1717059342_Musical-Attack-On-Titan-Stage-fara-estreia-internacional-em-Nova.jpg\",\"width\":980,\"height\":550},{\"@type\":\"BreadcrumbList\",\"@id\":\"https:\/\/animangeek.com\/musical-attack-on-titan-stage-fara-estreia-internacional-em-nova-york\/#breadcrumb\",\"itemListElement\":[{\"@type\":\"ListItem\",\"position\":1,\"name\":\"Home\",\"item\":\"https:\/\/animangeek.com\/\"},{\"@type\":\"ListItem\",\"position\":2,\"name\":\"Musical Attack On Titan Stage far\u00e1 estreia internacional em Nova York\"}]},{\"@type\":\"WebSite\",\"@id\":\"https:\/\/animangeek.com\/#website\",\"url\":\"https:\/\/animangeek.com\/\",\"name\":\"Animan Geek\",\"description\":\"\",\"potentialAction\":[{\"@type\":\"SearchAction\",\"target\":{\"@type\":\"EntryPoint\",\"urlTemplate\":\"https:\/\/animangeek.com\/?s={search_term_string}\"},\"query-input\":\"required name=search_term_string\"}],\"inLanguage\":\"es-MX\"}]}<\/script>\n<!-- \/ Yoast SEO plugin. -->","yoast_head_json":{"title":"Musical Attack On Titan Stage far\u00e1 estreia internacional em Nova York - Animan Geek","robots":{"index":"index","follow":"follow","max-snippet":"max-snippet:-1","max-image-preview":"max-image-preview:large","max-video-preview":"max-video-preview:-1"},"canonical":"https:\/\/animangeek.com\/es\/musical-attack-on-titan-stage-fara-estreia-internacional-em-nova-york\/","og_locale":"es_MX","og_type":"article","og_title":"Musical Attack On Titan Stage far\u00e1 estreia internacional em Nova York - Animan Geek","og_description":"A adapta\u00e7\u00e3o musical teatral de Ataque ao tit\u00e3 est\u00e1 pronto para fazer sua primeira apari\u00e7\u00e3o internacional. Intitulado ATAQUE em TITAN: O Musicalser\u00e1 apresentada no New York City Center, em Nova York, EUA, de 11 a 13 de outubro de 2024. Um trailer foi revelado para comemorar o an\u00fancio. Ataque ao tit\u00e3 o criador Hajime Isayama&hellip; Continue reading Musical Attack On Titan Stage far\u00e1 estreia internacional em Nova York","og_url":"https:\/\/animangeek.com\/es\/musical-attack-on-titan-stage-fara-estreia-internacional-em-nova-york\/","og_site_name":"Animan Geek","article_published_time":"2024-05-30T08:55:41+00:00","og_image":[{"width":980,"height":550,"url":"https:\/\/animangeek.com\/wp-content\/uploads\/sites\/106\/2024\/05\/1717059342_Musical-Attack-On-Titan-Stage-fara-estreia-internacional-em-Nova.jpg","type":"image\/jpeg"}],"twitter_card":"summary_large_image","twitter_misc":{"Est. reading time":"3 minutos"},"schema":{"@context":"https:\/\/schema.org","@graph":[{"@type":"WebPage","@id":"https:\/\/animangeek.com\/musical-attack-on-titan-stage-fara-estreia-internacional-em-nova-york\/","url":"https:\/\/animangeek.com\/musical-attack-on-titan-stage-fara-estreia-internacional-em-nova-york\/","name":"Musical Attack On Titan Stage far\u00e1 estreia internacional em Nova York - Animan Geek","isPartOf":{"@id":"https:\/\/animangeek.com\/#website"},"primaryImageOfPage":{"@id":"https:\/\/animangeek.com\/musical-attack-on-titan-stage-fara-estreia-internacional-em-nova-york\/#primaryimage"},"image":{"@id":"https:\/\/animangeek.com\/musical-attack-on-titan-stage-fara-estreia-internacional-em-nova-york\/#primaryimage"},"thumbnailUrl":"https:\/\/animangeek.com\/wp-content\/uploads\/sites\/106\/2024\/05\/1717059342_Musical-Attack-On-Titan-Stage-fara-estreia-internacional-em-Nova.jpg","datePublished":"2024-05-30T08:55:41+00:00","dateModified":"2024-05-30T08:55:41+00:00","author":{"@id":""},"breadcrumb":{"@id":"https:\/\/animangeek.com\/musical-attack-on-titan-stage-fara-estreia-internacional-em-nova-york\/#breadcrumb"},"inLanguage":"es-MX","potentialAction":[{"@type":"ReadAction","target":["https:\/\/animangeek.com\/musical-attack-on-titan-stage-fara-estreia-internacional-em-nova-york\/"]}]},{"@type":"ImageObject","inLanguage":"es-MX","@id":"https:\/\/animangeek.com\/musical-attack-on-titan-stage-fara-estreia-internacional-em-nova-york\/#primaryimage","url":"https:\/\/animangeek.com\/wp-content\/uploads\/sites\/106\/2024\/05\/1717059342_Musical-Attack-On-Titan-Stage-fara-estreia-internacional-em-Nova.jpg","contentUrl":"https:\/\/animangeek.com\/wp-content\/uploads\/sites\/106\/2024\/05\/1717059342_Musical-Attack-On-Titan-Stage-fara-estreia-internacional-em-Nova.jpg","width":980,"height":550},{"@type":"BreadcrumbList","@id":"https:\/\/animangeek.com\/musical-attack-on-titan-stage-fara-estreia-internacional-em-nova-york\/#breadcrumb","itemListElement":[{"@type":"ListItem","position":1,"name":"Home","item":"https:\/\/animangeek.com\/"},{"@type":"ListItem","position":2,"name":"Musical Attack On Titan Stage far\u00e1 estreia internacional em Nova York"}]},{"@type":"WebSite","@id":"https:\/\/animangeek.com\/#website","url":"https:\/\/animangeek.com\/","name":"Animan Geek","description":"","potentialAction":[{"@type":"SearchAction","target":{"@type":"EntryPoint","urlTemplate":"https:\/\/animangeek.com\/?s={search_term_string}"},"query-input":"required name=search_term_string"}],"inLanguage":"es-MX"}]}},"_links":{"self":[{"href":"https:\/\/animangeek.com\/es\/wp-json\/wp\/v2\/posts\/12505"}],"collection":[{"href":"https:\/\/animangeek.com\/es\/wp-json\/wp\/v2\/posts"}],"about":[{"href":"https:\/\/animangeek.com\/es\/wp-json\/wp\/v2\/types\/post"}],"replies":[{"embeddable":true,"href":"https:\/\/animangeek.com\/es\/wp-json\/wp\/v2\/comments?post=12505"}],"version-history":[{"count":0,"href":"https:\/\/animangeek.com\/es\/wp-json\/wp\/v2\/posts\/12505\/revisions"}],"wp:featuredmedia":[{"embeddable":true,"href":"https:\/\/animangeek.com\/es\/wp-json\/wp\/v2\/media\/12507"}],"wp:attachment":[{"href":"https:\/\/animangeek.com\/es\/wp-json\/wp\/v2\/media?parent=12505"}],"wp:term":[{"taxonomy":"category","embeddable":true,"href":"https:\/\/animangeek.com\/es\/wp-json\/wp\/v2\/categories?post=12505"},{"taxonomy":"post_tag","embeddable":true,"href":"https:\/\/animangeek.com\/es\/wp-json\/wp\/v2\/tags?post=12505"}],"curies":[{"name":"wp","href":"https:\/\/api.w.org\/{rel}","templated":true}]}}