{"id":12895,"date":"2024-06-07T17:36:41","date_gmt":"2024-06-07T20:36:41","guid":{"rendered":"https:\/\/animangeek.com\/dizem-que-os-fas-de-bocchi-the-rock-cheiram-mal\/"},"modified":"2024-06-07T17:36:41","modified_gmt":"2024-06-07T20:36:41","slug":"dizem-que-os-fas-de-bocchi-the-rock-cheiram-mal","status":"publish","type":"post","link":"https:\/\/animangeek.com\/es\/dizem-que-os-fas-de-bocchi-the-rock-cheiram-mal\/","title":{"rendered":"\u00a1Dicen que Bocchi la Roca! Los fans huelen mal"},"content":{"rendered":"<div class=\"mx-5 sm:mx-0 prose text-left mb-5\"><\/p>\n<div>\n<p>La tan esperada pel\u00edcula recopilatoria de <strong>\u201c\u00a1Bocchi la Roca!\u201d<\/strong> se estren\u00f3 esta semana en Jap\u00f3n, generando gran expectativa entre los fan\u00e1ticos de la popular franquicia. Sin embargo, <strong>Las redes sociales en Jap\u00f3n se han visto inundadas de quejas sobre el mal olor entre los espectadores de las proyecciones.<\/strong>. Comentarios como <\/p>\n<ul>\n<li>&#8220;<em><strong>\u00a1Fui al estreno de la pel\u00edcula Bocchi the Rock! Lo m\u00e1s temprano posible, pero era medianoche y hab\u00eda mucha gente all\u00ed. Algunos de ellos ol\u00edan muy mal y lo peor es que incluso se acercaron a m\u00ed e intentaron hablar conmigo.<\/strong><\/em>&#8220;.<\/li>\n<\/ul>\n<div class=\"wp-block-image\">\n<figure class=\"aligncenter size-full\"><img loading=\"lazy\" decoding=\"async\" width=\"1079\" height=\"404\" src=\"http:\/\/animangeek.com\/wp-content\/uploads\/sites\/106\/2024\/06\/Dizem-que-os-fas-de-Bocchi-the-Rock-cheiram-mal.png\" alt=\"\" class=\"wp-image-330995\"  \/><\/figure>\n<\/div>\n<ul>\n<li>&#8220;<em><strong>\u00a1Hice cola para comprar mercanc\u00eda de Bocchi the Rock! pero cuando llegu\u00e9 a la escalera mec\u00e1nica, la persona delante de m\u00ed ol\u00eda a mierda.<\/strong><\/em>\u201cse volvi\u00f3 viral, reflejando la incomodidad de los espectadores.<\/li>\n<\/ul>\n<div class=\"wp-block-image\">\n<figure class=\"aligncenter size-full\"><img loading=\"lazy\" decoding=\"async\" width=\"1079\" height=\"391\" src=\"https:\/\/animangeek.com\/wp-content\/uploads\/2024\/06\/1717792601_559_Dizem-que-os-fas-de-Bocchi-the-Rock-cheiram-mal.png\" alt=\"\" class=\"wp-image-330996\"  \/><\/figure>\n<\/div>\n<p>Otro usuario coment\u00f3: \u201c<em><strong>\u00a1La secci\u00f3n de productos de Bocchi the Rock! En el cine es una mierda!<\/strong><\/em>\u201cEstas quejas han desatado un debate sobre si realmente hubo un problema con la higiene de los participantes o si los internautas est\u00e1n tratando de replicar una situaci\u00f3n similar que ocurri\u00f3 recientemente con otra pel\u00edcula de anime, la de <strong>&quot;Uma Musume: Bonito Derby&quot;.<\/strong>.<\/p>\n<div class=\"wp-block-image\">\n<figure class=\"aligncenter size-full\"><img loading=\"lazy\" decoding=\"async\" width=\"1079\" height=\"297\" src=\"https:\/\/animangeek.com\/wp-content\/uploads\/2024\/06\/1717792601_542_Dizem-que-os-fas-de-Bocchi-the-Rock-cheiram-mal.png\" alt=\"\" class=\"wp-image-330998\"  \/><\/figure>\n<\/div>\n<p><strong>Es importante se\u00f1alar que la comunidad otaku en Jap\u00f3n ha sido estigmatizada con el estereotipo de \u201coler mal\u201d debido a supuestos malos h\u00e1bitos de higiene.<\/strong> Esta percepci\u00f3n ha llevado a algunos establecimientos, como las tiendas de cromos, a restringir la entrada de clientes con malos olores o incluso a aplicar ambientador en la entrada. <strong>Este estereotipo, aunque muy extendido, no representa a todos los miembros de la comunidad, pero incidentes como los relatados en el estreno de \u201cBocchi the Rock!\u201d alimentar estos debates.<\/strong><\/p>\n<p><strong>Desde su adaptaci\u00f3n al anime por CloverWorks en 2022, \u201cBocchi the Rock!\u201d se ha convertido en una de las franquicias m\u00e1s populares del momento.<\/strong> La historia sigue a Hitori \u201cBocchi\u201d Gotou, una joven solitaria y socialmente ansiosa que sue\u00f1a con hacer amigos y tocar en una banda. Dedicada a tocar la guitarra, un d\u00eda conoce al extrovertido baterista Nijika Ijichi, quien la invita a unirse a la banda Kessoku cuando el guitarrista, Ikuyo Kita, huye antes del primer concierto. <strong>Bocchi y sus compa\u00f1eros de banda encuentran la felicidad al tocar juntos y se esfuerzan por mejorar como m\u00fasicos mientras tambi\u00e9n aprovechan al m\u00e1ximo sus fugaces d\u00edas de escuela secundaria.<\/strong><\/p>\n<p>En conclusi\u00f3n, <strong>Aunque la pol\u00e9mica por el oloroso estreno de \u201cBocchi the Rock!\u201d sigue generando discusiones en l\u00ednea, no hay duda de que la franquicia contin\u00faa ganando los corazones de muchos.<\/strong>y se ha establecido como un fen\u00f3meno cultural importante en la escena del anime y el manga.<\/p>\n<ul>\n<li>&#8220;<em>Deben estar mintiendo para provocar risas en Internet. En realidad, hay mucha gente buena en la comunidad otaku.<\/em>&#8220;.<\/li>\n<li>&#8220;<em>El peor momento para los otakus suele ser la mitad de la noche, y puedes imaginar por qu\u00e9.<\/em>&#8220;.<\/li>\n<li>&#8220;<em>Creo que cualquiera que trabaja huele mal en mitad de la noche, no todo el mundo tiene tiempo para ducharse.<\/em>&#8220;.<\/li>\n<li>&#8220;<em>La gente que public\u00f3 estas cosas ciertamente huele peor.<\/em>&#8220;.<\/li>\n<li>&#8220;<em>Hmmm, no s\u00e9 si lo creo. Realmente afecta el hecho de que algo similar sucedi\u00f3 recientemente con Uma Musume.<\/em>&#8220;.<\/li>\n<li>&#8220;<em>\u00bfPor qu\u00e9 es tan dif\u00edcil para los otakus ba\u00f1arse?<\/em>&#8220;.<\/li>\n<li>&#8220;<em>\u00bfQu\u00e9 carajo les pasa a los otakus que frecuentan los cines y traen su olor nauseabundo a un espacio cerrado?<\/em>&#8220;.<\/li>\n<li>&#8220;<em>\u00a1Yu-Gi-Oh! Son a\u00fan peores porque no hay forma de que circule el aire, ya que las letras pueden volar. En los cines es diferente, porque desde que ocurri\u00f3 el COVID-19 han mejorado mucho la circulaci\u00f3n del aire dentro de los cines.<\/em>&#8220;.<\/li>\n<\/ul>\n<p>Fuente:<strong> <a rel=\"nofollow noopener\" target=\"_blank\" href=\"http:\/\/yaraon-blog.com\/archives\/258905\">\u00a1Yaraon!<\/a><\/strong><\/p>\n<\/div>\n<p><\/div>","protected":false},"excerpt":{"rendered":"<p>La esperad\u00edsima pel\u00edcula recopilatoria &quot;\u00a1Bocchi la Roca!&quot; se estren\u00f3 esta semana en Jap\u00f3n, generando gran expectaci\u00f3n entre los fans de la popular franquicia. Sin embargo, las redes sociales en Jap\u00f3n se llenaron de quejas sobre el mal olor que percib\u00edan los espectadores en las proyecciones. Comentarios como: &quot;Fui al estreno de la pel\u00edcula \u00a1Bocchi la Roca!&quot;... <a class=\"more-link\" href=\"https:\/\/animangeek.com\/es\/dizem-que-os-fas-de-bocchi-the-rock-cheiram-mal\/\">Sigue leyendo <span class=\"screen-reader-text\">\u00a1Dicen que Bocchi la Roca! Los fans huelen mal<\/span><\/a><\/p>","protected":false},"author":0,"featured_media":12896,"comment_status":"open","ping_status":"open","sticky":false,"template":"","format":"standard","meta":{"footnotes":""},"categories":[5],"tags":[269,355],"yoast_head":"<!-- This site is optimized with the Yoast SEO plugin v23.3 - https:\/\/yoast.com\/wordpress\/plugins\/seo\/ -->\n<title>Dizem que os f\u00e3s de Bocchi the Rock! cheiram mal - Animan Geek<\/title>\n<meta name=\"robots\" content=\"index, follow, max-snippet:-1, max-image-preview:large, max-video-preview:-1\" \/>\n<link rel=\"canonical\" href=\"https:\/\/animangeek.com\/es\/dizem-que-os-fas-de-bocchi-the-rock-cheiram-mal\/\" \/>\n<meta property=\"og:locale\" content=\"es_MX\" \/>\n<meta property=\"og:type\" content=\"article\" \/>\n<meta property=\"og:title\" content=\"Dizem que os f\u00e3s de Bocchi the Rock! cheiram mal - Animan Geek\" \/>\n<meta property=\"og:description\" content=\"O t\u00e3o aguardado filme de compila\u00e7\u00e3o de &#8220;Bocchi the Rock!&#8221; estreou esta semana no Jap\u00e3o, gerando grande expectativa entre os f\u00e3s da popular franquia. No entanto, as m\u00eddias sociais no Jap\u00e3o foram inundadas com reclama\u00e7\u00f5es sobre o mau cheiro entre os espectadores das exibi\u00e7\u00f5es.. Coment\u00e1rios como &#8220;Fui \u00e0 estreia do filme Bocchi the Rock! o&hellip; Continue reading Dizem que os f\u00e3s de Bocchi the Rock! cheiram mal\" \/>\n<meta property=\"og:url\" content=\"https:\/\/animangeek.com\/es\/dizem-que-os-fas-de-bocchi-the-rock-cheiram-mal\/\" \/>\n<meta property=\"og:site_name\" content=\"Animan Geek\" \/>\n<meta property=\"article:published_time\" content=\"2024-06-07T20:36:41+00:00\" \/>\n<meta property=\"og:image\" content=\"https:\/\/animangeek.com\/wp-content\/uploads\/sites\/106\/2024\/06\/Dizem-que-os-fas-de-Bocchi-the-Rock-cheiram-mal.jpg\" \/>\n\t<meta property=\"og:image:width\" content=\"1920\" \/>\n\t<meta property=\"og:image:height\" content=\"1080\" \/>\n\t<meta property=\"og:image:type\" content=\"image\/jpeg\" \/>\n<meta name=\"twitter:card\" content=\"summary_large_image\" \/>\n<meta name=\"twitter:label1\" content=\"Est. reading time\" \/>\n\t<meta name=\"twitter:data1\" content=\"3 minutos\" \/>\n<script type=\"application\/ld+json\" class=\"yoast-schema-graph\">{\"@context\":\"https:\/\/schema.org\",\"@graph\":[{\"@type\":\"WebPage\",\"@id\":\"https:\/\/animangeek.com\/dizem-que-os-fas-de-bocchi-the-rock-cheiram-mal\/\",\"url\":\"https:\/\/animangeek.com\/dizem-que-os-fas-de-bocchi-the-rock-cheiram-mal\/\",\"name\":\"Dizem que os f\u00e3s de Bocchi the Rock! cheiram mal - Animan Geek\",\"isPartOf\":{\"@id\":\"https:\/\/animangeek.com\/#website\"},\"primaryImageOfPage\":{\"@id\":\"https:\/\/animangeek.com\/dizem-que-os-fas-de-bocchi-the-rock-cheiram-mal\/#primaryimage\"},\"image\":{\"@id\":\"https:\/\/animangeek.com\/dizem-que-os-fas-de-bocchi-the-rock-cheiram-mal\/#primaryimage\"},\"thumbnailUrl\":\"https:\/\/animangeek.com\/wp-content\/uploads\/sites\/106\/2024\/06\/Dizem-que-os-fas-de-Bocchi-the-Rock-cheiram-mal.jpg\",\"datePublished\":\"2024-06-07T20:36:41+00:00\",\"dateModified\":\"2024-06-07T20:36:41+00:00\",\"author\":{\"@id\":\"\"},\"breadcrumb\":{\"@id\":\"https:\/\/animangeek.com\/dizem-que-os-fas-de-bocchi-the-rock-cheiram-mal\/#breadcrumb\"},\"inLanguage\":\"es-MX\",\"potentialAction\":[{\"@type\":\"ReadAction\",\"target\":[\"https:\/\/animangeek.com\/dizem-que-os-fas-de-bocchi-the-rock-cheiram-mal\/\"]}]},{\"@type\":\"ImageObject\",\"inLanguage\":\"es-MX\",\"@id\":\"https:\/\/animangeek.com\/dizem-que-os-fas-de-bocchi-the-rock-cheiram-mal\/#primaryimage\",\"url\":\"https:\/\/animangeek.com\/wp-content\/uploads\/sites\/106\/2024\/06\/Dizem-que-os-fas-de-Bocchi-the-Rock-cheiram-mal.jpg\",\"contentUrl\":\"https:\/\/animangeek.com\/wp-content\/uploads\/sites\/106\/2024\/06\/Dizem-que-os-fas-de-Bocchi-the-Rock-cheiram-mal.jpg\",\"width\":1920,\"height\":1080},{\"@type\":\"BreadcrumbList\",\"@id\":\"https:\/\/animangeek.com\/dizem-que-os-fas-de-bocchi-the-rock-cheiram-mal\/#breadcrumb\",\"itemListElement\":[{\"@type\":\"ListItem\",\"position\":1,\"name\":\"Home\",\"item\":\"https:\/\/animangeek.com\/\"},{\"@type\":\"ListItem\",\"position\":2,\"name\":\"Dizem que os f\u00e3s de Bocchi the Rock! cheiram mal\"}]},{\"@type\":\"WebSite\",\"@id\":\"https:\/\/animangeek.com\/#website\",\"url\":\"https:\/\/animangeek.com\/\",\"name\":\"Animan Geek\",\"description\":\"\",\"potentialAction\":[{\"@type\":\"SearchAction\",\"target\":{\"@type\":\"EntryPoint\",\"urlTemplate\":\"https:\/\/animangeek.com\/?s={search_term_string}\"},\"query-input\":\"required name=search_term_string\"}],\"inLanguage\":\"es-MX\"}]}<\/script>\n<!-- \/ Yoast SEO plugin. -->","yoast_head_json":{"title":"Dizem que os f\u00e3s de Bocchi the Rock! cheiram mal - Animan Geek","robots":{"index":"index","follow":"follow","max-snippet":"max-snippet:-1","max-image-preview":"max-image-preview:large","max-video-preview":"max-video-preview:-1"},"canonical":"https:\/\/animangeek.com\/es\/dizem-que-os-fas-de-bocchi-the-rock-cheiram-mal\/","og_locale":"es_MX","og_type":"article","og_title":"Dizem que os f\u00e3s de Bocchi the Rock! cheiram mal - Animan Geek","og_description":"O t\u00e3o aguardado filme de compila\u00e7\u00e3o de &#8220;Bocchi the Rock!&#8221; estreou esta semana no Jap\u00e3o, gerando grande expectativa entre os f\u00e3s da popular franquia. No entanto, as m\u00eddias sociais no Jap\u00e3o foram inundadas com reclama\u00e7\u00f5es sobre o mau cheiro entre os espectadores das exibi\u00e7\u00f5es.. Coment\u00e1rios como &#8220;Fui \u00e0 estreia do filme Bocchi the Rock! o&hellip; Continue reading Dizem que os f\u00e3s de Bocchi the Rock! cheiram mal","og_url":"https:\/\/animangeek.com\/es\/dizem-que-os-fas-de-bocchi-the-rock-cheiram-mal\/","og_site_name":"Animan Geek","article_published_time":"2024-06-07T20:36:41+00:00","og_image":[{"width":1920,"height":1080,"url":"https:\/\/animangeek.com\/wp-content\/uploads\/sites\/106\/2024\/06\/Dizem-que-os-fas-de-Bocchi-the-Rock-cheiram-mal.jpg","type":"image\/jpeg"}],"twitter_card":"summary_large_image","twitter_misc":{"Est. reading time":"3 minutos"},"schema":{"@context":"https:\/\/schema.org","@graph":[{"@type":"WebPage","@id":"https:\/\/animangeek.com\/dizem-que-os-fas-de-bocchi-the-rock-cheiram-mal\/","url":"https:\/\/animangeek.com\/dizem-que-os-fas-de-bocchi-the-rock-cheiram-mal\/","name":"Dizem que os f\u00e3s de Bocchi the Rock! cheiram mal - Animan Geek","isPartOf":{"@id":"https:\/\/animangeek.com\/#website"},"primaryImageOfPage":{"@id":"https:\/\/animangeek.com\/dizem-que-os-fas-de-bocchi-the-rock-cheiram-mal\/#primaryimage"},"image":{"@id":"https:\/\/animangeek.com\/dizem-que-os-fas-de-bocchi-the-rock-cheiram-mal\/#primaryimage"},"thumbnailUrl":"https:\/\/animangeek.com\/wp-content\/uploads\/sites\/106\/2024\/06\/Dizem-que-os-fas-de-Bocchi-the-Rock-cheiram-mal.jpg","datePublished":"2024-06-07T20:36:41+00:00","dateModified":"2024-06-07T20:36:41+00:00","author":{"@id":""},"breadcrumb":{"@id":"https:\/\/animangeek.com\/dizem-que-os-fas-de-bocchi-the-rock-cheiram-mal\/#breadcrumb"},"inLanguage":"es-MX","potentialAction":[{"@type":"ReadAction","target":["https:\/\/animangeek.com\/dizem-que-os-fas-de-bocchi-the-rock-cheiram-mal\/"]}]},{"@type":"ImageObject","inLanguage":"es-MX","@id":"https:\/\/animangeek.com\/dizem-que-os-fas-de-bocchi-the-rock-cheiram-mal\/#primaryimage","url":"https:\/\/animangeek.com\/wp-content\/uploads\/sites\/106\/2024\/06\/Dizem-que-os-fas-de-Bocchi-the-Rock-cheiram-mal.jpg","contentUrl":"https:\/\/animangeek.com\/wp-content\/uploads\/sites\/106\/2024\/06\/Dizem-que-os-fas-de-Bocchi-the-Rock-cheiram-mal.jpg","width":1920,"height":1080},{"@type":"BreadcrumbList","@id":"https:\/\/animangeek.com\/dizem-que-os-fas-de-bocchi-the-rock-cheiram-mal\/#breadcrumb","itemListElement":[{"@type":"ListItem","position":1,"name":"Home","item":"https:\/\/animangeek.com\/"},{"@type":"ListItem","position":2,"name":"Dizem que os f\u00e3s de Bocchi the Rock! cheiram mal"}]},{"@type":"WebSite","@id":"https:\/\/animangeek.com\/#website","url":"https:\/\/animangeek.com\/","name":"Animan Geek","description":"","potentialAction":[{"@type":"SearchAction","target":{"@type":"EntryPoint","urlTemplate":"https:\/\/animangeek.com\/?s={search_term_string}"},"query-input":"required name=search_term_string"}],"inLanguage":"es-MX"}]}},"_links":{"self":[{"href":"https:\/\/animangeek.com\/es\/wp-json\/wp\/v2\/posts\/12895"}],"collection":[{"href":"https:\/\/animangeek.com\/es\/wp-json\/wp\/v2\/posts"}],"about":[{"href":"https:\/\/animangeek.com\/es\/wp-json\/wp\/v2\/types\/post"}],"replies":[{"embeddable":true,"href":"https:\/\/animangeek.com\/es\/wp-json\/wp\/v2\/comments?post=12895"}],"version-history":[{"count":0,"href":"https:\/\/animangeek.com\/es\/wp-json\/wp\/v2\/posts\/12895\/revisions"}],"wp:featuredmedia":[{"embeddable":true,"href":"https:\/\/animangeek.com\/es\/wp-json\/wp\/v2\/media\/12896"}],"wp:attachment":[{"href":"https:\/\/animangeek.com\/es\/wp-json\/wp\/v2\/media?parent=12895"}],"wp:term":[{"taxonomy":"category","embeddable":true,"href":"https:\/\/animangeek.com\/es\/wp-json\/wp\/v2\/categories?post=12895"},{"taxonomy":"post_tag","embeddable":true,"href":"https:\/\/animangeek.com\/es\/wp-json\/wp\/v2\/tags?post=12895"}],"curies":[{"name":"wp","href":"https:\/\/api.w.org\/{rel}","templated":true}]}}