{"id":13003,"date":"2024-06-08T22:07:41","date_gmt":"2024-06-09T01:07:41","guid":{"rendered":"https:\/\/animangeek.com\/os-fas-ja-estao-desesperados-pela-sono-bisque-doll\/"},"modified":"2024-06-08T22:07:41","modified_gmt":"2024-06-09T01:07:41","slug":"os-fas-ja-estao-desesperados-pela-sono-bisque-doll","status":"publish","type":"post","link":"https:\/\/animangeek.com\/es\/os-fas-ja-estao-desesperados-pela-sono-bisque-doll\/","title":{"rendered":"Los fan\u00e1ticos ya est\u00e1n desesperados por la mu\u00f1eca Sono Bisque"},"content":{"rendered":"<div class=\"mx-5 sm:mx-0 prose text-left mb-5\"><\/p>\n<div>\n<p><strong>Jun Yamazaki<\/strong>director de animaci\u00f3n de la popular serie de anime de comedia rom\u00e1ntica \u201c<strong>Mu\u00f1eca Sono Bisque wa Koi wo Suru<\/strong> (<em>Mi querida disfrazada<\/em>)\u201d, ha generado esperanzas para una pr\u00f3xima fecha de estreno para la segunda temporada con la revelaci\u00f3n de nuevas ilustraciones para <strong>Marin Kitagawa<\/strong>.<\/p>\n<p>Recientemente, <strong>El director de animaci\u00f3n Jun Yamazaki public\u00f3 en su cuenta oficial de Twitter una nueva ilustraci\u00f3n a color de Marin Kitagawa, el personaje principal de la serie. <\/strong>La obra de arte muestra a un Marin t\u00edpicamente alegre, diciendo: \u201c<em>Ohisa<\/em>\u201c, un saludo informal y amistoso que significa \u201c<em>Mucho tiempo sin verlo<\/em>\u201c. El ep\u00edgrafe de Yamazaki, a su vez, sugiere que dibujar a Marin es una forma de \u201crehabilitaci\u00f3n\u201d para \u00e9l, y <strong>Como era de esperar, la publicaci\u00f3n ha hecho pensar a los fans que pronto habr\u00e1 noticias sobre la segunda temporada de la serie.<\/strong><\/p>\n<div class=\"wp-block-image\">\n<figure class=\"aligncenter size-large\"><img decoding=\"async\" src=\"https:\/\/animangeek.com\/wp-content\/uploads\/2024\/06\/Os-fas-ja-estao-desesperados-pela-Sono-Bisque-Doll.jpg\" alt=\"Boneca Sono Bisque\"\/><\/figure>\n<\/div>\n<p><strong>La \u00faltima publicaci\u00f3n de Yamazaki en &quot;Sono Bisque Doll wa Koi wo Suru&quot; fue la semana pasada, en la que revel\u00f3 que su Marin Succubus utilizada en el Episodio 11 de la serie se estaba convirtiendo en una figura.<\/strong> Sin embargo, los \u00faltimos lanzamientos del director de animaci\u00f3n se han centrado m\u00e1s en \u201cUma Musume: Pretty Derby\u201d, ya que regres\u00f3 como dise\u00f1ador de personajes para la \u00faltima pel\u00edcula de la franquicia, que se estrenar\u00e1 en mayo de 2024.<\/p>\n<div class=\"wp-block-image\">\n<figure class=\"aligncenter size-large\"><img decoding=\"async\" src=\"https:\/\/animangeek.com\/wp-content\/uploads\/2024\/06\/1717895261_339_Os-fas-ja-estao-desesperados-pela-Sono-Bisque-Doll.jpg\" alt=\"\"\/><\/figure>\n<\/div>\n<p><strong>Otra revelaci\u00f3n art\u00edstica de Yamazaki sigue una nueva imagen de Marin Kitagawa vestida como una camarera al estilo chino.<\/strong>lanzado antes de una colaboraci\u00f3n entre \u201cSono Bisque Doll wa Koi wo Suru\u201d y un restaurante chino, que se lanzar\u00e1 este verano en Jap\u00f3n. Tambi\u00e9n se lanzaron nuevas c\u00e1psulas coleccionables de chibi Wakana Gojo y Marin Kitagawa en abril de 2024.<\/p>\n<div class=\"wp-block-image\">\n<figure class=\"aligncenter size-large\"><img loading=\"lazy\" decoding=\"async\" width=\"1024\" height=\"575\" src=\"https:\/\/animangeek.com\/wp-content\/uploads\/2024\/06\/1717895261_323_Os-fas-ja-estao-desesperados-pela-Sono-Bisque-Doll.jpg\" alt=\"\" class=\"wp-image-331093\"  \/><\/figure>\n<\/div>\n<p>Fuente: <strong><a rel=\"nofollow noopener\" target=\"_blank\" href=\"https:\/\/x.com\/himaholic3\/status\/1798845070755705223\">Cuenta oficial de Twitter<\/a><\/strong><\/p>\n<\/div>\n<p><\/div>","protected":false},"excerpt":{"rendered":"<p>Jun Yamazaki, director de animaci\u00f3n de la popular serie de anime de comedia rom\u00e1ntica &quot;Sono Bisque Doll wa Koi wo Suru (My Dress-Up Darling)&quot;, ha generado expectativas sobre el pr\u00f3ximo estreno de la segunda temporada con la presentaci\u00f3n de nuevas ilustraciones de Marin Kitagawa. Recientemente, el director de animaci\u00f3n Jun Yamazaki public\u00f3 en su cuenta de Instagram\u2026 <a class=\"more-link\" href=\"https:\/\/animangeek.com\/es\/os-fas-ja-estao-desesperados-pela-sono-bisque-doll\/\">Sigue leyendo <span class=\"screen-reader-text\">Los fan\u00e1ticos ya est\u00e1n desesperados por la mu\u00f1eca Sono Bisque<\/span><\/a><\/p>","protected":false},"author":0,"featured_media":13004,"comment_status":"open","ping_status":"open","sticky":false,"template":"","format":"standard","meta":{"footnotes":""},"categories":[5],"tags":[355,1070,1466],"yoast_head":"<!-- This site is optimized with the Yoast SEO plugin v23.3 - https:\/\/yoast.com\/wordpress\/plugins\/seo\/ -->\n<title>Os f\u00e3s j\u00e1 est\u00e3o desesperados pela Sono Bisque Doll - Animan Geek<\/title>\n<meta name=\"robots\" content=\"index, follow, max-snippet:-1, max-image-preview:large, max-video-preview:-1\" \/>\n<link rel=\"canonical\" href=\"https:\/\/animangeek.com\/es\/os-fas-ja-estao-desesperados-pela-sono-bisque-doll\/\" \/>\n<meta property=\"og:locale\" content=\"es_MX\" \/>\n<meta property=\"og:type\" content=\"article\" \/>\n<meta property=\"og:title\" content=\"Os f\u00e3s j\u00e1 est\u00e3o desesperados pela Sono Bisque Doll - Animan Geek\" \/>\n<meta property=\"og:description\" content=\"Jun Yamazakidiretor de anima\u00e7\u00e3o da popular s\u00e9rie de anime de com\u00e9dia rom\u00e2ntica &#8220;Sono Bisque Doll wa Koi wo Suru (My Dress-Up Darling)&#8221;, despertou esperan\u00e7as de uma pr\u00f3xima data de estreia para a segunda temporada com a revela\u00e7\u00e3o de uma nova arte de Marin Kitagawa. Recentemente, o diretor de anima\u00e7\u00e3o Jun Yamazaki publicou em sua conta&hellip; Continue reading Os f\u00e3s j\u00e1 est\u00e3o desesperados pela Sono Bisque Doll\" \/>\n<meta property=\"og:url\" content=\"https:\/\/animangeek.com\/es\/os-fas-ja-estao-desesperados-pela-sono-bisque-doll\/\" \/>\n<meta property=\"og:site_name\" content=\"Animan Geek\" \/>\n<meta property=\"article:published_time\" content=\"2024-06-09T01:07:41+00:00\" \/>\n<meta property=\"og:image\" content=\"https:\/\/animangeek.com\/wp-content\/uploads\/sites\/106\/2024\/06\/1717895262_Os-fas-ja-estao-desesperados-pela-Sono-Bisque-Doll.jpg\" \/>\n\t<meta property=\"og:image:width\" content=\"1920\" \/>\n\t<meta property=\"og:image:height\" content=\"1080\" \/>\n\t<meta property=\"og:image:type\" content=\"image\/jpeg\" \/>\n<meta name=\"twitter:card\" content=\"summary_large_image\" \/>\n<meta name=\"twitter:label1\" content=\"Est. reading time\" \/>\n\t<meta name=\"twitter:data1\" content=\"2 minutos\" \/>\n<script type=\"application\/ld+json\" class=\"yoast-schema-graph\">{\"@context\":\"https:\/\/schema.org\",\"@graph\":[{\"@type\":\"WebPage\",\"@id\":\"https:\/\/animangeek.com\/os-fas-ja-estao-desesperados-pela-sono-bisque-doll\/\",\"url\":\"https:\/\/animangeek.com\/os-fas-ja-estao-desesperados-pela-sono-bisque-doll\/\",\"name\":\"Os f\u00e3s j\u00e1 est\u00e3o desesperados pela Sono Bisque Doll - Animan Geek\",\"isPartOf\":{\"@id\":\"https:\/\/animangeek.com\/#website\"},\"primaryImageOfPage\":{\"@id\":\"https:\/\/animangeek.com\/os-fas-ja-estao-desesperados-pela-sono-bisque-doll\/#primaryimage\"},\"image\":{\"@id\":\"https:\/\/animangeek.com\/os-fas-ja-estao-desesperados-pela-sono-bisque-doll\/#primaryimage\"},\"thumbnailUrl\":\"https:\/\/animangeek.com\/wp-content\/uploads\/sites\/106\/2024\/06\/1717895262_Os-fas-ja-estao-desesperados-pela-Sono-Bisque-Doll.jpg\",\"datePublished\":\"2024-06-09T01:07:41+00:00\",\"dateModified\":\"2024-06-09T01:07:41+00:00\",\"author\":{\"@id\":\"\"},\"breadcrumb\":{\"@id\":\"https:\/\/animangeek.com\/os-fas-ja-estao-desesperados-pela-sono-bisque-doll\/#breadcrumb\"},\"inLanguage\":\"es-MX\",\"potentialAction\":[{\"@type\":\"ReadAction\",\"target\":[\"https:\/\/animangeek.com\/os-fas-ja-estao-desesperados-pela-sono-bisque-doll\/\"]}]},{\"@type\":\"ImageObject\",\"inLanguage\":\"es-MX\",\"@id\":\"https:\/\/animangeek.com\/os-fas-ja-estao-desesperados-pela-sono-bisque-doll\/#primaryimage\",\"url\":\"https:\/\/animangeek.com\/wp-content\/uploads\/sites\/106\/2024\/06\/1717895262_Os-fas-ja-estao-desesperados-pela-Sono-Bisque-Doll.jpg\",\"contentUrl\":\"https:\/\/animangeek.com\/wp-content\/uploads\/sites\/106\/2024\/06\/1717895262_Os-fas-ja-estao-desesperados-pela-Sono-Bisque-Doll.jpg\",\"width\":1920,\"height\":1080},{\"@type\":\"BreadcrumbList\",\"@id\":\"https:\/\/animangeek.com\/os-fas-ja-estao-desesperados-pela-sono-bisque-doll\/#breadcrumb\",\"itemListElement\":[{\"@type\":\"ListItem\",\"position\":1,\"name\":\"Home\",\"item\":\"https:\/\/animangeek.com\/\"},{\"@type\":\"ListItem\",\"position\":2,\"name\":\"Os f\u00e3s j\u00e1 est\u00e3o desesperados pela Sono Bisque Doll\"}]},{\"@type\":\"WebSite\",\"@id\":\"https:\/\/animangeek.com\/#website\",\"url\":\"https:\/\/animangeek.com\/\",\"name\":\"Animan Geek\",\"description\":\"\",\"potentialAction\":[{\"@type\":\"SearchAction\",\"target\":{\"@type\":\"EntryPoint\",\"urlTemplate\":\"https:\/\/animangeek.com\/?s={search_term_string}\"},\"query-input\":\"required name=search_term_string\"}],\"inLanguage\":\"es-MX\"}]}<\/script>\n<!-- \/ Yoast SEO plugin. -->","yoast_head_json":{"title":"Os f\u00e3s j\u00e1 est\u00e3o desesperados pela Sono Bisque Doll - Animan Geek","robots":{"index":"index","follow":"follow","max-snippet":"max-snippet:-1","max-image-preview":"max-image-preview:large","max-video-preview":"max-video-preview:-1"},"canonical":"https:\/\/animangeek.com\/es\/os-fas-ja-estao-desesperados-pela-sono-bisque-doll\/","og_locale":"es_MX","og_type":"article","og_title":"Os f\u00e3s j\u00e1 est\u00e3o desesperados pela Sono Bisque Doll - Animan Geek","og_description":"Jun Yamazakidiretor de anima\u00e7\u00e3o da popular s\u00e9rie de anime de com\u00e9dia rom\u00e2ntica &#8220;Sono Bisque Doll wa Koi wo Suru (My Dress-Up Darling)&#8221;, despertou esperan\u00e7as de uma pr\u00f3xima data de estreia para a segunda temporada com a revela\u00e7\u00e3o de uma nova arte de Marin Kitagawa. Recentemente, o diretor de anima\u00e7\u00e3o Jun Yamazaki publicou em sua conta&hellip; Continue reading Os f\u00e3s j\u00e1 est\u00e3o desesperados pela Sono Bisque Doll","og_url":"https:\/\/animangeek.com\/es\/os-fas-ja-estao-desesperados-pela-sono-bisque-doll\/","og_site_name":"Animan Geek","article_published_time":"2024-06-09T01:07:41+00:00","og_image":[{"width":1920,"height":1080,"url":"https:\/\/animangeek.com\/wp-content\/uploads\/sites\/106\/2024\/06\/1717895262_Os-fas-ja-estao-desesperados-pela-Sono-Bisque-Doll.jpg","type":"image\/jpeg"}],"twitter_card":"summary_large_image","twitter_misc":{"Est. reading time":"2 minutos"},"schema":{"@context":"https:\/\/schema.org","@graph":[{"@type":"WebPage","@id":"https:\/\/animangeek.com\/os-fas-ja-estao-desesperados-pela-sono-bisque-doll\/","url":"https:\/\/animangeek.com\/os-fas-ja-estao-desesperados-pela-sono-bisque-doll\/","name":"Os f\u00e3s j\u00e1 est\u00e3o desesperados pela Sono Bisque Doll - Animan Geek","isPartOf":{"@id":"https:\/\/animangeek.com\/#website"},"primaryImageOfPage":{"@id":"https:\/\/animangeek.com\/os-fas-ja-estao-desesperados-pela-sono-bisque-doll\/#primaryimage"},"image":{"@id":"https:\/\/animangeek.com\/os-fas-ja-estao-desesperados-pela-sono-bisque-doll\/#primaryimage"},"thumbnailUrl":"https:\/\/animangeek.com\/wp-content\/uploads\/sites\/106\/2024\/06\/1717895262_Os-fas-ja-estao-desesperados-pela-Sono-Bisque-Doll.jpg","datePublished":"2024-06-09T01:07:41+00:00","dateModified":"2024-06-09T01:07:41+00:00","author":{"@id":""},"breadcrumb":{"@id":"https:\/\/animangeek.com\/os-fas-ja-estao-desesperados-pela-sono-bisque-doll\/#breadcrumb"},"inLanguage":"es-MX","potentialAction":[{"@type":"ReadAction","target":["https:\/\/animangeek.com\/os-fas-ja-estao-desesperados-pela-sono-bisque-doll\/"]}]},{"@type":"ImageObject","inLanguage":"es-MX","@id":"https:\/\/animangeek.com\/os-fas-ja-estao-desesperados-pela-sono-bisque-doll\/#primaryimage","url":"https:\/\/animangeek.com\/wp-content\/uploads\/sites\/106\/2024\/06\/1717895262_Os-fas-ja-estao-desesperados-pela-Sono-Bisque-Doll.jpg","contentUrl":"https:\/\/animangeek.com\/wp-content\/uploads\/sites\/106\/2024\/06\/1717895262_Os-fas-ja-estao-desesperados-pela-Sono-Bisque-Doll.jpg","width":1920,"height":1080},{"@type":"BreadcrumbList","@id":"https:\/\/animangeek.com\/os-fas-ja-estao-desesperados-pela-sono-bisque-doll\/#breadcrumb","itemListElement":[{"@type":"ListItem","position":1,"name":"Home","item":"https:\/\/animangeek.com\/"},{"@type":"ListItem","position":2,"name":"Os f\u00e3s j\u00e1 est\u00e3o desesperados pela Sono Bisque Doll"}]},{"@type":"WebSite","@id":"https:\/\/animangeek.com\/#website","url":"https:\/\/animangeek.com\/","name":"Animan Geek","description":"","potentialAction":[{"@type":"SearchAction","target":{"@type":"EntryPoint","urlTemplate":"https:\/\/animangeek.com\/?s={search_term_string}"},"query-input":"required name=search_term_string"}],"inLanguage":"es-MX"}]}},"_links":{"self":[{"href":"https:\/\/animangeek.com\/es\/wp-json\/wp\/v2\/posts\/13003"}],"collection":[{"href":"https:\/\/animangeek.com\/es\/wp-json\/wp\/v2\/posts"}],"about":[{"href":"https:\/\/animangeek.com\/es\/wp-json\/wp\/v2\/types\/post"}],"replies":[{"embeddable":true,"href":"https:\/\/animangeek.com\/es\/wp-json\/wp\/v2\/comments?post=13003"}],"version-history":[{"count":0,"href":"https:\/\/animangeek.com\/es\/wp-json\/wp\/v2\/posts\/13003\/revisions"}],"wp:featuredmedia":[{"embeddable":true,"href":"https:\/\/animangeek.com\/es\/wp-json\/wp\/v2\/media\/13004"}],"wp:attachment":[{"href":"https:\/\/animangeek.com\/es\/wp-json\/wp\/v2\/media?parent=13003"}],"wp:term":[{"taxonomy":"category","embeddable":true,"href":"https:\/\/animangeek.com\/es\/wp-json\/wp\/v2\/categories?post=13003"},{"taxonomy":"post_tag","embeddable":true,"href":"https:\/\/animangeek.com\/es\/wp-json\/wp\/v2\/tags?post=13003"}],"curies":[{"name":"wp","href":"https:\/\/api.w.org\/{rel}","templated":true}]}}