{"id":13116,"date":"2024-06-11T12:21:41","date_gmt":"2024-06-11T15:21:41","guid":{"rendered":"https:\/\/animangeek.com\/as-desamparadas-de-megami-no-cafe-terrace-estao-de-volta\/"},"modified":"2024-06-11T12:21:41","modified_gmt":"2024-06-11T15:21:41","slug":"as-desamparadas-de-megami-no-cafe-terrace-estao-de-volta","status":"publish","type":"post","link":"https:\/\/animangeek.com\/es\/as-desamparadas-de-megami-no-cafe-terrace-estao-de-volta\/","title":{"rendered":"Las hu\u00e9rfanas de Megami en Caf\u00e9 Terrace est\u00e1n de vuelta"},"content":{"rendered":"<div class=\"mx-5 sm:mx-0 prose text-left mb-5\"><\/p>\n<div>\n<p>En el sitio web oficial de la adaptaci\u00f3n al anime del manga escrito e ilustrado por <strong>Kouji Seo<\/strong>&quot;<strong>Megami en Caf\u00e9 Terrace<\/strong> (<em>El Caf\u00e9 de la Terraza y sus Diosas<\/em>)\u201d, se ha revelado un nuevo video promocional de la segunda temporada del proyecto. El video confirma que el estreno sigue programado para el 4 de julio en Jap\u00f3n y presenta un fragmento de los temas musicales, que incluyen:<\/p>\n<ul>\n<li><strong>Hikari Kodama<\/strong> interpretar\u00e1 el tema de apertura titulado \u201c\u00a1Charge!\u201d, mientras que VTuber <strong>Aglio, olio e peperoncino (\u30a2\u30fc\u30ea\u30aa\u30fb\u30aa\u30fc\u30ea\u30aa\u30fb\u30a8\u30fb\u30da\u30da\u30ed\u30f3\u30c1\u30fc\u30ce)<\/strong> interpretar\u00e1 el tema final titulado &quot;Nacchatta!&quot;<\/li>\n<\/ul>\n<p><iframe loading=\"lazy\" title=\"TV\u30a2\u30cb\u30e1\u300c\u5973\u795e\u306e\u30ab\u30d5\u30a7\u30c6\u30e9\u30b9\u300d\u7b2c2\u671f\u7b2c2\u5f3ePV | 7\/4(\u6728)\u653e\u9001\u958b\u59cb\" width=\"500\" height=\"281\" src=\"https:\/\/www.youtube.com\/embed\/7uEB63V5CB8?feature=oembed\" frameborder=\"0\" allow=\"accelerometer; autoplay; clipboard-write; encrypted-media; gyroscope; picture-in-picture; web-share\" referrerpolicy=\"strict-origin-when-cross-origin\" allowfullscreen><\/iframe><\/p>\n<p>Kouji Seo comenz\u00f3 a publicar el manga en la revista <strong>Revista semanal Shonen<\/strong> del editor <strong>Kodansha<\/strong> en febrero de 2021. Kouji Seo tambi\u00e9n es autor de otras obras populares que han inspirado adaptaciones de anime, entre ellas \u201c<strong>Fuuka<\/strong>\u201c,\u201c<strong>Kimi no Iru Machi<\/strong> (Una ciudad donde vives)\u201d y \u201c<strong>Suzuki<\/strong>\u201c, por nombrar algunos.<\/p>\n<h3 class=\"wp-block-heading\"><strong>Reparto de voces<\/strong><\/h3>\n<ul>\n<li><strong>Masaaki Mizunaka<\/strong> como Hayato Kusakabe.<\/li>\n<li><strong>Azumi Waki<\/strong> como Shiragiku Ono.<\/li>\n<li><strong>Aya Yamane<\/strong> como Riho Tsukishima.<\/li>\n<li><strong>Sayumi Suzuhiro<\/strong> como Ami Tsuruga<strong>.<\/strong><\/li>\n<li><strong>Asami Seto<\/strong> como Akane Hooji.<\/li>\n<li><strong>Ruriko Aoki<\/strong> como Oka Mazukawa.<\/li>\n<li><strong>Rie Takahashi<\/strong> como Mao Takasaki.<\/li>\n<li><strong>Ayana Taketatsu<\/strong> como Ririka Chiyoda.<\/li>\n<li><strong>Reina Ueda<\/strong> como Moemi Souya.<\/li>\n<li><strong>Kana Hanazawa<\/strong> como Hekiru Yoshino.<\/li>\n<li><strong>Yuu Serizawa<\/strong> como Valentina Azuma.<\/li>\n<\/ul>\n<h3 class=\"wp-block-heading\"><strong>Equipo de producci\u00f3n<\/strong><\/h3>\n<ul>\n<li><strong>Satoshi Kuwahara<\/strong> (<em>5-toubun no Hanayome, Isekai Maou a Shoukan Shoujo no Dorei Majutsu, Kanojo mo Kanojo<\/em>) se encarga de dirigir el anime en los estudios <strong>Producciones Tezuka<\/strong>.<\/li>\n<li><strong>Keiichirou Oochi<\/strong> (<em>5-toubun no Hanayome, Yahari Ore no Seishun Comedia de amor wa Machigatteiru, Kanojo mo Kanojo<\/em>) es responsable de escribir y supervisar los guiones.<\/li>\n<li><strong>Masatsune Noguchi<\/strong> (<em>Mi h\u00e9roe dom\u00e9stico, Hakushon Daimaou 2020<\/em>) es responsable del dise\u00f1o de personajes y la direcci\u00f3n de animaci\u00f3n.<\/li>\n<li><strong>Miki Sakurai<\/strong> (<em>5-toubun no Hanayome, Kanojo mo Kanojo, Adachi a Shimamura<\/em>) es responsable de componer la banda sonora.<\/li>\n<\/ul>\n<div class=\"wp-block-image\">\n<figure class=\"aligncenter size-full\"><img loading=\"lazy\" decoding=\"async\" width=\"1920\" height=\"1080\" src=\"https:\/\/animangeek.com\/wp-content\/uploads\/2024\/06\/As-desamparadas-de-Megami-no-Cafe-Terrace-estao-de-volta.jpg\" alt=\"\" class=\"wp-image-331178\"  \/><\/figure>\n<\/div>\n<h3 class=\"wp-block-heading\"><strong>Sinopsis de Megami en Caf\u00e9 Terrace<\/strong><\/h3>\n<p><em>Despu\u00e9s de la muerte de su abuela Sachiko, Hayato Kasukabe regresa de Tokio y hereda su caf\u00e9: Family Caf\u00e9 Terrace. Su objetivo es demoler la cafeter\u00eda y convertirla en un estacionamiento, pero descubre que su abuela acogi\u00f3 a cinco ni\u00f1as antes de morir. Las chicas (Ouka Makuzawa, Akane Hououji, Riho Tsukishima, Shiragiku Ono y Ami Tsuruga) evidentemente comparten un v\u00ednculo profundo con Sachiko y naturalmente se niegan a abandonar el lugar que llaman hogar.<\/em><\/p>\n<p><em>Convencen a Hayato de cambiar de opini\u00f3n, aunque de mala gana. A trav\u00e9s de este encuentro, Hayato termina recordando su pasado con su abuela, as\u00ed como su amor por el caf\u00e9. Decidido a continuar con el legado de su abuela, Hayato recluta a las chicas para que act\u00faen como &quot;dioses&quot; para garantizar la preservaci\u00f3n de esta preciosa morada.<\/em><\/p>\n<p>Fuente: <strong><a rel=\"nofollow noopener\" target=\"_blank\" href=\"https:\/\/natalie.mu\/comic\/news\/577271\">Natalie en los c\u00f3mics<\/a><\/strong><\/p>\n<p>\u00a9\u702c\u5c3e\u516c\u6cbb\u30fb\u8b1b\u8ac7\u793e\uff0f\u300c\u5973\u795e\u306e\u30ab\u30d5\u30a7\u30c6\u30e9\u30b9\u300d\u88fd\u4f5c\u59d4\u54e1\u4f1a\u30fbMBS<\/p>\n<\/div>\n<p><\/div>","protected":false},"excerpt":{"rendered":"<p>El sitio web oficial de la adaptaci\u00f3n al anime del manga de Kouji Seo, &quot;Megami no Caf\u00e9 Terrace (The Caf\u00e9 Terrace and Its Goddesses)&quot;, ha revelado un nuevo video promocional de la segunda temporada del proyecto. El video confirma que el estreno sigue programado para el 4 de julio en Jap\u00f3n y menciona\u2026 <a class=\"more-link\" href=\"https:\/\/animangeek.com\/es\/as-desamparadas-de-megami-no-cafe-terrace-estao-de-volta\/\">Sigue leyendo <span class=\"screen-reader-text\">Las hu\u00e9rfanas de Megami en Caf\u00e9 Terrace est\u00e1n de vuelta<\/span><\/a><\/p>","protected":false},"author":0,"featured_media":13118,"comment_status":"open","ping_status":"open","sticky":false,"template":"","format":"standard","meta":{"footnotes":""},"categories":[3],"tags":[842,976,1553,1555],"yoast_head":"<!-- This site is optimized with the Yoast SEO plugin v23.3 - https:\/\/yoast.com\/wordpress\/plugins\/seo\/ -->\n<title>As desamparadas de Megami no Caf\u00e9 Terrace est\u00e3o de volta - Animan Geek<\/title>\n<meta name=\"robots\" content=\"index, follow, max-snippet:-1, max-image-preview:large, max-video-preview:-1\" \/>\n<link rel=\"canonical\" href=\"https:\/\/animangeek.com\/es\/as-desamparadas-de-megami-no-cafe-terrace-estao-de-volta\/\" \/>\n<meta property=\"og:locale\" content=\"es_MX\" \/>\n<meta property=\"og:type\" content=\"article\" \/>\n<meta property=\"og:title\" content=\"As desamparadas de Megami no Caf\u00e9 Terrace est\u00e3o de volta - Animan Geek\" \/>\n<meta property=\"og:description\" content=\"No site oficial da adapta\u00e7\u00e3o para anime do mang\u00e1 escrito e ilustrado por Kouji Seo\u201cMegami no Caf\u00e9 Terra\u00e7o (O Caf\u00e9 Terrace e suas Deusas)\u201d, foi revelado um novo v\u00eddeo promocional da segunda temporada do projeto. O v\u00eddeo confirma que a estreia continua marcada para o pr\u00f3ximo dia 4 de julho no Jap\u00e3o, e lista um&hellip; Continue reading As desamparadas de Megami no Caf\u00e9 Terrace est\u00e3o de volta\" \/>\n<meta property=\"og:url\" content=\"https:\/\/animangeek.com\/es\/as-desamparadas-de-megami-no-cafe-terrace-estao-de-volta\/\" \/>\n<meta property=\"og:site_name\" content=\"Animan Geek\" \/>\n<meta property=\"article:published_time\" content=\"2024-06-11T15:21:41+00:00\" \/>\n<meta property=\"og:image\" content=\"https:\/\/animangeek.com\/wp-content\/uploads\/sites\/106\/2024\/06\/1718119302_As-desamparadas-de-Megami-no-Cafe-Terrace-estao-de-volta.jpg\" \/>\n\t<meta property=\"og:image:width\" content=\"1920\" \/>\n\t<meta property=\"og:image:height\" content=\"1080\" \/>\n\t<meta property=\"og:image:type\" content=\"image\/jpeg\" \/>\n<meta name=\"twitter:card\" content=\"summary_large_image\" \/>\n<meta name=\"twitter:label1\" content=\"Est. reading time\" \/>\n\t<meta name=\"twitter:data1\" content=\"2 minutos\" \/>\n<script type=\"application\/ld+json\" class=\"yoast-schema-graph\">{\"@context\":\"https:\/\/schema.org\",\"@graph\":[{\"@type\":\"WebPage\",\"@id\":\"https:\/\/animangeek.com\/as-desamparadas-de-megami-no-cafe-terrace-estao-de-volta\/\",\"url\":\"https:\/\/animangeek.com\/as-desamparadas-de-megami-no-cafe-terrace-estao-de-volta\/\",\"name\":\"As desamparadas de Megami no Caf\u00e9 Terrace est\u00e3o de volta - Animan Geek\",\"isPartOf\":{\"@id\":\"https:\/\/animangeek.com\/#website\"},\"primaryImageOfPage\":{\"@id\":\"https:\/\/animangeek.com\/as-desamparadas-de-megami-no-cafe-terrace-estao-de-volta\/#primaryimage\"},\"image\":{\"@id\":\"https:\/\/animangeek.com\/as-desamparadas-de-megami-no-cafe-terrace-estao-de-volta\/#primaryimage\"},\"thumbnailUrl\":\"https:\/\/animangeek.com\/wp-content\/uploads\/sites\/106\/2024\/06\/1718119302_As-desamparadas-de-Megami-no-Cafe-Terrace-estao-de-volta.jpg\",\"datePublished\":\"2024-06-11T15:21:41+00:00\",\"dateModified\":\"2024-06-11T15:21:41+00:00\",\"author\":{\"@id\":\"\"},\"breadcrumb\":{\"@id\":\"https:\/\/animangeek.com\/as-desamparadas-de-megami-no-cafe-terrace-estao-de-volta\/#breadcrumb\"},\"inLanguage\":\"es-MX\",\"potentialAction\":[{\"@type\":\"ReadAction\",\"target\":[\"https:\/\/animangeek.com\/as-desamparadas-de-megami-no-cafe-terrace-estao-de-volta\/\"]}]},{\"@type\":\"ImageObject\",\"inLanguage\":\"es-MX\",\"@id\":\"https:\/\/animangeek.com\/as-desamparadas-de-megami-no-cafe-terrace-estao-de-volta\/#primaryimage\",\"url\":\"https:\/\/animangeek.com\/wp-content\/uploads\/sites\/106\/2024\/06\/1718119302_As-desamparadas-de-Megami-no-Cafe-Terrace-estao-de-volta.jpg\",\"contentUrl\":\"https:\/\/animangeek.com\/wp-content\/uploads\/sites\/106\/2024\/06\/1718119302_As-desamparadas-de-Megami-no-Cafe-Terrace-estao-de-volta.jpg\",\"width\":1920,\"height\":1080},{\"@type\":\"BreadcrumbList\",\"@id\":\"https:\/\/animangeek.com\/as-desamparadas-de-megami-no-cafe-terrace-estao-de-volta\/#breadcrumb\",\"itemListElement\":[{\"@type\":\"ListItem\",\"position\":1,\"name\":\"Home\",\"item\":\"https:\/\/animangeek.com\/\"},{\"@type\":\"ListItem\",\"position\":2,\"name\":\"As desamparadas de Megami no Caf\u00e9 Terrace est\u00e3o de volta\"}]},{\"@type\":\"WebSite\",\"@id\":\"https:\/\/animangeek.com\/#website\",\"url\":\"https:\/\/animangeek.com\/\",\"name\":\"Animan Geek\",\"description\":\"\",\"potentialAction\":[{\"@type\":\"SearchAction\",\"target\":{\"@type\":\"EntryPoint\",\"urlTemplate\":\"https:\/\/animangeek.com\/?s={search_term_string}\"},\"query-input\":\"required name=search_term_string\"}],\"inLanguage\":\"es-MX\"}]}<\/script>\n<!-- \/ Yoast SEO plugin. -->","yoast_head_json":{"title":"As desamparadas de Megami no Caf\u00e9 Terrace est\u00e3o de volta - Animan Geek","robots":{"index":"index","follow":"follow","max-snippet":"max-snippet:-1","max-image-preview":"max-image-preview:large","max-video-preview":"max-video-preview:-1"},"canonical":"https:\/\/animangeek.com\/es\/as-desamparadas-de-megami-no-cafe-terrace-estao-de-volta\/","og_locale":"es_MX","og_type":"article","og_title":"As desamparadas de Megami no Caf\u00e9 Terrace est\u00e3o de volta - Animan Geek","og_description":"No site oficial da adapta\u00e7\u00e3o para anime do mang\u00e1 escrito e ilustrado por Kouji Seo\u201cMegami no Caf\u00e9 Terra\u00e7o (O Caf\u00e9 Terrace e suas Deusas)\u201d, foi revelado um novo v\u00eddeo promocional da segunda temporada do projeto. O v\u00eddeo confirma que a estreia continua marcada para o pr\u00f3ximo dia 4 de julho no Jap\u00e3o, e lista um&hellip; Continue reading As desamparadas de Megami no Caf\u00e9 Terrace est\u00e3o de volta","og_url":"https:\/\/animangeek.com\/es\/as-desamparadas-de-megami-no-cafe-terrace-estao-de-volta\/","og_site_name":"Animan Geek","article_published_time":"2024-06-11T15:21:41+00:00","og_image":[{"width":1920,"height":1080,"url":"https:\/\/animangeek.com\/wp-content\/uploads\/sites\/106\/2024\/06\/1718119302_As-desamparadas-de-Megami-no-Cafe-Terrace-estao-de-volta.jpg","type":"image\/jpeg"}],"twitter_card":"summary_large_image","twitter_misc":{"Est. reading time":"2 minutos"},"schema":{"@context":"https:\/\/schema.org","@graph":[{"@type":"WebPage","@id":"https:\/\/animangeek.com\/as-desamparadas-de-megami-no-cafe-terrace-estao-de-volta\/","url":"https:\/\/animangeek.com\/as-desamparadas-de-megami-no-cafe-terrace-estao-de-volta\/","name":"As desamparadas de Megami no Caf\u00e9 Terrace est\u00e3o de volta - Animan Geek","isPartOf":{"@id":"https:\/\/animangeek.com\/#website"},"primaryImageOfPage":{"@id":"https:\/\/animangeek.com\/as-desamparadas-de-megami-no-cafe-terrace-estao-de-volta\/#primaryimage"},"image":{"@id":"https:\/\/animangeek.com\/as-desamparadas-de-megami-no-cafe-terrace-estao-de-volta\/#primaryimage"},"thumbnailUrl":"https:\/\/animangeek.com\/wp-content\/uploads\/sites\/106\/2024\/06\/1718119302_As-desamparadas-de-Megami-no-Cafe-Terrace-estao-de-volta.jpg","datePublished":"2024-06-11T15:21:41+00:00","dateModified":"2024-06-11T15:21:41+00:00","author":{"@id":""},"breadcrumb":{"@id":"https:\/\/animangeek.com\/as-desamparadas-de-megami-no-cafe-terrace-estao-de-volta\/#breadcrumb"},"inLanguage":"es-MX","potentialAction":[{"@type":"ReadAction","target":["https:\/\/animangeek.com\/as-desamparadas-de-megami-no-cafe-terrace-estao-de-volta\/"]}]},{"@type":"ImageObject","inLanguage":"es-MX","@id":"https:\/\/animangeek.com\/as-desamparadas-de-megami-no-cafe-terrace-estao-de-volta\/#primaryimage","url":"https:\/\/animangeek.com\/wp-content\/uploads\/sites\/106\/2024\/06\/1718119302_As-desamparadas-de-Megami-no-Cafe-Terrace-estao-de-volta.jpg","contentUrl":"https:\/\/animangeek.com\/wp-content\/uploads\/sites\/106\/2024\/06\/1718119302_As-desamparadas-de-Megami-no-Cafe-Terrace-estao-de-volta.jpg","width":1920,"height":1080},{"@type":"BreadcrumbList","@id":"https:\/\/animangeek.com\/as-desamparadas-de-megami-no-cafe-terrace-estao-de-volta\/#breadcrumb","itemListElement":[{"@type":"ListItem","position":1,"name":"Home","item":"https:\/\/animangeek.com\/"},{"@type":"ListItem","position":2,"name":"As desamparadas de Megami no Caf\u00e9 Terrace est\u00e3o de volta"}]},{"@type":"WebSite","@id":"https:\/\/animangeek.com\/#website","url":"https:\/\/animangeek.com\/","name":"Animan Geek","description":"","potentialAction":[{"@type":"SearchAction","target":{"@type":"EntryPoint","urlTemplate":"https:\/\/animangeek.com\/?s={search_term_string}"},"query-input":"required name=search_term_string"}],"inLanguage":"es-MX"}]}},"_links":{"self":[{"href":"https:\/\/animangeek.com\/es\/wp-json\/wp\/v2\/posts\/13116"}],"collection":[{"href":"https:\/\/animangeek.com\/es\/wp-json\/wp\/v2\/posts"}],"about":[{"href":"https:\/\/animangeek.com\/es\/wp-json\/wp\/v2\/types\/post"}],"replies":[{"embeddable":true,"href":"https:\/\/animangeek.com\/es\/wp-json\/wp\/v2\/comments?post=13116"}],"version-history":[{"count":0,"href":"https:\/\/animangeek.com\/es\/wp-json\/wp\/v2\/posts\/13116\/revisions"}],"wp:featuredmedia":[{"embeddable":true,"href":"https:\/\/animangeek.com\/es\/wp-json\/wp\/v2\/media\/13118"}],"wp:attachment":[{"href":"https:\/\/animangeek.com\/es\/wp-json\/wp\/v2\/media?parent=13116"}],"wp:term":[{"taxonomy":"category","embeddable":true,"href":"https:\/\/animangeek.com\/es\/wp-json\/wp\/v2\/categories?post=13116"},{"taxonomy":"post_tag","embeddable":true,"href":"https:\/\/animangeek.com\/es\/wp-json\/wp\/v2\/tags?post=13116"}],"curies":[{"name":"wp","href":"https:\/\/api.w.org\/{rel}","templated":true}]}}