{"id":13130,"date":"2024-06-11T16:20:59","date_gmt":"2024-06-11T19:20:59","guid":{"rendered":"https:\/\/animangeek.com\/um-fa-de-seiyuus-que-virou-assassino\/"},"modified":"2024-06-11T16:20:59","modified_gmt":"2024-06-11T19:20:59","slug":"um-fa-de-seiyuus-que-virou-assassino","status":"publish","type":"post","link":"https:\/\/animangeek.com\/es\/um-fa-de-seiyuus-que-virou-assassino\/","title":{"rendered":"Un fan\u00e1tico del seiyuu convertido en asesino"},"content":{"rendered":"<div class=\"mx-5 sm:mx-0 prose text-left mb-5\"><\/p>\n<div>\n<p>Un hombre arrestado por el asesinato de su oficial de libertad condicional en la ciudad de Otsu, prefectura de Shiga, hizo publicaciones en las redes sociales el mes pasado que podr\u00edan interpretarse como expresiones de insatisfacci\u00f3n con su libertad condicional, seg\u00fan fuentes policiales. <strong>En Twitter se encontraron varias publicaciones criticando el sistema de libertad condicional, realizadas desde una cuenta que se cree pertenece al sospechoso, Kohei Iizuka.<\/strong><\/p>\n<div class=\"wp-block-image\">\n<figure class=\"aligncenter size-full\"><img loading=\"lazy\" decoding=\"async\" width=\"1024\" height=\"576\" src=\"http:\/\/animangeek.com\/wp-content\/uploads\/sites\/106\/2024\/06\/Um-fa-de-seiyuus-que-virou-assassino.png\" alt=\"Seiyuus\" class=\"wp-image-331219\"  \/><\/figure>\n<\/div>\n<p><strong>La polic\u00eda de la prefectura de Shiga cree que Iizuka, de 35 a\u00f1os, puede haber llevado a cabo un ataque premeditado contra Hiroshi Shinjo, de 60 a\u00f1os, debido a su insatisfacci\u00f3n con su libertad condicional.<\/strong> Iizuka estaba bajo la supervisi\u00f3n de Shinjo despu\u00e9s de recibir una sentencia de prisi\u00f3n suspendida por robar una tienda de conveniencia. <strong>Fue arrestado durante el fin de semana bajo sospecha de apu\u00f1alar a Shinjo m\u00e1s de 10 veces en la parte superior del cuerpo con un cuchillo.<\/strong> en la casa del oficial de libertad condicional entre las 7:00 p.m. el d\u00eda 24 de mayo y aproximadamente a las 16:00 horas. el 26 de mayo. <strong>Iizuka neg\u00f3 las acusaciones.<\/strong><\/p>\n<p>Shinjo hab\u00eda programado una reuni\u00f3n con Iizuka en su casa a las 7:00 pm del 24 de mayo. <strong>Iizuka fue captado por la c\u00e1mara del intercomunicador en la puerta de Shinjo y las c\u00e1maras de seguridad cercanas caminando hacia la casa de Shinjo aproximadamente al mismo tiempo. <\/strong>Investigaciones posteriores revelaron que Iizuka abandon\u00f3 la casa de Shinjo menos de media hora despu\u00e9s de llegar. <strong>Cuando se descubri\u00f3 el cuerpo de Shinjo el 26 de mayo, las luces de la sala de estar todav\u00eda estaban encendidas, lo que suger\u00eda que estaba esperando una visita. <\/strong>La polic\u00eda tambi\u00e9n descubri\u00f3 rastros de un visitante en la casa de Shinjo. Creen que Iizuka mat\u00f3 a Shinjo durante la reuni\u00f3n y contin\u00faan su investigaci\u00f3n.<\/p>\n<p>En respuesta al caso de asesinato, <strong>El Ministerio de Justicia emiti\u00f3 el lunes un aviso a nivel nacional a todas las oficinas de libertad condicional, solicitando una inspecci\u00f3n exhaustiva para asegurarse de que no haya problemas entre los oficiales de libertad condicional y las personas bajo su supervisi\u00f3n.<\/strong>con el objetivo de garantizar la seguridad de los agentes. El aviso instruye a los empleados a verificar si los oficiales de libertad condicional han hecho comentarios que sugieran represalias y a recopilar cualquier inquietud que los oficiales de libertad condicional puedan tener a trav\u00e9s de consultas telef\u00f3nicas o en persona.<\/p>\n<p>En una conferencia de prensa el martes, el ministro de Justicia, Ryuji Koizumi, dijo que es importante crear un entorno en el que los funcionarios de bienestar social puedan trabajar sin problemas. <strong>&#8220;<em>Creo que todos los funcionarios de libertad condicional en Jap\u00f3n se sienten ansiosos.<\/em>&#8220;<\/strong>dijo. <strong>&#8220;<em>En primer lugar, responderemos en\u00e9rgicamente a los sentimientos de los trabajadores del bienestar p\u00fablico.<\/em>.&#8221;<\/strong><\/p>\n<div class=\"wp-block-image\">\n<figure class=\"aligncenter size-full is-resized\"><img loading=\"lazy\" decoding=\"async\" width=\"1024\" height=\"576\" src=\"https:\/\/animangeek.com\/wp-content\/uploads\/2024\/06\/1718133659_592_Um-fa-de-seiyuus-que-virou-assassino.png\" alt=\"\" class=\"wp-image-331220\" style=\"width:840px;height:auto\"  \/><\/figure>\n<\/div>\n<p>La cuenta de Twitter de Iizuka se cre\u00f3 en febrero de 2022. <strong>Para abril de este a\u00f1o, hab\u00eda realizado aproximadamente 25.000 publicaciones y a principios de este mes, la cuenta ten\u00eda m\u00e1s de 400 seguidores.<\/strong><\/p>\n<p><strong>Inicialmente, sus publicaciones se centraban en temas relacionados con seiyuus populares.<\/strong>Pero poco a poco empezaron a aparecer quejas sobre el ambiente laboral. Comentarios como <strong>&#8220;<em>Actualmente estoy cansado de las relaciones laborales complicadas.<\/em>&#8220;<\/strong> y <strong>&#8220;<em>Nadie quiere hacer ese tipo de trabajo.<\/em>&#8220;<\/strong> Se ha vuelto com\u00fan. Tambi\u00e9n public\u00f3 que hab\u00eda renunciado a su trabajo y cambiado de trabajo varias veces.<\/p>\n<p>A partir de agosto de 2022, las cr\u00edticas a la polic\u00eda y al sistema de justicia comenzaron a aumentar. Declaraciones como <strong>&#8220;<em>La polic\u00eda reprime a los ciudadanos<\/em>&#8220;<\/strong> y <strong>&#8220;<em>Los juicios no son m\u00e1s que una farsa con un veredicto de culpabilidad predeterminado.<\/em>&#8220;<\/strong> se hicieron frecuentes.<\/p>\n<p>Las publicaciones extremas relacionadas con el inter\u00e9s en el asesinato comenzaron a aumentar en el verano de 2023. En agosto, public\u00f3: <strong>&#8220;<em>El mundo est\u00e1 loco si un ciudadano com\u00fan puede ser condenado a muerte por cometer un asesinato.<\/em>&#8220;<\/strong> y <strong>&#8220;<em>Espero recuperar la libertad del asesinato (destrucci\u00f3n del poder, negaci\u00f3n del asesinato por el poder).<\/em>&#8220;<\/strong>. En diciembre del mismo a\u00f1o, escribi\u00f3: <strong>&#8220;<em>Estoy fantaseando con matar, ya tengo el plan.<\/em>&#8220;<\/strong>.<\/p>\n<p>Durante este per\u00edodo, tambi\u00e9n expres\u00f3 su insatisfacci\u00f3n con su lugar de trabajo y la sociedad en general. En octubre del a\u00f1o pasado public\u00f3: <strong>&#8220;<em>Esta sociedad no es apta para los seres humanos.<\/em>&#8220;<\/strong> Y entre noviembre y diciembre escribi\u00f3: <strong>&#8220;<em>La libertad condicional es in\u00fatil<\/em>&#8220;<\/strong> y <strong>&#8220;<em>La palabra \u201cprotecci\u00f3n\u201d es una palabra peligrosa.<\/em>&#8220;<\/strong>. Continuaron las publicaciones cr\u00edticas hacia la polic\u00eda. <strong>La \u00faltima publicaci\u00f3n fue el 5 de abril, despu\u00e9s de responder a una publicaci\u00f3n de un actor de voz popular que estaba siguiendo, y luego se detuvo.<\/strong><\/p>\n<p>Fuente: <strong><a rel=\"nofollow noopener\" target=\"_blank\" href=\"http:\/\/yaraon-blog.com\/archives\/259148\">\u00a1Yaraon!<\/a><\/strong><\/p>\n<p style=\"font-size:1px\">\n<\/div>\n<p><\/div>","protected":false},"excerpt":{"rendered":"<p>Un hombre arrestado por el asesinato de su agente de libertad condicional en la ciudad de Otsu, prefectura de Shiga, public\u00f3 en redes sociales el mes pasado publicaciones que podr\u00edan interpretarse como expresiones de insatisfacci\u00f3n con su libertad condicional, seg\u00fan fuentes policiales. Se encontraron varias publicaciones en Twitter criticando el sistema de libertad condicional\u2026 <a class=\"more-link\" href=\"https:\/\/animangeek.com\/es\/um-fa-de-seiyuus-que-virou-assassino\/\">Sigue leyendo <span class=\"screen-reader-text\">Un fan\u00e1tico del seiyuu convertido en asesino<\/span><\/a><\/p>","protected":false},"author":0,"featured_media":13131,"comment_status":"open","ping_status":"open","sticky":false,"template":"","format":"standard","meta":{"footnotes":""},"categories":[5],"tags":[1404],"yoast_head":"<!-- This site is optimized with the Yoast SEO plugin v23.3 - https:\/\/yoast.com\/wordpress\/plugins\/seo\/ -->\n<title>Um f\u00e3 de seiyuus que virou assassino - Animan Geek<\/title>\n<meta name=\"robots\" content=\"index, follow, max-snippet:-1, max-image-preview:large, max-video-preview:-1\" \/>\n<link rel=\"canonical\" href=\"https:\/\/animangeek.com\/es\/um-fa-de-seiyuus-que-virou-assassino\/\" \/>\n<meta property=\"og:locale\" content=\"es_MX\" \/>\n<meta property=\"og:type\" content=\"article\" \/>\n<meta property=\"og:title\" content=\"Um f\u00e3 de seiyuus que virou assassino - Animan Geek\" \/>\n<meta property=\"og:description\" content=\"Um homem preso pelo assassinato de seu oficial de liberdade condicional na cidade de Otsu, prov\u00edncia de Shiga, fez postagens nas m\u00eddias sociais no m\u00eas passado que poderiam ser interpretadas como express\u00f5es de insatisfa\u00e7\u00e3o com sua liberdade condicional, de acordo com fontes policiais. V\u00e1rias postagens criticando o sistema de liberdade condicional foram encontradas no Twitter,&hellip; Continue reading Um f\u00e3 de seiyuus que virou assassino\" \/>\n<meta property=\"og:url\" content=\"https:\/\/animangeek.com\/es\/um-fa-de-seiyuus-que-virou-assassino\/\" \/>\n<meta property=\"og:site_name\" content=\"Animan Geek\" \/>\n<meta property=\"article:published_time\" content=\"2024-06-11T19:20:59+00:00\" \/>\n<meta property=\"og:image\" content=\"https:\/\/animangeek.com\/wp-content\/uploads\/sites\/106\/2024\/06\/Um-fa-de-seiyuus-que-virou-assassino.jpg\" \/>\n\t<meta property=\"og:image:width\" content=\"1920\" \/>\n\t<meta property=\"og:image:height\" content=\"1080\" \/>\n\t<meta property=\"og:image:type\" content=\"image\/jpeg\" \/>\n<meta name=\"twitter:card\" content=\"summary_large_image\" \/>\n<meta name=\"twitter:label1\" content=\"Est. reading time\" \/>\n\t<meta name=\"twitter:data1\" content=\"4 minutos\" \/>\n<script type=\"application\/ld+json\" class=\"yoast-schema-graph\">{\"@context\":\"https:\/\/schema.org\",\"@graph\":[{\"@type\":\"WebPage\",\"@id\":\"https:\/\/animangeek.com\/um-fa-de-seiyuus-que-virou-assassino\/\",\"url\":\"https:\/\/animangeek.com\/um-fa-de-seiyuus-que-virou-assassino\/\",\"name\":\"Um f\u00e3 de seiyuus que virou assassino - Animan Geek\",\"isPartOf\":{\"@id\":\"https:\/\/animangeek.com\/#website\"},\"primaryImageOfPage\":{\"@id\":\"https:\/\/animangeek.com\/um-fa-de-seiyuus-que-virou-assassino\/#primaryimage\"},\"image\":{\"@id\":\"https:\/\/animangeek.com\/um-fa-de-seiyuus-que-virou-assassino\/#primaryimage\"},\"thumbnailUrl\":\"https:\/\/animangeek.com\/wp-content\/uploads\/sites\/106\/2024\/06\/Um-fa-de-seiyuus-que-virou-assassino.jpg\",\"datePublished\":\"2024-06-11T19:20:59+00:00\",\"dateModified\":\"2024-06-11T19:20:59+00:00\",\"author\":{\"@id\":\"\"},\"breadcrumb\":{\"@id\":\"https:\/\/animangeek.com\/um-fa-de-seiyuus-que-virou-assassino\/#breadcrumb\"},\"inLanguage\":\"es-MX\",\"potentialAction\":[{\"@type\":\"ReadAction\",\"target\":[\"https:\/\/animangeek.com\/um-fa-de-seiyuus-que-virou-assassino\/\"]}]},{\"@type\":\"ImageObject\",\"inLanguage\":\"es-MX\",\"@id\":\"https:\/\/animangeek.com\/um-fa-de-seiyuus-que-virou-assassino\/#primaryimage\",\"url\":\"https:\/\/animangeek.com\/wp-content\/uploads\/sites\/106\/2024\/06\/Um-fa-de-seiyuus-que-virou-assassino.jpg\",\"contentUrl\":\"https:\/\/animangeek.com\/wp-content\/uploads\/sites\/106\/2024\/06\/Um-fa-de-seiyuus-que-virou-assassino.jpg\",\"width\":1920,\"height\":1080},{\"@type\":\"BreadcrumbList\",\"@id\":\"https:\/\/animangeek.com\/um-fa-de-seiyuus-que-virou-assassino\/#breadcrumb\",\"itemListElement\":[{\"@type\":\"ListItem\",\"position\":1,\"name\":\"Home\",\"item\":\"https:\/\/animangeek.com\/\"},{\"@type\":\"ListItem\",\"position\":2,\"name\":\"Um f\u00e3 de seiyuus que virou assassino\"}]},{\"@type\":\"WebSite\",\"@id\":\"https:\/\/animangeek.com\/#website\",\"url\":\"https:\/\/animangeek.com\/\",\"name\":\"Animan Geek\",\"description\":\"\",\"potentialAction\":[{\"@type\":\"SearchAction\",\"target\":{\"@type\":\"EntryPoint\",\"urlTemplate\":\"https:\/\/animangeek.com\/?s={search_term_string}\"},\"query-input\":\"required name=search_term_string\"}],\"inLanguage\":\"es-MX\"}]}<\/script>\n<!-- \/ Yoast SEO plugin. -->","yoast_head_json":{"title":"Um f\u00e3 de seiyuus que virou assassino - Animan Geek","robots":{"index":"index","follow":"follow","max-snippet":"max-snippet:-1","max-image-preview":"max-image-preview:large","max-video-preview":"max-video-preview:-1"},"canonical":"https:\/\/animangeek.com\/es\/um-fa-de-seiyuus-que-virou-assassino\/","og_locale":"es_MX","og_type":"article","og_title":"Um f\u00e3 de seiyuus que virou assassino - Animan Geek","og_description":"Um homem preso pelo assassinato de seu oficial de liberdade condicional na cidade de Otsu, prov\u00edncia de Shiga, fez postagens nas m\u00eddias sociais no m\u00eas passado que poderiam ser interpretadas como express\u00f5es de insatisfa\u00e7\u00e3o com sua liberdade condicional, de acordo com fontes policiais. V\u00e1rias postagens criticando o sistema de liberdade condicional foram encontradas no Twitter,&hellip; Continue reading Um f\u00e3 de seiyuus que virou assassino","og_url":"https:\/\/animangeek.com\/es\/um-fa-de-seiyuus-que-virou-assassino\/","og_site_name":"Animan Geek","article_published_time":"2024-06-11T19:20:59+00:00","og_image":[{"width":1920,"height":1080,"url":"https:\/\/animangeek.com\/wp-content\/uploads\/sites\/106\/2024\/06\/Um-fa-de-seiyuus-que-virou-assassino.jpg","type":"image\/jpeg"}],"twitter_card":"summary_large_image","twitter_misc":{"Est. reading time":"4 minutos"},"schema":{"@context":"https:\/\/schema.org","@graph":[{"@type":"WebPage","@id":"https:\/\/animangeek.com\/um-fa-de-seiyuus-que-virou-assassino\/","url":"https:\/\/animangeek.com\/um-fa-de-seiyuus-que-virou-assassino\/","name":"Um f\u00e3 de seiyuus que virou assassino - Animan Geek","isPartOf":{"@id":"https:\/\/animangeek.com\/#website"},"primaryImageOfPage":{"@id":"https:\/\/animangeek.com\/um-fa-de-seiyuus-que-virou-assassino\/#primaryimage"},"image":{"@id":"https:\/\/animangeek.com\/um-fa-de-seiyuus-que-virou-assassino\/#primaryimage"},"thumbnailUrl":"https:\/\/animangeek.com\/wp-content\/uploads\/sites\/106\/2024\/06\/Um-fa-de-seiyuus-que-virou-assassino.jpg","datePublished":"2024-06-11T19:20:59+00:00","dateModified":"2024-06-11T19:20:59+00:00","author":{"@id":""},"breadcrumb":{"@id":"https:\/\/animangeek.com\/um-fa-de-seiyuus-que-virou-assassino\/#breadcrumb"},"inLanguage":"es-MX","potentialAction":[{"@type":"ReadAction","target":["https:\/\/animangeek.com\/um-fa-de-seiyuus-que-virou-assassino\/"]}]},{"@type":"ImageObject","inLanguage":"es-MX","@id":"https:\/\/animangeek.com\/um-fa-de-seiyuus-que-virou-assassino\/#primaryimage","url":"https:\/\/animangeek.com\/wp-content\/uploads\/sites\/106\/2024\/06\/Um-fa-de-seiyuus-que-virou-assassino.jpg","contentUrl":"https:\/\/animangeek.com\/wp-content\/uploads\/sites\/106\/2024\/06\/Um-fa-de-seiyuus-que-virou-assassino.jpg","width":1920,"height":1080},{"@type":"BreadcrumbList","@id":"https:\/\/animangeek.com\/um-fa-de-seiyuus-que-virou-assassino\/#breadcrumb","itemListElement":[{"@type":"ListItem","position":1,"name":"Home","item":"https:\/\/animangeek.com\/"},{"@type":"ListItem","position":2,"name":"Um f\u00e3 de seiyuus que virou assassino"}]},{"@type":"WebSite","@id":"https:\/\/animangeek.com\/#website","url":"https:\/\/animangeek.com\/","name":"Animan Geek","description":"","potentialAction":[{"@type":"SearchAction","target":{"@type":"EntryPoint","urlTemplate":"https:\/\/animangeek.com\/?s={search_term_string}"},"query-input":"required name=search_term_string"}],"inLanguage":"es-MX"}]}},"_links":{"self":[{"href":"https:\/\/animangeek.com\/es\/wp-json\/wp\/v2\/posts\/13130"}],"collection":[{"href":"https:\/\/animangeek.com\/es\/wp-json\/wp\/v2\/posts"}],"about":[{"href":"https:\/\/animangeek.com\/es\/wp-json\/wp\/v2\/types\/post"}],"replies":[{"embeddable":true,"href":"https:\/\/animangeek.com\/es\/wp-json\/wp\/v2\/comments?post=13130"}],"version-history":[{"count":0,"href":"https:\/\/animangeek.com\/es\/wp-json\/wp\/v2\/posts\/13130\/revisions"}],"wp:featuredmedia":[{"embeddable":true,"href":"https:\/\/animangeek.com\/es\/wp-json\/wp\/v2\/media\/13131"}],"wp:attachment":[{"href":"https:\/\/animangeek.com\/es\/wp-json\/wp\/v2\/media?parent=13130"}],"wp:term":[{"taxonomy":"category","embeddable":true,"href":"https:\/\/animangeek.com\/es\/wp-json\/wp\/v2\/categories?post=13130"},{"taxonomy":"post_tag","embeddable":true,"href":"https:\/\/animangeek.com\/es\/wp-json\/wp\/v2\/tags?post=13130"}],"curies":[{"name":"wp","href":"https:\/\/api.w.org\/{rel}","templated":true}]}}