{"id":13135,"date":"2024-06-11T22:26:57","date_gmt":"2024-06-12T01:26:57","guid":{"rendered":"https:\/\/animangeek.com\/dizem-que-o-isekai-ainda-tem-5-anos-de-vida\/"},"modified":"2024-06-11T22:26:57","modified_gmt":"2024-06-12T01:26:57","slug":"dizem-que-o-isekai-ainda-tem-5-anos-de-vida","status":"publish","type":"post","link":"https:\/\/animangeek.com\/es\/dizem-que-o-isekai-ainda-tem-5-anos-de-vida\/","title":{"rendered":"Dicen que a Isekai todav\u00eda le quedan 5 a\u00f1os de vida."},"content":{"rendered":"<div class=\"mx-5 sm:mx-0 prose text-left mb-5\"><\/p>\n<div>\n<p>Los g\u00e9neros <strong>isekai<\/strong> y <strong>los chicos aman<\/strong> Actualmente est\u00e1n en la cima del mercado del manga y las novelas ligeras, con franquicias exitosas como \u201c<strong>Sasaki y Miyano<\/strong>&#8220;<strong>, <\/strong>&#8220;<strong>Se\u00f1or<\/strong>&#8220;<strong>, <\/strong>&#8220;<strong>Aquella vez que me reencarn\u00e9 en un slime<\/strong>&quot; y &quot;<strong>KonoSuba: Las bendiciones de Dios en este maravilloso mundo<\/strong>Acumulando millones de seguidores fieles. Seg\u00fan Akira Kanai, editor de...<strong>Saga de Vinland<\/strong>\u201cLa popularidad de estas dos tendencias no disminuir\u00e1 en el corto plazo.<\/p>\n<p>En manga y anime, el t\u00e9rmino <strong>isekai<\/strong> se refiere a un g\u00e9nero de fantas\u00eda en el que un personaje desafortunado renace en un nuevo mundo con un nuevo cuerpo, nuevas habilidades o ambos. Por otro lado, <strong>los chicos aman<\/strong>un g\u00e9nero dirigido principalmente al p\u00fablico femenino, se centra en las relaciones rom\u00e1nticas entre hombres j\u00f3venes y guapos.<\/p>\n<div class=\"wp-block-image\">\n<figure class=\"aligncenter size-full\"><img loading=\"lazy\" decoding=\"async\" width=\"1280\" height=\"720\" src=\"http:\/\/animangeek.com\/wp-content\/uploads\/sites\/106\/2024\/06\/Dizem-que-o-isekai-ainda-tem-5-anos-de-vida.png\" alt=\"Isekai\" class=\"wp-image-331225\"  \/><\/figure>\n<\/div>\n<p>En una entrevista reciente con <strong>Pasi\u00f3n por el manga<\/strong>Kanai, un sitio de noticias alem\u00e1n que se centra principalmente en los medios japoneses, analiz\u00f3 c\u00f3mo estos g\u00e9neros seguir\u00e1n siendo tendencias importantes en los pr\u00f3ximos a\u00f1os. &quot;<em><strong>En el contexto general de las revistas seinen, creo que la tendencia de las historias isekai continuar\u00e1 entre los lectores masculinos en los pr\u00f3ximos cinco a\u00f1os. Para las lectoras, la tendencia del amor entre chicos continuar\u00e1 durante otros cinco a\u00f1os.<\/strong><\/em>&quot;, dijo Kanai. Para \u00e9l, esto se debe en gran medida al deseo de escapismo del p\u00fablico, un deseo que considera malsano si se explota excesivamente.<\/p>\n<p><strong>Akira Kanai<\/strong> Trabaj\u00f3 como editor en el departamento de manga en <strong>Kodansha<\/strong> Desde hace m\u00e1s de 30 a\u00f1os y desde 2015 es el editor jefe de la revista <strong>Tarde mensual<\/strong>una revista de manga mensual que se centra predominantemente en el p\u00fablico seinen, es decir, historias dirigidas principalmente a hombres adultos. A lo largo de los a\u00f1os, la <strong>Tarde mensual<\/strong> Recibi\u00f3 elogios por sus historias maduras y orientadas a adultos, como \u201c<strong>Saltar y holgazanear<\/strong>&quot; y &quot;<strong>El incidente de Darwin<\/strong>&quot;, as\u00ed como &quot;<strong>Saga de Vinland<\/strong>&#8220;.<\/p>\n<p><strong>Kanai se\u00f1ala que muchos elementos diferencian el seinen del shojo.<\/strong> (manga dirigido a ni\u00f1as y mujeres j\u00f3venes) <strong>y shonen<\/strong> (manga dirigido a ni\u00f1os y j\u00f3venes), <strong>Especialmente en la forma en que estos \u00faltimos g\u00e9neros abordan las cuestiones del bien y del mal.<\/strong> Seg\u00fan Kanai, los h\u00e9roes del g\u00e9nero shonen son generalmente j\u00f3venes idealistas que se enfrentan valientemente a los malhechores, pero a menudo muestran nociones demasiado simplistas del bien y del mal.<\/p>\n<p><strong>Las historias de Isekai a menudo siguen patrones narrativos similares, con protagonistas principales que tienen pocos defectos realistas y enfrentan amenazas grandiosas.<\/strong> De la misma manera, las historias de <strong>los chicos aman<\/strong> Puede retratar situaciones rom\u00e1nticas id\u00edlicas que no presentan muchas de las dificultades pr\u00e1cticas de las relaciones reales. Kanai advierte que si bien este tipo de historias son ideales para escapismo, pueden ser da\u00f1inas si se consumen en exceso. &quot;<em><strong>Es como las drogas o la comida r\u00e1pida. Estas obras se venden bien y se convierten en grandes \u00e9xitos porque estimulan la libido de los lectores, y eso es perfectamente aceptable. Pero si consumes esto todo el d\u00eda, todos los d\u00edas, probablemente dejar\u00e1s de pensar, y eso es perjudicial a largo plazo.<\/strong><\/em>&quot;dijo.<\/p>\n<div class=\"wp-block-image\">\n<figure class=\"aligncenter size-full\"><img loading=\"lazy\" decoding=\"async\" width=\"1280\" height=\"720\" src=\"https:\/\/animangeek.com\/wp-content\/uploads\/2024\/06\/1718155617_182_Dizem-que-o-isekai-ainda-tem-5-anos-de-vida.png\" alt=\"\" class=\"wp-image-331227\"  \/><\/figure>\n<\/div>\n<p>Hasta ahora, las predicciones de Kanai sobre la industria del anime y el manga parecen ser precisas, ya que en 2024 ya se han lanzado t\u00edtulos. <strong>amor de chicos<\/strong> como &quot;<strong>Tadaima, Okaeri<\/strong>\u201c, la \u00faltima incorporaci\u00f3n a la <strong>Estudio DEEN<\/strong> por su extensa l\u00ednea de anime Boys&#039; Love. Adem\u00e1s, este a\u00f1o habr\u00e1 el estreno de una serie de anime. <strong>isekai<\/strong> nuevos y recurrentes, incluyendo \u201c<strong>Arifureta: de com\u00fan a la m\u00e1s fuerte del mundo<\/strong>&#8220;<strong>, <\/strong>&#8220;<strong>Re:Zero: Comenzando una vida en otro mundo<\/strong>&#8220;<strong>, <\/strong>&#8220;<strong>Garant\u00eda de calidad en otro mundo<\/strong>&quot; y &quot;<strong>Ya no est\u00e1 permitido en otro mundo.<\/strong>&quot;entre otros.<\/p>\n<p>Si bien Kanai reconoce la situaci\u00f3n actual del mercado, cree que la calidad del contenido en <strong>Tarde mensual<\/strong> Es beneficioso evitar tales tendencias. &quot;<em><strong>Si es posible, en Monthly Afternoon nos gustar\u00eda cubrir obras que muestren que debemos enfrentar la realidad tanto como nos gustar\u00eda evitarla.<\/strong><\/em>\u201c, concluy\u00f3.<\/p>\n<p>Fuente: <strong><a rel=\"nofollow noopener\" target=\"_blank\" href=\"https:\/\/www.manga-passion.de\/articles\/10706\/interview-with-afternoon-editor-in-chief-akira-kanai-globalization-webtoons-and-healthy-seinen-manga\">Pasi\u00f3n por el manga<\/a><\/strong><\/p>\n<\/div>\n<p><\/div>","protected":false},"excerpt":{"rendered":"<p>Los g\u00e9neros isekai y de amor entre chicos est\u00e1n actualmente en la cima del mercado del manga y las novelas ligeras, con franquicias exitosas como \u00abSasaki y Miyano\u00bb, \u00abOverlord\u00bb, \u00abEsa vez que me reencarn\u00e9 como un slime\u00bb y \u00abKonoSuba: La bendici\u00f3n de Dios en este maravilloso mundo\u00bb que acumulan millones de seguidores fieles. Seg\u00fan Akira Kanai, editor de\u2026 <a class=\"more-link\" href=\"https:\/\/animangeek.com\/es\/dizem-que-o-isekai-ainda-tem-5-anos-de-vida\/\">Sigue leyendo <span class=\"screen-reader-text\">Dicen que a Isekai todav\u00eda le quedan 5 a\u00f1os de vida.<\/span><\/a><\/p>","protected":false},"author":0,"featured_media":13136,"comment_status":"open","ping_status":"open","sticky":false,"template":"","format":"standard","meta":{"footnotes":""},"categories":[5],"tags":[771],"yoast_head":"<!-- This site is optimized with the Yoast SEO plugin v23.3 - https:\/\/yoast.com\/wordpress\/plugins\/seo\/ -->\n<title>Dizem que o isekai ainda tem 5 anos de vida - Animan Geek<\/title>\n<meta name=\"robots\" content=\"index, follow, max-snippet:-1, max-image-preview:large, max-video-preview:-1\" \/>\n<link rel=\"canonical\" href=\"https:\/\/animangeek.com\/es\/dizem-que-o-isekai-ainda-tem-5-anos-de-vida\/\" \/>\n<meta property=\"og:locale\" content=\"es_MX\" \/>\n<meta property=\"og:type\" content=\"article\" \/>\n<meta property=\"og:title\" content=\"Dizem que o isekai ainda tem 5 anos de vida - Animan Geek\" \/>\n<meta property=\"og:description\" content=\"Os g\u00eaneros isekai y amor de meninos est\u00e3o atualmente no topo do mercado de mang\u00e1s e light novels, com franquias de sucesso como &#8220;Sasaki e Miyano&#8220;, &#8220;Overlord&#8220;, &#8220;Aquela vez que eu reencarnei como um Slime&#8221; y &#8220;KonoSuba: As b\u00ean\u00e7\u00e3os de Deus neste mundo maravilhoso&#8220;acumulando milh\u00f5es de seguidores devotos. De acordo com Akira Kanai, editor do&hellip; Continue reading Dizem que o isekai ainda tem 5 anos de vida\" \/>\n<meta property=\"og:url\" content=\"https:\/\/animangeek.com\/es\/dizem-que-o-isekai-ainda-tem-5-anos-de-vida\/\" \/>\n<meta property=\"og:site_name\" content=\"Animan Geek\" \/>\n<meta property=\"article:published_time\" content=\"2024-06-12T01:26:57+00:00\" \/>\n<meta property=\"og:image\" content=\"https:\/\/animangeek.com\/wp-content\/uploads\/sites\/106\/2024\/06\/Dizem-que-o-isekai-ainda-tem-5-anos-de-vida.jpg\" \/>\n\t<meta property=\"og:image:width\" content=\"1920\" \/>\n\t<meta property=\"og:image:height\" content=\"1080\" \/>\n\t<meta property=\"og:image:type\" content=\"image\/jpeg\" \/>\n<meta name=\"twitter:card\" content=\"summary_large_image\" \/>\n<meta name=\"twitter:label1\" content=\"Est. reading time\" \/>\n\t<meta name=\"twitter:data1\" content=\"3 minutos\" \/>\n<script type=\"application\/ld+json\" class=\"yoast-schema-graph\">{\"@context\":\"https:\/\/schema.org\",\"@graph\":[{\"@type\":\"WebPage\",\"@id\":\"https:\/\/animangeek.com\/dizem-que-o-isekai-ainda-tem-5-anos-de-vida\/\",\"url\":\"https:\/\/animangeek.com\/dizem-que-o-isekai-ainda-tem-5-anos-de-vida\/\",\"name\":\"Dizem que o isekai ainda tem 5 anos de vida - Animan Geek\",\"isPartOf\":{\"@id\":\"https:\/\/animangeek.com\/#website\"},\"primaryImageOfPage\":{\"@id\":\"https:\/\/animangeek.com\/dizem-que-o-isekai-ainda-tem-5-anos-de-vida\/#primaryimage\"},\"image\":{\"@id\":\"https:\/\/animangeek.com\/dizem-que-o-isekai-ainda-tem-5-anos-de-vida\/#primaryimage\"},\"thumbnailUrl\":\"https:\/\/animangeek.com\/wp-content\/uploads\/sites\/106\/2024\/06\/Dizem-que-o-isekai-ainda-tem-5-anos-de-vida.jpg\",\"datePublished\":\"2024-06-12T01:26:57+00:00\",\"dateModified\":\"2024-06-12T01:26:57+00:00\",\"author\":{\"@id\":\"\"},\"breadcrumb\":{\"@id\":\"https:\/\/animangeek.com\/dizem-que-o-isekai-ainda-tem-5-anos-de-vida\/#breadcrumb\"},\"inLanguage\":\"es-MX\",\"potentialAction\":[{\"@type\":\"ReadAction\",\"target\":[\"https:\/\/animangeek.com\/dizem-que-o-isekai-ainda-tem-5-anos-de-vida\/\"]}]},{\"@type\":\"ImageObject\",\"inLanguage\":\"es-MX\",\"@id\":\"https:\/\/animangeek.com\/dizem-que-o-isekai-ainda-tem-5-anos-de-vida\/#primaryimage\",\"url\":\"https:\/\/animangeek.com\/wp-content\/uploads\/sites\/106\/2024\/06\/Dizem-que-o-isekai-ainda-tem-5-anos-de-vida.jpg\",\"contentUrl\":\"https:\/\/animangeek.com\/wp-content\/uploads\/sites\/106\/2024\/06\/Dizem-que-o-isekai-ainda-tem-5-anos-de-vida.jpg\",\"width\":1920,\"height\":1080},{\"@type\":\"BreadcrumbList\",\"@id\":\"https:\/\/animangeek.com\/dizem-que-o-isekai-ainda-tem-5-anos-de-vida\/#breadcrumb\",\"itemListElement\":[{\"@type\":\"ListItem\",\"position\":1,\"name\":\"Home\",\"item\":\"https:\/\/animangeek.com\/\"},{\"@type\":\"ListItem\",\"position\":2,\"name\":\"Dizem que o isekai ainda tem 5 anos de vida\"}]},{\"@type\":\"WebSite\",\"@id\":\"https:\/\/animangeek.com\/#website\",\"url\":\"https:\/\/animangeek.com\/\",\"name\":\"Animan Geek\",\"description\":\"\",\"potentialAction\":[{\"@type\":\"SearchAction\",\"target\":{\"@type\":\"EntryPoint\",\"urlTemplate\":\"https:\/\/animangeek.com\/?s={search_term_string}\"},\"query-input\":\"required name=search_term_string\"}],\"inLanguage\":\"es-MX\"}]}<\/script>\n<!-- \/ Yoast SEO plugin. -->","yoast_head_json":{"title":"Dizem que o isekai ainda tem 5 anos de vida - Animan Geek","robots":{"index":"index","follow":"follow","max-snippet":"max-snippet:-1","max-image-preview":"max-image-preview:large","max-video-preview":"max-video-preview:-1"},"canonical":"https:\/\/animangeek.com\/es\/dizem-que-o-isekai-ainda-tem-5-anos-de-vida\/","og_locale":"es_MX","og_type":"article","og_title":"Dizem que o isekai ainda tem 5 anos de vida - Animan Geek","og_description":"Os g\u00eaneros isekai y amor de meninos est\u00e3o atualmente no topo do mercado de mang\u00e1s e light novels, com franquias de sucesso como &#8220;Sasaki e Miyano&#8220;, &#8220;Overlord&#8220;, &#8220;Aquela vez que eu reencarnei como um Slime&#8221; y &#8220;KonoSuba: As b\u00ean\u00e7\u00e3os de Deus neste mundo maravilhoso&#8220;acumulando milh\u00f5es de seguidores devotos. De acordo com Akira Kanai, editor do&hellip; Continue reading Dizem que o isekai ainda tem 5 anos de vida","og_url":"https:\/\/animangeek.com\/es\/dizem-que-o-isekai-ainda-tem-5-anos-de-vida\/","og_site_name":"Animan Geek","article_published_time":"2024-06-12T01:26:57+00:00","og_image":[{"width":1920,"height":1080,"url":"https:\/\/animangeek.com\/wp-content\/uploads\/sites\/106\/2024\/06\/Dizem-que-o-isekai-ainda-tem-5-anos-de-vida.jpg","type":"image\/jpeg"}],"twitter_card":"summary_large_image","twitter_misc":{"Est. reading time":"3 minutos"},"schema":{"@context":"https:\/\/schema.org","@graph":[{"@type":"WebPage","@id":"https:\/\/animangeek.com\/dizem-que-o-isekai-ainda-tem-5-anos-de-vida\/","url":"https:\/\/animangeek.com\/dizem-que-o-isekai-ainda-tem-5-anos-de-vida\/","name":"Dizem que o isekai ainda tem 5 anos de vida - Animan Geek","isPartOf":{"@id":"https:\/\/animangeek.com\/#website"},"primaryImageOfPage":{"@id":"https:\/\/animangeek.com\/dizem-que-o-isekai-ainda-tem-5-anos-de-vida\/#primaryimage"},"image":{"@id":"https:\/\/animangeek.com\/dizem-que-o-isekai-ainda-tem-5-anos-de-vida\/#primaryimage"},"thumbnailUrl":"https:\/\/animangeek.com\/wp-content\/uploads\/sites\/106\/2024\/06\/Dizem-que-o-isekai-ainda-tem-5-anos-de-vida.jpg","datePublished":"2024-06-12T01:26:57+00:00","dateModified":"2024-06-12T01:26:57+00:00","author":{"@id":""},"breadcrumb":{"@id":"https:\/\/animangeek.com\/dizem-que-o-isekai-ainda-tem-5-anos-de-vida\/#breadcrumb"},"inLanguage":"es-MX","potentialAction":[{"@type":"ReadAction","target":["https:\/\/animangeek.com\/dizem-que-o-isekai-ainda-tem-5-anos-de-vida\/"]}]},{"@type":"ImageObject","inLanguage":"es-MX","@id":"https:\/\/animangeek.com\/dizem-que-o-isekai-ainda-tem-5-anos-de-vida\/#primaryimage","url":"https:\/\/animangeek.com\/wp-content\/uploads\/sites\/106\/2024\/06\/Dizem-que-o-isekai-ainda-tem-5-anos-de-vida.jpg","contentUrl":"https:\/\/animangeek.com\/wp-content\/uploads\/sites\/106\/2024\/06\/Dizem-que-o-isekai-ainda-tem-5-anos-de-vida.jpg","width":1920,"height":1080},{"@type":"BreadcrumbList","@id":"https:\/\/animangeek.com\/dizem-que-o-isekai-ainda-tem-5-anos-de-vida\/#breadcrumb","itemListElement":[{"@type":"ListItem","position":1,"name":"Home","item":"https:\/\/animangeek.com\/"},{"@type":"ListItem","position":2,"name":"Dizem que o isekai ainda tem 5 anos de vida"}]},{"@type":"WebSite","@id":"https:\/\/animangeek.com\/#website","url":"https:\/\/animangeek.com\/","name":"Animan Geek","description":"","potentialAction":[{"@type":"SearchAction","target":{"@type":"EntryPoint","urlTemplate":"https:\/\/animangeek.com\/?s={search_term_string}"},"query-input":"required name=search_term_string"}],"inLanguage":"es-MX"}]}},"_links":{"self":[{"href":"https:\/\/animangeek.com\/es\/wp-json\/wp\/v2\/posts\/13135"}],"collection":[{"href":"https:\/\/animangeek.com\/es\/wp-json\/wp\/v2\/posts"}],"about":[{"href":"https:\/\/animangeek.com\/es\/wp-json\/wp\/v2\/types\/post"}],"replies":[{"embeddable":true,"href":"https:\/\/animangeek.com\/es\/wp-json\/wp\/v2\/comments?post=13135"}],"version-history":[{"count":0,"href":"https:\/\/animangeek.com\/es\/wp-json\/wp\/v2\/posts\/13135\/revisions"}],"wp:featuredmedia":[{"embeddable":true,"href":"https:\/\/animangeek.com\/es\/wp-json\/wp\/v2\/media\/13136"}],"wp:attachment":[{"href":"https:\/\/animangeek.com\/es\/wp-json\/wp\/v2\/media?parent=13135"}],"wp:term":[{"taxonomy":"category","embeddable":true,"href":"https:\/\/animangeek.com\/es\/wp-json\/wp\/v2\/categories?post=13135"},{"taxonomy":"post_tag","embeddable":true,"href":"https:\/\/animangeek.com\/es\/wp-json\/wp\/v2\/tags?post=13135"}],"curies":[{"name":"wp","href":"https:\/\/api.w.org\/{rel}","templated":true}]}}