{"id":13704,"date":"2024-06-30T20:46:13","date_gmt":"2024-06-30T23:46:13","guid":{"rendered":"https:\/\/animangeek.com\/mushoku-tensei-confirma-sua-terceira-temporada\/"},"modified":"2024-06-30T20:46:13","modified_gmt":"2024-06-30T23:46:13","slug":"mushoku-tensei-confirma-sua-terceira-temporada","status":"publish","type":"post","link":"https:\/\/animangeek.com\/es\/mushoku-tensei-confirma-sua-terceira-temporada\/","title":{"rendered":"Mushoku Tensei confirma su tercera temporada"},"content":{"rendered":"<div class=\"mx-5 sm:mx-0 prose text-left mb-5\"><\/p>\n<div>\n<p>El equipo detr\u00e1s del anime <em>Mushoku Tensei: Reencarnaci\u00f3n sin trabajo<\/em> anunci\u00f3 que la tercera temporada ya fue aprobada. Esta revelaci\u00f3n vino acompa\u00f1ada de un tr\u00e1iler, que sugiere el nombre de esta nueva tanda de episodios.<\/p>\n<figure class=\"wp-block-embed is-type-video is-provider-youtube wp-block-embed-youtube wp-embed-aspect-16-9 wp-has-aspect-ratio\">\n<p>\n<iframe loading=\"lazy\" title=\"TV\u30a2\u30cb\u30e1\u300e\u7121\u8077\u8ee2\u751f\u300f3\u671f\u767a\u8868\u6620\u50cf\uff0fMushokutensei: Se decidi\u00f3 la temporada 3 de Jobless Reincarnation.\" width=\"500\" height=\"281\" src=\"https:\/\/www.youtube.com\/embed\/IPd6V4VyjHc?feature=oembed\" frameborder=\"0\" allow=\"accelerometer; autoplay; clipboard-write; encrypted-media; gyroscope; picture-in-picture; web-share\" referrerpolicy=\"strict-origin-when-cross-origin\" allowfullscreen><\/iframe><\/p>\n<\/figure>\n<p>Por lo tanto, se puede esperar que su nombre oficial sea <em>Mushoku Tensei: Reencarnaci\u00f3n desempleada III<\/em> Cuando est\u00e9 disponible. Sin embargo, no hubo informaci\u00f3n sobre su fecha o ventana de lanzamiento.<\/p>\n<p>Para muchos era obvio que habr\u00eda otra entrega del anime. <em>Mushoku Tensei: Reencarnaci\u00f3n sin trabajo<\/em>. La raz\u00f3n es que, aunque la novela ligera original ya ha terminado, todav\u00eda hay mucho material que se puede utilizar.<\/p>\n<p><strong>Te recomendamos: Mushoku Tensei: Las chicas de la serie est\u00e1n listas para casarse con estos provocativos vestidos de novia.<\/strong><\/p>\n<p>Lo que est\u00e1 garantizado es que Studio Bind ser\u00e1 el estudio responsable de la tercera temporada. No es de extra\u00f1ar que esta empresa exista para hacer este anime. Una vez m\u00e1s, TOHO Animation es responsable de la producci\u00f3n.<\/p>\n<div class=\"wp-block-image\">\n<figure class=\"aligncenter size-full\"><img decoding=\"async\" src=\"https:\/\/animangeek.com\/wp-content\/uploads\/2024\/06\/Mushoku-Tensei-confirma-sua-terceira-temporada.webp.webp\" alt=\"Mushoku Tensei confirma sua terceira temporada\" class=\"lazyload wp-image-629538\"\/><figcaption class=\"wp-element-caption\">Fuente:<em> Encuadernaci\u00f3n en estudio.<\/em><\/figcaption><\/figure>\n<\/div>\n<p>La segunda temporada de <em>Mushoku Tensei: Reencarnaci\u00f3n sin trabajo<\/em> Se emiti\u00f3 en dos a\u00f1os consecutivos y podr\u00eda repetirse en el tercero. Para tal efecto, el primer semestre inici\u00f3 sus transmisiones en julio de 2023, y el segundo en abril de 2024.<\/p>\n<p>En ambos casos, Crunchyroll fue responsable de la distribuci\u00f3n y localizaci\u00f3n. Es probable que este servicio de v\u00eddeo bajo demanda vuelva a obtener los derechos respectivos para la tercera entrega.<\/p>\n<figure class=\"wp-block-embed is-type-rich is-provider-twitter wp-block-embed-twitter\">\n<div class=\"wp-block-embed__wrapper\">\n<blockquote class=\"twitter-tweet\" data-width=\"550\" data-dnt=\"true\">\n<p lang=\"ja\" dir=\"ltr\">\u25e2\u25e4<br \/>\u7121\u8077\u8ee2\u751f3\u671f\u5236\u4f5c\u6c7a\u5b9a<br \/>\u25e5\u25e3<\/p>\n<p>&quot;<a rel=\"nofollow noopener\" target=\"_blank\" href=\"https:\/\/twitter.com\/hashtag\/%E7%84%A1%E8%81%B7%E8%BB%A2%E7%94%9F?src=hash&amp;ref_src=twsrc%5Etfw\">#\u7121\u8077\u8ee2\u751f<\/a> \uff5e\u7570\u4e16\u754c\u884c\u3063\u305f\u3089\u672c\u6c17\u3060\u3059\uff5e\u300f<br \/>TV\u30a2\u30cb\u30e1\u7b2c3\u671f \u767a\u8868\u6620\u50cf\u304c\u89e3\u7981!!<\/p>\n<p>\u6620\u50cf\u3067\u306f\u3001\u30eb\u30fc\u30c7\u30a6\u30b9\u5f79 <a rel=\"nofollow noopener\" target=\"_blank\" href=\"https:\/\/twitter.com\/hashtag\/%E5%86%85%E5%B1%B1%E5%A4%95%E5%AE%9F?src=hash&amp;ref_src=twsrc%5Etfw\">#\u5185\u5c71\u5915\u5b9f<\/a> \u3055\u3093\u3001\u524d\u4e16\u306e\u7537\u5f79 <a rel=\"nofollow noopener\" target=\"_blank\" href=\"https:\/\/twitter.com\/hashtag\/%E6%9D%89%E7%94%B0%E6%99%BA%E5%92%8C?src=hash&amp;ref_src=twsrc%5Etfw\">#\u6749\u7530\u667a\u548c<\/a> \u3055\u3093\u306e\u30ca\u30ec\u30fc\u30b7\u30e7\u30f3\u3068\u3001\u305d\u3057\u3066\u5370\u8c61\u7684\u306a\u8272\u306e\u30b0\u30e9\u30d5\u30a3\u30c3\u30af\u304c\u2026<\/p>\n<p>\u00a1\u00a1\u00a1\u00a1\u00a1\u00a1\u00a1\u00a1\u00a1\u00a1\u00a1\u00a1\u00a1\u00a1\u00a1\u00a1\u00a1\u00a1\u00a1\u00a1\u00a1\u00a1\u00a1\u00a1\u00a1\u00a1\u00a1\u00a1\u00a1\u00a1\u00a1\u00a1\u00a1\u00a1\u00a1\u00a1\u00a1\u00a1\u00a1\u00a1\u00a1\u00a1\u00a1\u00a1\u00a1\u00a1\u00a1\u00a1\u00a1\u00a1\u00a1\u00a1\u00a1\u00a1\u00a1\u00a1\u00a1\u00a1\u00a1\u00a1\u00a1 <a rel=\"nofollow noopener\" target=\"_blank\" href=\"https:\/\/t.co\/55kV3KDdtA\">foto.twitter.com\/55kV3KDdtA<\/a><\/p>\n<p>\u2014 \u300e\u7121\u8077\u8ee2\u751f\u2161 \uff5e\u7570\u4e16\u754c\u884c\u3063\u305f\u3089\u672c\u6c17\u3060\u3059\uff5e\u300fTV\u30a2\u30cb\u30e1\u516c\u5f0f (@mushokutensei_A) <a rel=\"nofollow noopener\" target=\"_blank\" href=\"https:\/\/twitter.com\/mushokutensei_A\/status\/1807436050886983909?ref_src=twsrc%5Etfw\">30 de junio de 2024<\/a><\/p><\/blockquote>\n<\/div>\n<\/figure>\n<p>El anuncio de la tercera temporada del anime <em>Mushoku Tensei: Reencarnaci\u00f3n sin trabajo<\/em> Es otro ejemplo de lo popular que es.<\/p>\n<p>Aunque la novela ligera ha terminado, su creador, Rifujin na Magonote, coment\u00f3 hace un tiempo que no descarta volver a visitar su mundo a trav\u00e9s de una nueva historia.<\/p>\n<div class=\"wp-block-image\">\n<figure class=\"aligncenter size-full\"><img decoding=\"async\" src=\"https:\/\/animangeek.com\/wp-content\/uploads\/2024\/06\/1719791173_575_Mushoku-Tensei-confirma-sua-terceira-temporada.webp.webp\" alt=\"Mushoku Tensei confirma sua terceira temporada\" class=\"lazyload wp-image-629539\"\/><figcaption class=\"wp-element-caption\">Fuente: <em>Encuadernaci\u00f3n en estudio.<\/em><\/figcaption><\/figure>\n<\/div>\n<p>Sin embargo, esto ser\u00eda algo separado de las aventuras de Rudeus Greyrat, el protagonista de la serie. La franquicia tiene mucho que ofrecer a los fan\u00e1ticos.<\/p>\n<figure class=\"wp-block-embed is-type-video is-provider-youtube wp-block-embed-youtube wp-embed-aspect-16-9 wp-has-aspect-ratio\">\n<p>\n<iframe loading=\"lazy\" title=\"Elden Ring: Shadow of the Erdtree es bueno, pero no por eso\" width=\"500\" height=\"281\" src=\"https:\/\/www.youtube.com\/embed\/lbogwHxEHqg?feature=oembed\" frameborder=\"0\" allow=\"accelerometer; autoplay; clipboard-write; encrypted-media; gyroscope; picture-in-picture; web-share\" referrerpolicy=\"strict-origin-when-cross-origin\" allowfullscreen><\/iframe><\/p>\n<\/figure>\n<\/div>\n<p><script async src=\"\/\/platform.twitter.com\/widgets.js\" charset=\"utf-8\"><\/script><br \/>\n<\/div>","protected":false},"excerpt":{"rendered":"<p>El equipo detr\u00e1s del anime Mushoku Tensei: Jobless Reincarnation ha anunciado que la tercera temporada ya ha sido aprobada. Esta revelaci\u00f3n vino acompa\u00f1ada de un tr\u00e1iler que insin\u00faa el nombre de esta nueva tanda de episodios. Por lo tanto, se espera que su nombre oficial sea Mushoku Tensei: Jobless Reincarnation III cuando est\u00e9 disponible. Sin embargo, no ha habido\u2026 <a class=\"more-link\" href=\"https:\/\/animangeek.com\/es\/mushoku-tensei-confirma-sua-terceira-temporada\/\">Sigue leyendo <span class=\"screen-reader-text\">Mushoku Tensei confirma su tercera temporada<\/span><\/a><\/p>","protected":false},"author":0,"featured_media":13706,"comment_status":"open","ping_status":"open","sticky":false,"template":"","format":"standard","meta":{"footnotes":""},"categories":[3],"tags":[],"yoast_head":"<!-- This site is optimized with the Yoast SEO plugin v23.3 - https:\/\/yoast.com\/wordpress\/plugins\/seo\/ -->\n<title>Mushoku Tensei confirma sua terceira temporada - Animan Geek<\/title>\n<meta name=\"robots\" content=\"index, follow, max-snippet:-1, max-image-preview:large, max-video-preview:-1\" \/>\n<link rel=\"canonical\" href=\"https:\/\/animangeek.com\/es\/mushoku-tensei-confirma-sua-terceira-temporada\/\" \/>\n<meta property=\"og:locale\" content=\"es_MX\" \/>\n<meta property=\"og:type\" content=\"article\" \/>\n<meta property=\"og:title\" content=\"Mushoku Tensei confirma sua terceira temporada - Animan Geek\" \/>\n<meta property=\"og:description\" content=\"A equipe por tr\u00e1s do anime Mushoku Tensei: reencarna\u00e7\u00e3o sem emprego anunciou que a terceira temporada j\u00e1 est\u00e1 aprovada. Esta revela\u00e7\u00e3o veio acompanhada de um trailer, que sugere o nome desta nova leva de epis\u00f3dios. Portanto, pode-se esperar que seu nome oficial seja Mushoku Tensei: Reencarna\u00e7\u00e3o sem emprego III Quando dispon\u00edvel. No entanto, n\u00e3o houve&hellip; Continue reading Mushoku Tensei confirma sua terceira temporada\" \/>\n<meta property=\"og:url\" content=\"https:\/\/animangeek.com\/es\/mushoku-tensei-confirma-sua-terceira-temporada\/\" \/>\n<meta property=\"og:site_name\" content=\"Animan Geek\" \/>\n<meta property=\"article:published_time\" content=\"2024-06-30T23:46:13+00:00\" \/>\n<meta property=\"og:image\" content=\"https:\/\/animangeek.com\/wp-content\/uploads\/sites\/106\/2024\/06\/1719791174_Mushoku-Tensei-confirma-sua-terceira-temporada.webp.webp\" \/>\n\t<meta property=\"og:image:width\" content=\"1280\" \/>\n\t<meta property=\"og:image:height\" content=\"720\" \/>\n\t<meta property=\"og:image:type\" content=\"image\/webp\" \/>\n<meta name=\"twitter:card\" content=\"summary_large_image\" \/>\n<meta name=\"twitter:label1\" content=\"Est. reading time\" \/>\n\t<meta name=\"twitter:data1\" content=\"2 minutos\" \/>\n<script type=\"application\/ld+json\" class=\"yoast-schema-graph\">{\"@context\":\"https:\/\/schema.org\",\"@graph\":[{\"@type\":\"WebPage\",\"@id\":\"https:\/\/animangeek.com\/mushoku-tensei-confirma-sua-terceira-temporada\/\",\"url\":\"https:\/\/animangeek.com\/mushoku-tensei-confirma-sua-terceira-temporada\/\",\"name\":\"Mushoku Tensei confirma sua terceira temporada - Animan Geek\",\"isPartOf\":{\"@id\":\"https:\/\/animangeek.com\/#website\"},\"primaryImageOfPage\":{\"@id\":\"https:\/\/animangeek.com\/mushoku-tensei-confirma-sua-terceira-temporada\/#primaryimage\"},\"image\":{\"@id\":\"https:\/\/animangeek.com\/mushoku-tensei-confirma-sua-terceira-temporada\/#primaryimage\"},\"thumbnailUrl\":\"https:\/\/animangeek.com\/wp-content\/uploads\/sites\/106\/2024\/06\/1719791174_Mushoku-Tensei-confirma-sua-terceira-temporada.webp.webp\",\"datePublished\":\"2024-06-30T23:46:13+00:00\",\"dateModified\":\"2024-06-30T23:46:13+00:00\",\"author\":{\"@id\":\"\"},\"breadcrumb\":{\"@id\":\"https:\/\/animangeek.com\/mushoku-tensei-confirma-sua-terceira-temporada\/#breadcrumb\"},\"inLanguage\":\"es-MX\",\"potentialAction\":[{\"@type\":\"ReadAction\",\"target\":[\"https:\/\/animangeek.com\/mushoku-tensei-confirma-sua-terceira-temporada\/\"]}]},{\"@type\":\"ImageObject\",\"inLanguage\":\"es-MX\",\"@id\":\"https:\/\/animangeek.com\/mushoku-tensei-confirma-sua-terceira-temporada\/#primaryimage\",\"url\":\"https:\/\/animangeek.com\/wp-content\/uploads\/sites\/106\/2024\/06\/1719791174_Mushoku-Tensei-confirma-sua-terceira-temporada.webp.webp\",\"contentUrl\":\"https:\/\/animangeek.com\/wp-content\/uploads\/sites\/106\/2024\/06\/1719791174_Mushoku-Tensei-confirma-sua-terceira-temporada.webp.webp\",\"width\":1280,\"height\":720},{\"@type\":\"BreadcrumbList\",\"@id\":\"https:\/\/animangeek.com\/mushoku-tensei-confirma-sua-terceira-temporada\/#breadcrumb\",\"itemListElement\":[{\"@type\":\"ListItem\",\"position\":1,\"name\":\"Home\",\"item\":\"https:\/\/animangeek.com\/\"},{\"@type\":\"ListItem\",\"position\":2,\"name\":\"Mushoku Tensei confirma sua terceira temporada\"}]},{\"@type\":\"WebSite\",\"@id\":\"https:\/\/animangeek.com\/#website\",\"url\":\"https:\/\/animangeek.com\/\",\"name\":\"Animan Geek\",\"description\":\"\",\"potentialAction\":[{\"@type\":\"SearchAction\",\"target\":{\"@type\":\"EntryPoint\",\"urlTemplate\":\"https:\/\/animangeek.com\/?s={search_term_string}\"},\"query-input\":\"required name=search_term_string\"}],\"inLanguage\":\"es-MX\"}]}<\/script>\n<!-- \/ Yoast SEO plugin. -->","yoast_head_json":{"title":"Mushoku Tensei confirma sua terceira temporada - Animan Geek","robots":{"index":"index","follow":"follow","max-snippet":"max-snippet:-1","max-image-preview":"max-image-preview:large","max-video-preview":"max-video-preview:-1"},"canonical":"https:\/\/animangeek.com\/es\/mushoku-tensei-confirma-sua-terceira-temporada\/","og_locale":"es_MX","og_type":"article","og_title":"Mushoku Tensei confirma sua terceira temporada - Animan Geek","og_description":"A equipe por tr\u00e1s do anime Mushoku Tensei: reencarna\u00e7\u00e3o sem emprego anunciou que a terceira temporada j\u00e1 est\u00e1 aprovada. Esta revela\u00e7\u00e3o veio acompanhada de um trailer, que sugere o nome desta nova leva de epis\u00f3dios. Portanto, pode-se esperar que seu nome oficial seja Mushoku Tensei: Reencarna\u00e7\u00e3o sem emprego III Quando dispon\u00edvel. No entanto, n\u00e3o houve&hellip; Continue reading Mushoku Tensei confirma sua terceira temporada","og_url":"https:\/\/animangeek.com\/es\/mushoku-tensei-confirma-sua-terceira-temporada\/","og_site_name":"Animan Geek","article_published_time":"2024-06-30T23:46:13+00:00","og_image":[{"width":1280,"height":720,"url":"https:\/\/animangeek.com\/wp-content\/uploads\/sites\/106\/2024\/06\/1719791174_Mushoku-Tensei-confirma-sua-terceira-temporada.webp.webp","type":"image\/webp"}],"twitter_card":"summary_large_image","twitter_misc":{"Est. reading time":"2 minutos"},"schema":{"@context":"https:\/\/schema.org","@graph":[{"@type":"WebPage","@id":"https:\/\/animangeek.com\/mushoku-tensei-confirma-sua-terceira-temporada\/","url":"https:\/\/animangeek.com\/mushoku-tensei-confirma-sua-terceira-temporada\/","name":"Mushoku Tensei confirma sua terceira temporada - Animan Geek","isPartOf":{"@id":"https:\/\/animangeek.com\/#website"},"primaryImageOfPage":{"@id":"https:\/\/animangeek.com\/mushoku-tensei-confirma-sua-terceira-temporada\/#primaryimage"},"image":{"@id":"https:\/\/animangeek.com\/mushoku-tensei-confirma-sua-terceira-temporada\/#primaryimage"},"thumbnailUrl":"https:\/\/animangeek.com\/wp-content\/uploads\/sites\/106\/2024\/06\/1719791174_Mushoku-Tensei-confirma-sua-terceira-temporada.webp.webp","datePublished":"2024-06-30T23:46:13+00:00","dateModified":"2024-06-30T23:46:13+00:00","author":{"@id":""},"breadcrumb":{"@id":"https:\/\/animangeek.com\/mushoku-tensei-confirma-sua-terceira-temporada\/#breadcrumb"},"inLanguage":"es-MX","potentialAction":[{"@type":"ReadAction","target":["https:\/\/animangeek.com\/mushoku-tensei-confirma-sua-terceira-temporada\/"]}]},{"@type":"ImageObject","inLanguage":"es-MX","@id":"https:\/\/animangeek.com\/mushoku-tensei-confirma-sua-terceira-temporada\/#primaryimage","url":"https:\/\/animangeek.com\/wp-content\/uploads\/sites\/106\/2024\/06\/1719791174_Mushoku-Tensei-confirma-sua-terceira-temporada.webp.webp","contentUrl":"https:\/\/animangeek.com\/wp-content\/uploads\/sites\/106\/2024\/06\/1719791174_Mushoku-Tensei-confirma-sua-terceira-temporada.webp.webp","width":1280,"height":720},{"@type":"BreadcrumbList","@id":"https:\/\/animangeek.com\/mushoku-tensei-confirma-sua-terceira-temporada\/#breadcrumb","itemListElement":[{"@type":"ListItem","position":1,"name":"Home","item":"https:\/\/animangeek.com\/"},{"@type":"ListItem","position":2,"name":"Mushoku Tensei confirma sua terceira temporada"}]},{"@type":"WebSite","@id":"https:\/\/animangeek.com\/#website","url":"https:\/\/animangeek.com\/","name":"Animan Geek","description":"","potentialAction":[{"@type":"SearchAction","target":{"@type":"EntryPoint","urlTemplate":"https:\/\/animangeek.com\/?s={search_term_string}"},"query-input":"required name=search_term_string"}],"inLanguage":"es-MX"}]}},"_links":{"self":[{"href":"https:\/\/animangeek.com\/es\/wp-json\/wp\/v2\/posts\/13704"}],"collection":[{"href":"https:\/\/animangeek.com\/es\/wp-json\/wp\/v2\/posts"}],"about":[{"href":"https:\/\/animangeek.com\/es\/wp-json\/wp\/v2\/types\/post"}],"replies":[{"embeddable":true,"href":"https:\/\/animangeek.com\/es\/wp-json\/wp\/v2\/comments?post=13704"}],"version-history":[{"count":0,"href":"https:\/\/animangeek.com\/es\/wp-json\/wp\/v2\/posts\/13704\/revisions"}],"wp:featuredmedia":[{"embeddable":true,"href":"https:\/\/animangeek.com\/es\/wp-json\/wp\/v2\/media\/13706"}],"wp:attachment":[{"href":"https:\/\/animangeek.com\/es\/wp-json\/wp\/v2\/media?parent=13704"}],"wp:term":[{"taxonomy":"category","embeddable":true,"href":"https:\/\/animangeek.com\/es\/wp-json\/wp\/v2\/categories?post=13704"},{"taxonomy":"post_tag","embeddable":true,"href":"https:\/\/animangeek.com\/es\/wp-json\/wp\/v2\/tags?post=13704"}],"curies":[{"name":"wp","href":"https:\/\/api.w.org\/{rel}","templated":true}]}}