{"id":13753,"date":"2024-07-01T22:08:41","date_gmt":"2024-07-02T01:08:41","guid":{"rendered":"https:\/\/animangeek.com\/a-rosa-de-versalhes-retornara-em-2025\/"},"modified":"2024-07-01T22:08:41","modified_gmt":"2024-07-02T01:08:41","slug":"a-rosa-de-versalhes-retornara-em-2025","status":"publish","type":"post","link":"https:\/\/animangeek.com\/es\/a-rosa-de-versalhes-retornara-em-2025\/","title":{"rendered":"La Rosa de Versalles regresar\u00e1 en 2025"},"content":{"rendered":"<div class=\"mx-5 sm:mx-0 prose text-left mb-5\"><\/p>\n<div>\n<p>En el sitio web oficial de la nueva adaptaci\u00f3n al anime del manga escrito e ilustrado por <strong>Riyoko Ikeda<\/strong>&quot;<strong>La rosa de Versalles<\/strong> (<em>Versalles en Bara<\/em>)\u201d, se revel\u00f3 un nuevo video promocional del proyecto. El video lo confirma. <strong>El estreno est\u00e1 previsto para principios de 2025 en cines de Jap\u00f3n.<\/strong>y enumerar los estudios <strong>MAPA<\/strong> Son responsables de la producci\u00f3n.<\/p>\n<p><iframe loading=\"lazy\" title=\"\u5287\u5834\u30a2\u30cb\u30e1\u300c\u30d9\u30eb\u30b5\u30a4\u30e6\u306e\u3070\u3089\u300d\u7279\u5831\u7b2c2\u5f3e\" width=\"500\" height=\"281\" src=\"https:\/\/www.youtube.com\/embed\/PVStQn_Py04?feature=oembed\" frameborder=\"0\" allow=\"accelerometer; autoplay; clipboard-write; encrypted-media; gyroscope; picture-in-picture; web-share\" referrerpolicy=\"strict-origin-when-cross-origin\" allowfullscreen><\/iframe><\/p>\n<p>Ikeda comenz\u00f3 a publicar el manga a trav\u00e9s de la revista <strong>Margarita<\/strong> del editor <strong>Shueisha<\/strong> en mayo de 1972 y la suspendi\u00f3 en diciembre de 1973. Posteriormente la volvi\u00f3 a publicar entre abril de 2013 y febrero de 2018, acumulando catorce vol\u00famenes recopilatorios. La obra inspir\u00f3 una adaptaci\u00f3n de anime de cuarenta episodios producida por los estudios <strong>TMS Entertainment<\/strong> y se emiti\u00f3 entre octubre de 1979 y septiembre de 1980 en Jap\u00f3n.<\/p>\n<p><strong>El manga shojo (manga para chicas) de la d\u00e9cada de 1960 consist\u00eda en gran medida en historias sencillas dirigidas a ni\u00f1as en edad escolar que no trataban temas como la pol\u00edtica y la sexualidad, que se consideraban tab\u00fa.<\/strong> Estas actitudes comenzaron a cambiar en la d\u00e9cada de 1970, cuando nuevos autores empezaron a alejar el manga shojo del p\u00fablico infantil y acercarlo a un p\u00fablico de adolescentes y mujeres j\u00f3venes.<\/p>\n<p><strong>Este cambio fue encarnado por una nueva generaci\u00f3n de artistas de manga shojo conocidos colectivamente como el Grupo de los 24 A\u00f1os, del cual Ikeda era miembro.<\/strong>; El grupo recibi\u00f3 ese nombre porque sus miembros nacieron alrededor del a\u00f1o 24 de la era Showa (o 1949 en el calendario gregoriano). El grupo contribuy\u00f3 significativamente al desarrollo del manga shojo, expandiendo el g\u00e9nero para incorporar elementos de ciencia ficci\u00f3n, ficci\u00f3n hist\u00f3rica, ficci\u00f3n de aventuras y romance entre personas del mismo sexo: tanto entre hombres (yaoi) como entre mujeres (yuri).<\/p>\n<h3 class=\"wp-block-heading\"><strong>Reparto de voces<\/strong><\/h3>\n<ul>\n<li><strong>Miyuki Sawashiro<\/strong> como Oscar Fran\u00e7ois de Jarjayes.<\/li>\n<li><strong>Aya Hirano<\/strong> como Mar\u00eda Antonieta.<\/li>\n<li><strong>Toshiyuki Toyonaga<\/strong> como Andr\u00e9 Grandier.<\/li>\n<li><strong>Kazuki Katou<\/strong> como Hans Axel von Fersen.<\/li>\n<\/ul>\n<div class=\"wp-block-image\">\n<figure class=\"aligncenter size-full\"><img loading=\"lazy\" decoding=\"async\" width=\"2560\" height=\"2487\" src=\"https:\/\/animangeek.com\/wp-content\/uploads\/2024\/07\/A-Rosa-de-Versalhes-retornara-em-2025.jpg\" alt=\"A Rosa de Versalhes\" class=\"wp-image-332432\"  \/><\/figure>\n<\/div>\n<h3 class=\"wp-block-heading\"><strong>Equipo de producci\u00f3n<\/strong><\/h3>\n<ul>\n<li><strong>Oh Yoshimura<\/strong> (<em>Yahari Ore no Seishun Love Come wa Machigatteiru., Ao Haru Ride, Danshi Koukousei no Nichijou<\/em>) es responsable de la gesti\u00f3n de proyectos en estudios <strong>MAPA<\/strong>.<\/li>\n<li><strong>Tomoko Konparu<\/strong> (<em>A Haru Ride, Kimi ni Todoke, NANA y Nodame Cantabile<\/em>) es responsable de escribir y supervisar los guiones.<\/li>\n<li><strong>Mariko Oka<\/strong> (<em>Jigoku Shoujo, Nurarihyon no Mago: Sennen Makyou, Monstruo Hatsukoi<\/em>) es responsable del dise\u00f1o de personajes y la direcci\u00f3n de animaci\u00f3n.<\/li>\n<li><strong>Hiroyuki Sawano<\/strong> (<em>Shingeki no Kyojin, Nanatsu no Taizai<\/em>) y <strong>Yamamoto<\/strong> (<em>Shingeki no Kyojin: La temporada final, 86: Ochenta y seis<\/em>) es responsable de componer la banda sonora.<\/li>\n<\/ul>\n<div class=\"wp-block-image\">\n<figure class=\"aligncenter size-full\"><img loading=\"lazy\" decoding=\"async\" width=\"1800\" height=\"2546\" src=\"https:\/\/animangeek.com\/wp-content\/uploads\/2024\/07\/1719882521_280_A-Rosa-de-Versalhes-retornara-em-2025.jpg\" alt=\"\" class=\"wp-image-332433\"  \/><\/figure>\n<\/div>\n<h3 class=\"wp-block-heading\"><strong>Sinopsis de La rosa de Versalles<\/strong><\/h3>\n<p><em>Con la esperanza de unir a sus pa\u00edses a trav\u00e9s de una alianza, la emperatriz de Austria organiza el matrimonio de su hija, la encantadora pero malcriada Mar\u00eda Antonieta, con el pr\u00edncipe heredero de Francia, Luis XVI. Al llegar a Versalles, la princesa austriaca conoce a Oscar Fran\u00e7ois de Jarjayes, capit\u00e1n de la guardia real, un joven aparentemente elegante, pero, para sorpresa de Antoinette, en realidad es una mujer.<\/em><\/p>\n<p><em>La hija menor de una familia noble sin heredero var\u00f3n, Oscar fue criado como ni\u00f1o para continuar el legado militar de la familia. Ahogada por las r\u00edgidas reglas asociadas a su nueva posici\u00f3n y anhelando compa\u00f1\u00eda, Antoinette se enamora inmediatamente de esta intrigante joven y no pierde tiempo en hacerse amiga de ella. Sin embargo, a medida que la nueva reina ni\u00f1a abusa tontamente de su poder, Oscar se encuentra en conflicto entre mantener su lealtad a la familia real y enfrentar las crecientes preocupaciones por la pobreza de la gente com\u00fan.<\/em><\/p>\n<p>Fuente: <strong><a rel=\"nofollow noopener\" target=\"_blank\" href=\"https:\/\/natalie.mu\/comic\/news\/580343\">Natalie en los c\u00f3mics<\/a><\/strong><\/p>\n<p>(w)<\/p>\n<\/div>\n<p><\/div>","protected":false},"excerpt":{"rendered":"<p>En el sitio web oficial de la nueva adaptaci\u00f3n al anime del manga escrito e ilustrado por Riyoko Ikeda, &quot;La Rosa de Versalles (Versailles no Bara)&quot;, se revel\u00f3 un nuevo video promocional del proyecto. El video confirma que el estreno est\u00e1 programado para principios de 2025 en cines japoneses y menciona que los estudios MAPA son responsables... <a class=\"more-link\" href=\"https:\/\/animangeek.com\/es\/a-rosa-de-versalhes-retornara-em-2025\/\">Sigue leyendo <span class=\"screen-reader-text\">La Rosa de Versalles regresar\u00e1 en 2025<\/span><\/a><\/p>","protected":false},"author":0,"featured_media":13755,"comment_status":"open","ping_status":"open","sticky":false,"template":"","format":"standard","meta":{"footnotes":""},"categories":[3],"tags":[44,956,1449,1682],"yoast_head":"<!-- This site is optimized with the Yoast SEO plugin v23.3 - https:\/\/yoast.com\/wordpress\/plugins\/seo\/ -->\n<title>A Rosa de Versalhes retornar\u00e1 em 2025 - Animan Geek<\/title>\n<meta name=\"robots\" content=\"index, follow, max-snippet:-1, max-image-preview:large, max-video-preview:-1\" \/>\n<link rel=\"canonical\" href=\"https:\/\/animangeek.com\/es\/a-rosa-de-versalhes-retornara-em-2025\/\" \/>\n<meta property=\"og:locale\" content=\"es_MX\" \/>\n<meta property=\"og:type\" content=\"article\" \/>\n<meta property=\"og:title\" content=\"A Rosa de Versalhes retornar\u00e1 em 2025 - Animan Geek\" \/>\n<meta property=\"og:description\" content=\"No site oficial da nova adapta\u00e7\u00e3o para anime do mang\u00e1 escrito e ilustrado por Riyoko Ikeda\u201cA Rosa de Versalhes (Versalhes no Bara)\u201d, foi revelado um novo v\u00eddeo promocional do projeto. O v\u00eddeo confirma isso A estreia est\u00e1 prevista para o in\u00edcio de 2025 nos cinemas do Jap\u00e3o.e liste que os estudos MAPA Eles s\u00e3o respons\u00e1veis&hellip; Continue reading A Rosa de Versalhes retornar\u00e1 em 2025\" \/>\n<meta property=\"og:url\" content=\"https:\/\/animangeek.com\/es\/a-rosa-de-versalhes-retornara-em-2025\/\" \/>\n<meta property=\"og:site_name\" content=\"Animan Geek\" \/>\n<meta property=\"article:published_time\" content=\"2024-07-02T01:08:41+00:00\" \/>\n<meta property=\"og:image\" content=\"https:\/\/animangeek.com\/wp-content\/uploads\/sites\/106\/2024\/07\/1719882522_A-Rosa-de-Versalhes-retornara-em-2025.jpg\" \/>\n\t<meta property=\"og:image:width\" content=\"1920\" \/>\n\t<meta property=\"og:image:height\" content=\"1080\" \/>\n\t<meta property=\"og:image:type\" content=\"image\/jpeg\" \/>\n<meta name=\"twitter:card\" content=\"summary_large_image\" \/>\n<meta name=\"twitter:label1\" content=\"Est. reading time\" \/>\n\t<meta name=\"twitter:data1\" content=\"3 minutos\" \/>\n<script type=\"application\/ld+json\" class=\"yoast-schema-graph\">{\"@context\":\"https:\/\/schema.org\",\"@graph\":[{\"@type\":\"WebPage\",\"@id\":\"https:\/\/animangeek.com\/a-rosa-de-versalhes-retornara-em-2025\/\",\"url\":\"https:\/\/animangeek.com\/a-rosa-de-versalhes-retornara-em-2025\/\",\"name\":\"A Rosa de Versalhes retornar\u00e1 em 2025 - Animan Geek\",\"isPartOf\":{\"@id\":\"https:\/\/animangeek.com\/#website\"},\"primaryImageOfPage\":{\"@id\":\"https:\/\/animangeek.com\/a-rosa-de-versalhes-retornara-em-2025\/#primaryimage\"},\"image\":{\"@id\":\"https:\/\/animangeek.com\/a-rosa-de-versalhes-retornara-em-2025\/#primaryimage\"},\"thumbnailUrl\":\"https:\/\/animangeek.com\/wp-content\/uploads\/sites\/106\/2024\/07\/1719882522_A-Rosa-de-Versalhes-retornara-em-2025.jpg\",\"datePublished\":\"2024-07-02T01:08:41+00:00\",\"dateModified\":\"2024-07-02T01:08:41+00:00\",\"author\":{\"@id\":\"\"},\"breadcrumb\":{\"@id\":\"https:\/\/animangeek.com\/a-rosa-de-versalhes-retornara-em-2025\/#breadcrumb\"},\"inLanguage\":\"es-MX\",\"potentialAction\":[{\"@type\":\"ReadAction\",\"target\":[\"https:\/\/animangeek.com\/a-rosa-de-versalhes-retornara-em-2025\/\"]}]},{\"@type\":\"ImageObject\",\"inLanguage\":\"es-MX\",\"@id\":\"https:\/\/animangeek.com\/a-rosa-de-versalhes-retornara-em-2025\/#primaryimage\",\"url\":\"https:\/\/animangeek.com\/wp-content\/uploads\/sites\/106\/2024\/07\/1719882522_A-Rosa-de-Versalhes-retornara-em-2025.jpg\",\"contentUrl\":\"https:\/\/animangeek.com\/wp-content\/uploads\/sites\/106\/2024\/07\/1719882522_A-Rosa-de-Versalhes-retornara-em-2025.jpg\",\"width\":1920,\"height\":1080},{\"@type\":\"BreadcrumbList\",\"@id\":\"https:\/\/animangeek.com\/a-rosa-de-versalhes-retornara-em-2025\/#breadcrumb\",\"itemListElement\":[{\"@type\":\"ListItem\",\"position\":1,\"name\":\"Home\",\"item\":\"https:\/\/animangeek.com\/\"},{\"@type\":\"ListItem\",\"position\":2,\"name\":\"A Rosa de Versalhes retornar\u00e1 em 2025\"}]},{\"@type\":\"WebSite\",\"@id\":\"https:\/\/animangeek.com\/#website\",\"url\":\"https:\/\/animangeek.com\/\",\"name\":\"Animan Geek\",\"description\":\"\",\"potentialAction\":[{\"@type\":\"SearchAction\",\"target\":{\"@type\":\"EntryPoint\",\"urlTemplate\":\"https:\/\/animangeek.com\/?s={search_term_string}\"},\"query-input\":\"required name=search_term_string\"}],\"inLanguage\":\"es-MX\"}]}<\/script>\n<!-- \/ Yoast SEO plugin. -->","yoast_head_json":{"title":"A Rosa de Versalhes retornar\u00e1 em 2025 - Animan Geek","robots":{"index":"index","follow":"follow","max-snippet":"max-snippet:-1","max-image-preview":"max-image-preview:large","max-video-preview":"max-video-preview:-1"},"canonical":"https:\/\/animangeek.com\/es\/a-rosa-de-versalhes-retornara-em-2025\/","og_locale":"es_MX","og_type":"article","og_title":"A Rosa de Versalhes retornar\u00e1 em 2025 - Animan Geek","og_description":"No site oficial da nova adapta\u00e7\u00e3o para anime do mang\u00e1 escrito e ilustrado por Riyoko Ikeda\u201cA Rosa de Versalhes (Versalhes no Bara)\u201d, foi revelado um novo v\u00eddeo promocional do projeto. O v\u00eddeo confirma isso A estreia est\u00e1 prevista para o in\u00edcio de 2025 nos cinemas do Jap\u00e3o.e liste que os estudos MAPA Eles s\u00e3o respons\u00e1veis&hellip; Continue reading A Rosa de Versalhes retornar\u00e1 em 2025","og_url":"https:\/\/animangeek.com\/es\/a-rosa-de-versalhes-retornara-em-2025\/","og_site_name":"Animan Geek","article_published_time":"2024-07-02T01:08:41+00:00","og_image":[{"width":1920,"height":1080,"url":"https:\/\/animangeek.com\/wp-content\/uploads\/sites\/106\/2024\/07\/1719882522_A-Rosa-de-Versalhes-retornara-em-2025.jpg","type":"image\/jpeg"}],"twitter_card":"summary_large_image","twitter_misc":{"Est. reading time":"3 minutos"},"schema":{"@context":"https:\/\/schema.org","@graph":[{"@type":"WebPage","@id":"https:\/\/animangeek.com\/a-rosa-de-versalhes-retornara-em-2025\/","url":"https:\/\/animangeek.com\/a-rosa-de-versalhes-retornara-em-2025\/","name":"A Rosa de Versalhes retornar\u00e1 em 2025 - Animan Geek","isPartOf":{"@id":"https:\/\/animangeek.com\/#website"},"primaryImageOfPage":{"@id":"https:\/\/animangeek.com\/a-rosa-de-versalhes-retornara-em-2025\/#primaryimage"},"image":{"@id":"https:\/\/animangeek.com\/a-rosa-de-versalhes-retornara-em-2025\/#primaryimage"},"thumbnailUrl":"https:\/\/animangeek.com\/wp-content\/uploads\/sites\/106\/2024\/07\/1719882522_A-Rosa-de-Versalhes-retornara-em-2025.jpg","datePublished":"2024-07-02T01:08:41+00:00","dateModified":"2024-07-02T01:08:41+00:00","author":{"@id":""},"breadcrumb":{"@id":"https:\/\/animangeek.com\/a-rosa-de-versalhes-retornara-em-2025\/#breadcrumb"},"inLanguage":"es-MX","potentialAction":[{"@type":"ReadAction","target":["https:\/\/animangeek.com\/a-rosa-de-versalhes-retornara-em-2025\/"]}]},{"@type":"ImageObject","inLanguage":"es-MX","@id":"https:\/\/animangeek.com\/a-rosa-de-versalhes-retornara-em-2025\/#primaryimage","url":"https:\/\/animangeek.com\/wp-content\/uploads\/sites\/106\/2024\/07\/1719882522_A-Rosa-de-Versalhes-retornara-em-2025.jpg","contentUrl":"https:\/\/animangeek.com\/wp-content\/uploads\/sites\/106\/2024\/07\/1719882522_A-Rosa-de-Versalhes-retornara-em-2025.jpg","width":1920,"height":1080},{"@type":"BreadcrumbList","@id":"https:\/\/animangeek.com\/a-rosa-de-versalhes-retornara-em-2025\/#breadcrumb","itemListElement":[{"@type":"ListItem","position":1,"name":"Home","item":"https:\/\/animangeek.com\/"},{"@type":"ListItem","position":2,"name":"A Rosa de Versalhes retornar\u00e1 em 2025"}]},{"@type":"WebSite","@id":"https:\/\/animangeek.com\/#website","url":"https:\/\/animangeek.com\/","name":"Animan Geek","description":"","potentialAction":[{"@type":"SearchAction","target":{"@type":"EntryPoint","urlTemplate":"https:\/\/animangeek.com\/?s={search_term_string}"},"query-input":"required name=search_term_string"}],"inLanguage":"es-MX"}]}},"_links":{"self":[{"href":"https:\/\/animangeek.com\/es\/wp-json\/wp\/v2\/posts\/13753"}],"collection":[{"href":"https:\/\/animangeek.com\/es\/wp-json\/wp\/v2\/posts"}],"about":[{"href":"https:\/\/animangeek.com\/es\/wp-json\/wp\/v2\/types\/post"}],"replies":[{"embeddable":true,"href":"https:\/\/animangeek.com\/es\/wp-json\/wp\/v2\/comments?post=13753"}],"version-history":[{"count":0,"href":"https:\/\/animangeek.com\/es\/wp-json\/wp\/v2\/posts\/13753\/revisions"}],"wp:featuredmedia":[{"embeddable":true,"href":"https:\/\/animangeek.com\/es\/wp-json\/wp\/v2\/media\/13755"}],"wp:attachment":[{"href":"https:\/\/animangeek.com\/es\/wp-json\/wp\/v2\/media?parent=13753"}],"wp:term":[{"taxonomy":"category","embeddable":true,"href":"https:\/\/animangeek.com\/es\/wp-json\/wp\/v2\/categories?post=13753"},{"taxonomy":"post_tag","embeddable":true,"href":"https:\/\/animangeek.com\/es\/wp-json\/wp\/v2\/tags?post=13753"}],"curies":[{"name":"wp","href":"https:\/\/api.w.org\/{rel}","templated":true}]}}