{"id":13835,"date":"2024-07-04T13:12:37","date_gmt":"2024-07-04T16:12:37","guid":{"rendered":"https:\/\/animangeek.com\/oshi-no-ko-pede-que-nao-haja-spoilers\/"},"modified":"2025-11-27T15:53:31","modified_gmt":"2025-11-27T15:53:31","slug":"oshi-no-ko-pede-que-nao-haja-spoilers","status":"publish","type":"post","link":"https:\/\/animangeek.com\/es\/oshi-no-ko-pede-que-nao-haja-spoilers\/","title":{"rendered":"Oshi no Ko pide no hacer spoilers"},"content":{"rendered":"<div class=\"mx-5 sm:mx-0 prose text-left mb-5\">\n<div>\n<p>Esta semana el esperado estreno <strong>Segunda temporada del anime \u201cOshi no Ko\u201d<\/strong>generando <strong>Gran entusiasmo entre los espectadores y aficionados<\/strong>Sin embargo, adem\u00e1s del contenido del anime en s\u00ed, un comercial emitido durante la transmisi\u00f3n tambi\u00e9n llam\u00f3 la atenci\u00f3n de muchos.<\/p>\n<ul>\n<li>\u00ab<em>Solicitud de colaboraci\u00f3n para el manga &#039;Oshi no Ko&#039; a todos<\/em>\u00bb.<\/li>\n<\/ul>\n<div class=\"wp-block-image\">\n<figure class=\"aligncenter size-full\"><img loading=\"lazy\" decoding=\"async\" class=\"wp-image-332596\" src=\"http:\/\/animangeek.com\/wp-content\/uploads\/sites\/106\/2024\/07\/Oshi-no-Ko-pede-que-nao-haja-spoilers.jpeg\" alt=\"Oshi no Ko\" width=\"1886\" height=\"1060\" \/><\/figure>\n<\/div>\n<ul>\n<li>\u00ab<em>Con el inicio de la segunda temporada, se espera un aumento significativo de fan\u00e1ticos del anime.<\/em>\u00bb.<\/li>\n<\/ul>\n<div class=\"wp-block-image\">\n<figure class=\"aligncenter size-full\"><img loading=\"lazy\" decoding=\"async\" class=\"wp-image-332595\" src=\"https:\/\/animangeek.com\/wp-content\/uploads\/2024\/07\/1720109556_937_Oshi-no-Ko-pede-que-nao-haja-spoilers.jpeg\" alt=\"Oshi no Ko\" width=\"1908\" height=\"1073\" \/><\/figure>\n<\/div>\n<ul>\n<li>\u00ab<em>Evite hablar sobre el \u00faltimo volumen en lugares p\u00fablicos.<\/em>\u00bb.<\/li>\n<\/ul>\n<div class=\"wp-block-image\">\n<figure class=\"aligncenter size-full\"><img loading=\"lazy\" decoding=\"async\" class=\"wp-image-332594\" src=\"https:\/\/animangeek.com\/wp-content\/uploads\/2024\/07\/1720109557_876_Oshi-no-Ko-pede-que-nao-haja-spoilers.jpeg\" alt=\"\" width=\"1914\" height=\"1077\" \/><\/figure>\n<\/div>\n<p>Durante la transmisi\u00f3n en \u201cABEMA TV\u201d, la plataforma que ofrece la transmisi\u00f3n m\u00e1s r\u00e1pida y simult\u00e1nea con la televisi\u00f3n terrestre, <strong>Un curioso anuncio de 15 segundos se mostr\u00f3 despu\u00e9s de la apertura y antes de la primera parte del episodio.<\/strong>Este anuncio, presentado por Shueisha, informa sobre el pr\u00f3ximo lanzamiento del volumen 15 del manga &quot;Oshi no Ko&quot;, previsto para el 18 de julio. <strong>Lo peculiar del anuncio fue su tono inusualmente sobrio y directo.<\/strong><\/p>\n<p>El mensaje del anuncio simplemente dec\u00eda: \u201c<em><strong>En nombre del manga &#039;Oshi no Ko&#039;, solicitamos su cooperaci\u00f3n.<\/strong><\/em>En lugar de las llamativas im\u00e1genes habituales o la m\u00fasica alegre, el anuncio consist\u00eda \u00fanicamente en texto sobre un fondo negro y una narraci\u00f3n en tono serio que recordaba a los anuncios de disculpas. <strong>La narrativa pidi\u00f3 a los fan\u00e1ticos que evitaran discutir los eventos del nuevo volumen en lugares p\u00fablicos como caf\u00e9s, salas de conciertos, hospitales, transporte e incluso lagos de pesca, para evitar spoilers.<\/strong><\/p>\n<p>Este enfoque inusual gener\u00f3 diversas reacciones entre los espectadores. Muchos apreciaron la importancia del mensaje y comentaron cosas como:<em><strong>Fue lo m\u00e1s interesante (aparte del episodio)<\/strong><\/em>\u00bb, \u00ab<em><strong>Creo que es muy importante<\/strong><\/em>&quot;, y &quot;<em><strong>Esto deber\u00eda aplicarse tambi\u00e9n a otras series.<\/strong><\/em>Algunos incluso recordaron un incidente ocurrido en mayo, cuando un empleado de la oficina de justicia de Kioto fue arrestado despu\u00e9s de una disputa desatada por un spoiler del manga, lo que destaca la relevancia de este tipo de anuncios.<\/p>\n<p><iframe loading=\"lazy\" title=\"\u3010\u63a8\u3057\u306e\u5b50\u3011\u7b2c2\u671f\u30ce\u30f3\u30af\u30ec\u30b8\u30c3\u30c8\u30aa\u30fc\u30d7\u30cb\u30f3\u30b0\uff5cGEMN\u300c\u30d5\u30a1\u30bf\u30fc\u30eb\u300d\" width=\"500\" height=\"281\" src=\"https:\/\/www.youtube.com\/embed\/PAcf55v6zqQ?feature=oembed\" frameborder=\"0\" allow=\"accelerometer; autoplay; clipboard-write; encrypted-media; gyroscope; picture-in-picture; web-share\" referrerpolicy=\"strict-origin-when-cross-origin\" allowfullscreen><\/iframe><\/p>\n<p>La advertencia de Shueisha tambi\u00e9n llega en un momento crucial, <strong>ya que el manga ha entrado recientemente en su arco argumental final<\/strong>Esto ha aumentado la ansiedad de los fans sobre el desarrollo futuro de la historia. Ante esta situaci\u00f3n, la editorial consider\u00f3 prudente recordarles que sean considerados y eviten arruinar la experiencia comentando detalles importantes en p\u00fablico.<\/p>\n<p>Aunque el v\u00eddeo no fue transmitido por canales de televisi\u00f3n ni servicios de streaming, su exclusividad en la transmisi\u00f3n en vivo de ABEMA TV lo hizo a\u00fan m\u00e1s notable. <strong>No est\u00e1 claro si el anuncio se repetir\u00e1 en el pr\u00f3ximo episodio, pero la reacci\u00f3n positiva y el reconocimiento de la importancia del mensaje podr\u00edan influir en decisiones futuras.<\/strong><\/p>\n<p>Fuente: <strong>\u00a1Yahoo! Noticias de Jap\u00f3n<\/strong><\/p>\n<\/div>\n<\/div>","protected":false},"excerpt":{"rendered":"<p>Esta semana se estren\u00f3 la esperada segunda temporada del anime &quot;Oshi no Ko&quot;, generando gran expectaci\u00f3n entre los espectadores y fans. Sin embargo, adem\u00e1s del contenido del anime, un anuncio emitido durante la transmisi\u00f3n tambi\u00e9n llam\u00f3 la atenci\u00f3n de muchos. \u00abSolicitud de colaboraci\u00f3n para el manga &#039;Oshi no Ko&#039; a todos\u00bb. \u00abCon el inicio de la segunda\u2026\u00bb <a class=\"more-link\" href=\"https:\/\/animangeek.com\/es\/oshi-no-ko-pede-que-nao-haja-spoilers\/\">Sigue leyendo <span class=\"screen-reader-text\">Oshi no Ko pide no hacer spoilers<\/span><\/a><\/p>","protected":false},"author":93,"featured_media":13837,"comment_status":"open","ping_status":"open","sticky":false,"template":"","format":"standard","meta":{"footnotes":""},"categories":[5],"tags":[444,1192,1449],"yoast_head":"<!-- This site is optimized with the Yoast SEO plugin v23.3 - https:\/\/yoast.com\/wordpress\/plugins\/seo\/ -->\n<title>Oshi no Ko pede que n\u00e3o haja spoilers - Animan Geek<\/title>\n<meta name=\"robots\" content=\"index, follow, max-snippet:-1, max-image-preview:large, max-video-preview:-1\" \/>\n<link rel=\"canonical\" href=\"https:\/\/animangeek.com\/es\/oshi-no-ko-pede-que-nao-haja-spoilers\/\" \/>\n<meta property=\"og:locale\" content=\"es_MX\" \/>\n<meta property=\"og:type\" content=\"article\" \/>\n<meta property=\"og:title\" content=\"Oshi no Ko pede que n\u00e3o haja spoilers - Animan Geek\" \/>\n<meta property=\"og:description\" content=\"Esta semana a t\u00e3o esperada estreia segunda temporada do anime \u201cOshi no Ko\u201dgerando grande entusiasmo entre espectadores e torcedores. Por\u00e9m, al\u00e9m do conte\u00fado do anime em si, um comercial veiculado durante a transmiss\u00e3o tamb\u00e9m chamou a aten\u00e7\u00e3o de muitos. \u00abPedido de colabora\u00e7\u00e3o para o mang\u00e1 \u2018Oshi no Ko\u2019 para todos\u00bb. \u00abCom o in\u00edcio da segunda&hellip; Continue reading Oshi no Ko pede que n\u00e3o haja spoilers\" \/>\n<meta property=\"og:url\" content=\"https:\/\/animangeek.com\/es\/oshi-no-ko-pede-que-nao-haja-spoilers\/\" \/>\n<meta property=\"og:site_name\" content=\"Animan Geek\" \/>\n<meta property=\"article:published_time\" content=\"2024-07-04T16:12:37+00:00\" \/>\n<meta property=\"article:modified_time\" content=\"2025-11-27T15:53:31+00:00\" \/>\n<meta property=\"og:image\" content=\"https:\/\/animangeek.com\/wp-content\/uploads\/sites\/106\/2024\/07\/Oshi-no-Ko-pede-que-nao-haja-spoilers.jpg\" \/>\n\t<meta property=\"og:image:width\" content=\"1920\" \/>\n\t<meta property=\"og:image:height\" content=\"1081\" \/>\n\t<meta property=\"og:image:type\" content=\"image\/jpeg\" \/>\n<meta name=\"author\" content=\"joaovitorjacintho1998\" \/>\n<meta name=\"twitter:card\" content=\"summary_large_image\" \/>\n<meta name=\"twitter:label1\" content=\"Written by\" \/>\n\t<meta name=\"twitter:data1\" content=\"joaovitorjacintho1998\" \/>\n\t<meta name=\"twitter:label2\" content=\"Est. reading time\" \/>\n\t<meta name=\"twitter:data2\" content=\"4 minutos\" \/>\n<script type=\"application\/ld+json\" class=\"yoast-schema-graph\">{\"@context\":\"https:\/\/schema.org\",\"@graph\":[{\"@type\":\"WebPage\",\"@id\":\"https:\/\/animangeek.com\/oshi-no-ko-pede-que-nao-haja-spoilers\/\",\"url\":\"https:\/\/animangeek.com\/oshi-no-ko-pede-que-nao-haja-spoilers\/\",\"name\":\"Oshi no Ko pede que n\u00e3o haja spoilers - Animan Geek\",\"isPartOf\":{\"@id\":\"https:\/\/animangeek.com\/#website\"},\"primaryImageOfPage\":{\"@id\":\"https:\/\/animangeek.com\/oshi-no-ko-pede-que-nao-haja-spoilers\/#primaryimage\"},\"image\":{\"@id\":\"https:\/\/animangeek.com\/oshi-no-ko-pede-que-nao-haja-spoilers\/#primaryimage\"},\"thumbnailUrl\":\"https:\/\/animangeek.com\/wp-content\/uploads\/sites\/106\/2024\/07\/Oshi-no-Ko-pede-que-nao-haja-spoilers.jpg\",\"datePublished\":\"2024-07-04T16:12:37+00:00\",\"dateModified\":\"2025-11-27T15:53:31+00:00\",\"author\":{\"@id\":\"https:\/\/animangeek.com\/#\/schema\/person\/b0b94dcbe2f5caf90bfdf59817c675ed\"},\"breadcrumb\":{\"@id\":\"https:\/\/animangeek.com\/oshi-no-ko-pede-que-nao-haja-spoilers\/#breadcrumb\"},\"inLanguage\":\"es-MX\",\"potentialAction\":[{\"@type\":\"ReadAction\",\"target\":[\"https:\/\/animangeek.com\/oshi-no-ko-pede-que-nao-haja-spoilers\/\"]}]},{\"@type\":\"ImageObject\",\"inLanguage\":\"es-MX\",\"@id\":\"https:\/\/animangeek.com\/oshi-no-ko-pede-que-nao-haja-spoilers\/#primaryimage\",\"url\":\"https:\/\/animangeek.com\/wp-content\/uploads\/sites\/106\/2024\/07\/Oshi-no-Ko-pede-que-nao-haja-spoilers.jpg\",\"contentUrl\":\"https:\/\/animangeek.com\/wp-content\/uploads\/sites\/106\/2024\/07\/Oshi-no-Ko-pede-que-nao-haja-spoilers.jpg\",\"width\":1920,\"height\":1081},{\"@type\":\"BreadcrumbList\",\"@id\":\"https:\/\/animangeek.com\/oshi-no-ko-pede-que-nao-haja-spoilers\/#breadcrumb\",\"itemListElement\":[{\"@type\":\"ListItem\",\"position\":1,\"name\":\"Home\",\"item\":\"https:\/\/animangeek.com\/\"},{\"@type\":\"ListItem\",\"position\":2,\"name\":\"Oshi no Ko pede que n\u00e3o haja spoilers\"}]},{\"@type\":\"WebSite\",\"@id\":\"https:\/\/animangeek.com\/#website\",\"url\":\"https:\/\/animangeek.com\/\",\"name\":\"Animan Geek\",\"description\":\"\",\"potentialAction\":[{\"@type\":\"SearchAction\",\"target\":{\"@type\":\"EntryPoint\",\"urlTemplate\":\"https:\/\/animangeek.com\/?s={search_term_string}\"},\"query-input\":\"required name=search_term_string\"}],\"inLanguage\":\"es-MX\"},{\"@type\":\"Person\",\"@id\":\"https:\/\/animangeek.com\/#\/schema\/person\/b0b94dcbe2f5caf90bfdf59817c675ed\",\"name\":\"joaovitorjacintho1998\",\"image\":{\"@type\":\"ImageObject\",\"inLanguage\":\"es-MX\",\"@id\":\"https:\/\/animangeek.com\/#\/schema\/person\/image\/\",\"url\":\"https:\/\/secure.gravatar.com\/avatar\/2843227ca03ccf8cc7ccca45204c127e?s=96&d=mm&r=g\",\"contentUrl\":\"https:\/\/secure.gravatar.com\/avatar\/2843227ca03ccf8cc7ccca45204c127e?s=96&d=mm&r=g\",\"caption\":\"joaovitorjacintho1998\"},\"url\":\"https:\/\/animangeek.com\/es\/author\/joaovitorjacintho1998\/\"}]}<\/script>\n<!-- \/ Yoast SEO plugin. -->","yoast_head_json":{"title":"Oshi no Ko pede que n\u00e3o haja spoilers - Animan Geek","robots":{"index":"index","follow":"follow","max-snippet":"max-snippet:-1","max-image-preview":"max-image-preview:large","max-video-preview":"max-video-preview:-1"},"canonical":"https:\/\/animangeek.com\/es\/oshi-no-ko-pede-que-nao-haja-spoilers\/","og_locale":"es_MX","og_type":"article","og_title":"Oshi no Ko pede que n\u00e3o haja spoilers - Animan Geek","og_description":"Esta semana a t\u00e3o esperada estreia segunda temporada do anime \u201cOshi no Ko\u201dgerando grande entusiasmo entre espectadores e torcedores. Por\u00e9m, al\u00e9m do conte\u00fado do anime em si, um comercial veiculado durante a transmiss\u00e3o tamb\u00e9m chamou a aten\u00e7\u00e3o de muitos. \u00abPedido de colabora\u00e7\u00e3o para o mang\u00e1 \u2018Oshi no Ko\u2019 para todos\u00bb. \u00abCom o in\u00edcio da segunda&hellip; Continue reading Oshi no Ko pede que n\u00e3o haja spoilers","og_url":"https:\/\/animangeek.com\/es\/oshi-no-ko-pede-que-nao-haja-spoilers\/","og_site_name":"Animan Geek","article_published_time":"2024-07-04T16:12:37+00:00","article_modified_time":"2025-11-27T15:53:31+00:00","og_image":[{"width":1920,"height":1081,"url":"https:\/\/animangeek.com\/wp-content\/uploads\/sites\/106\/2024\/07\/Oshi-no-Ko-pede-que-nao-haja-spoilers.jpg","type":"image\/jpeg"}],"author":"joaovitorjacintho1998","twitter_card":"summary_large_image","twitter_misc":{"Written by":"joaovitorjacintho1998","Est. reading time":"4 minutos"},"schema":{"@context":"https:\/\/schema.org","@graph":[{"@type":"WebPage","@id":"https:\/\/animangeek.com\/oshi-no-ko-pede-que-nao-haja-spoilers\/","url":"https:\/\/animangeek.com\/oshi-no-ko-pede-que-nao-haja-spoilers\/","name":"Oshi no Ko pede que n\u00e3o haja spoilers - Animan Geek","isPartOf":{"@id":"https:\/\/animangeek.com\/#website"},"primaryImageOfPage":{"@id":"https:\/\/animangeek.com\/oshi-no-ko-pede-que-nao-haja-spoilers\/#primaryimage"},"image":{"@id":"https:\/\/animangeek.com\/oshi-no-ko-pede-que-nao-haja-spoilers\/#primaryimage"},"thumbnailUrl":"https:\/\/animangeek.com\/wp-content\/uploads\/sites\/106\/2024\/07\/Oshi-no-Ko-pede-que-nao-haja-spoilers.jpg","datePublished":"2024-07-04T16:12:37+00:00","dateModified":"2025-11-27T15:53:31+00:00","author":{"@id":"https:\/\/animangeek.com\/#\/schema\/person\/b0b94dcbe2f5caf90bfdf59817c675ed"},"breadcrumb":{"@id":"https:\/\/animangeek.com\/oshi-no-ko-pede-que-nao-haja-spoilers\/#breadcrumb"},"inLanguage":"es-MX","potentialAction":[{"@type":"ReadAction","target":["https:\/\/animangeek.com\/oshi-no-ko-pede-que-nao-haja-spoilers\/"]}]},{"@type":"ImageObject","inLanguage":"es-MX","@id":"https:\/\/animangeek.com\/oshi-no-ko-pede-que-nao-haja-spoilers\/#primaryimage","url":"https:\/\/animangeek.com\/wp-content\/uploads\/sites\/106\/2024\/07\/Oshi-no-Ko-pede-que-nao-haja-spoilers.jpg","contentUrl":"https:\/\/animangeek.com\/wp-content\/uploads\/sites\/106\/2024\/07\/Oshi-no-Ko-pede-que-nao-haja-spoilers.jpg","width":1920,"height":1081},{"@type":"BreadcrumbList","@id":"https:\/\/animangeek.com\/oshi-no-ko-pede-que-nao-haja-spoilers\/#breadcrumb","itemListElement":[{"@type":"ListItem","position":1,"name":"Home","item":"https:\/\/animangeek.com\/"},{"@type":"ListItem","position":2,"name":"Oshi no Ko pede que n\u00e3o haja spoilers"}]},{"@type":"WebSite","@id":"https:\/\/animangeek.com\/#website","url":"https:\/\/animangeek.com\/","name":"Animan Geek","description":"","potentialAction":[{"@type":"SearchAction","target":{"@type":"EntryPoint","urlTemplate":"https:\/\/animangeek.com\/?s={search_term_string}"},"query-input":"required name=search_term_string"}],"inLanguage":"es-MX"},{"@type":"Person","@id":"https:\/\/animangeek.com\/#\/schema\/person\/b0b94dcbe2f5caf90bfdf59817c675ed","name":"joaovitorjacintho1998","image":{"@type":"ImageObject","inLanguage":"es-MX","@id":"https:\/\/animangeek.com\/#\/schema\/person\/image\/","url":"https:\/\/secure.gravatar.com\/avatar\/2843227ca03ccf8cc7ccca45204c127e?s=96&d=mm&r=g","contentUrl":"https:\/\/secure.gravatar.com\/avatar\/2843227ca03ccf8cc7ccca45204c127e?s=96&d=mm&r=g","caption":"joaovitorjacintho1998"},"url":"https:\/\/animangeek.com\/es\/author\/joaovitorjacintho1998\/"}]}},"_links":{"self":[{"href":"https:\/\/animangeek.com\/es\/wp-json\/wp\/v2\/posts\/13835"}],"collection":[{"href":"https:\/\/animangeek.com\/es\/wp-json\/wp\/v2\/posts"}],"about":[{"href":"https:\/\/animangeek.com\/es\/wp-json\/wp\/v2\/types\/post"}],"author":[{"embeddable":true,"href":"https:\/\/animangeek.com\/es\/wp-json\/wp\/v2\/users\/93"}],"replies":[{"embeddable":true,"href":"https:\/\/animangeek.com\/es\/wp-json\/wp\/v2\/comments?post=13835"}],"version-history":[{"count":1,"href":"https:\/\/animangeek.com\/es\/wp-json\/wp\/v2\/posts\/13835\/revisions"}],"predecessor-version":[{"id":20961,"href":"https:\/\/animangeek.com\/es\/wp-json\/wp\/v2\/posts\/13835\/revisions\/20961"}],"wp:featuredmedia":[{"embeddable":true,"href":"https:\/\/animangeek.com\/es\/wp-json\/wp\/v2\/media\/13837"}],"wp:attachment":[{"href":"https:\/\/animangeek.com\/es\/wp-json\/wp\/v2\/media?parent=13835"}],"wp:term":[{"taxonomy":"category","embeddable":true,"href":"https:\/\/animangeek.com\/es\/wp-json\/wp\/v2\/categories?post=13835"},{"taxonomy":"post_tag","embeddable":true,"href":"https:\/\/animangeek.com\/es\/wp-json\/wp\/v2\/tags?post=13835"}],"curies":[{"name":"wp","href":"https:\/\/api.w.org\/{rel}","templated":true}]}}