{"id":13918,"date":"2024-07-06T18:14:34","date_gmt":"2024-07-06T21:14:34","guid":{"rendered":"https:\/\/animangeek.com\/a-bankai-de-um-certo-capitao-sera-o-destaque-de-bleach-tybw-cour-3-diz-o-produtor-tominaga\/"},"modified":"2024-07-06T18:14:34","modified_gmt":"2024-07-06T21:14:34","slug":"a-bankai-de-um-certo-capitao-sera-o-destaque-de-bleach-tybw-cour-3-diz-o-produtor-tominaga","status":"publish","type":"post","link":"https:\/\/animangeek.com\/es\/a-bankai-de-um-certo-capitao-sera-o-destaque-de-bleach-tybw-cour-3-diz-o-produtor-tominaga\/","title":{"rendered":"El Bankai de A Certain Captain ser\u00e1 el punto culminante de Bleach TYBW Cour 3, dice el productor Tominaga"},"content":{"rendered":"<div class=\"mx-5 sm:mx-0 prose text-left mb-5\"><\/p>\n<div data-postid=\"85069\">\n<p>Viz Media ha lanzado un nuevo v\u00eddeo sobre <strong><em>TYBW Blanqueador<\/em><\/strong>  en su cuenta oficial X el 6 de julio de 2024, con el director Hikaru Murata, el director en jefe de la serie Tomohisa Taguchi y el productor Yoshihiro Tominaga.<\/p>\n<p>Los miembros del personal brindaron informaci\u00f3n interesante sobre lo que los fan\u00e1ticos pueden esperar del pr\u00f3ximo <strong><em>TYBW Blanqueador<\/em><\/strong>  cour 3, titulado El conflicto.<\/p>\n<p>En primer lugar, se ha confirmado que Cour 3, al igual que los dos cursos anteriores, tendr\u00e1 contenido de anime original. Este contenido fue creado en conjunto con el autor de manga Tite Kubo. El propio autor ya hab\u00eda dicho anteriormente que se implicar\u00eda m\u00e1s en la pr\u00f3xima Corte.<\/p>\n<p>&quot;<em>Bueno, [Cour 3] mostrar\u00e1 contenido nuevo y nunca antes visto de Bleach.<\/em>&quot;, dijo Taguchi.&quot;<em>Trabajamos nuevamente con Kubo sensei para crear nuevas escenas que complementaran las historias cubiertas en el manga original.<\/em>&quot;<\/p>\n<p>Tominaga reconoci\u00f3 la abundancia de escenas originales y alent\u00f3 a los fan\u00e1ticos a esperarlas.<\/p>\n<p>Tambi\u00e9n destac\u00f3 que varios capitanes mostrar\u00e1n sus habilidades de Bankai en el pr\u00f3ximo Cour, enfatizando particularmente en un capit\u00e1n cuya revelaci\u00f3n de Bankai ser\u00e1 un momento destacado.<\/p>\n<p>&quot;<em>Esto ya est\u00e1 cubierto en el manga original, pero cierto capit\u00e1n finalmente revelar\u00e1 su Bankai. Creo que este es tambi\u00e9n uno de los puntos destacados de la Parte 3.<\/em>&quot;, dijo Tominaga.<\/p>\n<p>Seg\u00fan los fan\u00e1ticos, el capit\u00e1n en cuesti\u00f3n ten\u00eda que ser Shunsui Kyoraku, cuya revelaci\u00f3n del Bankai fue considerada \u201cgeneracional\u201d.<\/p>\n<p>Sin embargo, tambi\u00e9n hubo algunos que esperaban que Cour 3 tambi\u00e9n abordara el bankai de Ukitake, que nunca se revel\u00f3 en el manga (aunque Brave Souls s\u00ed lo revel\u00f3).<\/p>\n<p>Adem\u00e1s, se revel\u00f3 que los miembros del personal est\u00e1n haciendo su mejor esfuerzo para animar escenas que involucran a los Guardias Reales de Stern Ritter, espec\u00edficamente sus potenciadores y transformaciones.<\/p>\n<p>Seg\u00fan Tominaga, estos guardias reales son tan \u00fanicos y memorables como los amados capitanes Soul Reaper, y quer\u00eda que los fan\u00e1ticos esperaran con ansias sus escenas en la Parte 3.<\/p>\n<p>&quot;<em>Estamos trabajando duro para ir m\u00e1s all\u00e1 de la calidad del manga original para animar sus escenas.<\/em>&quot;, dijo Tominaga.<\/p>\n<p>Otro dato interesante que se revel\u00f3 en el v\u00eddeo fue que el nuevo director Murata emple\u00f3 mucho m\u00e1s CGI en la siguiente parte en comparaci\u00f3n con la anterior.<\/p>\n<p><strong><em>TYBW Blanqueador<\/em><\/strong> Cour 3, titulado The Conflict, se estrenar\u00e1 en octubre de 2024.<\/p>\n<div class=\"wp-block-image\">\n<figure class=\"aligncenter size-large\"><img fetchpriority=\"high\" decoding=\"async\" width=\"355\" height=\"500\" alt=\"Bleach TYBW Cour 3\" class=\"wp-image-85066 lzl\"  data-lzl- src=\"http:\/\/animangeek.com\/wp-content\/uploads\/sites\/106\/2024\/07\/A-Bankai-de-um-certo-capitao-sera-o-destaque-de.png\"><noscript lzl=\"\"><img fetchpriority=\"high\" decoding=\"async\" width=\"355\" height=\"500\" src=\"http:\/\/animangeek.com\/wp-content\/uploads\/sites\/106\/2024\/07\/A-Bankai-de-um-certo-capitao-sera-o-destaque-de.png\" alt=\"Bleach TYBW Cour 3\" class=\"wp-image-85066\"  ><\/noscript><figcaption class=\"wp-element-caption\"> <\/figcaption><\/figure>\n<\/div>\n<p>Seis salones <strong>Sin una palabra<\/strong> ser\u00e1 la canci\u00f3n de apertura del tercer cour, mientras <strong>Monocromo<\/strong> de Suisoh ser\u00e1 la canci\u00f3n final.<\/p>\n<p><strong><em>Bleach: Guerra de sangre milenaria<\/em><\/strong> Cour 1 se emiti\u00f3 en Jap\u00f3n el 10 de octubre de 2022 y finaliz\u00f3 el 26 de diciembre de 2022, con un episodio especial de una hora que combina los episodios 12 y 13 del anime.<\/p>\n<p><strong><em>Bleach: Guerra de sangre milenaria<\/em><\/strong> La temporada 2 comenz\u00f3 a transmitirse el 8 de julio de 2023.<\/p>\n<p>Anteriormente se revel\u00f3 que el anime se dividir\u00e1 en cuatro cursos, con descansos entre ellos.<\/p>\n<p>Fuente: <a rel=\"nofollow noopener\" target=\"_blank\" href=\"https:\/\/x.com\/VIZMedia\/status\/1809663607501693014\">Publicaci\u00f3n de Viz Media en X<\/a><\/p>\n<\/p><\/div>\n<p><\/div>","protected":false},"excerpt":{"rendered":"<p>Viz Media lanz\u00f3 un nuevo video sobre Bleach TYBW en su cuenta oficial de X el 6 de julio de 2024, con la participaci\u00f3n del director Hikaru Murata, el director principal de la serie Tomohisa Taguchi y el productor Yoshihiro Tominaga. El equipo comparti\u00f3 informaci\u00f3n interesante sobre lo que los fans pueden esperar del pr\u00f3ximo Bleach TYBW\u2026 <a class=\"more-link\" href=\"https:\/\/animangeek.com\/es\/a-bankai-de-um-certo-capitao-sera-o-destaque-de-bleach-tybw-cour-3-diz-o-produtor-tominaga\/\">Sigue leyendo <span class=\"screen-reader-text\">El Bankai de A Certain Captain ser\u00e1 el punto culminante de Bleach TYBW Cour 3, dice el productor Tominaga<\/span><\/a><\/p>","protected":false},"author":0,"featured_media":13919,"comment_status":"open","ping_status":"open","sticky":false,"template":"","format":"standard","meta":{"footnotes":""},"categories":[3],"tags":[],"yoast_head":"<!-- This site is optimized with the Yoast SEO plugin v23.3 - https:\/\/yoast.com\/wordpress\/plugins\/seo\/ -->\n<title>A Bankai de um certo capit\u00e3o ser\u00e1 o destaque de Bleach TYBW Cour 3, diz o produtor Tominaga - Animan Geek<\/title>\n<meta name=\"robots\" content=\"index, follow, max-snippet:-1, max-image-preview:large, max-video-preview:-1\" \/>\n<link rel=\"canonical\" href=\"https:\/\/animangeek.com\/es\/a-bankai-de-um-certo-capitao-sera-o-destaque-de-bleach-tybw-cour-3-diz-o-produtor-tominaga\/\" \/>\n<meta property=\"og:locale\" content=\"es_MX\" \/>\n<meta property=\"og:type\" content=\"article\" \/>\n<meta property=\"og:title\" content=\"A Bankai de um certo capit\u00e3o ser\u00e1 o destaque de Bleach TYBW Cour 3, diz o produtor Tominaga - Animan Geek\" \/>\n<meta property=\"og:description\" content=\"A Viz Media colocou um novo v\u00eddeo sobre Alvejante TYBW em sua conta oficial X em 6 de julho de 2024, com o diretor Hikaru Murata, o diretor-chefe da s\u00e9rie Tomohisa Taguchi e o produtor Yoshihiro Tominaga. Os membros da equipe deram informa\u00e7\u00f5es interessantes sobre o que os f\u00e3s podem esperar do pr\u00f3ximo Alvejante TYBW&hellip; Continue reading A Bankai de um certo capit\u00e3o ser\u00e1 o destaque de Bleach TYBW Cour 3, diz o produtor Tominaga\" \/>\n<meta property=\"og:url\" content=\"https:\/\/animangeek.com\/es\/a-bankai-de-um-certo-capitao-sera-o-destaque-de-bleach-tybw-cour-3-diz-o-produtor-tominaga\/\" \/>\n<meta property=\"og:site_name\" content=\"Animan Geek\" \/>\n<meta property=\"article:published_time\" content=\"2024-07-06T21:14:34+00:00\" \/>\n<meta property=\"og:image\" content=\"https:\/\/animangeek.com\/wp-content\/uploads\/sites\/106\/2024\/07\/A-Bankai-de-um-certo-capitao-sera-o-destaque-de.jpg\" \/>\n\t<meta property=\"og:image:width\" content=\"980\" \/>\n\t<meta property=\"og:image:height\" content=\"550\" \/>\n\t<meta property=\"og:image:type\" content=\"image\/jpeg\" \/>\n<meta name=\"twitter:card\" content=\"summary_large_image\" \/>\n<meta name=\"twitter:label1\" content=\"Est. reading time\" \/>\n\t<meta name=\"twitter:data1\" content=\"3 minutos\" \/>\n<script type=\"application\/ld+json\" class=\"yoast-schema-graph\">{\"@context\":\"https:\/\/schema.org\",\"@graph\":[{\"@type\":\"WebPage\",\"@id\":\"https:\/\/animangeek.com\/a-bankai-de-um-certo-capitao-sera-o-destaque-de-bleach-tybw-cour-3-diz-o-produtor-tominaga\/\",\"url\":\"https:\/\/animangeek.com\/a-bankai-de-um-certo-capitao-sera-o-destaque-de-bleach-tybw-cour-3-diz-o-produtor-tominaga\/\",\"name\":\"A Bankai de um certo capit\u00e3o ser\u00e1 o destaque de Bleach TYBW Cour 3, diz o produtor Tominaga - Animan Geek\",\"isPartOf\":{\"@id\":\"https:\/\/animangeek.com\/#website\"},\"primaryImageOfPage\":{\"@id\":\"https:\/\/animangeek.com\/a-bankai-de-um-certo-capitao-sera-o-destaque-de-bleach-tybw-cour-3-diz-o-produtor-tominaga\/#primaryimage\"},\"image\":{\"@id\":\"https:\/\/animangeek.com\/a-bankai-de-um-certo-capitao-sera-o-destaque-de-bleach-tybw-cour-3-diz-o-produtor-tominaga\/#primaryimage\"},\"thumbnailUrl\":\"https:\/\/animangeek.com\/wp-content\/uploads\/sites\/106\/2024\/07\/A-Bankai-de-um-certo-capitao-sera-o-destaque-de.jpg\",\"datePublished\":\"2024-07-06T21:14:34+00:00\",\"dateModified\":\"2024-07-06T21:14:34+00:00\",\"author\":{\"@id\":\"\"},\"breadcrumb\":{\"@id\":\"https:\/\/animangeek.com\/a-bankai-de-um-certo-capitao-sera-o-destaque-de-bleach-tybw-cour-3-diz-o-produtor-tominaga\/#breadcrumb\"},\"inLanguage\":\"es-MX\",\"potentialAction\":[{\"@type\":\"ReadAction\",\"target\":[\"https:\/\/animangeek.com\/a-bankai-de-um-certo-capitao-sera-o-destaque-de-bleach-tybw-cour-3-diz-o-produtor-tominaga\/\"]}]},{\"@type\":\"ImageObject\",\"inLanguage\":\"es-MX\",\"@id\":\"https:\/\/animangeek.com\/a-bankai-de-um-certo-capitao-sera-o-destaque-de-bleach-tybw-cour-3-diz-o-produtor-tominaga\/#primaryimage\",\"url\":\"https:\/\/animangeek.com\/wp-content\/uploads\/sites\/106\/2024\/07\/A-Bankai-de-um-certo-capitao-sera-o-destaque-de.jpg\",\"contentUrl\":\"https:\/\/animangeek.com\/wp-content\/uploads\/sites\/106\/2024\/07\/A-Bankai-de-um-certo-capitao-sera-o-destaque-de.jpg\",\"width\":980,\"height\":550},{\"@type\":\"BreadcrumbList\",\"@id\":\"https:\/\/animangeek.com\/a-bankai-de-um-certo-capitao-sera-o-destaque-de-bleach-tybw-cour-3-diz-o-produtor-tominaga\/#breadcrumb\",\"itemListElement\":[{\"@type\":\"ListItem\",\"position\":1,\"name\":\"Home\",\"item\":\"https:\/\/animangeek.com\/\"},{\"@type\":\"ListItem\",\"position\":2,\"name\":\"A Bankai de um certo capit\u00e3o ser\u00e1 o destaque de Bleach TYBW Cour 3, diz o produtor Tominaga\"}]},{\"@type\":\"WebSite\",\"@id\":\"https:\/\/animangeek.com\/#website\",\"url\":\"https:\/\/animangeek.com\/\",\"name\":\"Animan Geek\",\"description\":\"\",\"potentialAction\":[{\"@type\":\"SearchAction\",\"target\":{\"@type\":\"EntryPoint\",\"urlTemplate\":\"https:\/\/animangeek.com\/?s={search_term_string}\"},\"query-input\":\"required name=search_term_string\"}],\"inLanguage\":\"es-MX\"}]}<\/script>\n<!-- \/ Yoast SEO plugin. -->","yoast_head_json":{"title":"A Bankai de um certo capit\u00e3o ser\u00e1 o destaque de Bleach TYBW Cour 3, diz o produtor Tominaga - Animan Geek","robots":{"index":"index","follow":"follow","max-snippet":"max-snippet:-1","max-image-preview":"max-image-preview:large","max-video-preview":"max-video-preview:-1"},"canonical":"https:\/\/animangeek.com\/es\/a-bankai-de-um-certo-capitao-sera-o-destaque-de-bleach-tybw-cour-3-diz-o-produtor-tominaga\/","og_locale":"es_MX","og_type":"article","og_title":"A Bankai de um certo capit\u00e3o ser\u00e1 o destaque de Bleach TYBW Cour 3, diz o produtor Tominaga - Animan Geek","og_description":"A Viz Media colocou um novo v\u00eddeo sobre Alvejante TYBW em sua conta oficial X em 6 de julho de 2024, com o diretor Hikaru Murata, o diretor-chefe da s\u00e9rie Tomohisa Taguchi e o produtor Yoshihiro Tominaga. Os membros da equipe deram informa\u00e7\u00f5es interessantes sobre o que os f\u00e3s podem esperar do pr\u00f3ximo Alvejante TYBW&hellip; Continue reading A Bankai de um certo capit\u00e3o ser\u00e1 o destaque de Bleach TYBW Cour 3, diz o produtor Tominaga","og_url":"https:\/\/animangeek.com\/es\/a-bankai-de-um-certo-capitao-sera-o-destaque-de-bleach-tybw-cour-3-diz-o-produtor-tominaga\/","og_site_name":"Animan Geek","article_published_time":"2024-07-06T21:14:34+00:00","og_image":[{"width":980,"height":550,"url":"https:\/\/animangeek.com\/wp-content\/uploads\/sites\/106\/2024\/07\/A-Bankai-de-um-certo-capitao-sera-o-destaque-de.jpg","type":"image\/jpeg"}],"twitter_card":"summary_large_image","twitter_misc":{"Est. reading time":"3 minutos"},"schema":{"@context":"https:\/\/schema.org","@graph":[{"@type":"WebPage","@id":"https:\/\/animangeek.com\/a-bankai-de-um-certo-capitao-sera-o-destaque-de-bleach-tybw-cour-3-diz-o-produtor-tominaga\/","url":"https:\/\/animangeek.com\/a-bankai-de-um-certo-capitao-sera-o-destaque-de-bleach-tybw-cour-3-diz-o-produtor-tominaga\/","name":"A Bankai de um certo capit\u00e3o ser\u00e1 o destaque de Bleach TYBW Cour 3, diz o produtor Tominaga - Animan Geek","isPartOf":{"@id":"https:\/\/animangeek.com\/#website"},"primaryImageOfPage":{"@id":"https:\/\/animangeek.com\/a-bankai-de-um-certo-capitao-sera-o-destaque-de-bleach-tybw-cour-3-diz-o-produtor-tominaga\/#primaryimage"},"image":{"@id":"https:\/\/animangeek.com\/a-bankai-de-um-certo-capitao-sera-o-destaque-de-bleach-tybw-cour-3-diz-o-produtor-tominaga\/#primaryimage"},"thumbnailUrl":"https:\/\/animangeek.com\/wp-content\/uploads\/sites\/106\/2024\/07\/A-Bankai-de-um-certo-capitao-sera-o-destaque-de.jpg","datePublished":"2024-07-06T21:14:34+00:00","dateModified":"2024-07-06T21:14:34+00:00","author":{"@id":""},"breadcrumb":{"@id":"https:\/\/animangeek.com\/a-bankai-de-um-certo-capitao-sera-o-destaque-de-bleach-tybw-cour-3-diz-o-produtor-tominaga\/#breadcrumb"},"inLanguage":"es-MX","potentialAction":[{"@type":"ReadAction","target":["https:\/\/animangeek.com\/a-bankai-de-um-certo-capitao-sera-o-destaque-de-bleach-tybw-cour-3-diz-o-produtor-tominaga\/"]}]},{"@type":"ImageObject","inLanguage":"es-MX","@id":"https:\/\/animangeek.com\/a-bankai-de-um-certo-capitao-sera-o-destaque-de-bleach-tybw-cour-3-diz-o-produtor-tominaga\/#primaryimage","url":"https:\/\/animangeek.com\/wp-content\/uploads\/sites\/106\/2024\/07\/A-Bankai-de-um-certo-capitao-sera-o-destaque-de.jpg","contentUrl":"https:\/\/animangeek.com\/wp-content\/uploads\/sites\/106\/2024\/07\/A-Bankai-de-um-certo-capitao-sera-o-destaque-de.jpg","width":980,"height":550},{"@type":"BreadcrumbList","@id":"https:\/\/animangeek.com\/a-bankai-de-um-certo-capitao-sera-o-destaque-de-bleach-tybw-cour-3-diz-o-produtor-tominaga\/#breadcrumb","itemListElement":[{"@type":"ListItem","position":1,"name":"Home","item":"https:\/\/animangeek.com\/"},{"@type":"ListItem","position":2,"name":"A Bankai de um certo capit\u00e3o ser\u00e1 o destaque de Bleach TYBW Cour 3, diz o produtor Tominaga"}]},{"@type":"WebSite","@id":"https:\/\/animangeek.com\/#website","url":"https:\/\/animangeek.com\/","name":"Animan Geek","description":"","potentialAction":[{"@type":"SearchAction","target":{"@type":"EntryPoint","urlTemplate":"https:\/\/animangeek.com\/?s={search_term_string}"},"query-input":"required name=search_term_string"}],"inLanguage":"es-MX"}]}},"_links":{"self":[{"href":"https:\/\/animangeek.com\/es\/wp-json\/wp\/v2\/posts\/13918"}],"collection":[{"href":"https:\/\/animangeek.com\/es\/wp-json\/wp\/v2\/posts"}],"about":[{"href":"https:\/\/animangeek.com\/es\/wp-json\/wp\/v2\/types\/post"}],"replies":[{"embeddable":true,"href":"https:\/\/animangeek.com\/es\/wp-json\/wp\/v2\/comments?post=13918"}],"version-history":[{"count":0,"href":"https:\/\/animangeek.com\/es\/wp-json\/wp\/v2\/posts\/13918\/revisions"}],"wp:featuredmedia":[{"embeddable":true,"href":"https:\/\/animangeek.com\/es\/wp-json\/wp\/v2\/media\/13919"}],"wp:attachment":[{"href":"https:\/\/animangeek.com\/es\/wp-json\/wp\/v2\/media?parent=13918"}],"wp:term":[{"taxonomy":"category","embeddable":true,"href":"https:\/\/animangeek.com\/es\/wp-json\/wp\/v2\/categories?post=13918"},{"taxonomy":"post_tag","embeddable":true,"href":"https:\/\/animangeek.com\/es\/wp-json\/wp\/v2\/tags?post=13918"}],"curies":[{"name":"wp","href":"https:\/\/api.w.org\/{rel}","templated":true}]}}