{"id":14576,"date":"2024-07-23T12:19:42","date_gmt":"2024-07-23T15:19:42","guid":{"rendered":"https:\/\/animangeek.com\/wistoria-wand-and-sword-serao-os-melhores-da-temporada-dizem\/"},"modified":"2024-07-23T12:19:42","modified_gmt":"2024-07-23T15:19:42","slug":"wistoria-wand-and-sword-serao-os-melhores-da-temporada-dizem","status":"publish","type":"post","link":"https:\/\/animangeek.com\/es\/wistoria-wand-and-sword-serao-os-melhores-da-temporada-dizem\/","title":{"rendered":"Wistoria: Dicen que Wand and Sword ser\u00e1 lo mejor de la temporada"},"content":{"rendered":"<div class=\"mx-5 sm:mx-0 prose text-left mb-5\"><\/p>\n<div>\n<p>La temporada de <strong>Verano 2024 (julio a septiembre)<\/strong> trajo consigo una sorpresa inesperada en el mundo del anime: <strong>\u201cWistoria: Varita y espada\u201d<\/strong>. Esta serie, que ha captado la atenci\u00f3n de los fan\u00e1ticos, se distingue por su <strong>equipo de producci\u00f3n excepcional<\/strong>Clasificado como \u201cel mejor jam\u00e1s reunido\u201d por el productor <strong>Katsuki Aoyama<\/strong> en una entrevista reciente.<\/p>\n<p><iframe loading=\"lazy\" title=\"INVESTIGACI\u00d3N DE PING\u00dcINOS \u00abFuego y miedo\u00bb\" width=\"500\" height=\"281\" src=\"https:\/\/www.youtube.com\/embed\/VJLJ15yIQlI?feature=oembed\" frameborder=\"0\" allow=\"accelerometer; autoplay; clipboard-write; encrypted-media; gyroscope; picture-in-picture; web-share\" referrerpolicy=\"strict-origin-when-cross-origin\" allowfullscreen><\/iframe><\/p>\n<p><strong>Katsuki Aoyama y el editor de manga Shiro Yamano<\/strong> Hablaron sobre el desarrollo de la serie desde su concepci\u00f3n hasta su aclamaci\u00f3n actual, destacando la <strong>colaboraci\u00f3n de talentos de renombre<\/strong>. El equipo de estrellas incluye <strong>Tatsuya Yoshihara<\/strong>director de \u201cBlack Clover\u201d, <strong>Yuki Hayashi<\/strong>compositor de \u201cMy Hero Academia\u201d, <strong>Investigaci\u00f3n de ping\u00fcinos<\/strong> a trav\u00e9s de Sony para el tema de apertura, y <strong>Sayaka Ono<\/strong>Animador veterano de Sunrise, responsable del dise\u00f1o de personajes. <\/p>\n<ul>\n<li>\u00ab<em><strong>Y luego el d\u00fao original del manga est\u00e1 ayudando.<\/strong><\/em>\u00bb, a\u00f1adi\u00f3 Aoyama. \u00ab<em>Est\u00e1n totalmente preparados para apoyar al equipo de animaci\u00f3n. Fue entonces cuando se complet\u00f3 la estructura y el resto del equipo tom\u00f3 sus medidas despu\u00e9s. <strong>He estado diciendo &#039;El mejor equipo jam\u00e1s reunido&#039; como una especie de eslogan, pero realmente creo que ese es el caso de la serie.<\/strong><\/em>\u00bb.<\/li>\n<\/ul>\n<figure class=\"wp-block-image size-large\"><img loading=\"lazy\" decoding=\"async\" width=\"1024\" height=\"576\" src=\"http:\/\/animangeek.com\/wp-content\/uploads\/sites\/106\/2024\/07\/Wistoria-Wand-and-Sword-serao-os-melhores-da-temporada-dizem.png\" alt=\"\" class=\"wp-image-333606\"  \/><\/figure>\n<p><strong>Aoyama tambi\u00e9n coment\u00f3 sobre el potencial de \u201cWistoria: Wand and Sword\u201d para convertirse en el pr\u00f3ximo gran t\u00edtulo de fantas\u00eda tradicional.<\/strong>, rompiendo con la tendencia actual del anime isekai y de reencarnaci\u00f3n. La serie fue elogiada por su <strong>personaje principal carism\u00e1tico, Will Serfort<\/strong>de ellos <strong>emocionantes escenas de combate<\/strong>el <strong>actuaci\u00f3n de car\u00e1cter fuerte<\/strong>Y tu <strong>composici\u00f3n y fotograf\u00eda<\/strong>que hacen uso de <strong>Unreal Engine 5 para entornos CG<\/strong>. <\/p>\n<p>Esta tecnolog\u00eda, normalmente reservada a los videojuegos, est\u00e1 marcando una tendencia creciente en el anime. La serie de invierno de 2024, \u201c<strong>Me reencarn\u00e9 como el s\u00e9ptimo pr\u00edncipe.<\/strong>\u201cAtrajo la atenci\u00f3n en Jap\u00f3n por su uso, mientras que el siguiente anime\u201d<strong>Gundam: R\u00e9quiem por la venganza<\/strong>\u201dva un paso m\u00e1s all\u00e1 al animar toda la serie utilizando el motor.<\/p>\n<p>Actualmente calificado con 8.03 en MyAnimeList, \u201c<strong>Wistoria: Varita y espada<\/strong>\u201dse posiciona como la quinta serie mejor valorada de la temporada, detr\u00e1s de\u201c<strong>Oshi no Ko<\/strong>&quot;(8.33),&quot;<strong>Makeine:\u00a1Muchas hero\u00ednas perdidas!<\/strong>&quot;(8.15),&quot;<strong>Alya a veces oculta sus sentimientos en ruso.<\/strong>&quot;(8.15) y\u201c<strong>Fairy Tail: La misi\u00f3n de los 100 Nen<\/strong>&quot;(8.14).<\/p>\n<div class=\"wp-block-image\">\n<figure class=\"aligncenter size-full\"><img loading=\"lazy\" decoding=\"async\" width=\"1249\" height=\"564\" src=\"https:\/\/animangeek.com\/wp-content\/uploads\/2024\/07\/1721747982_972_Wistoria-Wand-and-Sword-serao-os-melhores-da-temporada-dizem.png\" alt=\"\" class=\"wp-image-333607\"  \/><\/figure>\n<\/div>\n<p>La sinopsis de \u201cWistoria: Varita y Espada\u201d nos presenta <strong>Will Serfort, un joven que sue\u00f1a con cumplir una promesa hecha a un amigo de la infancia al convertirse en un Magic Vander, uno de los poderosos magos que se sientan en la Torre de los Magos.<\/strong>. Sin embargo, Will no puede lanzar ni siquiera el hechizo m\u00e1s simple, lo que lo obliga a luchar contra monstruos en mazmorras para ganar cr\u00e9ditos en la Academia de Magia Regarden. Como si no fuera suficiente, deber\u00e1 poner a prueba sus habilidades con la espada contra un maestro intimidante.<\/p>\n<p><strong>\u201cWistoria: Wand and Sword\u201d es otro trabajo del talentoso Fujino Omori, creador de la mundialmente popular franquicia \u201cDanMachi\u201d. <\/strong>La serie no solo promete emoci\u00f3n y aventura, sino que tambi\u00e9n se propone ser una historia cautivadora que podr\u00eda establecer un nuevo est\u00e1ndar en el g\u00e9nero de fantas\u00eda tradicional.<\/p>\n<p>Fuente: <strong><a rel=\"nofollow noopener\" target=\"_blank\" href=\"https:\/\/animecorner.me\/interview-wistoria-wand-and-sword-anime-producer-and-manga-light-novel-editor\/\">Rinc\u00f3n del anime<\/a><\/strong><\/p>\n<\/div>\n<p><\/div>","protected":false},"excerpt":{"rendered":"<p>La temporada de verano de 2024 (julio-septiembre) trajo consigo una sorpresa inesperada en el mundo del anime: &quot;Wistoria: Wand and Sword&quot;. Esta serie, que ha cautivado a los fans, destaca por su excepcional equipo de producci\u00f3n, calificado como &quot;el mejor jam\u00e1s formado&quot; por el productor Katsuki Aoyama en una entrevista reciente. Katsuki Aoyama y el editor\u2026 <a class=\"more-link\" href=\"https:\/\/animangeek.com\/es\/wistoria-wand-and-sword-serao-os-melhores-da-temporada-dizem\/\">Sigue leyendo <span class=\"screen-reader-text\">Wistoria: Dicen que Wand and Sword ser\u00e1 lo mejor de la temporada<\/span><\/a><\/p>","protected":false},"author":0,"featured_media":14578,"comment_status":"open","ping_status":"open","sticky":false,"template":"","format":"standard","meta":{"footnotes":""},"categories":[5],"tags":[1715],"yoast_head":"<!-- This site is optimized with the Yoast SEO plugin v23.3 - https:\/\/yoast.com\/wordpress\/plugins\/seo\/ -->\n<title>Wistoria: Wand and Sword ser\u00e3o os melhores da temporada, dizem - Animan Geek<\/title>\n<meta name=\"robots\" content=\"index, follow, max-snippet:-1, max-image-preview:large, max-video-preview:-1\" \/>\n<link rel=\"canonical\" href=\"https:\/\/animangeek.com\/es\/wistoria-wand-and-sword-serao-os-melhores-da-temporada-dizem\/\" \/>\n<meta property=\"og:locale\" content=\"es_MX\" \/>\n<meta property=\"og:type\" content=\"article\" \/>\n<meta property=\"og:title\" content=\"Wistoria: Wand and Sword ser\u00e3o os melhores da temporada, dizem - Animan Geek\" \/>\n<meta property=\"og:description\" content=\"A temporada de Ver\u00e3o de 2024 (julho a setembro) trouxe consigo uma surpresa inesperada no mundo do anime: \u201cWistoria: Varinha e Espada\u201d. Esta s\u00e9rie, que tem captado a aten\u00e7\u00e3o dos f\u00e3s, distingue-se pela sua equipe de produ\u00e7\u00e3o excepcionalclassificado como \u201co melhor j\u00e1 montado\u201d pela produtora Katsuki Aoyama em uma entrevista recente. Katsuki Aoyama e editor&hellip; Continue reading Wistoria: Wand and Sword ser\u00e3o os melhores da temporada, dizem\" \/>\n<meta property=\"og:url\" content=\"https:\/\/animangeek.com\/es\/wistoria-wand-and-sword-serao-os-melhores-da-temporada-dizem\/\" \/>\n<meta property=\"og:site_name\" content=\"Animan Geek\" \/>\n<meta property=\"article:published_time\" content=\"2024-07-23T15:19:42+00:00\" \/>\n<meta property=\"og:image\" content=\"https:\/\/animangeek.com\/wp-content\/uploads\/sites\/106\/2024\/07\/Wistoria-Wand-and-Sword-serao-os-melhores-da-temporada-dizem.jpg\" \/>\n\t<meta property=\"og:image:width\" content=\"1920\" \/>\n\t<meta property=\"og:image:height\" content=\"1080\" \/>\n\t<meta property=\"og:image:type\" content=\"image\/jpeg\" \/>\n<meta name=\"twitter:card\" content=\"summary_large_image\" \/>\n<meta name=\"twitter:label1\" content=\"Est. reading time\" \/>\n\t<meta name=\"twitter:data1\" content=\"3 minutos\" \/>\n<script type=\"application\/ld+json\" class=\"yoast-schema-graph\">{\"@context\":\"https:\/\/schema.org\",\"@graph\":[{\"@type\":\"WebPage\",\"@id\":\"https:\/\/animangeek.com\/wistoria-wand-and-sword-serao-os-melhores-da-temporada-dizem\/\",\"url\":\"https:\/\/animangeek.com\/wistoria-wand-and-sword-serao-os-melhores-da-temporada-dizem\/\",\"name\":\"Wistoria: Wand and Sword ser\u00e3o os melhores da temporada, dizem - Animan Geek\",\"isPartOf\":{\"@id\":\"https:\/\/animangeek.com\/#website\"},\"primaryImageOfPage\":{\"@id\":\"https:\/\/animangeek.com\/wistoria-wand-and-sword-serao-os-melhores-da-temporada-dizem\/#primaryimage\"},\"image\":{\"@id\":\"https:\/\/animangeek.com\/wistoria-wand-and-sword-serao-os-melhores-da-temporada-dizem\/#primaryimage\"},\"thumbnailUrl\":\"https:\/\/animangeek.com\/wp-content\/uploads\/sites\/106\/2024\/07\/Wistoria-Wand-and-Sword-serao-os-melhores-da-temporada-dizem.jpg\",\"datePublished\":\"2024-07-23T15:19:42+00:00\",\"dateModified\":\"2024-07-23T15:19:42+00:00\",\"author\":{\"@id\":\"\"},\"breadcrumb\":{\"@id\":\"https:\/\/animangeek.com\/wistoria-wand-and-sword-serao-os-melhores-da-temporada-dizem\/#breadcrumb\"},\"inLanguage\":\"es-MX\",\"potentialAction\":[{\"@type\":\"ReadAction\",\"target\":[\"https:\/\/animangeek.com\/wistoria-wand-and-sword-serao-os-melhores-da-temporada-dizem\/\"]}]},{\"@type\":\"ImageObject\",\"inLanguage\":\"es-MX\",\"@id\":\"https:\/\/animangeek.com\/wistoria-wand-and-sword-serao-os-melhores-da-temporada-dizem\/#primaryimage\",\"url\":\"https:\/\/animangeek.com\/wp-content\/uploads\/sites\/106\/2024\/07\/Wistoria-Wand-and-Sword-serao-os-melhores-da-temporada-dizem.jpg\",\"contentUrl\":\"https:\/\/animangeek.com\/wp-content\/uploads\/sites\/106\/2024\/07\/Wistoria-Wand-and-Sword-serao-os-melhores-da-temporada-dizem.jpg\",\"width\":1920,\"height\":1080},{\"@type\":\"BreadcrumbList\",\"@id\":\"https:\/\/animangeek.com\/wistoria-wand-and-sword-serao-os-melhores-da-temporada-dizem\/#breadcrumb\",\"itemListElement\":[{\"@type\":\"ListItem\",\"position\":1,\"name\":\"Home\",\"item\":\"https:\/\/animangeek.com\/\"},{\"@type\":\"ListItem\",\"position\":2,\"name\":\"Wistoria: Wand and Sword ser\u00e3o os melhores da temporada, dizem\"}]},{\"@type\":\"WebSite\",\"@id\":\"https:\/\/animangeek.com\/#website\",\"url\":\"https:\/\/animangeek.com\/\",\"name\":\"Animan Geek\",\"description\":\"\",\"potentialAction\":[{\"@type\":\"SearchAction\",\"target\":{\"@type\":\"EntryPoint\",\"urlTemplate\":\"https:\/\/animangeek.com\/?s={search_term_string}\"},\"query-input\":\"required name=search_term_string\"}],\"inLanguage\":\"es-MX\"}]}<\/script>\n<!-- \/ Yoast SEO plugin. -->","yoast_head_json":{"title":"Wistoria: Wand and Sword ser\u00e3o os melhores da temporada, dizem - Animan Geek","robots":{"index":"index","follow":"follow","max-snippet":"max-snippet:-1","max-image-preview":"max-image-preview:large","max-video-preview":"max-video-preview:-1"},"canonical":"https:\/\/animangeek.com\/es\/wistoria-wand-and-sword-serao-os-melhores-da-temporada-dizem\/","og_locale":"es_MX","og_type":"article","og_title":"Wistoria: Wand and Sword ser\u00e3o os melhores da temporada, dizem - Animan Geek","og_description":"A temporada de Ver\u00e3o de 2024 (julho a setembro) trouxe consigo uma surpresa inesperada no mundo do anime: \u201cWistoria: Varinha e Espada\u201d. Esta s\u00e9rie, que tem captado a aten\u00e7\u00e3o dos f\u00e3s, distingue-se pela sua equipe de produ\u00e7\u00e3o excepcionalclassificado como \u201co melhor j\u00e1 montado\u201d pela produtora Katsuki Aoyama em uma entrevista recente. Katsuki Aoyama e editor&hellip; Continue reading Wistoria: Wand and Sword ser\u00e3o os melhores da temporada, dizem","og_url":"https:\/\/animangeek.com\/es\/wistoria-wand-and-sword-serao-os-melhores-da-temporada-dizem\/","og_site_name":"Animan Geek","article_published_time":"2024-07-23T15:19:42+00:00","og_image":[{"width":1920,"height":1080,"url":"https:\/\/animangeek.com\/wp-content\/uploads\/sites\/106\/2024\/07\/Wistoria-Wand-and-Sword-serao-os-melhores-da-temporada-dizem.jpg","type":"image\/jpeg"}],"twitter_card":"summary_large_image","twitter_misc":{"Est. reading time":"3 minutos"},"schema":{"@context":"https:\/\/schema.org","@graph":[{"@type":"WebPage","@id":"https:\/\/animangeek.com\/wistoria-wand-and-sword-serao-os-melhores-da-temporada-dizem\/","url":"https:\/\/animangeek.com\/wistoria-wand-and-sword-serao-os-melhores-da-temporada-dizem\/","name":"Wistoria: Wand and Sword ser\u00e3o os melhores da temporada, dizem - Animan Geek","isPartOf":{"@id":"https:\/\/animangeek.com\/#website"},"primaryImageOfPage":{"@id":"https:\/\/animangeek.com\/wistoria-wand-and-sword-serao-os-melhores-da-temporada-dizem\/#primaryimage"},"image":{"@id":"https:\/\/animangeek.com\/wistoria-wand-and-sword-serao-os-melhores-da-temporada-dizem\/#primaryimage"},"thumbnailUrl":"https:\/\/animangeek.com\/wp-content\/uploads\/sites\/106\/2024\/07\/Wistoria-Wand-and-Sword-serao-os-melhores-da-temporada-dizem.jpg","datePublished":"2024-07-23T15:19:42+00:00","dateModified":"2024-07-23T15:19:42+00:00","author":{"@id":""},"breadcrumb":{"@id":"https:\/\/animangeek.com\/wistoria-wand-and-sword-serao-os-melhores-da-temporada-dizem\/#breadcrumb"},"inLanguage":"es-MX","potentialAction":[{"@type":"ReadAction","target":["https:\/\/animangeek.com\/wistoria-wand-and-sword-serao-os-melhores-da-temporada-dizem\/"]}]},{"@type":"ImageObject","inLanguage":"es-MX","@id":"https:\/\/animangeek.com\/wistoria-wand-and-sword-serao-os-melhores-da-temporada-dizem\/#primaryimage","url":"https:\/\/animangeek.com\/wp-content\/uploads\/sites\/106\/2024\/07\/Wistoria-Wand-and-Sword-serao-os-melhores-da-temporada-dizem.jpg","contentUrl":"https:\/\/animangeek.com\/wp-content\/uploads\/sites\/106\/2024\/07\/Wistoria-Wand-and-Sword-serao-os-melhores-da-temporada-dizem.jpg","width":1920,"height":1080},{"@type":"BreadcrumbList","@id":"https:\/\/animangeek.com\/wistoria-wand-and-sword-serao-os-melhores-da-temporada-dizem\/#breadcrumb","itemListElement":[{"@type":"ListItem","position":1,"name":"Home","item":"https:\/\/animangeek.com\/"},{"@type":"ListItem","position":2,"name":"Wistoria: Wand and Sword ser\u00e3o os melhores da temporada, dizem"}]},{"@type":"WebSite","@id":"https:\/\/animangeek.com\/#website","url":"https:\/\/animangeek.com\/","name":"Animan Geek","description":"","potentialAction":[{"@type":"SearchAction","target":{"@type":"EntryPoint","urlTemplate":"https:\/\/animangeek.com\/?s={search_term_string}"},"query-input":"required name=search_term_string"}],"inLanguage":"es-MX"}]}},"_links":{"self":[{"href":"https:\/\/animangeek.com\/es\/wp-json\/wp\/v2\/posts\/14576"}],"collection":[{"href":"https:\/\/animangeek.com\/es\/wp-json\/wp\/v2\/posts"}],"about":[{"href":"https:\/\/animangeek.com\/es\/wp-json\/wp\/v2\/types\/post"}],"replies":[{"embeddable":true,"href":"https:\/\/animangeek.com\/es\/wp-json\/wp\/v2\/comments?post=14576"}],"version-history":[{"count":0,"href":"https:\/\/animangeek.com\/es\/wp-json\/wp\/v2\/posts\/14576\/revisions"}],"wp:featuredmedia":[{"embeddable":true,"href":"https:\/\/animangeek.com\/es\/wp-json\/wp\/v2\/media\/14578"}],"wp:attachment":[{"href":"https:\/\/animangeek.com\/es\/wp-json\/wp\/v2\/media?parent=14576"}],"wp:term":[{"taxonomy":"category","embeddable":true,"href":"https:\/\/animangeek.com\/es\/wp-json\/wp\/v2\/categories?post=14576"},{"taxonomy":"post_tag","embeddable":true,"href":"https:\/\/animangeek.com\/es\/wp-json\/wp\/v2\/tags?post=14576"}],"curies":[{"name":"wp","href":"https:\/\/api.w.org\/{rel}","templated":true}]}}