{"id":15462,"date":"2024-08-01T11:43:51","date_gmt":"2024-08-01T14:43:51","guid":{"rendered":"https:\/\/animangeek.com\/um-velho-se-torna-um-waifu-em-akuyaku-reijou-tensei-oji-san\/"},"modified":"2024-08-01T11:43:51","modified_gmt":"2024-08-01T14:43:51","slug":"um-velho-se-torna-um-waifu-em-akuyaku-reijou-tensei-oji-san","status":"publish","type":"post","link":"https:\/\/animangeek.com\/es\/um-velho-se-torna-um-waifu-em-akuyaku-reijou-tensei-oji-san\/","title":{"rendered":"Un anciano se convierte en una waifu en Akuyaku Reijou Tensei Oji-san"},"content":{"rendered":"<div class=\"mx-5 sm:mx-0 prose text-left mb-5\"><\/p>\n<div>\n<p>En el sitio web oficial de la adaptaci\u00f3n al anime del manga escrito e ilustrado por <strong>Michir\u00f6 Ueyama<\/strong>&quot;<strong>Akuyaku Reijou Tensei Oji-san<\/strong> (<em>El anciano reencarn\u00f3 como villano.<\/em>)\u201d, se revel\u00f3 un nuevo video promocional del proyecto. El video lo confirma. <strong>El estreno est\u00e1 previsto para el periodo invierno-2025 (enero-marzo).<\/strong>y enumera los detalles de producci\u00f3n y el elenco de voces.<\/p>\n<p><iframe loading=\"lazy\" title=\"Programas de TV Lo mejor de lo mejor PV\uff5c15\/10\/2025\" width=\"500\" height=\"281\" src=\"https:\/\/www.youtube.com\/embed\/c69-nnnAfU4?feature=oembed\" frameborder=\"0\" allow=\"accelerometer; autoplay; clipboard-write; encrypted-media; gyroscope; picture-in-picture; web-share\" referrerpolicy=\"strict-origin-when-cross-origin\" allowfullscreen><\/iframe><\/p>\n<p>Por su parte, <strong>Michir\u00f6 Ueyama<\/strong> El manga comenz\u00f3 a publicarse a trav\u00e9s de la revista <strong>Youngking Monthly Nuestro GH<\/strong> del editor <strong>Shonengahosha<\/strong> en marzo de 2020, donde todav\u00eda se encuentra en serializaci\u00f3n. Anteriormente escribi\u00f3 otras obras como \u201c<strong>Edad &#039;87<\/strong>\u201c,\u201c<strong>Ciudad de combate de Tsumanuda<\/strong>&quot;, y &quot;<strong>Kijuushin Seiki Zoides<\/strong>\u201c.<\/p>\n<h3 class=\"wp-block-heading\"><strong>Reparto de voces<\/strong><\/h3>\n<ul>\n<li><strong>Kazuhiko Inoue<\/strong> como Kenzaburo Tondabayashi.<\/li>\n<li><strong>Mao Ichimichi<\/strong> como Grace Auvergne.<\/li>\n<\/ul>\n<h3 class=\"wp-block-heading\"><strong>Equipo de producci\u00f3n<\/strong><\/h3>\n<ul>\n<li><strong>Tetsuya Takeuchi<\/strong> (<em>Sword Art Online II, Lycoris Recoil, Tengoku Daimakyou<\/em>) se encarga de dirigir el anime en los estudios <strong>Ajia-do<\/strong>.<\/li>\n<li><strong>Shingo Irie<\/strong> (<em>\u00a1Shoumetsu Toshi, Hakata Mentai! Pirikarako-chan<\/em>) es responsable de escribir y supervisar los guiones.<\/li>\n<li><strong>Haruka Matsunae<\/strong> (<em>El \u00faltimo maestro del aire: El \u00faltimo maestro del aire Temporada 3<\/em>) es responsable del dise\u00f1o de personajes y la direcci\u00f3n de animaci\u00f3n.<\/li>\n<li><strong>Kaho Sawada<\/strong>, <strong>Natsumi Tabuchi<\/strong>, <strong>Tsugumi Tanaka<\/strong>y <strong>Misaki Tsuchida<\/strong> Son los encargados de componer la banda sonora.<\/li>\n<\/ul>\n<div class=\"wp-block-image\">\n<figure class=\"aligncenter size-full\"><img loading=\"lazy\" decoding=\"async\" width=\"1060\" height=\"1500\" src=\"https:\/\/animangeek.com\/wp-content\/uploads\/2024\/08\/Um-velho-se-torna-um-waifu-em-Akuyaku-Reijou-Tensei.jpg\" alt=\"\" class=\"wp-image-334061\"  \/><\/figure>\n<\/div>\n<h3 class=\"wp-block-heading\"><strong>Sinopsis de Akuyaku Reijou Tensei Oji-san<\/strong><\/h3>\n<p><em>En su vida anterior, en el Jap\u00f3n moderno, ella era Kenzaburou Tondabayashi, una funcionaria de 52 a\u00f1os\u2026 \u00a1y ahora es la villana! Renacido como Grace Auvergne, la villana de pelo largo de un juego otome al que sol\u00eda jugar su hija, Kenzaburou est\u00e1 bastante confundido. Por la poca informaci\u00f3n que tiene, Kenzaburou sabe que se supone que ella es una noble arrogante, pero el anciano disciplinado es simplemente incapaz de actuar de esa manera. Su aura tranquila y gentil lo lleva a hacerse amigo de la hero\u00edna y a ganarse a\u00fan m\u00e1s el aprecio del cuerpo estudiantil como el colmo de la elegancia. Mientras intenta seguir el ritmo de la historia, Kenzaburou tendr\u00e1 que recurrir a sus a\u00f1os de experiencia profesional, sus perfectos modales japoneses y la moral de su familia para encajar entre sus compa\u00f1eros.<\/em><\/p>\n<p>Fuente: <strong><a rel=\"nofollow noopener\" target=\"_blank\" href=\"https:\/\/natalie.mu\/comic\/news\/584735\">Natalie en los c\u00f3mics<\/a><\/strong><\/p>\n<p>(c) La Gran Muralla China MBS<\/p>\n<\/div>\n<p><\/div>","protected":false},"excerpt":{"rendered":"<p>El sitio web oficial de la adaptaci\u00f3n al anime del manga de Michiro Ueyama, &quot;Akuyaku Reijou Tensei Oji-san (El Viejo Reencarnado en Villano)&quot;, ha revelado un nuevo video promocional del proyecto. El video confirma que el estreno est\u00e1 programado para el invierno de 2025 (enero-marzo) y detalla los detalles de la producci\u00f3n y el reparto de voces. Para su\u2026 <a class=\"more-link\" href=\"https:\/\/animangeek.com\/es\/um-velho-se-torna-um-waifu-em-akuyaku-reijou-tensei-oji-san\/\">Sigue leyendo <span class=\"screen-reader-text\">Un anciano se convierte en una waifu en Akuyaku Reijou Tensei Oji-san<\/span><\/a><\/p>","protected":false},"author":0,"featured_media":15464,"comment_status":"open","ping_status":"open","sticky":false,"template":"","format":"standard","meta":{"footnotes":""},"categories":[3],"tags":[67,75,1160,1442],"yoast_head":"<!-- This site is optimized with the Yoast SEO plugin v23.3 - https:\/\/yoast.com\/wordpress\/plugins\/seo\/ -->\n<title>Um velho se torna um waifu em Akuyaku Reijou Tensei Oji-san - Animan Geek<\/title>\n<meta name=\"robots\" content=\"index, follow, max-snippet:-1, max-image-preview:large, max-video-preview:-1\" \/>\n<link rel=\"canonical\" href=\"https:\/\/animangeek.com\/es\/um-velho-se-torna-um-waifu-em-akuyaku-reijou-tensei-oji-san\/\" \/>\n<meta property=\"og:locale\" content=\"es_MX\" \/>\n<meta property=\"og:type\" content=\"article\" \/>\n<meta property=\"og:title\" content=\"Um velho se torna um waifu em Akuyaku Reijou Tensei Oji-san - Animan Geek\" \/>\n<meta property=\"og:description\" content=\"No site oficial da adapta\u00e7\u00e3o para anime do mang\u00e1 escrito e ilustrado por Michiro Ueyama\u201cAkuyaku Reijou Tensei Oji-san (O velho reencarnou como uma vil\u00e3)\u201d, foi revelado um novo v\u00eddeo promocional do projeto. O v\u00eddeo confirma isso A estreia est\u00e1 prevista para o per\u00edodo inverno-2025 (janeiro-mar\u00e7o)e lista detalhes de produ\u00e7\u00e3o e elenco de voz. Por sua&hellip; Continue reading Um velho se torna um waifu em Akuyaku Reijou Tensei Oji-san\" \/>\n<meta property=\"og:url\" content=\"https:\/\/animangeek.com\/es\/um-velho-se-torna-um-waifu-em-akuyaku-reijou-tensei-oji-san\/\" \/>\n<meta property=\"og:site_name\" content=\"Animan Geek\" \/>\n<meta property=\"article:published_time\" content=\"2024-08-01T14:43:51+00:00\" \/>\n<meta property=\"og:image\" content=\"https:\/\/animangeek.com\/wp-content\/uploads\/sites\/106\/2024\/08\/1722523432_Um-velho-se-torna-um-waifu-em-Akuyaku-Reijou-Tensei.jpg\" \/>\n\t<meta property=\"og:image:width\" content=\"1920\" \/>\n\t<meta property=\"og:image:height\" content=\"1080\" \/>\n\t<meta property=\"og:image:type\" content=\"image\/jpeg\" \/>\n<meta name=\"twitter:card\" content=\"summary_large_image\" \/>\n<meta name=\"twitter:label1\" content=\"Est. reading time\" \/>\n\t<meta name=\"twitter:data1\" content=\"2 minutos\" \/>\n<script type=\"application\/ld+json\" class=\"yoast-schema-graph\">{\"@context\":\"https:\/\/schema.org\",\"@graph\":[{\"@type\":\"WebPage\",\"@id\":\"https:\/\/animangeek.com\/um-velho-se-torna-um-waifu-em-akuyaku-reijou-tensei-oji-san\/\",\"url\":\"https:\/\/animangeek.com\/um-velho-se-torna-um-waifu-em-akuyaku-reijou-tensei-oji-san\/\",\"name\":\"Um velho se torna um waifu em Akuyaku Reijou Tensei Oji-san - Animan Geek\",\"isPartOf\":{\"@id\":\"https:\/\/animangeek.com\/#website\"},\"primaryImageOfPage\":{\"@id\":\"https:\/\/animangeek.com\/um-velho-se-torna-um-waifu-em-akuyaku-reijou-tensei-oji-san\/#primaryimage\"},\"image\":{\"@id\":\"https:\/\/animangeek.com\/um-velho-se-torna-um-waifu-em-akuyaku-reijou-tensei-oji-san\/#primaryimage\"},\"thumbnailUrl\":\"https:\/\/animangeek.com\/wp-content\/uploads\/sites\/106\/2024\/08\/1722523432_Um-velho-se-torna-um-waifu-em-Akuyaku-Reijou-Tensei.jpg\",\"datePublished\":\"2024-08-01T14:43:51+00:00\",\"dateModified\":\"2024-08-01T14:43:51+00:00\",\"author\":{\"@id\":\"\"},\"breadcrumb\":{\"@id\":\"https:\/\/animangeek.com\/um-velho-se-torna-um-waifu-em-akuyaku-reijou-tensei-oji-san\/#breadcrumb\"},\"inLanguage\":\"es-MX\",\"potentialAction\":[{\"@type\":\"ReadAction\",\"target\":[\"https:\/\/animangeek.com\/um-velho-se-torna-um-waifu-em-akuyaku-reijou-tensei-oji-san\/\"]}]},{\"@type\":\"ImageObject\",\"inLanguage\":\"es-MX\",\"@id\":\"https:\/\/animangeek.com\/um-velho-se-torna-um-waifu-em-akuyaku-reijou-tensei-oji-san\/#primaryimage\",\"url\":\"https:\/\/animangeek.com\/wp-content\/uploads\/sites\/106\/2024\/08\/1722523432_Um-velho-se-torna-um-waifu-em-Akuyaku-Reijou-Tensei.jpg\",\"contentUrl\":\"https:\/\/animangeek.com\/wp-content\/uploads\/sites\/106\/2024\/08\/1722523432_Um-velho-se-torna-um-waifu-em-Akuyaku-Reijou-Tensei.jpg\",\"width\":1920,\"height\":1080},{\"@type\":\"BreadcrumbList\",\"@id\":\"https:\/\/animangeek.com\/um-velho-se-torna-um-waifu-em-akuyaku-reijou-tensei-oji-san\/#breadcrumb\",\"itemListElement\":[{\"@type\":\"ListItem\",\"position\":1,\"name\":\"Home\",\"item\":\"https:\/\/animangeek.com\/\"},{\"@type\":\"ListItem\",\"position\":2,\"name\":\"Um velho se torna um waifu em Akuyaku Reijou Tensei Oji-san\"}]},{\"@type\":\"WebSite\",\"@id\":\"https:\/\/animangeek.com\/#website\",\"url\":\"https:\/\/animangeek.com\/\",\"name\":\"Animan Geek\",\"description\":\"\",\"potentialAction\":[{\"@type\":\"SearchAction\",\"target\":{\"@type\":\"EntryPoint\",\"urlTemplate\":\"https:\/\/animangeek.com\/?s={search_term_string}\"},\"query-input\":\"required name=search_term_string\"}],\"inLanguage\":\"es-MX\"}]}<\/script>\n<!-- \/ Yoast SEO plugin. -->","yoast_head_json":{"title":"Um velho se torna um waifu em Akuyaku Reijou Tensei Oji-san - Animan Geek","robots":{"index":"index","follow":"follow","max-snippet":"max-snippet:-1","max-image-preview":"max-image-preview:large","max-video-preview":"max-video-preview:-1"},"canonical":"https:\/\/animangeek.com\/es\/um-velho-se-torna-um-waifu-em-akuyaku-reijou-tensei-oji-san\/","og_locale":"es_MX","og_type":"article","og_title":"Um velho se torna um waifu em Akuyaku Reijou Tensei Oji-san - Animan Geek","og_description":"No site oficial da adapta\u00e7\u00e3o para anime do mang\u00e1 escrito e ilustrado por Michiro Ueyama\u201cAkuyaku Reijou Tensei Oji-san (O velho reencarnou como uma vil\u00e3)\u201d, foi revelado um novo v\u00eddeo promocional do projeto. O v\u00eddeo confirma isso A estreia est\u00e1 prevista para o per\u00edodo inverno-2025 (janeiro-mar\u00e7o)e lista detalhes de produ\u00e7\u00e3o e elenco de voz. Por sua&hellip; Continue reading Um velho se torna um waifu em Akuyaku Reijou Tensei Oji-san","og_url":"https:\/\/animangeek.com\/es\/um-velho-se-torna-um-waifu-em-akuyaku-reijou-tensei-oji-san\/","og_site_name":"Animan Geek","article_published_time":"2024-08-01T14:43:51+00:00","og_image":[{"width":1920,"height":1080,"url":"https:\/\/animangeek.com\/wp-content\/uploads\/sites\/106\/2024\/08\/1722523432_Um-velho-se-torna-um-waifu-em-Akuyaku-Reijou-Tensei.jpg","type":"image\/jpeg"}],"twitter_card":"summary_large_image","twitter_misc":{"Est. reading time":"2 minutos"},"schema":{"@context":"https:\/\/schema.org","@graph":[{"@type":"WebPage","@id":"https:\/\/animangeek.com\/um-velho-se-torna-um-waifu-em-akuyaku-reijou-tensei-oji-san\/","url":"https:\/\/animangeek.com\/um-velho-se-torna-um-waifu-em-akuyaku-reijou-tensei-oji-san\/","name":"Um velho se torna um waifu em Akuyaku Reijou Tensei Oji-san - Animan Geek","isPartOf":{"@id":"https:\/\/animangeek.com\/#website"},"primaryImageOfPage":{"@id":"https:\/\/animangeek.com\/um-velho-se-torna-um-waifu-em-akuyaku-reijou-tensei-oji-san\/#primaryimage"},"image":{"@id":"https:\/\/animangeek.com\/um-velho-se-torna-um-waifu-em-akuyaku-reijou-tensei-oji-san\/#primaryimage"},"thumbnailUrl":"https:\/\/animangeek.com\/wp-content\/uploads\/sites\/106\/2024\/08\/1722523432_Um-velho-se-torna-um-waifu-em-Akuyaku-Reijou-Tensei.jpg","datePublished":"2024-08-01T14:43:51+00:00","dateModified":"2024-08-01T14:43:51+00:00","author":{"@id":""},"breadcrumb":{"@id":"https:\/\/animangeek.com\/um-velho-se-torna-um-waifu-em-akuyaku-reijou-tensei-oji-san\/#breadcrumb"},"inLanguage":"es-MX","potentialAction":[{"@type":"ReadAction","target":["https:\/\/animangeek.com\/um-velho-se-torna-um-waifu-em-akuyaku-reijou-tensei-oji-san\/"]}]},{"@type":"ImageObject","inLanguage":"es-MX","@id":"https:\/\/animangeek.com\/um-velho-se-torna-um-waifu-em-akuyaku-reijou-tensei-oji-san\/#primaryimage","url":"https:\/\/animangeek.com\/wp-content\/uploads\/sites\/106\/2024\/08\/1722523432_Um-velho-se-torna-um-waifu-em-Akuyaku-Reijou-Tensei.jpg","contentUrl":"https:\/\/animangeek.com\/wp-content\/uploads\/sites\/106\/2024\/08\/1722523432_Um-velho-se-torna-um-waifu-em-Akuyaku-Reijou-Tensei.jpg","width":1920,"height":1080},{"@type":"BreadcrumbList","@id":"https:\/\/animangeek.com\/um-velho-se-torna-um-waifu-em-akuyaku-reijou-tensei-oji-san\/#breadcrumb","itemListElement":[{"@type":"ListItem","position":1,"name":"Home","item":"https:\/\/animangeek.com\/"},{"@type":"ListItem","position":2,"name":"Um velho se torna um waifu em Akuyaku Reijou Tensei Oji-san"}]},{"@type":"WebSite","@id":"https:\/\/animangeek.com\/#website","url":"https:\/\/animangeek.com\/","name":"Animan Geek","description":"","potentialAction":[{"@type":"SearchAction","target":{"@type":"EntryPoint","urlTemplate":"https:\/\/animangeek.com\/?s={search_term_string}"},"query-input":"required name=search_term_string"}],"inLanguage":"es-MX"}]}},"_links":{"self":[{"href":"https:\/\/animangeek.com\/es\/wp-json\/wp\/v2\/posts\/15462"}],"collection":[{"href":"https:\/\/animangeek.com\/es\/wp-json\/wp\/v2\/posts"}],"about":[{"href":"https:\/\/animangeek.com\/es\/wp-json\/wp\/v2\/types\/post"}],"replies":[{"embeddable":true,"href":"https:\/\/animangeek.com\/es\/wp-json\/wp\/v2\/comments?post=15462"}],"version-history":[{"count":0,"href":"https:\/\/animangeek.com\/es\/wp-json\/wp\/v2\/posts\/15462\/revisions"}],"wp:featuredmedia":[{"embeddable":true,"href":"https:\/\/animangeek.com\/es\/wp-json\/wp\/v2\/media\/15464"}],"wp:attachment":[{"href":"https:\/\/animangeek.com\/es\/wp-json\/wp\/v2\/media?parent=15462"}],"wp:term":[{"taxonomy":"category","embeddable":true,"href":"https:\/\/animangeek.com\/es\/wp-json\/wp\/v2\/categories?post=15462"},{"taxonomy":"post_tag","embeddable":true,"href":"https:\/\/animangeek.com\/es\/wp-json\/wp\/v2\/tags?post=15462"}],"curies":[{"name":"wp","href":"https:\/\/api.w.org\/{rel}","templated":true}]}}