{"id":16256,"date":"2024-08-07T16:06:37","date_gmt":"2024-08-07T19:06:37","guid":{"rendered":"https:\/\/animangeek.com\/zero-sofre-vazamento-de-sua-terceira-temporada\/"},"modified":"2024-08-07T16:06:37","modified_gmt":"2024-08-07T19:06:37","slug":"zero-sofre-vazamento-de-sua-terceira-temporada","status":"publish","type":"post","link":"https:\/\/animangeek.com\/es\/zero-sofre-vazamento-de-sua-terceira-temporada\/","title":{"rendered":"Zero sufre filtraci\u00f3n de su tercera temporada"},"content":{"rendered":"<div class=\"mx-5 sm:mx-0 prose text-left mb-5\">\n<div itemprop=\"articleBody\">\n<p>La adaptaci\u00f3n al anime de la novela ligera \u00ab<strong>Re:Zero kara Hajimeru Isekai Seikatsu<\/strong>\u00bb (<strong>Re: Zero \u2013 Comenzando una vida en otro mundo<\/strong>) ha sido tema de conversaci\u00f3n en diversas plataformas, foros y redes sociales de internet en las \u00faltimas horas, y es que parece que se ha filtrado el primer episodio de la esperad\u00edsima tercera temporada. Seg\u00fan el informe, algo a destacar es que esta filtraci\u00f3n lleva una marca de agua del evento \u00ab<strong>Expo Jap\u00f3n 2024<\/strong>\u00ab, que tuvo lugar en Francia del 11 al 14 de julio.<\/p>\n<h3 class=\"wp-block-heading has-text-align-center\">Se filtr\u00f3 el primer episodio de la temporada 3 de Re:Zero<\/h3>\n<div class=\"wp-block-image\">\n<figure class=\"aligncenter size-full\"><noscript><img loading=\"lazy\" decoding=\"async\" width=\"1280\" height=\"720\" src=\"https:\/\/animangeek.com\/wp-content\/uploads\/2024\/08\/Re-Zero-Emilia-min-2.webp.webp\" alt=\"Re: Zero sofre vazamento de sua terceira temporada\" class=\"wp-image-401697\" title=\"Re: Filtraciones de la temporada 3 de Zero 2\"  \/><\/noscript><img loading=\"lazy\" decoding=\"async\" width=\"1280\" height=\"720\" src=\"https:\/\/animangeek.com\/wp-content\/uploads\/2024\/08\/Re-Zero-Emilia-min-2.webp.webp\" alt=\"Re: Zero sofre vazamento de sua terceira temporada\" class=\"lazyload wp-image-401697\" title=\"Re: Filtraciones de la temporada 3 de Zero 2\"  data-><\/figure>\n<\/div>\n<p>Otro punto a mencionar es que en estos eventos est\u00e1 completamente prohibido grabar o captar lo que se muestra en las proyecciones del evento, por lo que este caso es una sorpresa debido a las estrictas reglas que el comit\u00e9 de producci\u00f3n de la serie impone a los organizadores con este tipo de. situaciones.<\/p>\n<p>Recordemos que la tercera temporada del anime <a rel=\"nofollow noopener\" target=\"_blank\" href=\"https:\/\/x.com\/rezero_official?lang=es\"><strong>Re:Zero kara Hajimeru Isekai Seikatsu<\/strong> <\/a>tiene previsto su estreno en Jap\u00f3n durante el mes de octubre de este a\u00f1o y el estudio de animaci\u00f3n <strong>zorro blanco<\/strong> Nos encargaremos de su producci\u00f3n. Anteriormente los medios oficiales del anime confirmaron que el primer episodio de la nueva edici\u00f3n de <strong>Re: Cero<\/strong> Durar\u00eda aproximadamente 90 minutos.<\/p>\n<div class=\"wp-block-image\">\n<figure class=\"aligncenter size-full\"><noscript><img loading=\"lazy\" decoding=\"async\" width=\"1500\" height=\"1974\" src=\"https:\/\/animangeek.com\/wp-content\/uploads\/2024\/08\/Re-Zero-Temporada-3-visual.webp.webp\" alt=\"Visual da 3\u00aa temporada de Re:Zero\" class=\"wp-image-358945\" title=\"Re: Filtraciones de la temporada 3 de Zero\"  \/><\/noscript><img loading=\"lazy\" decoding=\"async\" width=\"1500\" height=\"1974\" src=\"https:\/\/animangeek.com\/wp-content\/uploads\/2024\/08\/Re-Zero-Temporada-3-visual.webp.webp\" alt=\"Visual da 3\u00aa temporada de Re:Zero\" class=\"lazyload wp-image-358945\" title=\"Re: Filtraciones de la temporada 3 de Zero\"  data-><\/figure>\n<\/div>\n<p><strong>Re:Zero kara Hajimeru Isekai Seikatsu<\/strong>conocido como <strong>Re: Cero<\/strong> y tambi\u00e9n como <strong>Re: Zero \u2013 Comenzando una vida en otro mundo<\/strong> En Occidente, es una novela ligera isekai que combina fantas\u00eda y suspenso. Esta obra fue escrita por <strong>Tappei Nagatsuki<\/strong> e ilustrado por <strong>Shinichiro Otsuka<\/strong> y comenz\u00f3 su publicaci\u00f3n en enero de 2014 en la tipograf\u00eda <strong>MF Bunko J<\/strong> del editor <strong>F\u00e1brica de medios<\/strong> y todav\u00eda est\u00e1 en serializaci\u00f3n.<\/p>\n<p>El 4 de abril de 2016 marc\u00f3 el estreno de la adaptaci\u00f3n al anime de <strong>Re: Cero<\/strong>, que consta de 2 temporadas con un total de 50 episodios, incluyendo especiales y 2 OVAs. El estudio de animaci\u00f3n <strong>zorro blanco<\/strong> Fue responsable de la producci\u00f3n de la serie, bajo la direcci\u00f3n de <strong>Masaharu Watanabe<\/strong>. La disponibilidad legal de la serie est\u00e1 en la plataforma. <strong>Rollo crujiente<\/strong>donde tambi\u00e9n cuenta con doblaje al espa\u00f1ol latino.<\/p>\n<p>\u00a9\u9577\u6708\u9054\u5e73\u30fb\u682a\u5f0f\u4f1a\u793eKADOKAWA\u520a\uff0fRe:\u30bc\u30ed\u304b\u3089\u59cb\u3081\u308b\u7570\u4e16\u754c\u751f\u6d3b3\u88fd\u4f5c\u59d4\u54e1\u4f1a<\/p>\n<\/div>\n<\/div>","protected":false},"excerpt":{"rendered":"<p>La adaptaci\u00f3n al anime de la novela ligera &quot;Re:Zero kara Hajimeru Isekai Seikatsu&quot; (Re:Zero \u2013 Starting Life in Another World) ha generado gran revuelo en diversas plataformas, foros y redes sociales en las \u00faltimas horas, y parece que se ha filtrado el primer episodio de la tan esperada tercera temporada. Seg\u00fan el informe\u2026 <a class=\"more-link\" href=\"https:\/\/animangeek.com\/es\/zero-sofre-vazamento-de-sua-terceira-temporada\/\">Sigue leyendo <span class=\"screen-reader-text\">Zero sufre filtraci\u00f3n de su tercera temporada<\/span><\/a><\/p>","protected":false},"author":0,"featured_media":16257,"comment_status":"open","ping_status":"open","sticky":false,"template":"","format":"standard","meta":{"footnotes":""},"categories":[5],"tags":[1308,1309,1312,1326],"yoast_head":"<!-- This site is optimized with the Yoast SEO plugin v23.3 - https:\/\/yoast.com\/wordpress\/plugins\/seo\/ -->\n<title>Zero sofre vazamento de sua terceira temporada - Animan Geek<\/title>\n<meta name=\"robots\" content=\"index, follow, max-snippet:-1, max-image-preview:large, max-video-preview:-1\" \/>\n<link rel=\"canonical\" href=\"https:\/\/animangeek.com\/es\/zero-sofre-vazamento-de-sua-terceira-temporada\/\" \/>\n<meta property=\"og:locale\" content=\"es_MX\" \/>\n<meta property=\"og:type\" content=\"article\" \/>\n<meta property=\"og:title\" content=\"Zero sofre vazamento de sua terceira temporada - Animan Geek\" \/>\n<meta property=\"og:description\" content=\"A adapta\u00e7\u00e3o para anime do romance leve \u00abRe:Zero kara Hajimeru Isekai Seikatsu\u00bb (Re: Zero &#8211; Come\u00e7ando a vida em outro mundo) tem dado o que falar em diversas plataformas, f\u00f3runs e redes sociais na internet nas \u00faltimas horas, e parece que vazou o primeiro epis\u00f3dio da t\u00e3o aguardada terceira temporada. De acordo com o relato&hellip; Continue reading Zero sofre vazamento de sua terceira temporada\" \/>\n<meta property=\"og:url\" content=\"https:\/\/animangeek.com\/es\/zero-sofre-vazamento-de-sua-terceira-temporada\/\" \/>\n<meta property=\"og:site_name\" content=\"Animan Geek\" \/>\n<meta property=\"article:published_time\" content=\"2024-08-07T19:06:37+00:00\" \/>\n<meta property=\"og:image\" content=\"https:\/\/animangeek.com\/wp-content\/uploads\/sites\/106\/2024\/08\/Zero-sofre-vazamento-de-sua-terceira-temporada.webp.webp\" \/>\n\t<meta property=\"og:image:width\" content=\"1280\" \/>\n\t<meta property=\"og:image:height\" content=\"720\" \/>\n\t<meta property=\"og:image:type\" content=\"image\/webp\" \/>\n<meta name=\"twitter:card\" content=\"summary_large_image\" \/>\n<meta name=\"twitter:label1\" content=\"Est. reading time\" \/>\n\t<meta name=\"twitter:data1\" content=\"2 minutos\" \/>\n<script type=\"application\/ld+json\" class=\"yoast-schema-graph\">{\"@context\":\"https:\/\/schema.org\",\"@graph\":[{\"@type\":\"WebPage\",\"@id\":\"https:\/\/animangeek.com\/zero-sofre-vazamento-de-sua-terceira-temporada\/\",\"url\":\"https:\/\/animangeek.com\/zero-sofre-vazamento-de-sua-terceira-temporada\/\",\"name\":\"Zero sofre vazamento de sua terceira temporada - Animan Geek\",\"isPartOf\":{\"@id\":\"https:\/\/animangeek.com\/#website\"},\"primaryImageOfPage\":{\"@id\":\"https:\/\/animangeek.com\/zero-sofre-vazamento-de-sua-terceira-temporada\/#primaryimage\"},\"image\":{\"@id\":\"https:\/\/animangeek.com\/zero-sofre-vazamento-de-sua-terceira-temporada\/#primaryimage\"},\"thumbnailUrl\":\"https:\/\/animangeek.com\/wp-content\/uploads\/sites\/106\/2024\/08\/Zero-sofre-vazamento-de-sua-terceira-temporada.webp.webp\",\"datePublished\":\"2024-08-07T19:06:37+00:00\",\"dateModified\":\"2024-08-07T19:06:37+00:00\",\"author\":{\"@id\":\"\"},\"breadcrumb\":{\"@id\":\"https:\/\/animangeek.com\/zero-sofre-vazamento-de-sua-terceira-temporada\/#breadcrumb\"},\"inLanguage\":\"es-MX\",\"potentialAction\":[{\"@type\":\"ReadAction\",\"target\":[\"https:\/\/animangeek.com\/zero-sofre-vazamento-de-sua-terceira-temporada\/\"]}]},{\"@type\":\"ImageObject\",\"inLanguage\":\"es-MX\",\"@id\":\"https:\/\/animangeek.com\/zero-sofre-vazamento-de-sua-terceira-temporada\/#primaryimage\",\"url\":\"https:\/\/animangeek.com\/wp-content\/uploads\/sites\/106\/2024\/08\/Zero-sofre-vazamento-de-sua-terceira-temporada.webp.webp\",\"contentUrl\":\"https:\/\/animangeek.com\/wp-content\/uploads\/sites\/106\/2024\/08\/Zero-sofre-vazamento-de-sua-terceira-temporada.webp.webp\",\"width\":1280,\"height\":720},{\"@type\":\"BreadcrumbList\",\"@id\":\"https:\/\/animangeek.com\/zero-sofre-vazamento-de-sua-terceira-temporada\/#breadcrumb\",\"itemListElement\":[{\"@type\":\"ListItem\",\"position\":1,\"name\":\"Home\",\"item\":\"https:\/\/animangeek.com\/\"},{\"@type\":\"ListItem\",\"position\":2,\"name\":\"Zero sofre vazamento de sua terceira temporada\"}]},{\"@type\":\"WebSite\",\"@id\":\"https:\/\/animangeek.com\/#website\",\"url\":\"https:\/\/animangeek.com\/\",\"name\":\"Animan Geek\",\"description\":\"\",\"potentialAction\":[{\"@type\":\"SearchAction\",\"target\":{\"@type\":\"EntryPoint\",\"urlTemplate\":\"https:\/\/animangeek.com\/?s={search_term_string}\"},\"query-input\":\"required name=search_term_string\"}],\"inLanguage\":\"es-MX\"}]}<\/script>\n<!-- \/ Yoast SEO plugin. -->","yoast_head_json":{"title":"Zero sofre vazamento de sua terceira temporada - Animan Geek","robots":{"index":"index","follow":"follow","max-snippet":"max-snippet:-1","max-image-preview":"max-image-preview:large","max-video-preview":"max-video-preview:-1"},"canonical":"https:\/\/animangeek.com\/es\/zero-sofre-vazamento-de-sua-terceira-temporada\/","og_locale":"es_MX","og_type":"article","og_title":"Zero sofre vazamento de sua terceira temporada - Animan Geek","og_description":"A adapta\u00e7\u00e3o para anime do romance leve \u00abRe:Zero kara Hajimeru Isekai Seikatsu\u00bb (Re: Zero &#8211; Come\u00e7ando a vida em outro mundo) tem dado o que falar em diversas plataformas, f\u00f3runs e redes sociais na internet nas \u00faltimas horas, e parece que vazou o primeiro epis\u00f3dio da t\u00e3o aguardada terceira temporada. De acordo com o relato&hellip; Continue reading Zero sofre vazamento de sua terceira temporada","og_url":"https:\/\/animangeek.com\/es\/zero-sofre-vazamento-de-sua-terceira-temporada\/","og_site_name":"Animan Geek","article_published_time":"2024-08-07T19:06:37+00:00","og_image":[{"width":1280,"height":720,"url":"https:\/\/animangeek.com\/wp-content\/uploads\/sites\/106\/2024\/08\/Zero-sofre-vazamento-de-sua-terceira-temporada.webp.webp","type":"image\/webp"}],"twitter_card":"summary_large_image","twitter_misc":{"Est. reading time":"2 minutos"},"schema":{"@context":"https:\/\/schema.org","@graph":[{"@type":"WebPage","@id":"https:\/\/animangeek.com\/zero-sofre-vazamento-de-sua-terceira-temporada\/","url":"https:\/\/animangeek.com\/zero-sofre-vazamento-de-sua-terceira-temporada\/","name":"Zero sofre vazamento de sua terceira temporada - Animan Geek","isPartOf":{"@id":"https:\/\/animangeek.com\/#website"},"primaryImageOfPage":{"@id":"https:\/\/animangeek.com\/zero-sofre-vazamento-de-sua-terceira-temporada\/#primaryimage"},"image":{"@id":"https:\/\/animangeek.com\/zero-sofre-vazamento-de-sua-terceira-temporada\/#primaryimage"},"thumbnailUrl":"https:\/\/animangeek.com\/wp-content\/uploads\/sites\/106\/2024\/08\/Zero-sofre-vazamento-de-sua-terceira-temporada.webp.webp","datePublished":"2024-08-07T19:06:37+00:00","dateModified":"2024-08-07T19:06:37+00:00","author":{"@id":""},"breadcrumb":{"@id":"https:\/\/animangeek.com\/zero-sofre-vazamento-de-sua-terceira-temporada\/#breadcrumb"},"inLanguage":"es-MX","potentialAction":[{"@type":"ReadAction","target":["https:\/\/animangeek.com\/zero-sofre-vazamento-de-sua-terceira-temporada\/"]}]},{"@type":"ImageObject","inLanguage":"es-MX","@id":"https:\/\/animangeek.com\/zero-sofre-vazamento-de-sua-terceira-temporada\/#primaryimage","url":"https:\/\/animangeek.com\/wp-content\/uploads\/sites\/106\/2024\/08\/Zero-sofre-vazamento-de-sua-terceira-temporada.webp.webp","contentUrl":"https:\/\/animangeek.com\/wp-content\/uploads\/sites\/106\/2024\/08\/Zero-sofre-vazamento-de-sua-terceira-temporada.webp.webp","width":1280,"height":720},{"@type":"BreadcrumbList","@id":"https:\/\/animangeek.com\/zero-sofre-vazamento-de-sua-terceira-temporada\/#breadcrumb","itemListElement":[{"@type":"ListItem","position":1,"name":"Home","item":"https:\/\/animangeek.com\/"},{"@type":"ListItem","position":2,"name":"Zero sofre vazamento de sua terceira temporada"}]},{"@type":"WebSite","@id":"https:\/\/animangeek.com\/#website","url":"https:\/\/animangeek.com\/","name":"Animan Geek","description":"","potentialAction":[{"@type":"SearchAction","target":{"@type":"EntryPoint","urlTemplate":"https:\/\/animangeek.com\/?s={search_term_string}"},"query-input":"required name=search_term_string"}],"inLanguage":"es-MX"}]}},"_links":{"self":[{"href":"https:\/\/animangeek.com\/es\/wp-json\/wp\/v2\/posts\/16256"}],"collection":[{"href":"https:\/\/animangeek.com\/es\/wp-json\/wp\/v2\/posts"}],"about":[{"href":"https:\/\/animangeek.com\/es\/wp-json\/wp\/v2\/types\/post"}],"replies":[{"embeddable":true,"href":"https:\/\/animangeek.com\/es\/wp-json\/wp\/v2\/comments?post=16256"}],"version-history":[{"count":0,"href":"https:\/\/animangeek.com\/es\/wp-json\/wp\/v2\/posts\/16256\/revisions"}],"wp:featuredmedia":[{"embeddable":true,"href":"https:\/\/animangeek.com\/es\/wp-json\/wp\/v2\/media\/16257"}],"wp:attachment":[{"href":"https:\/\/animangeek.com\/es\/wp-json\/wp\/v2\/media?parent=16256"}],"wp:term":[{"taxonomy":"category","embeddable":true,"href":"https:\/\/animangeek.com\/es\/wp-json\/wp\/v2\/categories?post=16256"},{"taxonomy":"post_tag","embeddable":true,"href":"https:\/\/animangeek.com\/es\/wp-json\/wp\/v2\/tags?post=16256"}],"curies":[{"name":"wp","href":"https:\/\/api.w.org\/{rel}","templated":true}]}}