{"id":16398,"date":"2024-08-10T11:25:27","date_gmt":"2024-08-10T14:25:27","guid":{"rendered":"https:\/\/animangeek.com\/danmachi-finalmente-marca-data-para-seu-retorno\/"},"modified":"2024-08-10T11:25:27","modified_gmt":"2024-08-10T14:25:27","slug":"danmachi-finalmente-marca-data-para-seu-retorno","status":"publish","type":"post","link":"https:\/\/animangeek.com\/es\/danmachi-finalmente-marca-data-para-seu-retorno\/","title":{"rendered":"DanMachi finalmente fija una fecha para su regreso"},"content":{"rendered":"<div class=\"mx-5 sm:mx-0 prose text-left mb-5\">\n<div>\n<p>En el sitio web oficial de la adaptaci\u00f3n al anime de las novelas ligeras \u201c<strong>DanMachi: \u00bfEst\u00e1 mal intentar ligar con chicas en una mazmorra?<\/strong> (<em>Dungeon ni Deai wo Motomeru no wa Machigatteiru Darou ka?<\/em>)\u201d, se revel\u00f3 un nuevo video promocional de la quinta temporada del proyecto. El video lo confirma. <strong>El estreno est\u00e1 previsto para el 4 de octubre en Jap\u00f3n.<\/strong>y enumera detalles sobre las canciones tem\u00e1ticas, incluyendo:<\/p>\n<ul>\n<li>La banda <strong>NI\u00d1O GRANDE<\/strong> interpretar\u00e1 el tema de apertura titulado \u201cShounen\u201d, mientras que la banda <strong>sajou no hana<\/strong> interpretar\u00e1 el tema de cierre titulado \u201cHidrata\u201d.<\/li>\n<\/ul>\n<p>Esta quinta temporada cubrir\u00e1 el \u201c<strong>Arco de la Diosa de la Fertilidad<\/strong>\u201dDe las novelas ligeras originales, y mantiene el mismo equipo de producci\u00f3n que las temporadas anteriores con algunos cambios menores.<\/p>\n<p><iframe loading=\"lazy\" title=\"\u300e\u30c0\u30f3\u307e\u3061\u2164 \u8c4a\u7a63\u306e\u5973\u795e\u7bc7\u300fPV\u7b2c2\u5f3e\uff5e\u5973\u795e\u796d\u306e\u5e55\u958b\u3051\uff5e \/ DANMACHI T5 Segundo tr\u00e1iler oficial del arco de la Diosa de la fertilidad\" width=\"500\" height=\"281\" src=\"https:\/\/www.youtube.com\/embed\/pg8Wj1AdzEc?feature=oembed\" frameborder=\"0\" allow=\"accelerometer; autoplay; clipboard-write; encrypted-media; gyroscope; picture-in-picture; web-share\" referrerpolicy=\"strict-origin-when-cross-origin\" allowfullscreen><\/iframe><\/p>\n<p>Sucesivamente, <strong>Fujino Oomori<\/strong> y <strong>Suzuhito Yasuda<\/strong> Comenzaron a publicar novelas ligeras a trav\u00e9s de la editorial. <strong>GA Bunko<\/strong> del editor <strong>SB Creativo<\/strong> en enero de 2013. Adem\u00e1s de varias adaptaciones de manga, la obra inspir\u00f3 una adaptaci\u00f3n de anime de cuatro temporadas y un largometraje estrenado en febrero de 2019 en Jap\u00f3n.<\/p>\n<h3 class=\"wp-block-heading\"><strong>Reparto de voces<\/strong><\/h3>\n<ul>\n<li><strong>Yoshitsugu Matsuoka<\/strong> como Bell Cranel.<\/li>\n<li><strong>Inori Minase<\/strong> como Hestia.<\/li>\n<li><strong>Shizuka Ishigami<\/strong> como Syr Flova. <\/li>\n<\/ul>\n<h3 class=\"wp-block-heading\"><strong>Equipo de producci\u00f3n<\/strong><\/h3>\n<ul>\n<li><strong>Hideki Tachibana<\/strong> (<em>BLEACH, Toaru Majutsu no Index, Fate\/Apocrypha, Toaru Kagaku no Railgun<\/em>) se encarga de dirigir el anime en los estudios <strong>Personal de la JC<\/strong>.<\/li>\n<li><strong>Shirane Hideki<\/strong> (<em>Date A Live, Mondaiji-tachi ga Isekai kara Kuru Sou desu yo?, Shakugan no Shana<\/em>) es responsable de escribir y supervisar los guiones en colaboraci\u00f3n con <strong>Fujino Oomori<\/strong>autor de la obra.<\/li>\n<li><strong>Shigeki Kimoto<\/strong> (<em>Escuela penitenciaria, Toaru Majutsu no Index, Zero no Tsukaima<\/em>) es responsable del dise\u00f1o de personajes y la direcci\u00f3n de animaci\u00f3n.<\/li>\n<li><strong>Keiji Inai<\/strong> (<em>Maou Gakuin no Futekigousha: Shijou Saikyou no Maou no Shiso, Tensei mierda Shison-tachi no Gakkou y Kayou, BTOOOM!, QUEMA A LA BRUJA<\/em>) es responsable de componer la banda sonora.<\/li>\n<\/ul>\n<div class=\"wp-block-image\">\n<figure class=\"aligncenter size-full\"><img loading=\"lazy\" decoding=\"async\" width=\"1000\" height=\"1414\" src=\"https:\/\/animangeek.com\/wp-content\/uploads\/2024\/08\/DanMachi-finalmente-marca-data-para-seu-retorno.jpg\" alt=\"Danmachi \" class=\"wp-image-334614\"  \/><\/figure>\n<\/div>\n<h3 class=\"wp-block-heading\"><strong>Sinopsis de Dungeon ni Deai wo Motomeru no wa Machigatteiru Darou ka (DanMachi)<\/strong><\/h3>\n<p><em>La vida en la bulliciosa ciudad de Orario nunca es aburrida, especialmente para Bell Cranel, un joven ingenuo que espera convertirse en el mayor aventurero del pa\u00eds. Despu\u00e9s de un encuentro casual con la solitaria diosa Hestia, sus sue\u00f1os se vuelven un poco m\u00e1s cercanos a la realidad. Con su apoyo, Bell se embarca en una fant\u00e1stica b\u00fasqueda mientras se adentra en las catacumbas repletas de monstruos de la ciudad, conocidas simplemente como &quot;La Mazmorra&quot;.<\/em><\/p>\n<p><em>La muerte acecha en cada rinc\u00f3n de las profundidades cavernosas de este aterrador laberinto, y un poder misterioso se mueve en las sombras. Incluso superficialmente, la supervivencia es un privilegio ganado con esfuerzo. De hecho, nada es seguro en un mundo donde dioses y humanos viven y trabajan juntos, especialmente cuando a menudo tienen dificultades para llevarse bien. Pero una cosa es segura: un sinf\u00edn de errores, triunfos y amistades esperan al intr\u00e9pido y optimista protagonista de esta historia herc\u00falea.<\/em><\/p>\n<p>Fuente: <strong><a rel=\"nofollow noopener\" target=\"_blank\" href=\"https:\/\/natalie.mu\/comic\/news\/586109\">Natalie en los c\u00f3mics<\/a><\/strong><\/p>\n<p>(w)<\/p>\n<\/div>\n<\/div>","protected":false},"excerpt":{"rendered":"<p>En la p\u00e1gina web oficial de la adaptaci\u00f3n al anime de las novelas ligeras \u00abDanMachi: \u00bfEst\u00e1 mal intentar ligar en una mazmorra?\u00bb (Dungeon ni Deai wo Motomeru no wa Machigatteiru Darou ka?), se revel\u00f3 un nuevo v\u00eddeo promocional de la quinta temporada del proyecto. El v\u00eddeo lo confirma. El estreno est\u00e1 previsto para el pr\u00f3ximo 4 de octubre. <a class=\"more-link\" href=\"https:\/\/animangeek.com\/es\/danmachi-finalmente-marca-data-para-seu-retorno\/\">Sigue leyendo <span class=\"screen-reader-text\">DanMachi finalmente fija una fecha para su regreso<\/span><\/a><\/p>","protected":false},"author":0,"featured_media":16400,"comment_status":"open","ping_status":"open","sticky":false,"template":"","format":"standard","meta":{"footnotes":""},"categories":[3],"tags":[398,467,468,776],"yoast_head":"<!-- This site is optimized with the Yoast SEO plugin v23.3 - https:\/\/yoast.com\/wordpress\/plugins\/seo\/ -->\n<title>DanMachi finalmente marca data para seu retorno - Animan Geek<\/title>\n<meta name=\"robots\" content=\"index, follow, max-snippet:-1, max-image-preview:large, max-video-preview:-1\" \/>\n<link rel=\"canonical\" href=\"https:\/\/animangeek.com\/es\/danmachi-finalmente-marca-data-para-seu-retorno\/\" \/>\n<meta property=\"og:locale\" content=\"es_MX\" \/>\n<meta property=\"og:type\" content=\"article\" \/>\n<meta property=\"og:title\" content=\"DanMachi finalmente marca data para seu retorno - Animan Geek\" \/>\n<meta property=\"og:description\" content=\"No site oficial da adapta\u00e7\u00e3o para anime dos light novels \u201cDanMachi: \u00c9 errado tentar pegar garotas em uma masmorra? (Dungeon ni Deai wo Motomeru no wa Machigatteiru Darou ka?)\u201d, foi revelado um novo v\u00eddeo promocional da quinta temporada do projeto. O v\u00eddeo confirma isso A estreia est\u00e1 marcada para o pr\u00f3ximo dia 4 de outubro&hellip; Continue reading DanMachi finalmente marca data para seu retorno\" \/>\n<meta property=\"og:url\" content=\"https:\/\/animangeek.com\/es\/danmachi-finalmente-marca-data-para-seu-retorno\/\" \/>\n<meta property=\"og:site_name\" content=\"Animan Geek\" \/>\n<meta property=\"article:published_time\" content=\"2024-08-10T14:25:27+00:00\" \/>\n<meta property=\"og:image\" content=\"https:\/\/animangeek.com\/wp-content\/uploads\/sites\/106\/2024\/08\/1723299928_DanMachi-finalmente-marca-data-para-seu-retorno.jpg\" \/>\n\t<meta property=\"og:image:width\" content=\"1920\" \/>\n\t<meta property=\"og:image:height\" content=\"1081\" \/>\n\t<meta property=\"og:image:type\" content=\"image\/jpeg\" \/>\n<meta name=\"twitter:card\" content=\"summary_large_image\" \/>\n<meta name=\"twitter:label1\" content=\"Est. reading time\" \/>\n\t<meta name=\"twitter:data1\" content=\"2 minutos\" \/>\n<script type=\"application\/ld+json\" class=\"yoast-schema-graph\">{\"@context\":\"https:\/\/schema.org\",\"@graph\":[{\"@type\":\"WebPage\",\"@id\":\"https:\/\/animangeek.com\/danmachi-finalmente-marca-data-para-seu-retorno\/\",\"url\":\"https:\/\/animangeek.com\/danmachi-finalmente-marca-data-para-seu-retorno\/\",\"name\":\"DanMachi finalmente marca data para seu retorno - Animan Geek\",\"isPartOf\":{\"@id\":\"https:\/\/animangeek.com\/#website\"},\"primaryImageOfPage\":{\"@id\":\"https:\/\/animangeek.com\/danmachi-finalmente-marca-data-para-seu-retorno\/#primaryimage\"},\"image\":{\"@id\":\"https:\/\/animangeek.com\/danmachi-finalmente-marca-data-para-seu-retorno\/#primaryimage\"},\"thumbnailUrl\":\"https:\/\/animangeek.com\/wp-content\/uploads\/sites\/106\/2024\/08\/1723299928_DanMachi-finalmente-marca-data-para-seu-retorno.jpg\",\"datePublished\":\"2024-08-10T14:25:27+00:00\",\"dateModified\":\"2024-08-10T14:25:27+00:00\",\"author\":{\"@id\":\"\"},\"breadcrumb\":{\"@id\":\"https:\/\/animangeek.com\/danmachi-finalmente-marca-data-para-seu-retorno\/#breadcrumb\"},\"inLanguage\":\"es-MX\",\"potentialAction\":[{\"@type\":\"ReadAction\",\"target\":[\"https:\/\/animangeek.com\/danmachi-finalmente-marca-data-para-seu-retorno\/\"]}]},{\"@type\":\"ImageObject\",\"inLanguage\":\"es-MX\",\"@id\":\"https:\/\/animangeek.com\/danmachi-finalmente-marca-data-para-seu-retorno\/#primaryimage\",\"url\":\"https:\/\/animangeek.com\/wp-content\/uploads\/sites\/106\/2024\/08\/1723299928_DanMachi-finalmente-marca-data-para-seu-retorno.jpg\",\"contentUrl\":\"https:\/\/animangeek.com\/wp-content\/uploads\/sites\/106\/2024\/08\/1723299928_DanMachi-finalmente-marca-data-para-seu-retorno.jpg\",\"width\":1920,\"height\":1081},{\"@type\":\"BreadcrumbList\",\"@id\":\"https:\/\/animangeek.com\/danmachi-finalmente-marca-data-para-seu-retorno\/#breadcrumb\",\"itemListElement\":[{\"@type\":\"ListItem\",\"position\":1,\"name\":\"Home\",\"item\":\"https:\/\/animangeek.com\/\"},{\"@type\":\"ListItem\",\"position\":2,\"name\":\"DanMachi finalmente marca data para seu retorno\"}]},{\"@type\":\"WebSite\",\"@id\":\"https:\/\/animangeek.com\/#website\",\"url\":\"https:\/\/animangeek.com\/\",\"name\":\"Animan Geek\",\"description\":\"\",\"potentialAction\":[{\"@type\":\"SearchAction\",\"target\":{\"@type\":\"EntryPoint\",\"urlTemplate\":\"https:\/\/animangeek.com\/?s={search_term_string}\"},\"query-input\":\"required name=search_term_string\"}],\"inLanguage\":\"es-MX\"}]}<\/script>\n<!-- \/ Yoast SEO plugin. -->","yoast_head_json":{"title":"DanMachi finalmente marca data para seu retorno - Animan Geek","robots":{"index":"index","follow":"follow","max-snippet":"max-snippet:-1","max-image-preview":"max-image-preview:large","max-video-preview":"max-video-preview:-1"},"canonical":"https:\/\/animangeek.com\/es\/danmachi-finalmente-marca-data-para-seu-retorno\/","og_locale":"es_MX","og_type":"article","og_title":"DanMachi finalmente marca data para seu retorno - Animan Geek","og_description":"No site oficial da adapta\u00e7\u00e3o para anime dos light novels \u201cDanMachi: \u00c9 errado tentar pegar garotas em uma masmorra? (Dungeon ni Deai wo Motomeru no wa Machigatteiru Darou ka?)\u201d, foi revelado um novo v\u00eddeo promocional da quinta temporada do projeto. O v\u00eddeo confirma isso A estreia est\u00e1 marcada para o pr\u00f3ximo dia 4 de outubro&hellip; Continue reading DanMachi finalmente marca data para seu retorno","og_url":"https:\/\/animangeek.com\/es\/danmachi-finalmente-marca-data-para-seu-retorno\/","og_site_name":"Animan Geek","article_published_time":"2024-08-10T14:25:27+00:00","og_image":[{"width":1920,"height":1081,"url":"https:\/\/animangeek.com\/wp-content\/uploads\/sites\/106\/2024\/08\/1723299928_DanMachi-finalmente-marca-data-para-seu-retorno.jpg","type":"image\/jpeg"}],"twitter_card":"summary_large_image","twitter_misc":{"Est. reading time":"2 minutos"},"schema":{"@context":"https:\/\/schema.org","@graph":[{"@type":"WebPage","@id":"https:\/\/animangeek.com\/danmachi-finalmente-marca-data-para-seu-retorno\/","url":"https:\/\/animangeek.com\/danmachi-finalmente-marca-data-para-seu-retorno\/","name":"DanMachi finalmente marca data para seu retorno - Animan Geek","isPartOf":{"@id":"https:\/\/animangeek.com\/#website"},"primaryImageOfPage":{"@id":"https:\/\/animangeek.com\/danmachi-finalmente-marca-data-para-seu-retorno\/#primaryimage"},"image":{"@id":"https:\/\/animangeek.com\/danmachi-finalmente-marca-data-para-seu-retorno\/#primaryimage"},"thumbnailUrl":"https:\/\/animangeek.com\/wp-content\/uploads\/sites\/106\/2024\/08\/1723299928_DanMachi-finalmente-marca-data-para-seu-retorno.jpg","datePublished":"2024-08-10T14:25:27+00:00","dateModified":"2024-08-10T14:25:27+00:00","author":{"@id":""},"breadcrumb":{"@id":"https:\/\/animangeek.com\/danmachi-finalmente-marca-data-para-seu-retorno\/#breadcrumb"},"inLanguage":"es-MX","potentialAction":[{"@type":"ReadAction","target":["https:\/\/animangeek.com\/danmachi-finalmente-marca-data-para-seu-retorno\/"]}]},{"@type":"ImageObject","inLanguage":"es-MX","@id":"https:\/\/animangeek.com\/danmachi-finalmente-marca-data-para-seu-retorno\/#primaryimage","url":"https:\/\/animangeek.com\/wp-content\/uploads\/sites\/106\/2024\/08\/1723299928_DanMachi-finalmente-marca-data-para-seu-retorno.jpg","contentUrl":"https:\/\/animangeek.com\/wp-content\/uploads\/sites\/106\/2024\/08\/1723299928_DanMachi-finalmente-marca-data-para-seu-retorno.jpg","width":1920,"height":1081},{"@type":"BreadcrumbList","@id":"https:\/\/animangeek.com\/danmachi-finalmente-marca-data-para-seu-retorno\/#breadcrumb","itemListElement":[{"@type":"ListItem","position":1,"name":"Home","item":"https:\/\/animangeek.com\/"},{"@type":"ListItem","position":2,"name":"DanMachi finalmente marca data para seu retorno"}]},{"@type":"WebSite","@id":"https:\/\/animangeek.com\/#website","url":"https:\/\/animangeek.com\/","name":"Animan Geek","description":"","potentialAction":[{"@type":"SearchAction","target":{"@type":"EntryPoint","urlTemplate":"https:\/\/animangeek.com\/?s={search_term_string}"},"query-input":"required name=search_term_string"}],"inLanguage":"es-MX"}]}},"_links":{"self":[{"href":"https:\/\/animangeek.com\/es\/wp-json\/wp\/v2\/posts\/16398"}],"collection":[{"href":"https:\/\/animangeek.com\/es\/wp-json\/wp\/v2\/posts"}],"about":[{"href":"https:\/\/animangeek.com\/es\/wp-json\/wp\/v2\/types\/post"}],"replies":[{"embeddable":true,"href":"https:\/\/animangeek.com\/es\/wp-json\/wp\/v2\/comments?post=16398"}],"version-history":[{"count":0,"href":"https:\/\/animangeek.com\/es\/wp-json\/wp\/v2\/posts\/16398\/revisions"}],"wp:featuredmedia":[{"embeddable":true,"href":"https:\/\/animangeek.com\/es\/wp-json\/wp\/v2\/media\/16400"}],"wp:attachment":[{"href":"https:\/\/animangeek.com\/es\/wp-json\/wp\/v2\/media?parent=16398"}],"wp:term":[{"taxonomy":"category","embeddable":true,"href":"https:\/\/animangeek.com\/es\/wp-json\/wp\/v2\/categories?post=16398"},{"taxonomy":"post_tag","embeddable":true,"href":"https:\/\/animangeek.com\/es\/wp-json\/wp\/v2\/tags?post=16398"}],"curies":[{"name":"wp","href":"https:\/\/api.w.org\/{rel}","templated":true}]}}