{"id":17651,"date":"2024-08-19T20:03:47","date_gmt":"2024-08-19T23:03:47","guid":{"rendered":"https:\/\/animangeek.com\/artista-latino-causa-polemica-ao-redesenhar-a-waifu-brasileira\/"},"modified":"2024-08-19T20:03:47","modified_gmt":"2024-08-19T23:03:47","slug":"artista-latino-causa-polemica-ao-redesenhar-a-waifu-brasileira","status":"publish","type":"post","link":"https:\/\/animangeek.com\/es\/artista-latino-causa-polemica-ao-redesenhar-a-waifu-brasileira\/","title":{"rendered":"Artista latino genera pol\u00e9mica al redise\u00f1ar waifu brasile\u00f1a"},"content":{"rendered":"<div class=\"mx-5 sm:mx-0 prose text-left mb-5\">\n<div itemprop=\"articleBody\">\n<p>Desde que se anunci\u00f3 el lanzamiento de la novela visual  <strong>Kasshoku Musume no Latina-san<\/strong>Ha causado mucha controversia entre los fan\u00e1ticos del anime y el manga. Por un lado, hay quienes se sienten emocionados e incluso intrigados por tener por primera vez a una protagonista latina, pero por otro, muchas personas no est\u00e1n de acuerdo con varios aspectos de la historia. En esta ocasi\u00f3n se gener\u00f3 una nueva pol\u00e9mica, pues un artista dibuj\u00f3 a su manera a esta \u201cwaifu latina\u201d y no a todos les gust\u00f3 la idea.<\/p>\n<h3 class=\"wp-block-heading has-text-align-center\">La reinterpretaci\u00f3n de la waifu latina por parte de Kasshoku Musume no latina-san ha enfurecido al p\u00fablico japon\u00e9s en las redes sociales.<\/h3>\n<figure class=\"wp-block-image size-full\"><noscript><img loading=\"lazy\" decoding=\"async\" width=\"1000\" height=\"1281\" src=\"https:\/\/animangeek.com\/wp-content\/uploads\/2024\/08\/Kasshoku-Musume-no-latina-san-fanart.webp.webp\" alt=\"Kasshoku Musume No Latina-San Fanart\" class=\"wp-image-428223\" title=\"Kasshoku Musume No Latina-San: Artista latina genera controversia al redise\u00f1ar la Waifu brasile\u00f1a 2\"  \/><\/noscript><img loading=\"lazy\" decoding=\"async\" width=\"1000\" height=\"1281\" src=\"https:\/\/animangeek.com\/wp-content\/uploads\/2024\/08\/Kasshoku-Musume-no-latina-san-fanart.webp.webp\" alt=\"Kasshoku Musume No Latina-San Fanart\" class=\"lazyload wp-image-428223\" title=\"Kasshoku Musume No Latina-San: Artista latina genera controversia al redise\u00f1ar la Waifu brasile\u00f1a 2\"  data-><\/figure>\n<p>A trav\u00e9s de tu perfil <strong>Twitter\/X<\/strong>el usuario <a rel=\"nofollow noopener\" target=\"_blank\" href=\"https:\/\/x.com\/Tidal___\">@Marea___<\/a>comparti\u00f3 su propia versi\u00f3n de \u201cLatina\u201d, el nombre de la protagonista de esta historia. En esta publicaci\u00f3n a modo de descripci\u00f3n, este artista agreg\u00f3 \u201cRedise\u00f1\u00e9 a Latina-chan\u201d, pero al parecer esto desat\u00f3 la furia de muchos fans, principalmente japoneses, quienes se quejaron de que se hicieron cambios al dise\u00f1o original de esta sensacional waifu brasile\u00f1a.<\/p>\n<p>Algunos de los comentarios realizados mostrando desacuerdo con este trabajo de redise\u00f1o de la waifu de <strong>Kasshoku Musume no latina-san<\/strong> Dijeron: \u201cVeamos, \u00bfqu\u00e9 dijimos el a\u00f1o pasado, el a\u00f1o siguiente y el anterior a ese sobre \u2018arreglar el arte de otros\u2019?\u201d \u201cNo puedo evitar sentirme decepcionado por la moral de alguien que es tan exigente con la nacionalidad de sus personajes\u201d. Mucha gente se molest\u00f3 porque este artista intent\u00f3 hacer una nueva versi\u00f3n de la waifu Kasshoku Musume no latina-san, porque pensaron que la original era mejor.<\/p>\n<p>El artista aclar\u00f3 que en ning\u00fan momento intent\u00f3 \u201carreglar\u201d o \u201ccambiar\u201d el arte original, simplemente quiso dibujar a esta waifu en su estilo. Por esto, muchas personas, principalmente latinos, aplaudieron el talento de este usuario y elogiaron el excelente trabajo que realiz\u00f3 con este dibujo, incluso diciendo que se trataba de una representaci\u00f3n latina y no del \u201cmono gen\u00e9rico con otro tono de piel que ellos\u201d. utilizado para la novela visual.<\/p>\n<figure class=\"wp-block-image size-full\"><noscript><img loading=\"lazy\" decoding=\"async\" width=\"1082\" height=\"1544\" src=\"https:\/\/animangeek.com\/wp-content\/uploads\/2024\/08\/Novela-Ligera-Kasshoku-Musume-no-Latina-san-ni-ore-no-karada-ga-nerawarete-iru-1.webp.webp\" alt=\"Light Novel Kasshoku Musume No Latina San Ni Ore No Karada Ga Nerawarete Iru 1\" class=\"wp-image-427709\" title=\"Kasshoku Musume No Latina-San: Artista latina genera controversia al redise\u00f1ar la Waifu brasile\u00f1a 3\"  \/><\/noscript><img loading=\"lazy\" decoding=\"async\" width=\"1082\" height=\"1544\" src=\"https:\/\/animangeek.com\/wp-content\/uploads\/2024\/08\/Novela-Ligera-Kasshoku-Musume-no-Latina-san-ni-ore-no-karada-ga-nerawarete-iru-1.webp.webp\" alt=\"Light Novel Kasshoku Musume No Latina San Ni Ore No Karada Ga Nerawarete Iru 1\" class=\"lazyload wp-image-427709\" title=\"Kasshoku Musume No Latina-San: Artista latina genera controversia al redise\u00f1ar la Waifu brasile\u00f1a 3\"  data-><\/figure>\n<figure class=\"wp-block-image size-large\"><noscript><img loading=\"lazy\" decoding=\"async\" width=\"1200\" height=\"792\" src=\"https:\/\/animangeek.com\/wp-content\/uploads\/2024\/08\/Novela-Ligera-Kasshoku-Musume-no-Latina-san-ni-ore-no-karada-ga-nerawarete-iru-3-1200x792.webp.webp\" alt=\"Light Novel Kasshoku Musume No Latina San Ni Ore No Karada Ga Nerawarete Iru 3\" class=\"wp-image-427710\" title=\"Kasshoku Musume No Latina-San: Artista latina genera controversia al redise\u00f1ar la waifu brasile\u00f1a 4\"  \/><\/noscript><img loading=\"lazy\" decoding=\"async\" width=\"1200\" height=\"792\" src=\"https:\/\/animangeek.com\/wp-content\/uploads\/2024\/08\/Novela-Ligera-Kasshoku-Musume-no-Latina-san-ni-ore-no-karada-ga-nerawarete-iru-3-1200x792.webp.webp\" alt=\"Light Novel Kasshoku Musume No Latina San Ni Ore No Karada Ga Nerawarete Iru 3\" class=\"lazyload wp-image-427710\" title=\"Kasshoku Musume No Latina-San: Artista latina genera controversia al redise\u00f1ar la waifu brasile\u00f1a 4\"  data-><\/figure>\n<p>Algunos de estos comentarios elogian el redise\u00f1o de la waifu<strong> Kasshoku Musume no latina-san<\/strong> son \u201cTe queda genial\u201d \u201cTe queda \u00e9pico\u201d \u201cTotalmente real\u201d \u201cOk, se ve hermoso con el redise\u00f1o\u201d \u201cMe enamor\u00e9 de \u00e9l\u201d \u201cEl cabello es realmente hermoso\u201d \u201cEsta versi\u00f3n es m\u00e1s brasile\u00f1a que los propios brasile\u00f1os\u201d. Y algunas personas se\u00f1alaron que el artista us\u00f3 la palabra \u201credise\u00f1ar\u201d y no \u201cmejorar\u201d o \u201carreglar\u201d, por lo que en ning\u00fan momento falt\u00f3 el respeto al arte de otra persona.<\/p>\n<p>Si tambi\u00e9n te interesa conocer la historia de <strong>Kasshoku Musume no latina-san<\/strong> Aqu\u00ed tenemos a Makoto Itou, un estudiante de secundaria que aparentemente lleva una vida normal. Su vida cambia dr\u00e1sticamente cuando conoce a \u201cLatina\u201d, una estudiante de intercambio que tiene la piel bronceada y es una chica muy vivaz y en\u00e9rgica. Desde el primer encuentro, esta chica sorprende a Makoto, pues tras rescatarla de un ataque, Latina toma una atrevida decisi\u00f3n y le pide que se case con \u00e9l e insiste en que deben tener hijos juntos.<\/p>\n<p>Esta situaci\u00f3n inesperada para Makoto har\u00e1 que comiencen a desarrollarse muchos eventos divertidos y emocionantes, siguiendo a Makoto mientras se adapta a su nueva realidad y enfrenta un gran fracaso en su vida estudiantil. Para todos los fans que est\u00e9n interesados \u200b\u200ben leer la historia de <strong>Kasshoku Musume no latina-san<\/strong>Su lanzamiento ser\u00e1 el 23 de agosto, por lo que estamos casi lejos de conocer la historia de esta interesante waifu latina.<\/p>\n<figure class=\"wp-block-image size-large\"><noscript><img loading=\"lazy\" decoding=\"async\" width=\"1200\" height=\"675\" src=\"https:\/\/animangeek.com\/wp-content\/uploads\/2024\/08\/Kasshoku-Musume-no-Latina-san-1-1200x675.webp.webp\" alt=\"Kasshoku Musume No Latina-San\" class=\"wp-image-428050\" title=\"Kasshoku Musume No Latina-San: Artista latina genera controversia al redise\u00f1ar la waifu brasile\u00f1a 5\"  \/><\/noscript><img loading=\"lazy\" decoding=\"async\" width=\"1200\" height=\"675\" src=\"https:\/\/animangeek.com\/wp-content\/uploads\/2024\/08\/Kasshoku-Musume-no-Latina-san-1-1200x675.webp.webp\" alt=\"Kasshoku Musume No Latina-San\" class=\"lazyload wp-image-428050\" title=\"Kasshoku Musume No Latina-San: Artista latina genera controversia al redise\u00f1ar la waifu brasile\u00f1a 5\"  data-><\/figure>\n<p><strong>\u00a9KIRAKU KISHIMA 2024 \u00a9SHUEISHA inc. Reservados todos los derechos.<\/strong><\/p>\n<\/div>\n<\/div>","protected":false},"excerpt":{"rendered":"<p>Desde el anuncio del lanzamiento de la novela visual Kasshoku Musume no Latina-sant, ha generado mucha controversia entre los fans del anime y el manga. Por un lado, hay quienes se muestran emocionados e incluso intrigados por tener por primera vez a una protagonista latina, pero por otro, muchos discrepan con varios aspectos de la historia. En esta ocasi\u00f3n, hubo un\u2026 <a class=\"more-link\" href=\"https:\/\/animangeek.com\/es\/artista-latino-causa-polemica-ao-redesenhar-a-waifu-brasileira\/\">Sigue leyendo <span class=\"screen-reader-text\">Artista latino genera pol\u00e9mica al redise\u00f1ar waifu brasile\u00f1a<\/span><\/a><\/p>","protected":false},"author":0,"featured_media":17652,"comment_status":"open","ping_status":"open","sticky":false,"template":"","format":"standard","meta":{"footnotes":""},"categories":[5],"tags":[812,1723],"yoast_head":"<!-- This site is optimized with the Yoast SEO plugin v23.3 - https:\/\/yoast.com\/wordpress\/plugins\/seo\/ -->\n<title>Artista latino causa pol\u00eamica ao redesenhar a waifu brasileira - Animan Geek<\/title>\n<meta name=\"robots\" content=\"index, follow, max-snippet:-1, max-image-preview:large, max-video-preview:-1\" \/>\n<link rel=\"canonical\" href=\"https:\/\/animangeek.com\/es\/artista-latino-causa-polemica-ao-redesenhar-a-waifu-brasileira\/\" \/>\n<meta property=\"og:locale\" content=\"es_MX\" \/>\n<meta property=\"og:type\" content=\"article\" \/>\n<meta property=\"og:title\" content=\"Artista latino causa pol\u00eamica ao redesenhar a waifu brasileira - Animan Geek\" \/>\n<meta property=\"og:description\" content=\"Desde que o lan\u00e7amento do romance visual foi anunciado Kasshoku Musume no Latina-santem causado muita pol\u00eamica entre os f\u00e3s de anime e mang\u00e1. Por um lado, h\u00e1 quem fique entusiasmado e at\u00e9 intrigado por ter pela primeira vez uma protagonista latina, mas por outro, muita gente discorda em v\u00e1rios aspectos da hist\u00f3ria. Nesta ocasi\u00e3o, gerou-se&hellip; Continue reading Artista latino causa pol\u00eamica ao redesenhar a waifu brasileira\" \/>\n<meta property=\"og:url\" content=\"https:\/\/animangeek.com\/es\/artista-latino-causa-polemica-ao-redesenhar-a-waifu-brasileira\/\" \/>\n<meta property=\"og:site_name\" content=\"Animan Geek\" \/>\n<meta property=\"article:published_time\" content=\"2024-08-19T23:03:47+00:00\" \/>\n<meta property=\"og:image\" content=\"https:\/\/animangeek.com\/wp-content\/uploads\/sites\/106\/2024\/08\/Artista-latino-causa-polemica-ao-redesenhar-a-waifu-brasileira.webp.webp\" \/>\n\t<meta property=\"og:image:width\" content=\"1280\" \/>\n\t<meta property=\"og:image:height\" content=\"720\" \/>\n\t<meta property=\"og:image:type\" content=\"image\/webp\" \/>\n<meta name=\"twitter:card\" content=\"summary_large_image\" \/>\n<meta name=\"twitter:label1\" content=\"Est. reading time\" \/>\n\t<meta name=\"twitter:data1\" content=\"3 minutos\" \/>\n<script type=\"application\/ld+json\" class=\"yoast-schema-graph\">{\"@context\":\"https:\/\/schema.org\",\"@graph\":[{\"@type\":\"WebPage\",\"@id\":\"https:\/\/animangeek.com\/artista-latino-causa-polemica-ao-redesenhar-a-waifu-brasileira\/\",\"url\":\"https:\/\/animangeek.com\/artista-latino-causa-polemica-ao-redesenhar-a-waifu-brasileira\/\",\"name\":\"Artista latino causa pol\u00eamica ao redesenhar a waifu brasileira - Animan Geek\",\"isPartOf\":{\"@id\":\"https:\/\/animangeek.com\/#website\"},\"primaryImageOfPage\":{\"@id\":\"https:\/\/animangeek.com\/artista-latino-causa-polemica-ao-redesenhar-a-waifu-brasileira\/#primaryimage\"},\"image\":{\"@id\":\"https:\/\/animangeek.com\/artista-latino-causa-polemica-ao-redesenhar-a-waifu-brasileira\/#primaryimage\"},\"thumbnailUrl\":\"https:\/\/animangeek.com\/wp-content\/uploads\/sites\/106\/2024\/08\/Artista-latino-causa-polemica-ao-redesenhar-a-waifu-brasileira.webp.webp\",\"datePublished\":\"2024-08-19T23:03:47+00:00\",\"dateModified\":\"2024-08-19T23:03:47+00:00\",\"author\":{\"@id\":\"\"},\"breadcrumb\":{\"@id\":\"https:\/\/animangeek.com\/artista-latino-causa-polemica-ao-redesenhar-a-waifu-brasileira\/#breadcrumb\"},\"inLanguage\":\"es-MX\",\"potentialAction\":[{\"@type\":\"ReadAction\",\"target\":[\"https:\/\/animangeek.com\/artista-latino-causa-polemica-ao-redesenhar-a-waifu-brasileira\/\"]}]},{\"@type\":\"ImageObject\",\"inLanguage\":\"es-MX\",\"@id\":\"https:\/\/animangeek.com\/artista-latino-causa-polemica-ao-redesenhar-a-waifu-brasileira\/#primaryimage\",\"url\":\"https:\/\/animangeek.com\/wp-content\/uploads\/sites\/106\/2024\/08\/Artista-latino-causa-polemica-ao-redesenhar-a-waifu-brasileira.webp.webp\",\"contentUrl\":\"https:\/\/animangeek.com\/wp-content\/uploads\/sites\/106\/2024\/08\/Artista-latino-causa-polemica-ao-redesenhar-a-waifu-brasileira.webp.webp\",\"width\":1280,\"height\":720},{\"@type\":\"BreadcrumbList\",\"@id\":\"https:\/\/animangeek.com\/artista-latino-causa-polemica-ao-redesenhar-a-waifu-brasileira\/#breadcrumb\",\"itemListElement\":[{\"@type\":\"ListItem\",\"position\":1,\"name\":\"Home\",\"item\":\"https:\/\/animangeek.com\/\"},{\"@type\":\"ListItem\",\"position\":2,\"name\":\"Artista latino causa pol\u00eamica ao redesenhar a waifu brasileira\"}]},{\"@type\":\"WebSite\",\"@id\":\"https:\/\/animangeek.com\/#website\",\"url\":\"https:\/\/animangeek.com\/\",\"name\":\"Animan Geek\",\"description\":\"\",\"potentialAction\":[{\"@type\":\"SearchAction\",\"target\":{\"@type\":\"EntryPoint\",\"urlTemplate\":\"https:\/\/animangeek.com\/?s={search_term_string}\"},\"query-input\":\"required name=search_term_string\"}],\"inLanguage\":\"es-MX\"}]}<\/script>\n<!-- \/ Yoast SEO plugin. -->","yoast_head_json":{"title":"Artista latino causa pol\u00eamica ao redesenhar a waifu brasileira - Animan Geek","robots":{"index":"index","follow":"follow","max-snippet":"max-snippet:-1","max-image-preview":"max-image-preview:large","max-video-preview":"max-video-preview:-1"},"canonical":"https:\/\/animangeek.com\/es\/artista-latino-causa-polemica-ao-redesenhar-a-waifu-brasileira\/","og_locale":"es_MX","og_type":"article","og_title":"Artista latino causa pol\u00eamica ao redesenhar a waifu brasileira - Animan Geek","og_description":"Desde que o lan\u00e7amento do romance visual foi anunciado Kasshoku Musume no Latina-santem causado muita pol\u00eamica entre os f\u00e3s de anime e mang\u00e1. Por um lado, h\u00e1 quem fique entusiasmado e at\u00e9 intrigado por ter pela primeira vez uma protagonista latina, mas por outro, muita gente discorda em v\u00e1rios aspectos da hist\u00f3ria. Nesta ocasi\u00e3o, gerou-se&hellip; Continue reading Artista latino causa pol\u00eamica ao redesenhar a waifu brasileira","og_url":"https:\/\/animangeek.com\/es\/artista-latino-causa-polemica-ao-redesenhar-a-waifu-brasileira\/","og_site_name":"Animan Geek","article_published_time":"2024-08-19T23:03:47+00:00","og_image":[{"width":1280,"height":720,"url":"https:\/\/animangeek.com\/wp-content\/uploads\/sites\/106\/2024\/08\/Artista-latino-causa-polemica-ao-redesenhar-a-waifu-brasileira.webp.webp","type":"image\/webp"}],"twitter_card":"summary_large_image","twitter_misc":{"Est. reading time":"3 minutos"},"schema":{"@context":"https:\/\/schema.org","@graph":[{"@type":"WebPage","@id":"https:\/\/animangeek.com\/artista-latino-causa-polemica-ao-redesenhar-a-waifu-brasileira\/","url":"https:\/\/animangeek.com\/artista-latino-causa-polemica-ao-redesenhar-a-waifu-brasileira\/","name":"Artista latino causa pol\u00eamica ao redesenhar a waifu brasileira - Animan Geek","isPartOf":{"@id":"https:\/\/animangeek.com\/#website"},"primaryImageOfPage":{"@id":"https:\/\/animangeek.com\/artista-latino-causa-polemica-ao-redesenhar-a-waifu-brasileira\/#primaryimage"},"image":{"@id":"https:\/\/animangeek.com\/artista-latino-causa-polemica-ao-redesenhar-a-waifu-brasileira\/#primaryimage"},"thumbnailUrl":"https:\/\/animangeek.com\/wp-content\/uploads\/sites\/106\/2024\/08\/Artista-latino-causa-polemica-ao-redesenhar-a-waifu-brasileira.webp.webp","datePublished":"2024-08-19T23:03:47+00:00","dateModified":"2024-08-19T23:03:47+00:00","author":{"@id":""},"breadcrumb":{"@id":"https:\/\/animangeek.com\/artista-latino-causa-polemica-ao-redesenhar-a-waifu-brasileira\/#breadcrumb"},"inLanguage":"es-MX","potentialAction":[{"@type":"ReadAction","target":["https:\/\/animangeek.com\/artista-latino-causa-polemica-ao-redesenhar-a-waifu-brasileira\/"]}]},{"@type":"ImageObject","inLanguage":"es-MX","@id":"https:\/\/animangeek.com\/artista-latino-causa-polemica-ao-redesenhar-a-waifu-brasileira\/#primaryimage","url":"https:\/\/animangeek.com\/wp-content\/uploads\/sites\/106\/2024\/08\/Artista-latino-causa-polemica-ao-redesenhar-a-waifu-brasileira.webp.webp","contentUrl":"https:\/\/animangeek.com\/wp-content\/uploads\/sites\/106\/2024\/08\/Artista-latino-causa-polemica-ao-redesenhar-a-waifu-brasileira.webp.webp","width":1280,"height":720},{"@type":"BreadcrumbList","@id":"https:\/\/animangeek.com\/artista-latino-causa-polemica-ao-redesenhar-a-waifu-brasileira\/#breadcrumb","itemListElement":[{"@type":"ListItem","position":1,"name":"Home","item":"https:\/\/animangeek.com\/"},{"@type":"ListItem","position":2,"name":"Artista latino causa pol\u00eamica ao redesenhar a waifu brasileira"}]},{"@type":"WebSite","@id":"https:\/\/animangeek.com\/#website","url":"https:\/\/animangeek.com\/","name":"Animan Geek","description":"","potentialAction":[{"@type":"SearchAction","target":{"@type":"EntryPoint","urlTemplate":"https:\/\/animangeek.com\/?s={search_term_string}"},"query-input":"required name=search_term_string"}],"inLanguage":"es-MX"}]}},"_links":{"self":[{"href":"https:\/\/animangeek.com\/es\/wp-json\/wp\/v2\/posts\/17651"}],"collection":[{"href":"https:\/\/animangeek.com\/es\/wp-json\/wp\/v2\/posts"}],"about":[{"href":"https:\/\/animangeek.com\/es\/wp-json\/wp\/v2\/types\/post"}],"replies":[{"embeddable":true,"href":"https:\/\/animangeek.com\/es\/wp-json\/wp\/v2\/comments?post=17651"}],"version-history":[{"count":0,"href":"https:\/\/animangeek.com\/es\/wp-json\/wp\/v2\/posts\/17651\/revisions"}],"wp:featuredmedia":[{"embeddable":true,"href":"https:\/\/animangeek.com\/es\/wp-json\/wp\/v2\/media\/17652"}],"wp:attachment":[{"href":"https:\/\/animangeek.com\/es\/wp-json\/wp\/v2\/media?parent=17651"}],"wp:term":[{"taxonomy":"category","embeddable":true,"href":"https:\/\/animangeek.com\/es\/wp-json\/wp\/v2\/categories?post=17651"},{"taxonomy":"post_tag","embeddable":true,"href":"https:\/\/animangeek.com\/es\/wp-json\/wp\/v2\/tags?post=17651"}],"curies":[{"name":"wp","href":"https:\/\/api.w.org\/{rel}","templated":true}]}}