{"id":17710,"date":"2024-08-20T18:56:28","date_gmt":"2024-08-20T21:56:28","guid":{"rendered":"https:\/\/animangeek.com\/eiichiro-oda-nos-conta-o-que-esperar-da-segunda-temporada-de-one-piece\/"},"modified":"2024-08-20T18:56:28","modified_gmt":"2024-08-20T21:56:28","slug":"eiichiro-oda-nos-conta-o-que-esperar-da-segunda-temporada-de-one-piece","status":"publish","type":"post","link":"https:\/\/animangeek.com\/es\/eiichiro-oda-nos-conta-o-que-esperar-da-segunda-temporada-de-one-piece\/","title":{"rendered":"Eiichiro Oda nos cuenta qu\u00e9 esperar de la segunda temporada de One Piece"},"content":{"rendered":"<div class=\"mx-5 sm:mx-0 prose text-left mb-5\">\n<p><img loading=\"lazy\" decoding=\"async\" class=\"size-full wp-image-310862 aligncenter\" src=\"http:\/\/animangeek.com\/wp-content\/uploads\/sites\/106\/2024\/07\/Producao-Live-Action-da-2a-Temporada-de-One-Piece-em-Andamento.jpeg\" alt=\"a\u00e7\u00e3o ao vivo one piece\" width=\"1200\" height=\"628\" \/><\/p>\n<p>Netflix est\u00e1 haciendo mucho para promocionar la segunda temporada de su serie live-action <em>Una pieza<\/em> adaptaci\u00f3n, incluyendo que el actor de Luffy, I\u00f1aki Godoy, celebre el cumplea\u00f1os de su personaje, o revele lentamente nuevos miembros del reparto. El creador del manga original, Eiichiro Oda, est\u00e1 estrechamente involucrado en la producci\u00f3n y acaba de compartir una extensa nota en l\u00ednea sobre lo que est\u00e1 por venir:<\/p>\n<blockquote>\n<p>S\u00ed, la versi\u00f3n live-action de One Piece est\u00e1 actualmente en producci\u00f3n y el rodaje est\u00e1 muy avanzado. \u00a1La historia cubrir\u00e1 Loguetown, Reverse Mountain (Twin Cape), Whiskey Peak, Little Garden y Drum Island! Pi\u00e9nsalo. \u00a1Imag\u00ednese cu\u00e1nto costar\u00e1! Ja ja. Pero ya sea el gui\u00f3n o el elenco, sigo insistiendo en esto o aquello, lo que hace que Matt, el showrunner, diga: &quot;\u00a1Aaarrgh!&quot;. y Netflix dice \u201c\u00a1Nooo!\u201d y Tomorrow Studios dice \u201c\u00bfQu\u00e9?\u201d Mientras todos se arrancan los pelos. Todo esto, a pesar de que estuvimos muy cerca de hacer la primera temporada.<\/p>\n<p>\u00a1Pero eso es porque todos compartimos la misma pasi\u00f3n por este programa! Al igual que la temporada pasada, se esforzaron al m\u00e1ximo para prometer que no lanzar\u00edan el programa hasta que yo estuviera satisfecho. Eso no est\u00e1 en el contrato, \u00bfsabes? Es una promesa verbal. Espero que puedas apreciar lo incre\u00edbles y decididos que son a cumplir su palabra. Y ciertamente demostraron su capacidad para llevar ese mundo a la pantalla. \u00a1No puedo esperar a verlo!<\/p>\n<p>Mientras tanto, el elenco previamente anunciado est\u00e1 recopilado en la cuenta oficial de X, as\u00ed que ve a echarle un vistazo. Grand Line es un \u201cmundo\u201d a\u00fan m\u00e1s expansivo. Te preguntar\u00e1s, \u00bfcu\u00e1l fue la inspiraci\u00f3n detr\u00e1s de ese reino? \u00bfC\u00f3mo se conectar\u00eda con el mundo real? Naturalmente, los distinguidos miembros del elenco se han reunido desde todas partes del mundo, \u00a1y no puedo evitar emocionarme pensando que la aventura ya ha comenzado!<\/p>\n<p>Entre los que a\u00fan est\u00e1n por anunciar, \u00bfqu\u00e9 podemos decir de Vivi? \u00bfY la se\u00f1orita Todo el domingo? \u00bfQu\u00e9 est\u00e1n haciendo con Chopper? No podemos anunciar a todos a la vez, pero a partir de ma\u00f1ana, anunciaremos m\u00e1s miembros del elenco a lo largo de tres d\u00edas: 21, 22 y 23 de agosto.<\/p>\n<p>\u00a1Permanezca atento y espere m\u00e1s actualizaciones interesantes!<\/p>\n<\/blockquote>\n<p>\u00bfQu\u00e9 opinas de las bromas y revelaciones de Oda? \u00bfEst\u00e1s esperando con ansias la nueva temporada de <em>Una pieza<\/em>?<\/p>\n<p>Fuente: Crunchyroll<\/p>\n<p>____<\/p>\n<p>Danica Davidson es la autora del best-seller <i>Arte manga para principiantes <\/i>con la artista Melanie Westin, as\u00ed como su secuela, <em>Arte manga para todos<\/em>y el primer libro de tiza manga de su tipo<em> Arte de tiza para manga<\/em>Ambos ilustrados por la artista profesional de manga japonesa Rena Saiya. Echa un vistazo a sus otros c\u00f3mics y libros en www.danicadavidson.com.<\/p>\n<\/div>","protected":false},"excerpt":{"rendered":"<p>Netflix est\u00e1 promocionando intensamente la segunda temporada de su adaptaci\u00f3n live-action de One Piece, incluyendo la celebraci\u00f3n del cumplea\u00f1os de Luffy, el actor I\u00f1aki Godoy, y el anuncio gradual de los nuevos miembros del reparto. El creador del manga original, Eiichiro Oda, est\u00e1 muy involucrado en la producci\u00f3n, y \u00e9l simplemente\u2026 <a class=\"more-link\" href=\"https:\/\/animangeek.com\/es\/eiichiro-oda-nos-conta-o-que-esperar-da-segunda-temporada-de-one-piece\/\">Sigue leyendo <span class=\"screen-reader-text\">Eiichiro Oda nos cuenta qu\u00e9 esperar de la segunda temporada de One Piece<\/span><\/a><\/p>","protected":false},"author":0,"featured_media":14761,"comment_status":"open","ping_status":"open","sticky":false,"template":"","format":"standard","meta":{"footnotes":""},"categories":[6],"tags":[],"yoast_head":"<!-- This site is optimized with the Yoast SEO plugin v23.3 - https:\/\/yoast.com\/wordpress\/plugins\/seo\/ -->\n<title>Eiichiro Oda nos conta o que esperar da segunda temporada de One Piece - Animan Geek<\/title>\n<meta name=\"robots\" content=\"index, follow, max-snippet:-1, max-image-preview:large, max-video-preview:-1\" \/>\n<link rel=\"canonical\" href=\"https:\/\/animangeek.com\/es\/eiichiro-oda-nos-conta-o-que-esperar-da-segunda-temporada-de-one-piece\/\" \/>\n<meta property=\"og:locale\" content=\"es_MX\" \/>\n<meta property=\"og:type\" content=\"article\" \/>\n<meta property=\"og:title\" content=\"Eiichiro Oda nos conta o que esperar da segunda temporada de One Piece - Animan Geek\" \/>\n<meta property=\"og:description\" content=\"A Netflix est\u00e1 fazendo muito para promover a segunda temporada de sua s\u00e9rie live-action Uma peda\u00e7o adapta\u00e7\u00e3o, incluindo ter o ator de Luffy I\u00f1aki Godoy comemorando o anivers\u00e1rio de seu personagem, ou lentamente revelando novos membros do elenco. O criador do mang\u00e1 original Eiichiro Oda est\u00e1 intimamente envolvido com a produ\u00e7\u00e3o, e ele acabou de&hellip; Continue reading Eiichiro Oda nos conta o que esperar da segunda temporada de One Piece\" \/>\n<meta property=\"og:url\" content=\"https:\/\/animangeek.com\/es\/eiichiro-oda-nos-conta-o-que-esperar-da-segunda-temporada-de-one-piece\/\" \/>\n<meta property=\"og:site_name\" content=\"Animan Geek\" \/>\n<meta property=\"article:published_time\" content=\"2024-08-20T21:56:28+00:00\" \/>\n<meta property=\"og:image\" content=\"https:\/\/animangeek.com\/wp-content\/uploads\/sites\/106\/2024\/07\/Producao-Live-Action-da-2a-Temporada-de-One-Piece-em-Andamento.jpeg\" \/>\n\t<meta property=\"og:image:width\" content=\"1200\" \/>\n\t<meta property=\"og:image:height\" content=\"628\" \/>\n\t<meta property=\"og:image:type\" content=\"image\/jpeg\" \/>\n<meta name=\"twitter:card\" content=\"summary_large_image\" \/>\n<meta name=\"twitter:label1\" content=\"Est. reading time\" \/>\n\t<meta name=\"twitter:data1\" content=\"2 minutos\" \/>\n<script type=\"application\/ld+json\" class=\"yoast-schema-graph\">{\"@context\":\"https:\/\/schema.org\",\"@graph\":[{\"@type\":\"WebPage\",\"@id\":\"https:\/\/animangeek.com\/eiichiro-oda-nos-conta-o-que-esperar-da-segunda-temporada-de-one-piece\/\",\"url\":\"https:\/\/animangeek.com\/eiichiro-oda-nos-conta-o-que-esperar-da-segunda-temporada-de-one-piece\/\",\"name\":\"Eiichiro Oda nos conta o que esperar da segunda temporada de One Piece - Animan Geek\",\"isPartOf\":{\"@id\":\"https:\/\/animangeek.com\/#website\"},\"primaryImageOfPage\":{\"@id\":\"https:\/\/animangeek.com\/eiichiro-oda-nos-conta-o-que-esperar-da-segunda-temporada-de-one-piece\/#primaryimage\"},\"image\":{\"@id\":\"https:\/\/animangeek.com\/eiichiro-oda-nos-conta-o-que-esperar-da-segunda-temporada-de-one-piece\/#primaryimage\"},\"thumbnailUrl\":\"https:\/\/animangeek.com\/wp-content\/uploads\/sites\/106\/2024\/07\/Producao-Live-Action-da-2a-Temporada-de-One-Piece-em-Andamento.jpeg\",\"datePublished\":\"2024-08-20T21:56:28+00:00\",\"dateModified\":\"2024-08-20T21:56:28+00:00\",\"author\":{\"@id\":\"\"},\"breadcrumb\":{\"@id\":\"https:\/\/animangeek.com\/eiichiro-oda-nos-conta-o-que-esperar-da-segunda-temporada-de-one-piece\/#breadcrumb\"},\"inLanguage\":\"es-MX\",\"potentialAction\":[{\"@type\":\"ReadAction\",\"target\":[\"https:\/\/animangeek.com\/eiichiro-oda-nos-conta-o-que-esperar-da-segunda-temporada-de-one-piece\/\"]}]},{\"@type\":\"ImageObject\",\"inLanguage\":\"es-MX\",\"@id\":\"https:\/\/animangeek.com\/eiichiro-oda-nos-conta-o-que-esperar-da-segunda-temporada-de-one-piece\/#primaryimage\",\"url\":\"https:\/\/animangeek.com\/wp-content\/uploads\/sites\/106\/2024\/07\/Producao-Live-Action-da-2a-Temporada-de-One-Piece-em-Andamento.jpeg\",\"contentUrl\":\"https:\/\/animangeek.com\/wp-content\/uploads\/sites\/106\/2024\/07\/Producao-Live-Action-da-2a-Temporada-de-One-Piece-em-Andamento.jpeg\",\"width\":1200,\"height\":628},{\"@type\":\"BreadcrumbList\",\"@id\":\"https:\/\/animangeek.com\/eiichiro-oda-nos-conta-o-que-esperar-da-segunda-temporada-de-one-piece\/#breadcrumb\",\"itemListElement\":[{\"@type\":\"ListItem\",\"position\":1,\"name\":\"Home\",\"item\":\"https:\/\/animangeek.com\/\"},{\"@type\":\"ListItem\",\"position\":2,\"name\":\"Eiichiro Oda nos conta o que esperar da segunda temporada de One Piece\"}]},{\"@type\":\"WebSite\",\"@id\":\"https:\/\/animangeek.com\/#website\",\"url\":\"https:\/\/animangeek.com\/\",\"name\":\"Animan Geek\",\"description\":\"\",\"potentialAction\":[{\"@type\":\"SearchAction\",\"target\":{\"@type\":\"EntryPoint\",\"urlTemplate\":\"https:\/\/animangeek.com\/?s={search_term_string}\"},\"query-input\":\"required name=search_term_string\"}],\"inLanguage\":\"es-MX\"}]}<\/script>\n<!-- \/ Yoast SEO plugin. -->","yoast_head_json":{"title":"Eiichiro Oda nos conta o que esperar da segunda temporada de One Piece - Animan Geek","robots":{"index":"index","follow":"follow","max-snippet":"max-snippet:-1","max-image-preview":"max-image-preview:large","max-video-preview":"max-video-preview:-1"},"canonical":"https:\/\/animangeek.com\/es\/eiichiro-oda-nos-conta-o-que-esperar-da-segunda-temporada-de-one-piece\/","og_locale":"es_MX","og_type":"article","og_title":"Eiichiro Oda nos conta o que esperar da segunda temporada de One Piece - Animan Geek","og_description":"A Netflix est\u00e1 fazendo muito para promover a segunda temporada de sua s\u00e9rie live-action Uma peda\u00e7o adapta\u00e7\u00e3o, incluindo ter o ator de Luffy I\u00f1aki Godoy comemorando o anivers\u00e1rio de seu personagem, ou lentamente revelando novos membros do elenco. O criador do mang\u00e1 original Eiichiro Oda est\u00e1 intimamente envolvido com a produ\u00e7\u00e3o, e ele acabou de&hellip; Continue reading Eiichiro Oda nos conta o que esperar da segunda temporada de One Piece","og_url":"https:\/\/animangeek.com\/es\/eiichiro-oda-nos-conta-o-que-esperar-da-segunda-temporada-de-one-piece\/","og_site_name":"Animan Geek","article_published_time":"2024-08-20T21:56:28+00:00","og_image":[{"width":1200,"height":628,"url":"https:\/\/animangeek.com\/wp-content\/uploads\/sites\/106\/2024\/07\/Producao-Live-Action-da-2a-Temporada-de-One-Piece-em-Andamento.jpeg","type":"image\/jpeg"}],"twitter_card":"summary_large_image","twitter_misc":{"Est. reading time":"2 minutos"},"schema":{"@context":"https:\/\/schema.org","@graph":[{"@type":"WebPage","@id":"https:\/\/animangeek.com\/eiichiro-oda-nos-conta-o-que-esperar-da-segunda-temporada-de-one-piece\/","url":"https:\/\/animangeek.com\/eiichiro-oda-nos-conta-o-que-esperar-da-segunda-temporada-de-one-piece\/","name":"Eiichiro Oda nos conta o que esperar da segunda temporada de One Piece - Animan Geek","isPartOf":{"@id":"https:\/\/animangeek.com\/#website"},"primaryImageOfPage":{"@id":"https:\/\/animangeek.com\/eiichiro-oda-nos-conta-o-que-esperar-da-segunda-temporada-de-one-piece\/#primaryimage"},"image":{"@id":"https:\/\/animangeek.com\/eiichiro-oda-nos-conta-o-que-esperar-da-segunda-temporada-de-one-piece\/#primaryimage"},"thumbnailUrl":"https:\/\/animangeek.com\/wp-content\/uploads\/sites\/106\/2024\/07\/Producao-Live-Action-da-2a-Temporada-de-One-Piece-em-Andamento.jpeg","datePublished":"2024-08-20T21:56:28+00:00","dateModified":"2024-08-20T21:56:28+00:00","author":{"@id":""},"breadcrumb":{"@id":"https:\/\/animangeek.com\/eiichiro-oda-nos-conta-o-que-esperar-da-segunda-temporada-de-one-piece\/#breadcrumb"},"inLanguage":"es-MX","potentialAction":[{"@type":"ReadAction","target":["https:\/\/animangeek.com\/eiichiro-oda-nos-conta-o-que-esperar-da-segunda-temporada-de-one-piece\/"]}]},{"@type":"ImageObject","inLanguage":"es-MX","@id":"https:\/\/animangeek.com\/eiichiro-oda-nos-conta-o-que-esperar-da-segunda-temporada-de-one-piece\/#primaryimage","url":"https:\/\/animangeek.com\/wp-content\/uploads\/sites\/106\/2024\/07\/Producao-Live-Action-da-2a-Temporada-de-One-Piece-em-Andamento.jpeg","contentUrl":"https:\/\/animangeek.com\/wp-content\/uploads\/sites\/106\/2024\/07\/Producao-Live-Action-da-2a-Temporada-de-One-Piece-em-Andamento.jpeg","width":1200,"height":628},{"@type":"BreadcrumbList","@id":"https:\/\/animangeek.com\/eiichiro-oda-nos-conta-o-que-esperar-da-segunda-temporada-de-one-piece\/#breadcrumb","itemListElement":[{"@type":"ListItem","position":1,"name":"Home","item":"https:\/\/animangeek.com\/"},{"@type":"ListItem","position":2,"name":"Eiichiro Oda nos conta o que esperar da segunda temporada de One Piece"}]},{"@type":"WebSite","@id":"https:\/\/animangeek.com\/#website","url":"https:\/\/animangeek.com\/","name":"Animan Geek","description":"","potentialAction":[{"@type":"SearchAction","target":{"@type":"EntryPoint","urlTemplate":"https:\/\/animangeek.com\/?s={search_term_string}"},"query-input":"required name=search_term_string"}],"inLanguage":"es-MX"}]}},"_links":{"self":[{"href":"https:\/\/animangeek.com\/es\/wp-json\/wp\/v2\/posts\/17710"}],"collection":[{"href":"https:\/\/animangeek.com\/es\/wp-json\/wp\/v2\/posts"}],"about":[{"href":"https:\/\/animangeek.com\/es\/wp-json\/wp\/v2\/types\/post"}],"replies":[{"embeddable":true,"href":"https:\/\/animangeek.com\/es\/wp-json\/wp\/v2\/comments?post=17710"}],"version-history":[{"count":0,"href":"https:\/\/animangeek.com\/es\/wp-json\/wp\/v2\/posts\/17710\/revisions"}],"wp:featuredmedia":[{"embeddable":true,"href":"https:\/\/animangeek.com\/es\/wp-json\/wp\/v2\/media\/14761"}],"wp:attachment":[{"href":"https:\/\/animangeek.com\/es\/wp-json\/wp\/v2\/media?parent=17710"}],"wp:term":[{"taxonomy":"category","embeddable":true,"href":"https:\/\/animangeek.com\/es\/wp-json\/wp\/v2\/categories?post=17710"},{"taxonomy":"post_tag","embeddable":true,"href":"https:\/\/animangeek.com\/es\/wp-json\/wp\/v2\/tags?post=17710"}],"curies":[{"name":"wp","href":"https:\/\/api.w.org\/{rel}","templated":true}]}}