{"id":18013,"date":"2024-08-27T22:26:46","date_gmt":"2024-08-28T01:26:46","guid":{"rendered":"https:\/\/animangeek.com\/o-ocidente-acredita-que-picoro-e-um-personagem-negro\/"},"modified":"2024-08-27T22:26:46","modified_gmt":"2024-08-28T01:26:46","slug":"o-ocidente-acredita-que-picoro-e-um-personagem-negro","status":"publish","type":"post","link":"https:\/\/animangeek.com\/es\/o-ocidente-acredita-que-picoro-e-um-personagem-negro\/","title":{"rendered":"Occidente cree que Pichorus es un personaje negro."},"content":{"rendered":"<div class=\"mx-5 sm:mx-0 prose text-left mb-5\">\n<div>\n<p>Recientemente, una encuesta de Twitter se volvi\u00f3 viral entre la comunidad de anime, generando mucha confusi\u00f3n y debate entre los internautas japoneses. <strong>La encuesta pregunt\u00f3 a los fan\u00e1ticos qui\u00e9n era su personaje de anime colorido favorito, y entre las opciones propuestas, para sorpresa de muchos en Jap\u00f3n, estaba Piccolo, uno de los personajes m\u00e1s ic\u00f3nicos de la franquicia \u201cDragon Ball\u201d.<\/strong><\/p>\n<div class=\"wp-block-image\">\n<figure class=\"aligncenter size-full\"><img loading=\"lazy\" decoding=\"async\" width=\"1080\" height=\"1080\" src=\"https:\/\/animangeek.com\/wp-content\/uploads\/2024\/08\/O-Ocidente-acredita-que-Picoro-e-um-personagem-negro.jpg\" alt=\"Flautim\" class=\"wp-image-335853\"  \/><figcaption class=\"wp-element-caption\">\u00a9 Twitter<\/figcaption><\/figure>\n<\/div>\n<p>Para los fan\u00e1ticos japoneses este descubrimiento fue bastante desconcertante. <strong>Como se sabe que Piccolo es un Namekiano, una raza alien\u00edgena de piel verde dentro del universo de \u201cDragon Ball\u201d.<\/strong> Sin embargo, en Occidente, algunos fans parecen identificar a Picoro como un personaje de color, lo que ha provocado una ola de reacciones y comentarios en las redes sociales.<\/p>\n<p>Piccolo, quien originalmente fue presentado como un villano en \u201cDragon Ball\u201d, r\u00e1pidamente se convirti\u00f3 en uno de los personajes m\u00e1s queridos, especialmente por su evoluci\u00f3n como protector de la Tierra y su papel como mentor de Gohan. <strong>Aunque su piel es verde y pertenece a una raza completamente diferente, la percepci\u00f3n de Piccolo como un personaje de color en Occidente puede estar relacionada con varios factores.<\/strong><\/p>\n<p><strong>Algunos fan\u00e1ticos sugieren que la identificaci\u00f3n de Picoro como un personaje de color puede estar relacionada con su papel en la serie como un extra\u00f1o o una minor\u00eda dentro de la sociedad en la que se desarrolla &quot;Dragon Ball&quot;.<\/strong>Similar a c\u00f3mo las personas de color han sido tratadas hist\u00f3ricamente en diferentes culturas. Esta idea se ve reforzada por su comportamiento serio y su actitud protectora hacia los dem\u00e1s, cualidades que algunos podr\u00edan interpretar como atributos de una figura paterna fuerte, similar a los estereotipos asociados con los personajes negros en los medios occidentales.<\/p>\n<p>En Jap\u00f3n, sin embargo, esta noci\u00f3n parece absurda para muchos. A continuaci\u00f3n se muestran algunos de los comentarios de la comunidad japonesa sobre este tema:<\/p>\n<ul>\n<li>\u00ab<em>\u00bfLos negros nacen de \u00f3vulos? No lo sab\u00eda<\/em>\u00bb.<\/li>\n<li>\u00ab<em>Eso es curioso, en las respuestas mencionan que las personas negras sienten una fuerte \u201cnegritud\u201d en Picoro.<\/em>\u00bb.<\/li>\n<li>\u00ab<em>\u00bfEs normal que las personas negras tengan la piel verde?<\/em>\u00bb.<\/li>\n<li>\u00ab<em>La minor\u00eda = los negros \u00bfes lo que piensas?<\/em>\u00bb.<\/li>\n<li>\u00ab<em>Esto es s\u00f3lo una preparaci\u00f3n para protestar si Piccolo no es negro en una futura adaptaci\u00f3n de acci\u00f3n real.<\/em>\u00bb.<\/li>\n<li>\u00ab<em>Negro (verde)<\/em>\u00bb.<\/li>\n<li>\u00ab<em>\u00bfEs correcto que \u00e9l es un Namekiano?<\/em>\u00bb.<\/li>\n<li>\u00ab<em>Picoro no es negro. El universo de Dragon Ball en realidad tiene gente negra, aunque incre\u00edblemente poca (y no, el Sr. PoPo no cuenta)<\/em>\u00bb.<\/li>\n<li>\u00ab<em>No, no lo es. S\u00f3lo los estadounidenses est\u00e1n desesperados por denigrar a un determinado personaje, del mismo modo que blanquean a otros personajes de ficci\u00f3n.<\/em>\u00bb.<\/li>\n<\/ul>\n<p>Estos comentarios reflejan el desconcierto de muchos fans japoneses al descubrir esta percepci\u00f3n en Occidente. <strong>Para ellos, la idea de considerar a un personaje extraterrestre como Picoro como parte de una minor\u00eda \u00e9tnica humana parece completamente inveros\u00edmil.<\/strong> Sin embargo, este choque cultural tambi\u00e9n pone de relieve c\u00f3mo los personajes de ficci\u00f3n pueden interpretarse de diferentes maneras seg\u00fan el contexto sociocultural.<\/p>\n<p>Fuente: <strong><a rel=\"nofollow noopener\" target=\"_blank\" href=\"http:\/\/otakomu.jp\/archives\/36618956.html\">Otakomu<\/a><\/strong><\/p>\n<\/div>\n<\/div>","protected":false},"excerpt":{"rendered":"<p>Una encuesta en Twitter se viraliz\u00f3 recientemente entre la comunidad del anime, generando mucha confusi\u00f3n y debate entre los internautas japoneses. La encuesta ped\u00eda a los fans que nombraran a su personaje de anime colorido favorito, y entre las opciones propuestas, para sorpresa de muchos en Jap\u00f3n, estaba Piccolo, uno de los personajes m\u00e1s ic\u00f3nicos de la franquicia &quot;Dragon Ball&quot;. <a class=\"more-link\" href=\"https:\/\/animangeek.com\/es\/o-ocidente-acredita-que-picoro-e-um-personagem-negro\/\">Sigue leyendo <span class=\"screen-reader-text\">Occidente cree que Pichorus es un personaje negro.<\/span><\/a><\/p>","protected":false},"author":0,"featured_media":18014,"comment_status":"open","ping_status":"open","sticky":false,"template":"","format":"standard","meta":{"footnotes":""},"categories":[5],"tags":[275,462],"yoast_head":"<!-- This site is optimized with the Yoast SEO plugin v23.3 - https:\/\/yoast.com\/wordpress\/plugins\/seo\/ -->\n<title>O Ocidente acredita que P\u00edcoro \u00e9 um personagem negro - Animan Geek<\/title>\n<meta name=\"robots\" content=\"index, follow, max-snippet:-1, max-image-preview:large, max-video-preview:-1\" \/>\n<link rel=\"canonical\" href=\"https:\/\/animangeek.com\/es\/o-ocidente-acredita-que-picoro-e-um-personagem-negro\/\" \/>\n<meta property=\"og:locale\" content=\"es_MX\" \/>\n<meta property=\"og:type\" content=\"article\" \/>\n<meta property=\"og:title\" content=\"O Ocidente acredita que P\u00edcoro \u00e9 um personagem negro - Animan Geek\" \/>\n<meta property=\"og:description\" content=\"Recentemente, uma enquete no Twitter se tornou viral entre a comunidade de anime, gerando muita confus\u00e3o e debate entre os internautas japoneses. A pesquisa perguntou aos f\u00e3s qual seu personagem de anime colorido preferido, e entre as op\u00e7\u00f5es propostas, para surpresa de muitos no Jap\u00e3o, apareceu Piccolo, um dos personagens mais ic\u00f4nicos da franquia \u201cDragon&hellip; Continue reading O Ocidente acredita que P\u00edcoro \u00e9 um personagem negro\" \/>\n<meta property=\"og:url\" content=\"https:\/\/animangeek.com\/es\/o-ocidente-acredita-que-picoro-e-um-personagem-negro\/\" \/>\n<meta property=\"og:site_name\" content=\"Animan Geek\" \/>\n<meta property=\"article:published_time\" content=\"2024-08-28T01:26:46+00:00\" \/>\n<meta property=\"og:image\" content=\"https:\/\/animangeek.com\/wp-content\/uploads\/sites\/106\/2024\/08\/1724808407_O-Ocidente-acredita-que-Picoro-e-um-personagem-negro.jpg\" \/>\n\t<meta property=\"og:image:width\" content=\"1920\" \/>\n\t<meta property=\"og:image:height\" content=\"1080\" \/>\n\t<meta property=\"og:image:type\" content=\"image\/jpeg\" \/>\n<meta name=\"twitter:card\" content=\"summary_large_image\" \/>\n<meta name=\"twitter:label1\" content=\"Est. reading time\" \/>\n\t<meta name=\"twitter:data1\" content=\"2 minutos\" \/>\n<script type=\"application\/ld+json\" class=\"yoast-schema-graph\">{\"@context\":\"https:\/\/schema.org\",\"@graph\":[{\"@type\":\"WebPage\",\"@id\":\"https:\/\/animangeek.com\/o-ocidente-acredita-que-picoro-e-um-personagem-negro\/\",\"url\":\"https:\/\/animangeek.com\/o-ocidente-acredita-que-picoro-e-um-personagem-negro\/\",\"name\":\"O Ocidente acredita que P\u00edcoro \u00e9 um personagem negro - Animan Geek\",\"isPartOf\":{\"@id\":\"https:\/\/animangeek.com\/#website\"},\"primaryImageOfPage\":{\"@id\":\"https:\/\/animangeek.com\/o-ocidente-acredita-que-picoro-e-um-personagem-negro\/#primaryimage\"},\"image\":{\"@id\":\"https:\/\/animangeek.com\/o-ocidente-acredita-que-picoro-e-um-personagem-negro\/#primaryimage\"},\"thumbnailUrl\":\"https:\/\/animangeek.com\/wp-content\/uploads\/sites\/106\/2024\/08\/1724808407_O-Ocidente-acredita-que-Picoro-e-um-personagem-negro.jpg\",\"datePublished\":\"2024-08-28T01:26:46+00:00\",\"dateModified\":\"2024-08-28T01:26:46+00:00\",\"author\":{\"@id\":\"\"},\"breadcrumb\":{\"@id\":\"https:\/\/animangeek.com\/o-ocidente-acredita-que-picoro-e-um-personagem-negro\/#breadcrumb\"},\"inLanguage\":\"es-MX\",\"potentialAction\":[{\"@type\":\"ReadAction\",\"target\":[\"https:\/\/animangeek.com\/o-ocidente-acredita-que-picoro-e-um-personagem-negro\/\"]}]},{\"@type\":\"ImageObject\",\"inLanguage\":\"es-MX\",\"@id\":\"https:\/\/animangeek.com\/o-ocidente-acredita-que-picoro-e-um-personagem-negro\/#primaryimage\",\"url\":\"https:\/\/animangeek.com\/wp-content\/uploads\/sites\/106\/2024\/08\/1724808407_O-Ocidente-acredita-que-Picoro-e-um-personagem-negro.jpg\",\"contentUrl\":\"https:\/\/animangeek.com\/wp-content\/uploads\/sites\/106\/2024\/08\/1724808407_O-Ocidente-acredita-que-Picoro-e-um-personagem-negro.jpg\",\"width\":1920,\"height\":1080},{\"@type\":\"BreadcrumbList\",\"@id\":\"https:\/\/animangeek.com\/o-ocidente-acredita-que-picoro-e-um-personagem-negro\/#breadcrumb\",\"itemListElement\":[{\"@type\":\"ListItem\",\"position\":1,\"name\":\"Home\",\"item\":\"https:\/\/animangeek.com\/\"},{\"@type\":\"ListItem\",\"position\":2,\"name\":\"O Ocidente acredita que P\u00edcoro \u00e9 um personagem negro\"}]},{\"@type\":\"WebSite\",\"@id\":\"https:\/\/animangeek.com\/#website\",\"url\":\"https:\/\/animangeek.com\/\",\"name\":\"Animan Geek\",\"description\":\"\",\"potentialAction\":[{\"@type\":\"SearchAction\",\"target\":{\"@type\":\"EntryPoint\",\"urlTemplate\":\"https:\/\/animangeek.com\/?s={search_term_string}\"},\"query-input\":\"required name=search_term_string\"}],\"inLanguage\":\"es-MX\"}]}<\/script>\n<!-- \/ Yoast SEO plugin. -->","yoast_head_json":{"title":"O Ocidente acredita que P\u00edcoro \u00e9 um personagem negro - Animan Geek","robots":{"index":"index","follow":"follow","max-snippet":"max-snippet:-1","max-image-preview":"max-image-preview:large","max-video-preview":"max-video-preview:-1"},"canonical":"https:\/\/animangeek.com\/es\/o-ocidente-acredita-que-picoro-e-um-personagem-negro\/","og_locale":"es_MX","og_type":"article","og_title":"O Ocidente acredita que P\u00edcoro \u00e9 um personagem negro - Animan Geek","og_description":"Recentemente, uma enquete no Twitter se tornou viral entre a comunidade de anime, gerando muita confus\u00e3o e debate entre os internautas japoneses. A pesquisa perguntou aos f\u00e3s qual seu personagem de anime colorido preferido, e entre as op\u00e7\u00f5es propostas, para surpresa de muitos no Jap\u00e3o, apareceu Piccolo, um dos personagens mais ic\u00f4nicos da franquia \u201cDragon&hellip; Continue reading O Ocidente acredita que P\u00edcoro \u00e9 um personagem negro","og_url":"https:\/\/animangeek.com\/es\/o-ocidente-acredita-que-picoro-e-um-personagem-negro\/","og_site_name":"Animan Geek","article_published_time":"2024-08-28T01:26:46+00:00","og_image":[{"width":1920,"height":1080,"url":"https:\/\/animangeek.com\/wp-content\/uploads\/sites\/106\/2024\/08\/1724808407_O-Ocidente-acredita-que-Picoro-e-um-personagem-negro.jpg","type":"image\/jpeg"}],"twitter_card":"summary_large_image","twitter_misc":{"Est. reading time":"2 minutos"},"schema":{"@context":"https:\/\/schema.org","@graph":[{"@type":"WebPage","@id":"https:\/\/animangeek.com\/o-ocidente-acredita-que-picoro-e-um-personagem-negro\/","url":"https:\/\/animangeek.com\/o-ocidente-acredita-que-picoro-e-um-personagem-negro\/","name":"O Ocidente acredita que P\u00edcoro \u00e9 um personagem negro - Animan Geek","isPartOf":{"@id":"https:\/\/animangeek.com\/#website"},"primaryImageOfPage":{"@id":"https:\/\/animangeek.com\/o-ocidente-acredita-que-picoro-e-um-personagem-negro\/#primaryimage"},"image":{"@id":"https:\/\/animangeek.com\/o-ocidente-acredita-que-picoro-e-um-personagem-negro\/#primaryimage"},"thumbnailUrl":"https:\/\/animangeek.com\/wp-content\/uploads\/sites\/106\/2024\/08\/1724808407_O-Ocidente-acredita-que-Picoro-e-um-personagem-negro.jpg","datePublished":"2024-08-28T01:26:46+00:00","dateModified":"2024-08-28T01:26:46+00:00","author":{"@id":""},"breadcrumb":{"@id":"https:\/\/animangeek.com\/o-ocidente-acredita-que-picoro-e-um-personagem-negro\/#breadcrumb"},"inLanguage":"es-MX","potentialAction":[{"@type":"ReadAction","target":["https:\/\/animangeek.com\/o-ocidente-acredita-que-picoro-e-um-personagem-negro\/"]}]},{"@type":"ImageObject","inLanguage":"es-MX","@id":"https:\/\/animangeek.com\/o-ocidente-acredita-que-picoro-e-um-personagem-negro\/#primaryimage","url":"https:\/\/animangeek.com\/wp-content\/uploads\/sites\/106\/2024\/08\/1724808407_O-Ocidente-acredita-que-Picoro-e-um-personagem-negro.jpg","contentUrl":"https:\/\/animangeek.com\/wp-content\/uploads\/sites\/106\/2024\/08\/1724808407_O-Ocidente-acredita-que-Picoro-e-um-personagem-negro.jpg","width":1920,"height":1080},{"@type":"BreadcrumbList","@id":"https:\/\/animangeek.com\/o-ocidente-acredita-que-picoro-e-um-personagem-negro\/#breadcrumb","itemListElement":[{"@type":"ListItem","position":1,"name":"Home","item":"https:\/\/animangeek.com\/"},{"@type":"ListItem","position":2,"name":"O Ocidente acredita que P\u00edcoro \u00e9 um personagem negro"}]},{"@type":"WebSite","@id":"https:\/\/animangeek.com\/#website","url":"https:\/\/animangeek.com\/","name":"Animan Geek","description":"","potentialAction":[{"@type":"SearchAction","target":{"@type":"EntryPoint","urlTemplate":"https:\/\/animangeek.com\/?s={search_term_string}"},"query-input":"required name=search_term_string"}],"inLanguage":"es-MX"}]}},"_links":{"self":[{"href":"https:\/\/animangeek.com\/es\/wp-json\/wp\/v2\/posts\/18013"}],"collection":[{"href":"https:\/\/animangeek.com\/es\/wp-json\/wp\/v2\/posts"}],"about":[{"href":"https:\/\/animangeek.com\/es\/wp-json\/wp\/v2\/types\/post"}],"replies":[{"embeddable":true,"href":"https:\/\/animangeek.com\/es\/wp-json\/wp\/v2\/comments?post=18013"}],"version-history":[{"count":0,"href":"https:\/\/animangeek.com\/es\/wp-json\/wp\/v2\/posts\/18013\/revisions"}],"wp:featuredmedia":[{"embeddable":true,"href":"https:\/\/animangeek.com\/es\/wp-json\/wp\/v2\/media\/18014"}],"wp:attachment":[{"href":"https:\/\/animangeek.com\/es\/wp-json\/wp\/v2\/media?parent=18013"}],"wp:term":[{"taxonomy":"category","embeddable":true,"href":"https:\/\/animangeek.com\/es\/wp-json\/wp\/v2\/categories?post=18013"},{"taxonomy":"post_tag","embeddable":true,"href":"https:\/\/animangeek.com\/es\/wp-json\/wp\/v2\/tags?post=18013"}],"curies":[{"name":"wp","href":"https:\/\/api.w.org\/{rel}","templated":true}]}}