{"id":19034,"date":"2024-09-21T13:16:40","date_gmt":"2024-09-21T16:16:40","guid":{"rendered":"https:\/\/animangeek.com\/do-autor-de-nichijou-city-tera-um-anime\/"},"modified":"2024-09-21T13:16:40","modified_gmt":"2024-09-21T16:16:40","slug":"do-autor-de-nichijou-city-tera-um-anime","status":"publish","type":"post","link":"https:\/\/animangeek.com\/es\/do-autor-de-nichijou-city-tera-um-anime\/","title":{"rendered":"Del autor de Nichijou, CITY tendr\u00e1 un anime"},"content":{"rendered":"<div class=\"mx-5 sm:mx-0 prose text-left mb-5\">\n<div>\n<p>Durante una transmisi\u00f3n especial, los estudios <strong>Animaci\u00f3n de Kioto<\/strong> anunci\u00f3 que el manga escrito e ilustrado por <strong>Keiichi Arawi<\/strong>&quot;<strong>CIUDAD<\/strong>\u201c, tendr\u00e1 una adaptaci\u00f3n al anime que <strong>Se estrenar\u00e1 en 2025 en Jap\u00f3n.<\/strong> Esta es otra obra del autor de \u201c<strong>Nichijou \u2013 Mi vida ordinaria<\/strong>\u201c, y es la primera producci\u00f3n no secuencial del estudio en m\u00e1s de seis a\u00f1os.<\/p>\n<p><iframe loading=\"lazy\" title=\"\u300eCIUDAD LA ANIMACI\u00d3N\u300f\u30c6\u30a3\u30b6\u30fcPV\" width=\"500\" height=\"281\" src=\"https:\/\/www.youtube.com\/embed\/4uOl1vpOjAg?feature=oembed\" frameborder=\"0\" allow=\"accelerometer; autoplay; clipboard-write; encrypted-media; gyroscope; picture-in-picture; web-share\" referrerpolicy=\"strict-origin-when-cross-origin\" allowfullscreen><\/iframe><\/p>\n<div class=\"wp-block-image\">\n<figure class=\"aligncenter size-full\"><img loading=\"lazy\" decoding=\"async\" width=\"1130\" height=\"1600\" src=\"https:\/\/animangeek.com\/wp-content\/uploads\/2024\/09\/Do-autor-de-Nichijou-CITY-tera-um-anime.jpg\" alt=\"\" class=\"wp-image-337023\"  \/><\/figure>\n<\/div>\n<p>Sucesivamente, <strong>Keiichi Arawi<\/strong> El manga comenz\u00f3 a publicarse a trav\u00e9s de la revista <strong>Ma\u00f1ana <\/strong>del editor <strong>Kodansha<\/strong> en septiembre de 2017 y finaliz\u00f3 en febrero de 2021 con un total de trece vol\u00famenes recopilatorios. El autor tambi\u00e9n escribi\u00f3 otras obras como \u201c<strong>Nichijou \u2013 Mi vida ordinaria<\/strong>&quot; y &quot;<strong>Helv\u00e9tica est\u00e1ndar<\/strong>\u201c, que inspir\u00f3 una adaptaci\u00f3n de anime conjunta tambi\u00e9n producida por <strong>Animaci\u00f3n de Kioto<\/strong> y lanzado en 2011.<\/p>\n<h3 class=\"wp-block-heading\"><strong>Reparto de voces<\/strong><\/h3>\n<p><strong>Mikako Komatsu como Midori Nagumo<\/strong>Una chica ingenua e inocente que causa incidentes en todas partes. Tu sue\u00f1o futuro es hacer cosas divertidas.<\/p>\n<div class=\"wp-block-image\">\n<figure class=\"aligncenter size-full\"><img loading=\"lazy\" decoding=\"async\" width=\"2480\" height=\"1748\" src=\"https:\/\/animangeek.com\/wp-content\/uploads\/2024\/09\/1726935400_594_Do-autor-de-Nichijou-CITY-tera-um-anime.jpg\" alt=\"\" class=\"wp-image-337022\"  \/><\/figure>\n<\/div>\n<p><strong>Aki Toyosaki como Niikura<\/strong>Una chica que no para de dar pu\u00f1etazos y acaba meti\u00e9ndose en todo. Ella dice que es una chica completamente normal y que su sue\u00f1o es ser fot\u00f3grafa.<\/p>\n<div class=\"wp-block-image\">\n<figure class=\"aligncenter size-full\"><img loading=\"lazy\" decoding=\"async\" width=\"2480\" height=\"1748\" src=\"https:\/\/animangeek.com\/wp-content\/uploads\/2024\/09\/1726935400_563_Do-autor-de-Nichijou-CITY-tera-um-anime.jpg\" alt=\"\" class=\"wp-image-337021\"  \/><\/figure>\n<\/div>\n<p><strong>Yui Ishikawa como Wako Izumi<\/strong>Una chica un poco misteriosa y no est\u00e1 claro si es normal o de alg\u00fan g\u00e9nero.<\/p>\n<div class=\"wp-block-image\">\n<figure class=\"aligncenter size-full\"><img loading=\"lazy\" decoding=\"async\" width=\"2480\" height=\"1748\" src=\"https:\/\/animangeek.com\/wp-content\/uploads\/2024\/09\/1726935400_481_Do-autor-de-Nichijou-CITY-tera-um-anime.jpg\" alt=\"\" class=\"wp-image-337020\"  \/><\/figure>\n<\/div>\n<h3 class=\"wp-block-heading\"><strong>Sinopsis de CITY<\/strong><\/h3>\n<p><em>Del creador de Nichijou, esta serie surrealista gira en torno a una estudiante universitaria sin dinero, Midori Nagumo, que vive en una ciudad com\u00fan llena de gente inusual. Y mientras esta chica temeraria corre, pone la ciudad en movimiento.<\/em><\/p>\n<p><em>Midori se encuentra en una situaci\u00f3n dif\u00edcil. Ella est\u00e1 endeudada y su casera est\u00e1 intentando desalojarla por no pagar el alquiler. Tu mejor amiga se niega a prestarte dinero desde que se dio cuenta de tus trucos. Quiz\u00e1s un poco de intimidaci\u00f3n ayude. \u00bfO un peque\u00f1o hurto? Ninguno es sostenible. Tal vez conseguir un trabajo solucionar\u00eda las cosas\u2026 Pero trabajar significa menos tiempo para divertidas aventuras en la gran ciudad\u2026<\/em><\/p>\n<p>Fuente: <strong><a rel=\"nofollow noopener\" target=\"_blank\" href=\"https:\/\/natalie.mu\/comic\/news\/592004\">Natalie en los c\u00f3mics<\/a><\/strong><\/p>\n<p>(c)\u3042\u3089\u3090\u3051\u3044\u3044\u3061\u30fb\u8b1b\u8ac7\u793e\uff0f CIUDAD LA ANIMACI\u00d3N \u88fd\u4f5c\u59d4\u54e1\u4f1a<\/p>\n<\/div>\n<\/div>","protected":false},"excerpt":{"rendered":"<p>Durante una transmisi\u00f3n especial, Kyoto Animation Studios anunci\u00f3 que el manga &quot;CITY&quot;, escrito e ilustrado por Keiichi Arawi, tendr\u00e1 una adaptaci\u00f3n al anime que se estrenar\u00e1 en Jap\u00f3n en 2025. Esta es otra obra del autor de &quot;Nichijou \u2013 My Ordinary Life&quot; y es la primera producci\u00f3n no secuencial del estudio en... <a class=\"more-link\" href=\"https:\/\/animangeek.com\/es\/do-autor-de-nichijou-city-tera-um-anime\/\">Sigue leyendo <span class=\"screen-reader-text\">Del autor de Nichijou, CITY tendr\u00e1 un anime<\/span><\/a><\/p>","protected":false},"author":0,"featured_media":19036,"comment_status":"open","ping_status":"open","sticky":false,"template":"","format":"standard","meta":{"footnotes":""},"categories":[3],"tags":[117,339,842,1097],"yoast_head":"<!-- This site is optimized with the Yoast SEO plugin v23.3 - https:\/\/yoast.com\/wordpress\/plugins\/seo\/ -->\n<title>Do autor de Nichijou, CITY ter\u00e1 um anime - Animan Geek<\/title>\n<meta name=\"robots\" content=\"index, follow, max-snippet:-1, max-image-preview:large, max-video-preview:-1\" \/>\n<link rel=\"canonical\" href=\"https:\/\/animangeek.com\/es\/do-autor-de-nichijou-city-tera-um-anime\/\" \/>\n<meta property=\"og:locale\" content=\"es_MX\" \/>\n<meta property=\"og:type\" content=\"article\" \/>\n<meta property=\"og:title\" content=\"Do autor de Nichijou, CITY ter\u00e1 um anime - Animan Geek\" \/>\n<meta property=\"og:description\" content=\"Durante uma transmiss\u00e3o especial, os est\u00fadios Anima\u00e7\u00e3o de Quioto anunciou que o mang\u00e1 escrito e ilustrado por Keiichi Arawi\u201cCIDADE\u201c, ter\u00e1 uma adapta\u00e7\u00e3o para anime que Ele estrear\u00e1 em 2025 no Jap\u00e3o. Esta \u00e9 mais uma das obras do autor de \u201cNichijou \u2013 Minha vida comum\u201c, e \u00e9 a primeira produ\u00e7\u00e3o n\u00e3o sequencial do est\u00fadio em&hellip; Continue reading Do autor de Nichijou, CITY ter\u00e1 um anime\" \/>\n<meta property=\"og:url\" content=\"https:\/\/animangeek.com\/es\/do-autor-de-nichijou-city-tera-um-anime\/\" \/>\n<meta property=\"og:site_name\" content=\"Animan Geek\" \/>\n<meta property=\"article:published_time\" content=\"2024-09-21T16:16:40+00:00\" \/>\n<meta property=\"og:image\" content=\"https:\/\/animangeek.com\/wp-content\/uploads\/sites\/106\/2024\/09\/1726935401_Do-autor-de-Nichijou-CITY-tera-um-anime.jpg\" \/>\n\t<meta property=\"og:image:width\" content=\"1920\" \/>\n\t<meta property=\"og:image:height\" content=\"1080\" \/>\n\t<meta property=\"og:image:type\" content=\"image\/jpeg\" \/>\n<meta name=\"twitter:card\" content=\"summary_large_image\" \/>\n<meta name=\"twitter:label1\" content=\"Est. reading time\" \/>\n\t<meta name=\"twitter:data1\" content=\"2 minutos\" \/>\n<script type=\"application\/ld+json\" class=\"yoast-schema-graph\">{\"@context\":\"https:\/\/schema.org\",\"@graph\":[{\"@type\":\"WebPage\",\"@id\":\"https:\/\/animangeek.com\/do-autor-de-nichijou-city-tera-um-anime\/\",\"url\":\"https:\/\/animangeek.com\/do-autor-de-nichijou-city-tera-um-anime\/\",\"name\":\"Do autor de Nichijou, CITY ter\u00e1 um anime - Animan Geek\",\"isPartOf\":{\"@id\":\"https:\/\/animangeek.com\/#website\"},\"primaryImageOfPage\":{\"@id\":\"https:\/\/animangeek.com\/do-autor-de-nichijou-city-tera-um-anime\/#primaryimage\"},\"image\":{\"@id\":\"https:\/\/animangeek.com\/do-autor-de-nichijou-city-tera-um-anime\/#primaryimage\"},\"thumbnailUrl\":\"https:\/\/animangeek.com\/wp-content\/uploads\/sites\/106\/2024\/09\/1726935401_Do-autor-de-Nichijou-CITY-tera-um-anime.jpg\",\"datePublished\":\"2024-09-21T16:16:40+00:00\",\"dateModified\":\"2024-09-21T16:16:40+00:00\",\"author\":{\"@id\":\"\"},\"breadcrumb\":{\"@id\":\"https:\/\/animangeek.com\/do-autor-de-nichijou-city-tera-um-anime\/#breadcrumb\"},\"inLanguage\":\"es-MX\",\"potentialAction\":[{\"@type\":\"ReadAction\",\"target\":[\"https:\/\/animangeek.com\/do-autor-de-nichijou-city-tera-um-anime\/\"]}]},{\"@type\":\"ImageObject\",\"inLanguage\":\"es-MX\",\"@id\":\"https:\/\/animangeek.com\/do-autor-de-nichijou-city-tera-um-anime\/#primaryimage\",\"url\":\"https:\/\/animangeek.com\/wp-content\/uploads\/sites\/106\/2024\/09\/1726935401_Do-autor-de-Nichijou-CITY-tera-um-anime.jpg\",\"contentUrl\":\"https:\/\/animangeek.com\/wp-content\/uploads\/sites\/106\/2024\/09\/1726935401_Do-autor-de-Nichijou-CITY-tera-um-anime.jpg\",\"width\":1920,\"height\":1080},{\"@type\":\"BreadcrumbList\",\"@id\":\"https:\/\/animangeek.com\/do-autor-de-nichijou-city-tera-um-anime\/#breadcrumb\",\"itemListElement\":[{\"@type\":\"ListItem\",\"position\":1,\"name\":\"Home\",\"item\":\"https:\/\/animangeek.com\/\"},{\"@type\":\"ListItem\",\"position\":2,\"name\":\"Do autor de Nichijou, CITY ter\u00e1 um anime\"}]},{\"@type\":\"WebSite\",\"@id\":\"https:\/\/animangeek.com\/#website\",\"url\":\"https:\/\/animangeek.com\/\",\"name\":\"Animan Geek\",\"description\":\"\",\"potentialAction\":[{\"@type\":\"SearchAction\",\"target\":{\"@type\":\"EntryPoint\",\"urlTemplate\":\"https:\/\/animangeek.com\/?s={search_term_string}\"},\"query-input\":\"required name=search_term_string\"}],\"inLanguage\":\"es-MX\"}]}<\/script>\n<!-- \/ Yoast SEO plugin. -->","yoast_head_json":{"title":"Do autor de Nichijou, CITY ter\u00e1 um anime - Animan Geek","robots":{"index":"index","follow":"follow","max-snippet":"max-snippet:-1","max-image-preview":"max-image-preview:large","max-video-preview":"max-video-preview:-1"},"canonical":"https:\/\/animangeek.com\/es\/do-autor-de-nichijou-city-tera-um-anime\/","og_locale":"es_MX","og_type":"article","og_title":"Do autor de Nichijou, CITY ter\u00e1 um anime - Animan Geek","og_description":"Durante uma transmiss\u00e3o especial, os est\u00fadios Anima\u00e7\u00e3o de Quioto anunciou que o mang\u00e1 escrito e ilustrado por Keiichi Arawi\u201cCIDADE\u201c, ter\u00e1 uma adapta\u00e7\u00e3o para anime que Ele estrear\u00e1 em 2025 no Jap\u00e3o. Esta \u00e9 mais uma das obras do autor de \u201cNichijou \u2013 Minha vida comum\u201c, e \u00e9 a primeira produ\u00e7\u00e3o n\u00e3o sequencial do est\u00fadio em&hellip; Continue reading Do autor de Nichijou, CITY ter\u00e1 um anime","og_url":"https:\/\/animangeek.com\/es\/do-autor-de-nichijou-city-tera-um-anime\/","og_site_name":"Animan Geek","article_published_time":"2024-09-21T16:16:40+00:00","og_image":[{"width":1920,"height":1080,"url":"https:\/\/animangeek.com\/wp-content\/uploads\/sites\/106\/2024\/09\/1726935401_Do-autor-de-Nichijou-CITY-tera-um-anime.jpg","type":"image\/jpeg"}],"twitter_card":"summary_large_image","twitter_misc":{"Est. reading time":"2 minutos"},"schema":{"@context":"https:\/\/schema.org","@graph":[{"@type":"WebPage","@id":"https:\/\/animangeek.com\/do-autor-de-nichijou-city-tera-um-anime\/","url":"https:\/\/animangeek.com\/do-autor-de-nichijou-city-tera-um-anime\/","name":"Do autor de Nichijou, CITY ter\u00e1 um anime - Animan Geek","isPartOf":{"@id":"https:\/\/animangeek.com\/#website"},"primaryImageOfPage":{"@id":"https:\/\/animangeek.com\/do-autor-de-nichijou-city-tera-um-anime\/#primaryimage"},"image":{"@id":"https:\/\/animangeek.com\/do-autor-de-nichijou-city-tera-um-anime\/#primaryimage"},"thumbnailUrl":"https:\/\/animangeek.com\/wp-content\/uploads\/sites\/106\/2024\/09\/1726935401_Do-autor-de-Nichijou-CITY-tera-um-anime.jpg","datePublished":"2024-09-21T16:16:40+00:00","dateModified":"2024-09-21T16:16:40+00:00","author":{"@id":""},"breadcrumb":{"@id":"https:\/\/animangeek.com\/do-autor-de-nichijou-city-tera-um-anime\/#breadcrumb"},"inLanguage":"es-MX","potentialAction":[{"@type":"ReadAction","target":["https:\/\/animangeek.com\/do-autor-de-nichijou-city-tera-um-anime\/"]}]},{"@type":"ImageObject","inLanguage":"es-MX","@id":"https:\/\/animangeek.com\/do-autor-de-nichijou-city-tera-um-anime\/#primaryimage","url":"https:\/\/animangeek.com\/wp-content\/uploads\/sites\/106\/2024\/09\/1726935401_Do-autor-de-Nichijou-CITY-tera-um-anime.jpg","contentUrl":"https:\/\/animangeek.com\/wp-content\/uploads\/sites\/106\/2024\/09\/1726935401_Do-autor-de-Nichijou-CITY-tera-um-anime.jpg","width":1920,"height":1080},{"@type":"BreadcrumbList","@id":"https:\/\/animangeek.com\/do-autor-de-nichijou-city-tera-um-anime\/#breadcrumb","itemListElement":[{"@type":"ListItem","position":1,"name":"Home","item":"https:\/\/animangeek.com\/"},{"@type":"ListItem","position":2,"name":"Do autor de Nichijou, CITY ter\u00e1 um anime"}]},{"@type":"WebSite","@id":"https:\/\/animangeek.com\/#website","url":"https:\/\/animangeek.com\/","name":"Animan Geek","description":"","potentialAction":[{"@type":"SearchAction","target":{"@type":"EntryPoint","urlTemplate":"https:\/\/animangeek.com\/?s={search_term_string}"},"query-input":"required name=search_term_string"}],"inLanguage":"es-MX"}]}},"_links":{"self":[{"href":"https:\/\/animangeek.com\/es\/wp-json\/wp\/v2\/posts\/19034"}],"collection":[{"href":"https:\/\/animangeek.com\/es\/wp-json\/wp\/v2\/posts"}],"about":[{"href":"https:\/\/animangeek.com\/es\/wp-json\/wp\/v2\/types\/post"}],"replies":[{"embeddable":true,"href":"https:\/\/animangeek.com\/es\/wp-json\/wp\/v2\/comments?post=19034"}],"version-history":[{"count":0,"href":"https:\/\/animangeek.com\/es\/wp-json\/wp\/v2\/posts\/19034\/revisions"}],"wp:featuredmedia":[{"embeddable":true,"href":"https:\/\/animangeek.com\/es\/wp-json\/wp\/v2\/media\/19036"}],"wp:attachment":[{"href":"https:\/\/animangeek.com\/es\/wp-json\/wp\/v2\/media?parent=19034"}],"wp:term":[{"taxonomy":"category","embeddable":true,"href":"https:\/\/animangeek.com\/es\/wp-json\/wp\/v2\/categories?post=19034"},{"taxonomy":"post_tag","embeddable":true,"href":"https:\/\/animangeek.com\/es\/wp-json\/wp\/v2\/tags?post=19034"}],"curies":[{"name":"wp","href":"https:\/\/api.w.org\/{rel}","templated":true}]}}