{"id":19114,"date":"2024-09-23T15:19:40","date_gmt":"2024-09-23T18:19:40","guid":{"rendered":"https:\/\/animangeek.com\/o-remake-de-spice-and-wolf-tera-uma-segunda-temporada\/"},"modified":"2024-09-23T15:19:40","modified_gmt":"2024-09-23T18:19:40","slug":"o-remake-de-spice-and-wolf-tera-uma-segunda-temporada","status":"publish","type":"post","link":"https:\/\/animangeek.com\/es\/o-remake-de-spice-and-wolf-tera-uma-segunda-temporada\/","title":{"rendered":"El remake de Spice and Wolf tendr\u00e1 una segunda temporada"},"content":{"rendered":"<div class=\"mx-5 sm:mx-0 prose text-left mb-5\">\n<div>\n<p>Despu\u00e9s de emitir su episodio final hoy, se anunci\u00f3 que el anime \u201c<strong>Spice and Wolf: El mercader conoce al lobo sabio<\/strong>\u201ctendr\u00e1 una <strong>segunda temporada<\/strong>. El comunicado no indic\u00f3 una fecha de estreno prevista, pero se infiere que el mismo equipo de producci\u00f3n permanece en Passione Studios.<\/p>\n<p>Cabe se\u00f1alar que <strong>Esta es una nueva adaptaci\u00f3n (remake)<\/strong> de las novelas ligeras escritas por <strong>Isuna Hasekura<\/strong> e ilustrado por <strong>Juu Ayakura<\/strong>&quot;<strong>Spice and Wolf<\/strong> (<em>De Ookami a Koushinryou<\/em>)\u201d, adaptando con mayor fidelidad el contenido original.<\/p>\n<div class=\"wp-block-image\">\n<figure class=\"aligncenter size-full\"><img loading=\"lazy\" decoding=\"async\" width=\"1811\" height=\"2560\" src=\"https:\/\/animangeek.com\/wp-content\/uploads\/2024\/09\/O-remake-de-Spice-and-Wolf-tera-uma-segunda-temporada.jpg\" alt=\"\" class=\"wp-image-337102\"  \/><figcaption class=\"wp-element-caption\">(c)\u652f\u5009\u51cd\u78022022 \u30a4\u30e9\u30b9\u30c8\uff0f\u6587\u5009\u5341<\/figcaption><\/figure>\n<\/div>\n<p><strong>Isuna Hasekura<\/strong> y <strong>Juu Ayakura<\/strong> Comenzaron a publicar las novelas ligeras en febrero de 2006 a trav\u00e9s de la editorial <strong>Dengeki Bunko<\/strong> de <strong>Kadokawa<\/strong>. La obra inspir\u00f3 una adaptaci\u00f3n al manga de <strong>Keito Koume<\/strong> que se public\u00f3 entre septiembre de 2007 y diciembre de 2017.<\/p>\n<p>La franquicia tambi\u00e9n inspir\u00f3 una adaptaci\u00f3n de anime de doce episodios producida por los estudios <strong>Imaginar<\/strong>bajo la direcci\u00f3n de <strong>Takeo Takahashi<\/strong> y guiones escritos por <strong>Naruhisa Arakawa<\/strong>Se estren\u00f3 en enero de 2008. Una segunda temporada de doce episodios fue producida por los estudios <strong>Base cerebral<\/strong> y <strong>Marvy Jack<\/strong>y lanzado en julio de 2009.<\/p>\n<h3 class=\"wp-block-heading\"><strong>Equipo de producci\u00f3n<\/strong><\/h3>\n<ul>\n<li><strong>Takeo Takahashi<\/strong> (<em>De Ookami a Koushinryou<\/em>, <em>Maoyuu Maou Yuusha<\/em>, <em>C\u00edtrico<\/em>) regresa como director en jefe de la nueva adaptaci\u00f3n.<\/li>\n<li><strong>Hijiri Sanpei<\/strong> (<em>Roca en Yuusha<\/em>, <em>Maoyuu Maou Yuusha<\/em>, <em>C\u00edtrico<\/em>) se encarga de dirigir el anime en los estudios <strong>Pasi\u00f3n<\/strong>.<\/li>\n<li><strong>Kouji Haneda<\/strong> (<em>Saihate no Paladin, PERSONA5 la Animaci\u00f3n, Orenchi no Furo Jijou, Yarichin\u2606Bitch-bu<\/em>) es responsable del dise\u00f1o de personajes y la direcci\u00f3n de animaci\u00f3n.<\/li>\n<li><strong>Kevin Penkin<\/strong> (<em>Tate no Yuusha no Nariagari<\/em>, <em>Hecho en el abismo<\/em>, <em>Torre de Dios<\/em>) es responsable de componer la banda sonora.<\/li>\n<\/ul>\n<p><iframe loading=\"lazy\" title=\"TV \u30a2\u30cb\u30e1\u300e\u72fc\u3068\u9999\u8f9b\u6599 EL COMERCIANTE SE ENCUENTRA CON EL LOBO SABIO\" width=\"500\" height=\"281\" src=\"https:\/\/www.youtube.com\/embed\/IRL1jSmfIKU?feature=oembed\" frameborder=\"0\" allow=\"accelerometer; autoplay; clipboard-write; encrypted-media; gyroscope; picture-in-picture; web-share\" referrerpolicy=\"strict-origin-when-cross-origin\" allowfullscreen><\/iframe><\/p>\n<h3 class=\"wp-block-heading\"><strong>Sinopsis de Spice and Wolf<\/strong><\/h3>\n<p><em>Holo es una poderosa deidad lobo que es celebrada y venerada en la peque\u00f1a ciudad de Pasloe por bendecir la cosecha anual. Sin embargo, a medida que pasan los a\u00f1os y los aldeanos se vuelven m\u00e1s autosuficientes, Holo, que se hace llamar la &quot;Loba sabia de Yoitsu&quot;, se ha reducido a un mero cuento popular. Cuando un comerciante viajero llamado Kraft Lawrence se detiene en Pasloe, Holo se ofrece a convertirse en su socia comercial si finalmente la lleva a su casa en el norte de Yoitsu.<\/em><\/p>\n<p><em>El inteligente comerciante reconoce la inusual habilidad de Holo para evaluar el car\u00e1cter de una persona y acepta su propuesta. Ahora con fuertes habilidades comerciales y un negociador carism\u00e1tico, Lawrence se est\u00e1 acercando a su objetivo de abrir su propia tienda. Sin embargo, mientras Lawrence viaja por el campo con Holo en busca de oportunidades econ\u00f3micas, comienza a darse cuenta de que sus aspiraciones se est\u00e1n convirtiendo lentamente en algo inesperado.<\/em><\/p>\n<p>Fuente: <strong><a rel=\"nofollow noopener\" target=\"_blank\" href=\"https:\/\/natalie.mu\/comic\/news\/592153\">Natalie en los c\u00f3mics<\/a><\/strong><\/p>\n<p>(c)\u652f\u5009\u51cd\u78022022 \u30a4\u30e9\u30b9\u30c8\uff0f\u6587\u5009\u5341<\/p>\n<\/div>\n<\/div>","protected":false},"excerpt":{"rendered":"<p>Tras la emisi\u00f3n de su \u00faltimo episodio hoy, se anunci\u00f3 que el anime &quot;Spice and Wolf: The Merchant Meets the Wise Wolf&quot; tendr\u00e1 una segunda temporada. El comunicado no indic\u00f3 fecha de estreno, pero parece que el mismo equipo de producci\u00f3n permanece en Passione Studios. Cabe destacar que se trata de una nueva adaptaci\u00f3n (remake) de\u2026 <a class=\"more-link\" href=\"https:\/\/animangeek.com\/es\/o-remake-de-spice-and-wolf-tera-uma-segunda-temporada\/\">Sigue leyendo <span class=\"screen-reader-text\">El remake de Spice and Wolf tendr\u00e1 una segunda temporada<\/span><\/a><\/p>","protected":false},"author":0,"featured_media":19116,"comment_status":"open","ping_status":"open","sticky":false,"template":"","format":"standard","meta":{"footnotes":""},"categories":[3],"tags":[510,793,1203],"yoast_head":"<!-- This site is optimized with the Yoast SEO plugin v23.3 - https:\/\/yoast.com\/wordpress\/plugins\/seo\/ -->\n<title>O remake de Spice and Wolf ter\u00e1 uma segunda temporada - Animan Geek<\/title>\n<meta name=\"robots\" content=\"index, follow, max-snippet:-1, max-image-preview:large, max-video-preview:-1\" \/>\n<link rel=\"canonical\" href=\"https:\/\/animangeek.com\/es\/o-remake-de-spice-and-wolf-tera-uma-segunda-temporada\/\" \/>\n<meta property=\"og:locale\" content=\"es_MX\" \/>\n<meta property=\"og:type\" content=\"article\" \/>\n<meta property=\"og:title\" content=\"O remake de Spice and Wolf ter\u00e1 uma segunda temporada - Animan Geek\" \/>\n<meta property=\"og:description\" content=\"Ap\u00f3s a exibi\u00e7\u00e3o de seu epis\u00f3dio final hoje, foi anunciado que o anime \u201cSpice e Wolf: O comerciante encontra o lobo s\u00e1bio&#8220;ter\u00e1 um segunda temporada. O comunicado n\u00e3o indicava data prevista de lan\u00e7amento, mas infere-se que a mesma equipe de produ\u00e7\u00e3o permanece no Passione Studios. Deve-se notar que Esta \u00e9 uma nova adapta\u00e7\u00e3o (remake) dos&hellip; Continue reading O remake de Spice and Wolf ter\u00e1 uma segunda temporada\" \/>\n<meta property=\"og:url\" content=\"https:\/\/animangeek.com\/es\/o-remake-de-spice-and-wolf-tera-uma-segunda-temporada\/\" \/>\n<meta property=\"og:site_name\" content=\"Animan Geek\" \/>\n<meta property=\"article:published_time\" content=\"2024-09-23T18:19:40+00:00\" \/>\n<meta property=\"og:image\" content=\"https:\/\/animangeek.com\/wp-content\/uploads\/sites\/106\/2024\/09\/1727115581_O-remake-de-Spice-and-Wolf-tera-uma-segunda-temporada.jpg\" \/>\n\t<meta property=\"og:image:width\" content=\"1920\" \/>\n\t<meta property=\"og:image:height\" content=\"1080\" \/>\n\t<meta property=\"og:image:type\" content=\"image\/jpeg\" \/>\n<meta name=\"twitter:card\" content=\"summary_large_image\" \/>\n<meta name=\"twitter:label1\" content=\"Est. reading time\" \/>\n\t<meta name=\"twitter:data1\" content=\"2 minutos\" \/>\n<script type=\"application\/ld+json\" class=\"yoast-schema-graph\">{\"@context\":\"https:\/\/schema.org\",\"@graph\":[{\"@type\":\"WebPage\",\"@id\":\"https:\/\/animangeek.com\/o-remake-de-spice-and-wolf-tera-uma-segunda-temporada\/\",\"url\":\"https:\/\/animangeek.com\/o-remake-de-spice-and-wolf-tera-uma-segunda-temporada\/\",\"name\":\"O remake de Spice and Wolf ter\u00e1 uma segunda temporada - Animan Geek\",\"isPartOf\":{\"@id\":\"https:\/\/animangeek.com\/#website\"},\"primaryImageOfPage\":{\"@id\":\"https:\/\/animangeek.com\/o-remake-de-spice-and-wolf-tera-uma-segunda-temporada\/#primaryimage\"},\"image\":{\"@id\":\"https:\/\/animangeek.com\/o-remake-de-spice-and-wolf-tera-uma-segunda-temporada\/#primaryimage\"},\"thumbnailUrl\":\"https:\/\/animangeek.com\/wp-content\/uploads\/sites\/106\/2024\/09\/1727115581_O-remake-de-Spice-and-Wolf-tera-uma-segunda-temporada.jpg\",\"datePublished\":\"2024-09-23T18:19:40+00:00\",\"dateModified\":\"2024-09-23T18:19:40+00:00\",\"author\":{\"@id\":\"\"},\"breadcrumb\":{\"@id\":\"https:\/\/animangeek.com\/o-remake-de-spice-and-wolf-tera-uma-segunda-temporada\/#breadcrumb\"},\"inLanguage\":\"es-MX\",\"potentialAction\":[{\"@type\":\"ReadAction\",\"target\":[\"https:\/\/animangeek.com\/o-remake-de-spice-and-wolf-tera-uma-segunda-temporada\/\"]}]},{\"@type\":\"ImageObject\",\"inLanguage\":\"es-MX\",\"@id\":\"https:\/\/animangeek.com\/o-remake-de-spice-and-wolf-tera-uma-segunda-temporada\/#primaryimage\",\"url\":\"https:\/\/animangeek.com\/wp-content\/uploads\/sites\/106\/2024\/09\/1727115581_O-remake-de-Spice-and-Wolf-tera-uma-segunda-temporada.jpg\",\"contentUrl\":\"https:\/\/animangeek.com\/wp-content\/uploads\/sites\/106\/2024\/09\/1727115581_O-remake-de-Spice-and-Wolf-tera-uma-segunda-temporada.jpg\",\"width\":1920,\"height\":1080},{\"@type\":\"BreadcrumbList\",\"@id\":\"https:\/\/animangeek.com\/o-remake-de-spice-and-wolf-tera-uma-segunda-temporada\/#breadcrumb\",\"itemListElement\":[{\"@type\":\"ListItem\",\"position\":1,\"name\":\"Home\",\"item\":\"https:\/\/animangeek.com\/\"},{\"@type\":\"ListItem\",\"position\":2,\"name\":\"O remake de Spice and Wolf ter\u00e1 uma segunda temporada\"}]},{\"@type\":\"WebSite\",\"@id\":\"https:\/\/animangeek.com\/#website\",\"url\":\"https:\/\/animangeek.com\/\",\"name\":\"Animan Geek\",\"description\":\"\",\"potentialAction\":[{\"@type\":\"SearchAction\",\"target\":{\"@type\":\"EntryPoint\",\"urlTemplate\":\"https:\/\/animangeek.com\/?s={search_term_string}\"},\"query-input\":\"required name=search_term_string\"}],\"inLanguage\":\"es-MX\"}]}<\/script>\n<!-- \/ Yoast SEO plugin. -->","yoast_head_json":{"title":"O remake de Spice and Wolf ter\u00e1 uma segunda temporada - Animan Geek","robots":{"index":"index","follow":"follow","max-snippet":"max-snippet:-1","max-image-preview":"max-image-preview:large","max-video-preview":"max-video-preview:-1"},"canonical":"https:\/\/animangeek.com\/es\/o-remake-de-spice-and-wolf-tera-uma-segunda-temporada\/","og_locale":"es_MX","og_type":"article","og_title":"O remake de Spice and Wolf ter\u00e1 uma segunda temporada - Animan Geek","og_description":"Ap\u00f3s a exibi\u00e7\u00e3o de seu epis\u00f3dio final hoje, foi anunciado que o anime \u201cSpice e Wolf: O comerciante encontra o lobo s\u00e1bio&#8220;ter\u00e1 um segunda temporada. O comunicado n\u00e3o indicava data prevista de lan\u00e7amento, mas infere-se que a mesma equipe de produ\u00e7\u00e3o permanece no Passione Studios. Deve-se notar que Esta \u00e9 uma nova adapta\u00e7\u00e3o (remake) dos&hellip; Continue reading O remake de Spice and Wolf ter\u00e1 uma segunda temporada","og_url":"https:\/\/animangeek.com\/es\/o-remake-de-spice-and-wolf-tera-uma-segunda-temporada\/","og_site_name":"Animan Geek","article_published_time":"2024-09-23T18:19:40+00:00","og_image":[{"width":1920,"height":1080,"url":"https:\/\/animangeek.com\/wp-content\/uploads\/sites\/106\/2024\/09\/1727115581_O-remake-de-Spice-and-Wolf-tera-uma-segunda-temporada.jpg","type":"image\/jpeg"}],"twitter_card":"summary_large_image","twitter_misc":{"Est. reading time":"2 minutos"},"schema":{"@context":"https:\/\/schema.org","@graph":[{"@type":"WebPage","@id":"https:\/\/animangeek.com\/o-remake-de-spice-and-wolf-tera-uma-segunda-temporada\/","url":"https:\/\/animangeek.com\/o-remake-de-spice-and-wolf-tera-uma-segunda-temporada\/","name":"O remake de Spice and Wolf ter\u00e1 uma segunda temporada - Animan Geek","isPartOf":{"@id":"https:\/\/animangeek.com\/#website"},"primaryImageOfPage":{"@id":"https:\/\/animangeek.com\/o-remake-de-spice-and-wolf-tera-uma-segunda-temporada\/#primaryimage"},"image":{"@id":"https:\/\/animangeek.com\/o-remake-de-spice-and-wolf-tera-uma-segunda-temporada\/#primaryimage"},"thumbnailUrl":"https:\/\/animangeek.com\/wp-content\/uploads\/sites\/106\/2024\/09\/1727115581_O-remake-de-Spice-and-Wolf-tera-uma-segunda-temporada.jpg","datePublished":"2024-09-23T18:19:40+00:00","dateModified":"2024-09-23T18:19:40+00:00","author":{"@id":""},"breadcrumb":{"@id":"https:\/\/animangeek.com\/o-remake-de-spice-and-wolf-tera-uma-segunda-temporada\/#breadcrumb"},"inLanguage":"es-MX","potentialAction":[{"@type":"ReadAction","target":["https:\/\/animangeek.com\/o-remake-de-spice-and-wolf-tera-uma-segunda-temporada\/"]}]},{"@type":"ImageObject","inLanguage":"es-MX","@id":"https:\/\/animangeek.com\/o-remake-de-spice-and-wolf-tera-uma-segunda-temporada\/#primaryimage","url":"https:\/\/animangeek.com\/wp-content\/uploads\/sites\/106\/2024\/09\/1727115581_O-remake-de-Spice-and-Wolf-tera-uma-segunda-temporada.jpg","contentUrl":"https:\/\/animangeek.com\/wp-content\/uploads\/sites\/106\/2024\/09\/1727115581_O-remake-de-Spice-and-Wolf-tera-uma-segunda-temporada.jpg","width":1920,"height":1080},{"@type":"BreadcrumbList","@id":"https:\/\/animangeek.com\/o-remake-de-spice-and-wolf-tera-uma-segunda-temporada\/#breadcrumb","itemListElement":[{"@type":"ListItem","position":1,"name":"Home","item":"https:\/\/animangeek.com\/"},{"@type":"ListItem","position":2,"name":"O remake de Spice and Wolf ter\u00e1 uma segunda temporada"}]},{"@type":"WebSite","@id":"https:\/\/animangeek.com\/#website","url":"https:\/\/animangeek.com\/","name":"Animan Geek","description":"","potentialAction":[{"@type":"SearchAction","target":{"@type":"EntryPoint","urlTemplate":"https:\/\/animangeek.com\/?s={search_term_string}"},"query-input":"required name=search_term_string"}],"inLanguage":"es-MX"}]}},"_links":{"self":[{"href":"https:\/\/animangeek.com\/es\/wp-json\/wp\/v2\/posts\/19114"}],"collection":[{"href":"https:\/\/animangeek.com\/es\/wp-json\/wp\/v2\/posts"}],"about":[{"href":"https:\/\/animangeek.com\/es\/wp-json\/wp\/v2\/types\/post"}],"replies":[{"embeddable":true,"href":"https:\/\/animangeek.com\/es\/wp-json\/wp\/v2\/comments?post=19114"}],"version-history":[{"count":0,"href":"https:\/\/animangeek.com\/es\/wp-json\/wp\/v2\/posts\/19114\/revisions"}],"wp:featuredmedia":[{"embeddable":true,"href":"https:\/\/animangeek.com\/es\/wp-json\/wp\/v2\/media\/19116"}],"wp:attachment":[{"href":"https:\/\/animangeek.com\/es\/wp-json\/wp\/v2\/media?parent=19114"}],"wp:term":[{"taxonomy":"category","embeddable":true,"href":"https:\/\/animangeek.com\/es\/wp-json\/wp\/v2\/categories?post=19114"},{"taxonomy":"post_tag","embeddable":true,"href":"https:\/\/animangeek.com\/es\/wp-json\/wp\/v2\/tags?post=19114"}],"curies":[{"name":"wp","href":"https:\/\/api.w.org\/{rel}","templated":true}]}}