{"id":19196,"date":"2024-09-25T15:05:50","date_gmt":"2024-09-25T18:05:50","guid":{"rendered":"https:\/\/animangeek.com\/fas-se-despedem-de-personagem-de-oshi-no-ko\/"},"modified":"2024-09-25T15:05:50","modified_gmt":"2024-09-25T18:05:50","slug":"fas-se-despedem-de-personagem-de-oshi-no-ko","status":"publish","type":"post","link":"https:\/\/animangeek.com\/es\/fas-se-despedem-de-personagem-de-oshi-no-ko\/","title":{"rendered":"Los fans se despiden del personaje de Oshi no Ko"},"content":{"rendered":"<div class=\"mx-5 sm:mx-0 prose text-left mb-5\">\n<div>\n<p class=\"has-text-align-center has-white-color has-vivid-red-background-color has-text-color has-background has-link-color wp-elements-4939df6ca1dd83422f8c39a36c74abe8\"><strong>Este art\u00edculo incluye spoilers del manga \u201cOshi no Ko\u201d. Se recomienda discreci\u00f3n del lector.<\/strong><\/p>\n<p><strong>Cap\u00edtulo 161 del manga \u201cOshi no Ko\u201d<\/strong>publicado hoy, <strong>Dej\u00f3 a los fan\u00e1ticos en shock y r\u00e1pidamente se convirti\u00f3 en tendencia en las redes sociales debido a su final intenso y lleno de suspenso.<\/strong> Este cap\u00edtulo, titulado \u201cFuturo\u201d, present\u00f3 revelaciones impactantes sobre Hikaru Kamiki y las decisiones extremas que Aqua Hoshino est\u00e1 dispuesta a tomar para proteger a su hermana Ruby.<\/p>\n<div class=\"wp-block-image\">\n<figure class=\"aligncenter size-full\"><img loading=\"lazy\" decoding=\"async\" width=\"1080\" height=\"1550\" src=\"https:\/\/animangeek.com\/wp-content\/uploads\/2024\/09\/Fas-se-despedem-de-personagem-de-Oshi-no-Ko.jpg\" alt=\"Oshi no Ko\" class=\"wp-image-337215\"  \/><\/figure>\n<\/div>\n<p><strong>El cap\u00edtulo comienza con la enigm\u00e1tica Chica Cuervo hablando de Hikaru Kamiki, revelando que despu\u00e9s de haber matado a todas las personas que podr\u00edan haber superado a Ai Hoshino, Hikaru cay\u00f3 en una profunda obsesi\u00f3n.<\/strong> Utilizando su incre\u00edble carisma, Kamiki pudo difundir sus ideas y manipular a otros para que trabajaran para \u00e9l. Su orgullo desapareci\u00f3 y comenz\u00f3 a encontrar satisfacci\u00f3n en quitarle la vida a otras personas, lo que tambi\u00e9n explicaba por qu\u00e9, a pesar de su relaci\u00f3n con Ruby Hoshino, sent\u00eda que matarla era parte de su destino.<\/p>\n<p>En medio de este tenso enfrentamiento, Aqua Hoshino, armado con un cuchillo, se enfrenta a Hikaru, quien intenta manipularlo con sus palabras. <strong>Kamiki menciona que matarlo podr\u00eda ser beneficioso ya que aumentar\u00eda el valor de vida de Ai Hoshino a un nivel a\u00fan m\u00e1s alto. <\/strong>Sin embargo, al darse cuenta de que Aqua no se dejar\u00eda enga\u00f1ar por este argumento, Hikaru cambia su enfoque, sugiriendo que si Aqua lo matara, la carrera de Ruby como \u00eddolo terminar\u00eda. <strong>Los medios de comunicaci\u00f3n no dudar\u00edan en etiquetar a Ruby como la \u201chermana de un asesino\u201d, destruyendo su dignidad y su futuro en la industria del entretenimiento.<\/strong><\/p>\n<p>A pesar de estos intentos de manipulaci\u00f3n, Aqua demuestra que est\u00e1 dispuesta a hacer cualquier cosa para proteger a Ruby, incluso si eso significa sacrificar sus propios sue\u00f1os. <strong>En una intensa revelaci\u00f3n interna, Aqua reflexiona sobre todo lo que dejar\u00eda atr\u00e1s: convertirse en cirujana, corresponder a los sentimientos de Kana Arima, disfrutar de un d\u00eda en la playa con su medio hermano Taiki Himekawa, llamar a Miyako Saitou &quot;madre&quot;, agradecer a Akane Kurokawa por su amabilidad y ver a Ruby triunfar en el Tokyo Dome. <\/strong>A pesar de todo esto, decide que proteger el futuro de su hermana es lo m\u00e1s importante.<\/p>\n<p><strong>La tensi\u00f3n llega a su punto m\u00e1ximo cuando Aqua toma una decisi\u00f3n dr\u00e1stica: se apu\u00f1ala con el cuchillo, tramando un plan para hacer creer a los medios que Hikaru intent\u00f3 matarlo despu\u00e9s del estreno de la pel\u00edcula autobiogr\u00e1fica, y que ambos, durante la pelea, cayeron por el acantilado.<\/strong> De esta manera, Ruby no ser\u00eda estigmatizada como \u201cla hermana de un asesino\u201d. Justo cuando Aqua declara su plan, agarra a Hikaru y se lanza al vac\u00edo con \u00e9l.<\/p>\n<p><center><\/p>\n<blockquote class=\"twitter-tweet\">\n<p lang=\"en\" dir=\"ltr\">\u00a1Se ha lanzado el cap\u00edtulo 161 de Oshi no Ko!<\/p>\n<p>leer aqu\u00ed- <a rel=\"nofollow noopener\" target=\"_blank\" href=\"https:\/\/t.co\/PtjwwDQrNa\">https:\/\/t.co\/PtjwwDQrNa<\/a> <a rel=\"nofollow noopener\" target=\"_blank\" href=\"https:\/\/t.co\/QN4JXpJBRt\">foto.twitter.com\/QN4JXpJBRt<\/a><\/p>\n<p>-d0nut2x (@d0nut2x) <a rel=\"nofollow noopener\" target=\"_blank\" href=\"https:\/\/twitter.com\/d0nut2x\/status\/1838959504693530970?ref_src=twsrc%5Etfw\">25 de septiembre de 2024<\/a><\/p><\/blockquote>\n<p> <\/center><\/p>\n<p>Este cap\u00edtulo ha dejado a los fan\u00e1ticos al borde de sus asientos, provocando un intenso debate sobre qu\u00e9 suceder\u00e1 a continuaci\u00f3n. <strong>El desenlace de esta escena promete ser crucial para el futuro de los personajes y este arco final de la historia. <\/strong>Los fans de \u201cOshi no Ko\u201d no pueden esperar a ver c\u00f3mo se resolver\u00e1 esta situaci\u00f3n en el pr\u00f3ximo cap\u00edtulo que marca la recta final de la obra.<\/p>\n<p>Fuente: <strong><a rel=\"nofollow noopener\" target=\"_blank\" href=\"https:\/\/mangaplus.shueisha.co.jp\/titles\/100191\">MANGA Plus<\/a><\/strong><\/p>\n<\/div>\n<p><script async src=\"\/\/platform.twitter.com\/widgets.js\" charset=\"utf-8\"><\/script>\n<\/div>","protected":false},"excerpt":{"rendered":"<p>Este art\u00edculo contiene spoilers del manga &quot;Oshi no Ko&quot;. Se recomienda discreci\u00f3n al lector. El cap\u00edtulo 161 del manga &quot;Oshi no Ko&quot;, publicado hoy, dej\u00f3 a los fans impactados y r\u00e1pidamente se convirti\u00f3 en tendencia en redes sociales debido a su final intenso y emocionante. Este cap\u00edtulo, titulado &quot;Futuro&quot;, present\u00f3 revelaciones impactantes sobre Hikaru... <a class=\"more-link\" href=\"https:\/\/animangeek.com\/es\/fas-se-despedem-de-personagem-de-oshi-no-ko\/\">Sigue leyendo <span class=\"screen-reader-text\">Los fans se despiden del personaje de Oshi no Ko<\/span><\/a><\/p>","protected":false},"author":0,"featured_media":19197,"comment_status":"open","ping_status":"open","sticky":false,"template":"","format":"standard","meta":{"footnotes":""},"categories":[5],"tags":[1192,1449],"yoast_head":"<!-- This site is optimized with the Yoast SEO plugin v23.3 - https:\/\/yoast.com\/wordpress\/plugins\/seo\/ -->\n<title>F\u00e3s se despedem de personagem de Oshi no Ko - Animan Geek<\/title>\n<meta name=\"robots\" content=\"index, follow, max-snippet:-1, max-image-preview:large, max-video-preview:-1\" \/>\n<link rel=\"canonical\" href=\"https:\/\/animangeek.com\/es\/fas-se-despedem-de-personagem-de-oshi-no-ko\/\" \/>\n<meta property=\"og:locale\" content=\"es_MX\" \/>\n<meta property=\"og:type\" content=\"article\" \/>\n<meta property=\"og:title\" content=\"F\u00e3s se despedem de personagem de Oshi no Ko - Animan Geek\" \/>\n<meta property=\"og:description\" content=\"Este artigo inclui spoilers do mang\u00e1 \u201cOshi no Ko\u201d. A discri\u00e7\u00e3o do leitor \u00e9 aconselhada. Cap\u00edtulo 161 do mang\u00e1 \u201cOshi no Ko\u201dpublicado hoje, deixou os f\u00e3s em estado de choque e rapidamente se tornou tend\u00eancia nas redes sociais devido ao seu final intenso e em suspense. Este cap\u00edtulo, intitulado \u201cFuturo\u201d, apresentou revela\u00e7\u00f5es chocantes sobre Hikaru&hellip; Continue reading F\u00e3s se despedem de personagem de Oshi no Ko\" \/>\n<meta property=\"og:url\" content=\"https:\/\/animangeek.com\/es\/fas-se-despedem-de-personagem-de-oshi-no-ko\/\" \/>\n<meta property=\"og:site_name\" content=\"Animan Geek\" \/>\n<meta property=\"article:published_time\" content=\"2024-09-25T18:05:50+00:00\" \/>\n<meta property=\"og:image\" content=\"https:\/\/animangeek.com\/wp-content\/uploads\/sites\/106\/2024\/09\/1727287551_Fas-se-despedem-de-personagem-de-Oshi-no-Ko.jpg\" \/>\n\t<meta property=\"og:image:width\" content=\"1920\" \/>\n\t<meta property=\"og:image:height\" content=\"1080\" \/>\n\t<meta property=\"og:image:type\" content=\"image\/jpeg\" \/>\n<meta name=\"twitter:card\" content=\"summary_large_image\" \/>\n<meta name=\"twitter:label1\" content=\"Est. reading time\" \/>\n\t<meta name=\"twitter:data1\" content=\"3 minutos\" \/>\n<script type=\"application\/ld+json\" class=\"yoast-schema-graph\">{\"@context\":\"https:\/\/schema.org\",\"@graph\":[{\"@type\":\"WebPage\",\"@id\":\"https:\/\/animangeek.com\/fas-se-despedem-de-personagem-de-oshi-no-ko\/\",\"url\":\"https:\/\/animangeek.com\/fas-se-despedem-de-personagem-de-oshi-no-ko\/\",\"name\":\"F\u00e3s se despedem de personagem de Oshi no Ko - Animan Geek\",\"isPartOf\":{\"@id\":\"https:\/\/animangeek.com\/#website\"},\"primaryImageOfPage\":{\"@id\":\"https:\/\/animangeek.com\/fas-se-despedem-de-personagem-de-oshi-no-ko\/#primaryimage\"},\"image\":{\"@id\":\"https:\/\/animangeek.com\/fas-se-despedem-de-personagem-de-oshi-no-ko\/#primaryimage\"},\"thumbnailUrl\":\"https:\/\/animangeek.com\/wp-content\/uploads\/sites\/106\/2024\/09\/1727287551_Fas-se-despedem-de-personagem-de-Oshi-no-Ko.jpg\",\"datePublished\":\"2024-09-25T18:05:50+00:00\",\"dateModified\":\"2024-09-25T18:05:50+00:00\",\"author\":{\"@id\":\"\"},\"breadcrumb\":{\"@id\":\"https:\/\/animangeek.com\/fas-se-despedem-de-personagem-de-oshi-no-ko\/#breadcrumb\"},\"inLanguage\":\"es-MX\",\"potentialAction\":[{\"@type\":\"ReadAction\",\"target\":[\"https:\/\/animangeek.com\/fas-se-despedem-de-personagem-de-oshi-no-ko\/\"]}]},{\"@type\":\"ImageObject\",\"inLanguage\":\"es-MX\",\"@id\":\"https:\/\/animangeek.com\/fas-se-despedem-de-personagem-de-oshi-no-ko\/#primaryimage\",\"url\":\"https:\/\/animangeek.com\/wp-content\/uploads\/sites\/106\/2024\/09\/1727287551_Fas-se-despedem-de-personagem-de-Oshi-no-Ko.jpg\",\"contentUrl\":\"https:\/\/animangeek.com\/wp-content\/uploads\/sites\/106\/2024\/09\/1727287551_Fas-se-despedem-de-personagem-de-Oshi-no-Ko.jpg\",\"width\":1920,\"height\":1080},{\"@type\":\"BreadcrumbList\",\"@id\":\"https:\/\/animangeek.com\/fas-se-despedem-de-personagem-de-oshi-no-ko\/#breadcrumb\",\"itemListElement\":[{\"@type\":\"ListItem\",\"position\":1,\"name\":\"Home\",\"item\":\"https:\/\/animangeek.com\/\"},{\"@type\":\"ListItem\",\"position\":2,\"name\":\"F\u00e3s se despedem de personagem de Oshi no Ko\"}]},{\"@type\":\"WebSite\",\"@id\":\"https:\/\/animangeek.com\/#website\",\"url\":\"https:\/\/animangeek.com\/\",\"name\":\"Animan Geek\",\"description\":\"\",\"potentialAction\":[{\"@type\":\"SearchAction\",\"target\":{\"@type\":\"EntryPoint\",\"urlTemplate\":\"https:\/\/animangeek.com\/?s={search_term_string}\"},\"query-input\":\"required name=search_term_string\"}],\"inLanguage\":\"es-MX\"}]}<\/script>\n<!-- \/ Yoast SEO plugin. -->","yoast_head_json":{"title":"F\u00e3s se despedem de personagem de Oshi no Ko - Animan Geek","robots":{"index":"index","follow":"follow","max-snippet":"max-snippet:-1","max-image-preview":"max-image-preview:large","max-video-preview":"max-video-preview:-1"},"canonical":"https:\/\/animangeek.com\/es\/fas-se-despedem-de-personagem-de-oshi-no-ko\/","og_locale":"es_MX","og_type":"article","og_title":"F\u00e3s se despedem de personagem de Oshi no Ko - Animan Geek","og_description":"Este artigo inclui spoilers do mang\u00e1 \u201cOshi no Ko\u201d. A discri\u00e7\u00e3o do leitor \u00e9 aconselhada. Cap\u00edtulo 161 do mang\u00e1 \u201cOshi no Ko\u201dpublicado hoje, deixou os f\u00e3s em estado de choque e rapidamente se tornou tend\u00eancia nas redes sociais devido ao seu final intenso e em suspense. Este cap\u00edtulo, intitulado \u201cFuturo\u201d, apresentou revela\u00e7\u00f5es chocantes sobre Hikaru&hellip; Continue reading F\u00e3s se despedem de personagem de Oshi no Ko","og_url":"https:\/\/animangeek.com\/es\/fas-se-despedem-de-personagem-de-oshi-no-ko\/","og_site_name":"Animan Geek","article_published_time":"2024-09-25T18:05:50+00:00","og_image":[{"width":1920,"height":1080,"url":"https:\/\/animangeek.com\/wp-content\/uploads\/sites\/106\/2024\/09\/1727287551_Fas-se-despedem-de-personagem-de-Oshi-no-Ko.jpg","type":"image\/jpeg"}],"twitter_card":"summary_large_image","twitter_misc":{"Est. reading time":"3 minutos"},"schema":{"@context":"https:\/\/schema.org","@graph":[{"@type":"WebPage","@id":"https:\/\/animangeek.com\/fas-se-despedem-de-personagem-de-oshi-no-ko\/","url":"https:\/\/animangeek.com\/fas-se-despedem-de-personagem-de-oshi-no-ko\/","name":"F\u00e3s se despedem de personagem de Oshi no Ko - Animan Geek","isPartOf":{"@id":"https:\/\/animangeek.com\/#website"},"primaryImageOfPage":{"@id":"https:\/\/animangeek.com\/fas-se-despedem-de-personagem-de-oshi-no-ko\/#primaryimage"},"image":{"@id":"https:\/\/animangeek.com\/fas-se-despedem-de-personagem-de-oshi-no-ko\/#primaryimage"},"thumbnailUrl":"https:\/\/animangeek.com\/wp-content\/uploads\/sites\/106\/2024\/09\/1727287551_Fas-se-despedem-de-personagem-de-Oshi-no-Ko.jpg","datePublished":"2024-09-25T18:05:50+00:00","dateModified":"2024-09-25T18:05:50+00:00","author":{"@id":""},"breadcrumb":{"@id":"https:\/\/animangeek.com\/fas-se-despedem-de-personagem-de-oshi-no-ko\/#breadcrumb"},"inLanguage":"es-MX","potentialAction":[{"@type":"ReadAction","target":["https:\/\/animangeek.com\/fas-se-despedem-de-personagem-de-oshi-no-ko\/"]}]},{"@type":"ImageObject","inLanguage":"es-MX","@id":"https:\/\/animangeek.com\/fas-se-despedem-de-personagem-de-oshi-no-ko\/#primaryimage","url":"https:\/\/animangeek.com\/wp-content\/uploads\/sites\/106\/2024\/09\/1727287551_Fas-se-despedem-de-personagem-de-Oshi-no-Ko.jpg","contentUrl":"https:\/\/animangeek.com\/wp-content\/uploads\/sites\/106\/2024\/09\/1727287551_Fas-se-despedem-de-personagem-de-Oshi-no-Ko.jpg","width":1920,"height":1080},{"@type":"BreadcrumbList","@id":"https:\/\/animangeek.com\/fas-se-despedem-de-personagem-de-oshi-no-ko\/#breadcrumb","itemListElement":[{"@type":"ListItem","position":1,"name":"Home","item":"https:\/\/animangeek.com\/"},{"@type":"ListItem","position":2,"name":"F\u00e3s se despedem de personagem de Oshi no Ko"}]},{"@type":"WebSite","@id":"https:\/\/animangeek.com\/#website","url":"https:\/\/animangeek.com\/","name":"Animan Geek","description":"","potentialAction":[{"@type":"SearchAction","target":{"@type":"EntryPoint","urlTemplate":"https:\/\/animangeek.com\/?s={search_term_string}"},"query-input":"required name=search_term_string"}],"inLanguage":"es-MX"}]}},"_links":{"self":[{"href":"https:\/\/animangeek.com\/es\/wp-json\/wp\/v2\/posts\/19196"}],"collection":[{"href":"https:\/\/animangeek.com\/es\/wp-json\/wp\/v2\/posts"}],"about":[{"href":"https:\/\/animangeek.com\/es\/wp-json\/wp\/v2\/types\/post"}],"replies":[{"embeddable":true,"href":"https:\/\/animangeek.com\/es\/wp-json\/wp\/v2\/comments?post=19196"}],"version-history":[{"count":0,"href":"https:\/\/animangeek.com\/es\/wp-json\/wp\/v2\/posts\/19196\/revisions"}],"wp:featuredmedia":[{"embeddable":true,"href":"https:\/\/animangeek.com\/es\/wp-json\/wp\/v2\/media\/19197"}],"wp:attachment":[{"href":"https:\/\/animangeek.com\/es\/wp-json\/wp\/v2\/media?parent=19196"}],"wp:term":[{"taxonomy":"category","embeddable":true,"href":"https:\/\/animangeek.com\/es\/wp-json\/wp\/v2\/categories?post=19196"},{"taxonomy":"post_tag","embeddable":true,"href":"https:\/\/animangeek.com\/es\/wp-json\/wp\/v2\/tags?post=19196"}],"curies":[{"name":"wp","href":"https:\/\/api.w.org\/{rel}","templated":true}]}}