{"id":26681,"date":"2026-03-19T14:53:00","date_gmt":"2026-03-19T14:53:00","guid":{"rendered":"https:\/\/animangeek.com\/144be8de-5e04-4885-8927-6e1ecfae2bce\/"},"modified":"2026-03-19T14:53:32","modified_gmt":"2026-03-19T14:53:32","slug":"144be8de-5e04-4885-8927-6e1ecfae2bce","status":"publish","type":"post","link":"https:\/\/animangeek.com\/es\/144be8de-5e04-4885-8927-6e1ecfae2bce\/","title":{"rendered":"Gerente de Ventas Zonal: Liderar\u00e1s equipos y mejorar\u00e1s tu carrera comercial."},"content":{"rendered":"<div class=\"mx-5 sm:mx-0 prose text-left mb-5\">\n<\/p>\n<div style=\"background: #ffffff; border-radius: 12px; box-shadow: 0 10px 30px rgba(0, 0, 0, 0.1); width: 100%; max-width: 340px; padding: 25px; transition: transform 0.3s ease-in-out; overflow: visible; display: flex; flex-direction: column; position: relative; border: 1px solid #28a745; margin-top: 70px; margin-bottom: 50px; margin-left: auto; margin-right: auto;\">\n<div style=\"position: absolute; top: -35px; right: 15px; color: #28a745; padding: 5px 10px; border-radius: 6px; font-size: 14px; font-weight: bold; display: flex; align-items: center; z-index: 10;\">Recomendado para ti<\/div>\n<div data-namespace-header=\"\" style=\"\">\n<h3 data-namespace-title=\"\" style=\"color: #333; font-size: 20px; font-weight: bold; text-align: left; margin-right: 50px; min-height: 50px; margin-top: 0px;\">Gerente de Ventas de Zona<\/h3>\n<\/p><\/div>\n<p data-namespace-prompt=\"\" style=\"font-size: 16px; color: #666; margin-bottom: 20px; line-height: 1.5; flex-grow: 1; text-align: left; margin-top: 0px;\">Gestiona equipos comerciales, lidera la zona y alcanza los objetivos de ventas. Oportunidad ideal para crecer como l\u00edder comercial e impulsar tu carrera profesional.<\/p>\n<p>    <a data-namespace-url=\"\" href=\"https:\/\/animangeek.com\/es\/redirect\/?https:\/\/www.bumeran.com.ar\/empleos\/jefa-zonal-de-ventas-para-san-rafael-mendoza-america-rh-2177286.html?utm_campaign=google_jobs_apply&#038;utm_source=google_jobs_apply&#038;utm_medium=organic\" style=\"width: 100%; display: inline-block; color: white; text-decoration: none; border-radius: 6px; font-size: 16px; font-weight: bold; text-align: center; transition: transform 0.3s ease, background 0.3s ease; margin-top: auto;\" data-namespace-id=\"5c0d2565-3ba9-4280-a382-ad2a691e2285\"><br \/>\n        <button style=\"width: 100%; height: 55px; background: #e9e9ed; border: 1px solid black; color: black;\">Solicitar empleo<\/button><br \/>\n    <\/a><br \/>\n    <small style=\"margin-top: 10px; color: #777; font-size: 12px; text-align: center; display: block;\">Ser\u00e1s redirigido a otra p\u00e1gina.<\/small>\n<\/div>\n<p>La b\u00fasqueda de un Gerente de Ventas Zonal est\u00e1 dirigida a personas con perfil comercial y experiencia en gesti\u00f3n de equipos. Es un puesto clave para quienes desean impulsar su carrera, con retos que ampl\u00eden sus horizontes profesionales y potencien su desarrollo.<\/p>\n<p>El tipo de empleo es de car\u00e1cter efectivo y a tiempo completo, lo que garantiza estabilidad y un compromiso a largo plazo. Si bien no se especifican los detalles exactos del salario, se ofrece un rango si es competitivo y acorde con las responsabilidades del puesto.<\/p>\n<h2>Responsabilidades diarias y din\u00e1mica laboral<\/h2>\n<p>Como Gerente de Ventas Zonal, tendr\u00e1 la responsabilidad de liderar grupos de representantes comerciales y garantizar el logro de los objetivos establecidos.<\/p>\n<p>La gesti\u00f3n de los indicadores de rendimiento ser\u00e1 una parte esencial de su rutina, as\u00ed como la formaci\u00f3n y la motivaci\u00f3n de los equipos sobre el terreno.<\/p>\n<p>Supervisar\u00e1s la apertura de nuevos puntos de venta y garantizar\u00e1s el correcto seguimiento de las estrategias comerciales.<\/p>\n<p>El conjunto de informes y la comunicaci\u00f3n constante con la direcci\u00f3n ser\u00e1n factores determinantes para el \u00e9xito del \u00e1rea a su cargo.<\/p>\n<p>La planificaci\u00f3n semanal y la movilidad forman parte del desaf\u00edo, que requiere organizaci\u00f3n y capacidad de adaptaci\u00f3n.<\/p>\n<h2>Ventajas y puntos a favor<\/h2>\n<p>La posibilidad de liderar equipos y ser un referente en una zona proporciona visibilidad y crecimiento profesional inmediato.<\/p>\n<p>Dispones de oportunidades de formaci\u00f3n y del respaldo de una s\u00f3lida estructura comercial, ideal para consolidar tu experiencia.<\/p>\n<h2>Aspectos a considerar<\/h2>\n<p>Esta tarea exige una alta disponibilidad, lo que puede afectar al equilibrio entre tu vida personal y laboral.<\/p>\n<p>Es importante contar con habilidades de gesti\u00f3n de personas y procesos para lograr los objetivos previstos.<\/p>\n<h2>Veredicto<\/h2>\n<p>El puesto de Gerente de Ventas Zonal es ideal para quienes buscan liderar y asumir mayores responsabilidades en el mundo comercial. Si te motiva el trabajo en equipo, la gesti\u00f3n de objetivos y el crecimiento profesional, tendr\u00e1s una gran oportunidad para impulsar tu carrera.<\/p>\n<div style=\"background: #ffffff; border-radius: 12px; box-shadow: 0 10px 30px rgba(0, 0, 0, 0.1); width: 100%; max-width: 340px; padding: 25px; transition: transform 0.3s ease-in-out; overflow: visible; display: flex; flex-direction: column; position: relative; border: 1px solid #28a745; margin-top: 70px; margin-bottom: 50px; margin-left: auto; margin-right: auto;\">\n<div style=\"position: absolute; top: -35px; right: 15px; color: #28a745; padding: 5px 10px; border-radius: 6px; font-size: 14px; font-weight: bold; display: flex; align-items: center; z-index: 10;\">Recomendado para ti<\/div>\n<div data-namespace-header=\"\" style=\"\">\n<h3 data-namespace-title=\"\" style=\"color: #333; font-size: 20px; font-weight: bold; text-align: left; margin-right: 50px; min-height: 50px; margin-top: 0px;\">Gerente de Ventas de Zona<\/h3>\n<\/p><\/div>\n<p data-namespace-prompt=\"\" style=\"font-size: 16px; color: #666; margin-bottom: 20px; line-height: 1.5; flex-grow: 1; text-align: left; margin-top: 0px;\">Gestiona equipos comerciales, lidera la zona y alcanza los objetivos de ventas. Oportunidad ideal para crecer como l\u00edder comercial e impulsar tu carrera profesional.<\/p>\n<p>    <a data-namespace-url=\"\" href=\"https:\/\/animangeek.com\/es\/redirect\/?https:\/\/www.bumeran.com.ar\/empleos\/jefa-zonal-de-ventas-para-san-rafael-mendoza-america-rh-2177286.html?utm_campaign=google_jobs_apply&#038;utm_source=google_jobs_apply&#038;utm_medium=organic\" style=\"width: 100%; display: inline-block; color: white; text-decoration: none; border-radius: 6px; font-size: 16px; font-weight: bold; text-align: center; transition: transform 0.3s ease, background 0.3s ease; margin-top: auto;\" data-namespace-id=\"5c0d2565-3ba9-4280-a382-ad2a691e2285\"><br \/>\n        <button style=\"width: 100%; height: 55px; background: #e9e9ed; border: 1px solid black; color: black;\">Solicitar empleo<\/button><br \/>\n    <\/a><br \/>\n    <small style=\"margin-top: 10px; color: #777; font-size: 12px; text-align: center; display: block;\">Ser\u00e1s redirigido a otra p\u00e1gina.<\/small>\n<\/div>\n<\/div>","protected":false},"excerpt":{"rendered":"<p>Analizamos la vacante de Gerente Zonal de Ventas, centr\u00e1ndonos en el liderazgo, la gesti\u00f3n de equipos y el potencial de desarrollo. Descubre si esta es tu pr\u00f3xima oportunidad laboral y c\u00f3mo postularte.<\/p>","protected":false},"author":3,"featured_media":0,"comment_status":"open","ping_status":"open","sticky":false,"template":"","format":"standard","meta":{"footnotes":""},"categories":[1770],"tags":[],"yoast_head":"<!-- This site is optimized with the Yoast SEO plugin v23.3 - https:\/\/yoast.com\/wordpress\/plugins\/seo\/ -->\n<title>Jefa Zonal de Ventas: Lider\u00e1 equipos y potenci\u00e1 tu carrera comercial - Animan Geek<\/title>\n<meta name=\"robots\" content=\"index, follow, max-snippet:-1, max-image-preview:large, max-video-preview:-1\" \/>\n<link rel=\"canonical\" href=\"https:\/\/animangeek.com\/es\/144be8de-5e04-4885-8927-6e1ecfae2bce\/\" \/>\n<meta property=\"og:locale\" content=\"es_MX\" \/>\n<meta property=\"og:type\" content=\"article\" \/>\n<meta property=\"og:title\" content=\"Jefa Zonal de Ventas: Lider\u00e1 equipos y potenci\u00e1 tu carrera comercial - Animan Geek\" \/>\n<meta property=\"og:description\" content=\"Revisamos la vacante Jefa Zonal de Ventas con foco en liderazgo, gesti\u00f3n de equipos y potencial de desarrollo. Descubr\u00ed si es tu pr\u00f3xima oportunidad laboral y c\u00f3mo postularte.\" \/>\n<meta property=\"og:url\" content=\"https:\/\/animangeek.com\/es\/144be8de-5e04-4885-8927-6e1ecfae2bce\/\" \/>\n<meta property=\"og:site_name\" content=\"Animan Geek\" \/>\n<meta property=\"article:published_time\" content=\"2026-03-19T14:53:00+00:00\" \/>\n<meta property=\"article:modified_time\" content=\"2026-03-19T14:53:32+00:00\" \/>\n<meta name=\"author\" content=\"Bruno Gianni\" \/>\n<meta name=\"twitter:card\" content=\"summary_large_image\" \/>\n<meta name=\"twitter:label1\" content=\"Written by\" \/>\n\t<meta name=\"twitter:data1\" content=\"Bruno Gianni\" \/>\n\t<meta name=\"twitter:label2\" content=\"Est. reading time\" \/>\n\t<meta name=\"twitter:data2\" content=\"2 minutos\" \/>\n<script type=\"application\/ld+json\" class=\"yoast-schema-graph\">{\"@context\":\"https:\/\/schema.org\",\"@graph\":[{\"@type\":\"WebPage\",\"@id\":\"https:\/\/animangeek.com\/144be8de-5e04-4885-8927-6e1ecfae2bce\/\",\"url\":\"https:\/\/animangeek.com\/144be8de-5e04-4885-8927-6e1ecfae2bce\/\",\"name\":\"Jefa Zonal de Ventas: Lider\u00e1 equipos y potenci\u00e1 tu carrera comercial - Animan Geek\",\"isPartOf\":{\"@id\":\"https:\/\/animangeek.com\/#website\"},\"datePublished\":\"2026-03-19T14:53:00+00:00\",\"dateModified\":\"2026-03-19T14:53:32+00:00\",\"author\":{\"@id\":\"https:\/\/animangeek.com\/#\/schema\/person\/d52888235fd6563bd07d97185d6a61e4\"},\"breadcrumb\":{\"@id\":\"https:\/\/animangeek.com\/144be8de-5e04-4885-8927-6e1ecfae2bce\/#breadcrumb\"},\"inLanguage\":\"es-MX\",\"potentialAction\":[{\"@type\":\"ReadAction\",\"target\":[\"https:\/\/animangeek.com\/144be8de-5e04-4885-8927-6e1ecfae2bce\/\"]}]},{\"@type\":\"BreadcrumbList\",\"@id\":\"https:\/\/animangeek.com\/144be8de-5e04-4885-8927-6e1ecfae2bce\/#breadcrumb\",\"itemListElement\":[{\"@type\":\"ListItem\",\"position\":1,\"name\":\"Home\",\"item\":\"https:\/\/animangeek.com\/\"},{\"@type\":\"ListItem\",\"position\":2,\"name\":\"Jefa Zonal de Ventas: Lider\u00e1 equipos y potenci\u00e1 tu carrera comercial\"}]},{\"@type\":\"WebSite\",\"@id\":\"https:\/\/animangeek.com\/#website\",\"url\":\"https:\/\/animangeek.com\/\",\"name\":\"Animan Geek\",\"description\":\"\",\"potentialAction\":[{\"@type\":\"SearchAction\",\"target\":{\"@type\":\"EntryPoint\",\"urlTemplate\":\"https:\/\/animangeek.com\/?s={search_term_string}\"},\"query-input\":\"required name=search_term_string\"}],\"inLanguage\":\"es-MX\"},{\"@type\":\"Person\",\"@id\":\"https:\/\/animangeek.com\/#\/schema\/person\/d52888235fd6563bd07d97185d6a61e4\",\"name\":\"Bruno Gianni\",\"image\":{\"@type\":\"ImageObject\",\"inLanguage\":\"es-MX\",\"@id\":\"https:\/\/animangeek.com\/#\/schema\/person\/image\/\",\"url\":\"https:\/\/secure.gravatar.com\/avatar\/0f5d42d7bf77874643c1478932860e3f?s=96&d=mm&r=g\",\"contentUrl\":\"https:\/\/secure.gravatar.com\/avatar\/0f5d42d7bf77874643c1478932860e3f?s=96&d=mm&r=g\",\"caption\":\"Bruno Gianni\"},\"description\":\"Bruno writes the way he lives, with curiosity, care, and respect for people. He likes to observe, listen, and try to understand what is happening on the other side before putting any words on the page.For him, writing is not about impressing, but about getting closer. It is about turning thoughts into something simple, clear, and real. Every text is an ongoing conversation, created with care and honesty, with the sincere intention of touching someone, somewhere along the way.\",\"url\":\"https:\/\/animangeek.com\/es\/author\/bcgianni\/\"}]}<\/script>\n<!-- \/ Yoast SEO plugin. -->","yoast_head_json":{"title":"Jefa Zonal de Ventas: Lider\u00e1 equipos y potenci\u00e1 tu carrera comercial - Animan Geek","robots":{"index":"index","follow":"follow","max-snippet":"max-snippet:-1","max-image-preview":"max-image-preview:large","max-video-preview":"max-video-preview:-1"},"canonical":"https:\/\/animangeek.com\/es\/144be8de-5e04-4885-8927-6e1ecfae2bce\/","og_locale":"es_MX","og_type":"article","og_title":"Jefa Zonal de Ventas: Lider\u00e1 equipos y potenci\u00e1 tu carrera comercial - Animan Geek","og_description":"Revisamos la vacante Jefa Zonal de Ventas con foco en liderazgo, gesti\u00f3n de equipos y potencial de desarrollo. Descubr\u00ed si es tu pr\u00f3xima oportunidad laboral y c\u00f3mo postularte.","og_url":"https:\/\/animangeek.com\/es\/144be8de-5e04-4885-8927-6e1ecfae2bce\/","og_site_name":"Animan Geek","article_published_time":"2026-03-19T14:53:00+00:00","article_modified_time":"2026-03-19T14:53:32+00:00","author":"Bruno Gianni","twitter_card":"summary_large_image","twitter_misc":{"Written by":"Bruno Gianni","Est. reading time":"2 minutos"},"schema":{"@context":"https:\/\/schema.org","@graph":[{"@type":"WebPage","@id":"https:\/\/animangeek.com\/144be8de-5e04-4885-8927-6e1ecfae2bce\/","url":"https:\/\/animangeek.com\/144be8de-5e04-4885-8927-6e1ecfae2bce\/","name":"Jefa Zonal de Ventas: Lider\u00e1 equipos y potenci\u00e1 tu carrera comercial - Animan Geek","isPartOf":{"@id":"https:\/\/animangeek.com\/#website"},"datePublished":"2026-03-19T14:53:00+00:00","dateModified":"2026-03-19T14:53:32+00:00","author":{"@id":"https:\/\/animangeek.com\/#\/schema\/person\/d52888235fd6563bd07d97185d6a61e4"},"breadcrumb":{"@id":"https:\/\/animangeek.com\/144be8de-5e04-4885-8927-6e1ecfae2bce\/#breadcrumb"},"inLanguage":"es-MX","potentialAction":[{"@type":"ReadAction","target":["https:\/\/animangeek.com\/144be8de-5e04-4885-8927-6e1ecfae2bce\/"]}]},{"@type":"BreadcrumbList","@id":"https:\/\/animangeek.com\/144be8de-5e04-4885-8927-6e1ecfae2bce\/#breadcrumb","itemListElement":[{"@type":"ListItem","position":1,"name":"Home","item":"https:\/\/animangeek.com\/"},{"@type":"ListItem","position":2,"name":"Jefa Zonal de Ventas: Lider\u00e1 equipos y potenci\u00e1 tu carrera comercial"}]},{"@type":"WebSite","@id":"https:\/\/animangeek.com\/#website","url":"https:\/\/animangeek.com\/","name":"Animan Geek","description":"","potentialAction":[{"@type":"SearchAction","target":{"@type":"EntryPoint","urlTemplate":"https:\/\/animangeek.com\/?s={search_term_string}"},"query-input":"required name=search_term_string"}],"inLanguage":"es-MX"},{"@type":"Person","@id":"https:\/\/animangeek.com\/#\/schema\/person\/d52888235fd6563bd07d97185d6a61e4","name":"Bruno Gianni","image":{"@type":"ImageObject","inLanguage":"es-MX","@id":"https:\/\/animangeek.com\/#\/schema\/person\/image\/","url":"https:\/\/secure.gravatar.com\/avatar\/0f5d42d7bf77874643c1478932860e3f?s=96&d=mm&r=g","contentUrl":"https:\/\/secure.gravatar.com\/avatar\/0f5d42d7bf77874643c1478932860e3f?s=96&d=mm&r=g","caption":"Bruno Gianni"},"description":"Bruno writes the way he lives, with curiosity, care, and respect for people. He likes to observe, listen, and try to understand what is happening on the other side before putting any words on the page.For him, writing is not about impressing, but about getting closer. It is about turning thoughts into something simple, clear, and real. Every text is an ongoing conversation, created with care and honesty, with the sincere intention of touching someone, somewhere along the way.","url":"https:\/\/animangeek.com\/es\/author\/bcgianni\/"}]}},"_links":{"self":[{"href":"https:\/\/animangeek.com\/es\/wp-json\/wp\/v2\/posts\/26681"}],"collection":[{"href":"https:\/\/animangeek.com\/es\/wp-json\/wp\/v2\/posts"}],"about":[{"href":"https:\/\/animangeek.com\/es\/wp-json\/wp\/v2\/types\/post"}],"author":[{"embeddable":true,"href":"https:\/\/animangeek.com\/es\/wp-json\/wp\/v2\/users\/3"}],"replies":[{"embeddable":true,"href":"https:\/\/animangeek.com\/es\/wp-json\/wp\/v2\/comments?post=26681"}],"version-history":[{"count":1,"href":"https:\/\/animangeek.com\/es\/wp-json\/wp\/v2\/posts\/26681\/revisions"}],"predecessor-version":[{"id":26686,"href":"https:\/\/animangeek.com\/es\/wp-json\/wp\/v2\/posts\/26681\/revisions\/26686"}],"wp:attachment":[{"href":"https:\/\/animangeek.com\/es\/wp-json\/wp\/v2\/media?parent=26681"}],"wp:term":[{"taxonomy":"category","embeddable":true,"href":"https:\/\/animangeek.com\/es\/wp-json\/wp\/v2\/categories?post=26681"},{"taxonomy":"post_tag","embeddable":true,"href":"https:\/\/animangeek.com\/es\/wp-json\/wp\/v2\/tags?post=26681"}],"curies":[{"name":"wp","href":"https:\/\/api.w.org\/{rel}","templated":true}]}}