{"id":11407,"date":"2024-05-17T20:16:41","date_gmt":"2024-05-17T23:16:41","guid":{"rendered":"https:\/\/animangeek.com\/jujutsu-kaisen-terminara-em-2024\/"},"modified":"2024-05-17T20:16:41","modified_gmt":"2024-05-17T23:16:41","slug":"jujutsu-kaisen-terminara-em-2024","status":"publish","type":"post","link":"https:\/\/animangeek.com\/es_es\/jujutsu-kaisen-terminara-em-2024\/","title":{"rendered":"Jujutsu Kaisen terminar\u00e1 en 2024"},"content":{"rendered":"<div class=\"mx-5 sm:mx-0 prose text-left mb-5\"><\/p>\n<div>\n<p>Durante el evento <strong>FIESTA DE SALTO 2024<\/strong> un mensaje escrito por <strong>Gege Akutami<\/strong>quien se\u00f1al\u00f3 que \u201cesta ser\u00eda la \u00faltima Jump Festa durante la cual <strong>Jujutsu Kaisen<\/strong> se serializar\u00eda. Con esto, <strong>El autor confirm\u00f3 que la obra estar\u00e1 terminada en alg\u00fan momento antes de diciembre de 2024.<\/strong>\u00bfCu\u00e1ndo tendr\u00e1 lugar la pr\u00f3xima edici\u00f3n de Jump Festa?<\/p>\n<p><strong>Esta no es la primera vez que Gege Akutami hace una declaraci\u00f3n as\u00ed.<\/strong>ya que durante el evento Jump Festa 2023, celebrado en diciembre del a\u00f1o pasado, el autor ya hab\u00eda indicado sus planes de finalizar la obra \u201cun a\u00f1o despu\u00e9s de la fecha en cuesti\u00f3n\u201d. <strong>Es m\u00e1s, en febrero de 2021 hab\u00eda dicho que \u201cla obra estar\u00eda concluida en dos a\u00f1os\u201d, y ninguno de ellos termin\u00f3 cumpli\u00e9ndose.<\/strong><\/p>\n<p>El mensaje dec\u00eda:<\/p>\n<ul>\n<li>\u00ab<em><strong>Es probable que esta sea la \u00faltima Jump Festa en la que se publicar\u00e1 \u201cJujutsu Kaisen\u201d.<\/strong> El pr\u00f3ximo verano se celebrar\u00e1 una exposici\u00f3n de ilustraciones originales. Aunque se trate de una exposici\u00f3n como esta, &quot;Jujutsu Kaisen&quot; est\u00e1 hecha con manuscritos digitales, \u00bfc\u00f3mo se supone que voy a hacer algo as\u00ed? Tras hablarlo con la direcci\u00f3n, decidimos usar algunos materiales que tengo por ah\u00ed, como nombres y bocetos, para crear una exposici\u00f3n que la gente vea y piense: &quot;\u00a1Yo tambi\u00e9n quiero dibujar manga!&quot;. Ahora mismo, estamos probando el material juntos. \u00a1Sigan intent\u00e1ndolo! Y todos, \u00a1por favor, vengan a la exposici\u00f3n cuando se inaugure!<\/em>\u00bb.<\/li>\n<\/ul>\n<div class=\"wp-block-image\">\n<figure class=\"aligncenter size-full\"><img loading=\"lazy\" decoding=\"async\" width=\"728\" height=\"1031\" src=\"https:\/\/animangeek.com\/wp-content\/uploads\/2024\/05\/Jujutsu-Kaisen-terminara-em-2024.jpg\" alt=\"Jujutsu Kaisen\" class=\"wp-image-321905\"  \/><\/figure>\n<\/div>\n<p>Durante el evento tambi\u00e9n se revel\u00f3 la portada del vig\u00e9simo quinto volumen recopilatorio de la obra, que se lanzar\u00e1 el 4 de enero de 2024 en Jap\u00f3n. <strong>La franquicia literaria tambi\u00e9n super\u00f3 los 90 millones de ejemplares acumulados en circulaci\u00f3n.<\/strong><\/p>\n<figure class=\"wp-block-gallery aligncenter has-nested-images columns-1 is-cropped wp-block-gallery-1 is-layout-flex wp-block-gallery-is-layout-flex\">\n<figure class=\"wp-block-image size-full\"><img loading=\"lazy\" decoding=\"async\" width=\"1280\" height=\"660\" data-id=\"321903\" src=\"http:\/\/animangeek.com\/wp-content\/uploads\/sites\/106\/2024\/05\/1715987801_513_Jujutsu-Kaisen-terminara-em-2024.jpg\" alt=\"Jujutsu Kaisen\" class=\"wp-image-321903\"  \/><\/figure>\n<figure class=\"wp-block-image size-full\"><img loading=\"lazy\" decoding=\"async\" width=\"1280\" height=\"2013\" data-id=\"321904\" src=\"http:\/\/animangeek.com\/wp-content\/uploads\/sites\/106\/2024\/05\/1715987801_65_Jujutsu-Kaisen-terminara-em-2024.jpg\" alt=\"\" class=\"wp-image-321904\"  \/><\/figure>\n<\/figure>\n<p><strong>Gege Akutami<\/strong> Comenz\u00f3 la publicaci\u00f3n del manga en la revista. <strong>Shonen Jump semanal<\/strong> del editor <strong>Shueisha<\/strong> en marzo de 2018. La primera temporada de la adaptaci\u00f3n al anime tuvo un total de veinticuatro episodios y se estren\u00f3 durante el <strong>Oto\u00f1o 2022 (octubre a diciembre)<\/strong>Una pel\u00edcula animada titulada <strong>Jujutsu Kaisen 0<\/strong> y se estren\u00f3 en cines japoneses en diciembre de 2021. Actualmente se est\u00e1 preparando una segunda temporada.<\/p>\n<h3 class=\"wp-block-heading\" id=\"sinopsis-de-jujutsu-kaisen\"><strong>Sinopsis de Jujutsu Kaisen<\/strong><\/h3>\n<p><em>El estudiante de preparatoria Yuuji Itadori, quien se ve involucrado en actividades paranormales infundadas con el Club de Ocultismo, pasa sus d\u00edas en el sal\u00f3n del club o en el hospital, donde visita a su abuelo postrado en cama. Sin embargo, esta vida pac\u00edfica pronto se vuelve extra\u00f1a cuando, sin saberlo, se topa con un objeto maldito. Desencadenando una serie de sucesos sobrenaturales, Yuuji se ve repentinamente inmerso en el mundo de las maldiciones \u2014seres aterradores formados por la maldad y la negatividad humanas\u2014 tras tragarse dicho objeto, que resulta ser un dedo del demonio Sukuna Ryoumen, el &quot;Rey de las Maldiciones&quot;.<\/em><\/p>\n<p><em>Yuuji experimenta de primera mano la amenaza que estas maldiciones representan para la sociedad mientras descubre sus propios poderes. Introducido en la Escuela T\u00e9cnica Metropolitana de Jujutsu de Tokio, emprende un camino sin retorno: el de un hechicero de Jujutsu.<\/em><\/p>\n<p>Fuente: <strong><a rel=\"nofollow noopener\" target=\"_blank\" href=\"https:\/\/www.oricon.co.jp\/news\/2306807\/full\/\">Noticias de Oricon<\/a><\/strong><\/p>\n<p>(c) Akutami Gege\/SHUEISHA Shueisha<\/p>\n<\/div>\n<p><\/div>","protected":false},"excerpt":{"rendered":"<p>Durante el evento JUMP FESTA 2024, un mensaje escrito por Gege Akutamique indic\u00f3 que \u00abeste ser\u00eda el \u00faltimo Jump Festa en el que se serializar\u00eda Jujutsu Kaisen\u00bb. Con esto, el autor confirm\u00f3 que la obra estar\u00e1 terminada antes de diciembre de 2024, fecha de la pr\u00f3xima Jump Festa. No es... <a class=\"more-link\" href=\"https:\/\/animangeek.com\/es_es\/jujutsu-kaisen-terminara-em-2024\/\">Sigue leyendo <span class=\"screen-reader-text\">Jujutsu Kaisen terminar\u00e1 en 2024<\/span><\/a><\/p>","protected":false},"author":0,"featured_media":11408,"comment_status":"open","ping_status":"open","sticky":false,"template":"","format":"standard","meta":{"footnotes":""},"categories":[8],"tags":[789,1441,1449],"yoast_head":"<!-- This site is optimized with the Yoast SEO plugin v23.3 - https:\/\/yoast.com\/wordpress\/plugins\/seo\/ -->\n<title>Jujutsu Kaisen terminar\u00e1 em 2024 - Animan Geek<\/title>\n<meta name=\"robots\" content=\"index, follow, max-snippet:-1, max-image-preview:large, max-video-preview:-1\" \/>\n<link rel=\"canonical\" href=\"https:\/\/animangeek.com\/es_es\/jujutsu-kaisen-terminara-em-2024\/\" \/>\n<meta property=\"og:locale\" content=\"es_ES\" \/>\n<meta property=\"og:type\" content=\"article\" \/>\n<meta property=\"og:title\" content=\"Jujutsu Kaisen terminar\u00e1 em 2024 - Animan Geek\" \/>\n<meta property=\"og:description\" content=\"Durante o evento JUMP FESTA 2024 uma mensagem escrita por Gege Akutamique observou que \u201cesta seria a \u00faltima Jump Festa durante a qual Jujutsu Kaisen estaria sendo serializado. Com isto, O autor confirmou que a obra ser\u00e1 conclu\u00edda em algum momento antes de dezembro de 2024quando acontecer\u00e1 a pr\u00f3xima edi\u00e7\u00e3o da Jump Festa. N\u00e3o \u00e9&hellip; Continue reading Jujutsu Kaisen terminar\u00e1 em 2024\" \/>\n<meta property=\"og:url\" content=\"https:\/\/animangeek.com\/es_es\/jujutsu-kaisen-terminara-em-2024\/\" \/>\n<meta property=\"og:site_name\" content=\"Animan Geek\" \/>\n<meta property=\"article:published_time\" content=\"2024-05-17T23:16:41+00:00\" \/>\n<meta property=\"og:image\" content=\"https:\/\/animangeek.com\/wp-content\/uploads\/sites\/106\/2024\/05\/1715987802_Jujutsu-Kaisen-terminara-em-2024.jpg\" \/>\n\t<meta property=\"og:image:width\" content=\"1920\" \/>\n\t<meta property=\"og:image:height\" content=\"1080\" \/>\n\t<meta property=\"og:image:type\" content=\"image\/jpeg\" \/>\n<meta name=\"twitter:card\" content=\"summary_large_image\" \/>\n<meta name=\"twitter:label1\" content=\"Est. reading time\" \/>\n\t<meta name=\"twitter:data1\" content=\"3 minutos\" \/>\n<script type=\"application\/ld+json\" class=\"yoast-schema-graph\">{\"@context\":\"https:\/\/schema.org\",\"@graph\":[{\"@type\":\"WebPage\",\"@id\":\"https:\/\/animangeek.com\/jujutsu-kaisen-terminara-em-2024\/\",\"url\":\"https:\/\/animangeek.com\/jujutsu-kaisen-terminara-em-2024\/\",\"name\":\"Jujutsu Kaisen terminar\u00e1 em 2024 - Animan Geek\",\"isPartOf\":{\"@id\":\"https:\/\/animangeek.com\/#website\"},\"primaryImageOfPage\":{\"@id\":\"https:\/\/animangeek.com\/jujutsu-kaisen-terminara-em-2024\/#primaryimage\"},\"image\":{\"@id\":\"https:\/\/animangeek.com\/jujutsu-kaisen-terminara-em-2024\/#primaryimage\"},\"thumbnailUrl\":\"https:\/\/animangeek.com\/wp-content\/uploads\/sites\/106\/2024\/05\/1715987802_Jujutsu-Kaisen-terminara-em-2024.jpg\",\"datePublished\":\"2024-05-17T23:16:41+00:00\",\"dateModified\":\"2024-05-17T23:16:41+00:00\",\"author\":{\"@id\":\"\"},\"breadcrumb\":{\"@id\":\"https:\/\/animangeek.com\/jujutsu-kaisen-terminara-em-2024\/#breadcrumb\"},\"inLanguage\":\"es\",\"potentialAction\":[{\"@type\":\"ReadAction\",\"target\":[\"https:\/\/animangeek.com\/jujutsu-kaisen-terminara-em-2024\/\"]}]},{\"@type\":\"ImageObject\",\"inLanguage\":\"es\",\"@id\":\"https:\/\/animangeek.com\/jujutsu-kaisen-terminara-em-2024\/#primaryimage\",\"url\":\"https:\/\/animangeek.com\/wp-content\/uploads\/sites\/106\/2024\/05\/1715987802_Jujutsu-Kaisen-terminara-em-2024.jpg\",\"contentUrl\":\"https:\/\/animangeek.com\/wp-content\/uploads\/sites\/106\/2024\/05\/1715987802_Jujutsu-Kaisen-terminara-em-2024.jpg\",\"width\":1920,\"height\":1080},{\"@type\":\"BreadcrumbList\",\"@id\":\"https:\/\/animangeek.com\/jujutsu-kaisen-terminara-em-2024\/#breadcrumb\",\"itemListElement\":[{\"@type\":\"ListItem\",\"position\":1,\"name\":\"Home\",\"item\":\"https:\/\/animangeek.com\/\"},{\"@type\":\"ListItem\",\"position\":2,\"name\":\"Jujutsu Kaisen terminar\u00e1 em 2024\"}]},{\"@type\":\"WebSite\",\"@id\":\"https:\/\/animangeek.com\/#website\",\"url\":\"https:\/\/animangeek.com\/\",\"name\":\"Animan Geek\",\"description\":\"\",\"potentialAction\":[{\"@type\":\"SearchAction\",\"target\":{\"@type\":\"EntryPoint\",\"urlTemplate\":\"https:\/\/animangeek.com\/?s={search_term_string}\"},\"query-input\":\"required name=search_term_string\"}],\"inLanguage\":\"es\"}]}<\/script>\n<!-- \/ Yoast SEO plugin. -->","yoast_head_json":{"title":"Jujutsu Kaisen terminar\u00e1 em 2024 - Animan Geek","robots":{"index":"index","follow":"follow","max-snippet":"max-snippet:-1","max-image-preview":"max-image-preview:large","max-video-preview":"max-video-preview:-1"},"canonical":"https:\/\/animangeek.com\/es_es\/jujutsu-kaisen-terminara-em-2024\/","og_locale":"es_ES","og_type":"article","og_title":"Jujutsu Kaisen terminar\u00e1 em 2024 - Animan Geek","og_description":"Durante o evento JUMP FESTA 2024 uma mensagem escrita por Gege Akutamique observou que \u201cesta seria a \u00faltima Jump Festa durante a qual Jujutsu Kaisen estaria sendo serializado. Com isto, O autor confirmou que a obra ser\u00e1 conclu\u00edda em algum momento antes de dezembro de 2024quando acontecer\u00e1 a pr\u00f3xima edi\u00e7\u00e3o da Jump Festa. N\u00e3o \u00e9&hellip; Continue reading Jujutsu Kaisen terminar\u00e1 em 2024","og_url":"https:\/\/animangeek.com\/es_es\/jujutsu-kaisen-terminara-em-2024\/","og_site_name":"Animan Geek","article_published_time":"2024-05-17T23:16:41+00:00","og_image":[{"width":1920,"height":1080,"url":"https:\/\/animangeek.com\/wp-content\/uploads\/sites\/106\/2024\/05\/1715987802_Jujutsu-Kaisen-terminara-em-2024.jpg","type":"image\/jpeg"}],"twitter_card":"summary_large_image","twitter_misc":{"Est. reading time":"3 minutos"},"schema":{"@context":"https:\/\/schema.org","@graph":[{"@type":"WebPage","@id":"https:\/\/animangeek.com\/jujutsu-kaisen-terminara-em-2024\/","url":"https:\/\/animangeek.com\/jujutsu-kaisen-terminara-em-2024\/","name":"Jujutsu Kaisen terminar\u00e1 em 2024 - Animan Geek","isPartOf":{"@id":"https:\/\/animangeek.com\/#website"},"primaryImageOfPage":{"@id":"https:\/\/animangeek.com\/jujutsu-kaisen-terminara-em-2024\/#primaryimage"},"image":{"@id":"https:\/\/animangeek.com\/jujutsu-kaisen-terminara-em-2024\/#primaryimage"},"thumbnailUrl":"https:\/\/animangeek.com\/wp-content\/uploads\/sites\/106\/2024\/05\/1715987802_Jujutsu-Kaisen-terminara-em-2024.jpg","datePublished":"2024-05-17T23:16:41+00:00","dateModified":"2024-05-17T23:16:41+00:00","author":{"@id":""},"breadcrumb":{"@id":"https:\/\/animangeek.com\/jujutsu-kaisen-terminara-em-2024\/#breadcrumb"},"inLanguage":"es","potentialAction":[{"@type":"ReadAction","target":["https:\/\/animangeek.com\/jujutsu-kaisen-terminara-em-2024\/"]}]},{"@type":"ImageObject","inLanguage":"es","@id":"https:\/\/animangeek.com\/jujutsu-kaisen-terminara-em-2024\/#primaryimage","url":"https:\/\/animangeek.com\/wp-content\/uploads\/sites\/106\/2024\/05\/1715987802_Jujutsu-Kaisen-terminara-em-2024.jpg","contentUrl":"https:\/\/animangeek.com\/wp-content\/uploads\/sites\/106\/2024\/05\/1715987802_Jujutsu-Kaisen-terminara-em-2024.jpg","width":1920,"height":1080},{"@type":"BreadcrumbList","@id":"https:\/\/animangeek.com\/jujutsu-kaisen-terminara-em-2024\/#breadcrumb","itemListElement":[{"@type":"ListItem","position":1,"name":"Home","item":"https:\/\/animangeek.com\/"},{"@type":"ListItem","position":2,"name":"Jujutsu Kaisen terminar\u00e1 em 2024"}]},{"@type":"WebSite","@id":"https:\/\/animangeek.com\/#website","url":"https:\/\/animangeek.com\/","name":"Animan Geek","description":"","potentialAction":[{"@type":"SearchAction","target":{"@type":"EntryPoint","urlTemplate":"https:\/\/animangeek.com\/?s={search_term_string}"},"query-input":"required name=search_term_string"}],"inLanguage":"es"}]}},"_links":{"self":[{"href":"https:\/\/animangeek.com\/es_es\/wp-json\/wp\/v2\/posts\/11407"}],"collection":[{"href":"https:\/\/animangeek.com\/es_es\/wp-json\/wp\/v2\/posts"}],"about":[{"href":"https:\/\/animangeek.com\/es_es\/wp-json\/wp\/v2\/types\/post"}],"replies":[{"embeddable":true,"href":"https:\/\/animangeek.com\/es_es\/wp-json\/wp\/v2\/comments?post=11407"}],"version-history":[{"count":0,"href":"https:\/\/animangeek.com\/es_es\/wp-json\/wp\/v2\/posts\/11407\/revisions"}],"wp:featuredmedia":[{"embeddable":true,"href":"https:\/\/animangeek.com\/es_es\/wp-json\/wp\/v2\/media\/11408"}],"wp:attachment":[{"href":"https:\/\/animangeek.com\/es_es\/wp-json\/wp\/v2\/media?parent=11407"}],"wp:term":[{"taxonomy":"category","embeddable":true,"href":"https:\/\/animangeek.com\/es_es\/wp-json\/wp\/v2\/categories?post=11407"},{"taxonomy":"post_tag","embeddable":true,"href":"https:\/\/animangeek.com\/es_es\/wp-json\/wp\/v2\/tags?post=11407"}],"curies":[{"name":"wp","href":"https:\/\/api.w.org\/{rel}","templated":true}]}}