{"id":11447,"date":"2024-05-18T06:23:00","date_gmt":"2024-05-18T09:23:00","guid":{"rendered":"https:\/\/animangeek.com\/idade-altura-e-aniversario-de-cada-personagem-principal\/"},"modified":"2024-05-18T06:23:00","modified_gmt":"2024-05-18T09:23:00","slug":"idade-altura-e-aniversario-de-cada-personagem-principal","status":"publish","type":"post","link":"https:\/\/animangeek.com\/es_es\/idade-altura-e-aniversario-de-cada-personagem-principal\/","title":{"rendered":"Edad, altura y cumplea\u00f1os de cada personaje principal."},"content":{"rendered":"<div class=\"mx-5 sm:mx-0 prose text-left mb-5\"><\/p>\n<div>\n<section class=\"emaki-custom-block emaki-custom-key-points\">\n<div class=\"emaki-custom key-points\" id=\"custom_block_0\">\n<h3 class=\"title icon i-list\">Reflejos<\/h3>\n<div class=\"custom_block-content key-points\">\n<ul>\n<li>  Wind Breaker gira en torno a la lucha de la protagonista Haruka Sakura con las normas sociales y la autoaceptaci\u00f3n a trav\u00e9s de la din\u00e1mica de la escuela secundaria. <\/li>\n<li>  Personajes como Sugishita, Togame, Tomiyama, Nirei, Suo, Hiragi, Tachibana y Umemiya juegan papeles fundamentales en la configuraci\u00f3n de la trama. <\/li>\n<li>  El viaje de autodescubrimiento y alineaci\u00f3n moral de Sakura en el contexto de Bofurin revela capas inesperadas de fuerza y vulnerabilidad. <\/li>\n<\/ul>\n<\/div><\/div>\n<p><!-- Repeatable debug data: {\"injection\":\"before\",\"adPosition\":0,\"startingPoint\":0,\"skipEvery\":null,\"nbrPlacementFilledEachSkip\":0,\"nbrPlacementsScanned\":0,\"ruleCount\":200,\"degradationStartingPoint\":1,\"stopAds\":null,\"isEarlyInjection\":false,\"actualCount\":240} --><!-- Zone: character count repeatable. --><!-- Repeatable debug data: {\"injection\":\"after\",\"adPosition\":1,\"startingPoint\":0,\"skipEvery\":null,\"nbrPlacementFilledEachSkip\":1,\"nbrPlacementsScanned\":0,\"ruleCount\":200,\"degradationStartingPoint\":1,\"stopAds\":null,\"isEarlyInjection\":false,\"actualCount\":0} --><br \/>\n<!-- Repeatable debug data: {\"isEarlyInjection\":false,\"currentRuleCount\":200,\"actualCount\":0,\"hasActualCountMetThreshold\":null,\"countRemainingForInjection\":null,\"nextBlockCount\":null,\"hasCountRemainingForInjectionMetThreshold\":null} --><\/section>\n<p><!-- No repeatable ad for zone: character count repeatable. --><!-- Repeatable debug data: {\"injection\":\"none\",\"adPosition\":1,\"startingPoint\":0,\"skipEvery\":null,\"nbrPlacementFilledEachSkip\":1,\"nbrPlacementsScanned\":1,\"ruleCount\":900,\"degradationStartingPoint\":1,\"stopAds\":null,\"actualCount\":0} --><br \/>\n<!-- No winning ad found for zone: below first paragraph! --><\/p>\n<p>  La temporada de anime de primavera de 2024 no puede ser mejor que esta nueva serie de escuela secundaria. <strong><em>Protecci\u00f3n contra el viento<\/em><\/strong>Con un enfoque simplista, la serie se centra en su protagonista, Haruka Sakura, quien, desde temprana edad, es dolorosamente consciente de lo que significa no encajar. Debido a su apariencia poco convencional, Sakura se convierte en una paria con profundos sentimientos de inferioridad en comparaci\u00f3n con sus compa\u00f1eros. <\/p>\n<p><!-- No repeatable ad for zone: character count repeatable. --><!-- Repeatable debug data: {\"injection\":\"none\",\"adPosition\":1,\"startingPoint\":0,\"skipEvery\":null,\"nbrPlacementFilledEachSkip\":1,\"nbrPlacementsScanned\":1,\"ruleCount\":900,\"degradationStartingPoint\":1,\"stopAds\":null,\"actualCount\":403} --><\/p>\n<div class=\"display-card article article-card small no-badge active-content\">\n<div class=\"w-img\">\n<div class=\"body-img landscape\">\n<div class=\"responsive-img img-featured-4-pin-single-size-featured-secondary\" style=\":50%\" data-img-url=\"https:\/\/animangeek.com\/wp-content\/uploads\/2024\/05\/Idade-altura-e-aniversario-de-cada-personagem-principal.jpg\" data-modal-id=\"single-image-modal\" data-modal-container-id=\"single-image-modal-container\" data-img-caption=\"&quot;&quot;\">\n<figure><picture><source media=\"(min-width: 1024px)\" data- \/><source media=\"(min-width: 768px)\" data- \/><source media=\"(min-width: 481px)\" data- \/><source media=\"(min-width: 0px)\" data- \/><img width=\"1800\" height=\"900\" loading=\"lazy\" decoding=\"async\" alt=\"corta-vento-anime-haruka-sakura\" src=\"https:\/\/animangeek.com\/wp-content\/uploads\/2024\/05\/Idade-altura-e-aniversario-de-cada-personagem-principal.jpg\" style=\"display:block;height:auto;max-width:100%;\"\/> <\/picture> <\/figure>\n<\/p><\/div>\n<\/p><\/div>\n<\/p><\/div>\n<p> <span data-field=\"label\" class=\"article-card-label\">Relacionado<\/span><\/p>\n<div class=\"w-display-card-content regular article-block\">\n<h5 class=\"display-card-title\">  Los 10 mejores animes de acci\u00f3n similares a Wind Breaker  <\/h5>\n<p class=\"display-card-excerpt\">Para los fan\u00e1ticos del nuevo anime de acci\u00f3n Wind Breaker que no pueden esperar a que se lance el pr\u00f3ximo episodio, estos otros animes de acci\u00f3n podr\u00edan llenar el vac\u00edo.<\/p>\n<\/p><\/div>\n<\/p><\/div>\n<p>  Sin embargo, Sakura est\u00e1 decidida a convertir sus debilidades en fortalezas, y su punto de partida es la Preparatoria Furin. La serie presenta un elenco de personajes bastante peculiar, al igual que el infame anime de preparatorias, donde cada personaje es diverso y diferente de los dem\u00e1s. Dado que la mayor\u00eda del elenco a\u00fan aparece de forma m\u00ednima, aqu\u00ed hay algunos detalles clave sobre lo que hemos visto hasta ahora. <\/p>\n<p><!-- No repeatable ad for zone: character count repeatable. --><!-- Repeatable debug data: {\"injection\":\"none\",\"adPosition\":1,\"startingPoint\":0,\"skipEvery\":null,\"nbrPlacementFilledEachSkip\":1,\"nbrPlacementsScanned\":1,\"ruleCount\":900,\"degradationStartingPoint\":1,\"stopAds\":null,\"actualCount\":794} --><\/p>\n<h3 id=\"character-chart\">  Cuadro de personajes <\/h3>\n<div>\n<table cellspacing=\"0\" style=\"border-collapse:collapse; width:624px\">\n<tbody>\n<tr>\n<td style=\"border-bottom:1px solid #000000; border-left:1px solid #000000; border-right:1px solid #000000; border-top:1px solid #000000; vertical-align:top; width:210px\">Nombre<\/td>\n<td style=\"border-bottom:1px solid #000000; border-left:1px solid #000000; border-right:1px solid #000000; border-top:1px solid #000000; vertical-align:top; width:130px\">Edad<\/td>\n<td style=\"border-bottom:1px solid #000000; border-left:1px solid #000000; border-right:1px solid #000000; border-top:1px solid #000000; vertical-align:top; width:143px\">Altura<\/td>\n<td style=\"border-bottom:1px solid #000000; border-left:1px solid #000000; border-right:1px solid #000000; border-top:1px solid #000000; vertical-align:top; width:141px\">Cumplea\u00f1os<\/td>\n<\/tr>\n<tr>\n<td style=\"border-bottom:1px solid #000000; border-left:1px solid #000000; border-right:1px solid #000000; border-top:1px solid #000000; vertical-align:top; width:210px\">Kyotaro Sugishita<\/td>\n<td style=\"border-bottom:1px solid #000000; border-left:1px solid #000000; border-right:1px solid #000000; border-top:1px solid #000000; vertical-align:top; width:130px\">15<\/td>\n<td style=\"border-bottom:1px solid #000000; border-left:1px solid #000000; border-right:1px solid #000000; border-top:1px solid #000000; vertical-align:top; width:143px\">192 cm\/6&#039;3<\/td>\n<td style=\"border-bottom:1px solid #000000; border-left:1px solid #000000; border-right:1px solid #000000; border-top:1px solid #000000; vertical-align:top; width:141px\">3 de noviembre<\/td>\n<\/tr>\n<tr>\n<td style=\"border-bottom:1px solid #000000; border-left:1px solid #000000; border-right:1px solid #000000; border-top:1px solid #000000; vertical-align:top; width:210px\">Jo Togame<\/td>\n<td style=\"border-bottom:1px solid #000000; border-left:1px solid #000000; border-right:1px solid #000000; border-top:1px solid #000000; vertical-align:top; width:130px\">17<\/td>\n<td style=\"border-bottom:1px solid #000000; border-left:1px solid #000000; border-right:1px solid #000000; border-top:1px solid #000000; vertical-align:top; width:143px\">187 cm\/6&#039;1<\/td>\n<td style=\"border-bottom:1px solid #000000; border-left:1px solid #000000; border-right:1px solid #000000; border-top:1px solid #000000; vertical-align:top; width:141px\">13 de abril<\/td>\n<\/tr>\n<tr>\n<td style=\"border-bottom:1px solid #000000; border-left:1px solid #000000; border-right:1px solid #000000; border-top:1px solid #000000; vertical-align:top; width:210px\">Choji Tomiyama<\/td>\n<td style=\"border-bottom:1px solid #000000; border-left:1px solid #000000; border-right:1px solid #000000; border-top:1px solid #000000; vertical-align:top; width:130px\">17<\/td>\n<td style=\"border-bottom:1px solid #000000; border-left:1px solid #000000; border-right:1px solid #000000; border-top:1px solid #000000; vertical-align:top; width:143px\">158 cm\/5&#039;2<\/td>\n<td style=\"border-bottom:1px solid #000000; border-left:1px solid #000000; border-right:1px solid #000000; border-top:1px solid #000000; vertical-align:top; width:141px\">7 de marzo<\/td>\n<\/tr>\n<tr>\n<td style=\"border-bottom:1px solid #000000; border-left:1px solid #000000; border-right:1px solid #000000; border-top:1px solid #000000; vertical-align:top; width:210px\">Akihiko Nirei<\/td>\n<td style=\"border-bottom:1px solid #000000; border-left:1px solid #000000; border-right:1px solid #000000; border-top:1px solid #000000; vertical-align:top; width:130px\">15<\/td>\n<td style=\"border-bottom:1px solid #000000; border-left:1px solid #000000; border-right:1px solid #000000; border-top:1px solid #000000; vertical-align:top; width:143px\">163 cm\/5&#039;4<\/td>\n<td style=\"border-bottom:1px solid #000000; border-left:1px solid #000000; border-right:1px solid #000000; border-top:1px solid #000000; vertical-align:top; width:141px\">21 de septiembre<\/td>\n<\/tr>\n<tr>\n<td style=\"border-bottom:1px solid #000000; border-left:1px solid #000000; border-right:1px solid #000000; border-top:1px solid #000000; vertical-align:top; width:210px\">Hayato Suo<\/td>\n<td style=\"border-bottom:1px solid #000000; border-left:1px solid #000000; border-right:1px solid #000000; border-top:1px solid #000000; vertical-align:top; width:130px\">15<\/td>\n<td style=\"border-bottom:1px solid #000000; border-left:1px solid #000000; border-right:1px solid #000000; border-top:1px solid #000000; vertical-align:top; width:143px\">174 cm\/5&#039;7<\/td>\n<td style=\"border-bottom:1px solid #000000; border-left:1px solid #000000; border-right:1px solid #000000; border-top:1px solid #000000; vertical-align:top; width:141px\">28 de marzo<\/td>\n<\/tr>\n<tr>\n<td style=\"border-bottom:1px solid #000000; border-left:1px solid #000000; border-right:1px solid #000000; border-top:1px solid #000000; vertical-align:top; width:210px\">Toma Hiragi<\/td>\n<td style=\"border-bottom:1px solid #000000; border-left:1px solid #000000; border-right:1px solid #000000; border-top:1px solid #000000; vertical-align:top; width:130px\">N \/ A<\/td>\n<td style=\"border-bottom:1px solid #000000; border-left:1px solid #000000; border-right:1px solid #000000; border-top:1px solid #000000; vertical-align:top; width:143px\">187 cm\/6&#039;1<\/td>\n<td style=\"border-bottom:1px solid #000000; border-left:1px solid #000000; border-right:1px solid #000000; border-top:1px solid #000000; vertical-align:top; width:141px\">7 de diciembre<\/td>\n<\/tr>\n<tr>\n<td style=\"border-bottom:1px solid #000000; border-left:1px solid #000000; border-right:1px solid #000000; border-top:1px solid #000000; vertical-align:top; width:210px\">Kotoha Tachibana<\/td>\n<td style=\"border-bottom:1px solid #000000; border-left:1px solid #000000; border-right:1px solid #000000; border-top:1px solid #000000; vertical-align:top; width:130px\">16<\/td>\n<td style=\"border-bottom:1px solid #000000; border-left:1px solid #000000; border-right:1px solid #000000; border-top:1px solid #000000; vertical-align:top; width:143px\">158 cm\/5&#039;2<\/td>\n<td style=\"border-bottom:1px solid #000000; border-left:1px solid #000000; border-right:1px solid #000000; border-top:1px solid #000000; vertical-align:top; width:141px\">5 de abril<\/td>\n<\/tr>\n<tr>\n<td style=\"border-bottom:1px solid #000000; border-left:1px solid #000000; border-right:1px solid #000000; border-top:1px solid #000000; vertical-align:top; width:210px\">Hajime Umemiya<\/td>\n<td style=\"border-bottom:1px solid #000000; border-left:1px solid #000000; border-right:1px solid #000000; border-top:1px solid #000000; vertical-align:top; width:130px\">N \/ A<\/td>\n<td style=\"border-bottom:1px solid #000000; border-left:1px solid #000000; border-right:1px solid #000000; border-top:1px solid #000000; vertical-align:top; width:143px\">188 cm\/6&#039;2<\/td>\n<td style=\"border-bottom:1px solid #000000; border-left:1px solid #000000; border-right:1px solid #000000; border-top:1px solid #000000; vertical-align:top; width:141px\">1 de febrero<\/td>\n<\/tr>\n<tr>\n<td style=\"border-bottom:1px solid #000000; border-left:1px solid #000000; border-right:1px solid #000000; border-top:1px solid #000000; vertical-align:top; width:210px\">harukasakura<\/td>\n<td style=\"border-bottom:1px solid #000000; border-left:1px solid #000000; border-right:1px solid #000000; border-top:1px solid #000000; vertical-align:top; width:130px\">15<\/td>\n<td style=\"border-bottom:1px solid #000000; border-left:1px solid #000000; border-right:1px solid #000000; border-top:1px solid #000000; vertical-align:top; width:143px\">169 cm\/5&#039;6<\/td>\n<td style=\"border-bottom:1px solid #000000; border-left:1px solid #000000; border-right:1px solid #000000; border-top:1px solid #000000; vertical-align:top; width:141px\">1 de abril<\/td>\n<\/tr>\n<\/tbody>\n<\/table>\n<p><!-- Repeatable debug data: {\"injection\":\"before\",\"adPosition\":1,\"startingPoint\":0,\"skipEvery\":null,\"nbrPlacementFilledEachSkip\":1,\"nbrPlacementsScanned\":1,\"ruleCount\":900,\"degradationStartingPoint\":1,\"stopAds\":null,\"isEarlyInjection\":false,\"actualCount\":1594} --><!-- Zone: character count repeatable. --><!-- Repeatable debug data: {\"injection\":\"after\",\"adPosition\":2,\"startingPoint\":0,\"skipEvery\":null,\"nbrPlacementFilledEachSkip\":2,\"nbrPlacementsScanned\":1,\"ruleCount\":900,\"degradationStartingPoint\":1,\"stopAds\":null,\"isEarlyInjection\":false,\"actualCount\":0} --><br \/>\n<!-- Repeatable debug data: {\"isEarlyInjection\":false,\"currentRuleCount\":900,\"actualCount\":0,\"hasActualCountMetThreshold\":null,\"countRemainingForInjection\":null,\"nextBlockCount\":null,\"hasCountRemainingForInjectionMetThreshold\":null} --><\/div>\n<p><!-- No repeatable ad for zone: character count repeatable. --><!-- Repeatable debug data: {\"injection\":\"none\",\"adPosition\":2,\"startingPoint\":0,\"skipEvery\":null,\"nbrPlacementFilledEachSkip\":2,\"nbrPlacementsScanned\":2,\"ruleCount\":900,\"degradationStartingPoint\":1,\"stopAds\":null,\"actualCount\":0} --><br \/>\n<!-- No winning ad found for zone: native in content! --><\/p>\n<h2 id=\"kyotaro-sugishita\">  Kyotaro Sugishita <\/h2>\n<h3 id=\"vaisravana-unit-member\">  Miembro de la Unidad Vaisravana <\/h3>\n<div class=\"body-img landscape mobile-optimized\">\n<div class=\"responsive-img image-expandable img-article-item\" style=\":50%\" data-img-url=\"http:\/\/animangeek.com\/wp-content\/uploads\/sites\/106\/2024\/05\/1716024180_32_Idade-altura-e-aniversario-de-cada-personagem-principal.jpg\" data-modal-id=\"single-image-modal\" data-modal-container-id=\"single-image-modal-container\" data-img-caption=\"&quot;&quot;\">\n<figure><picture><source media=\"(min-width: 1024px)\" data- \/><source media=\"(min-width: 768px)\" data- \/><source media=\"(min-width: 481px)\" data- \/><source media=\"(min-width: 0px)\" data- \/><img width=\"2000\" height=\"1000\" loading=\"lazy\" decoding=\"async\" alt=\"Kyotaro Sugishita\" src=\"http:\/\/animangeek.com\/wp-content\/uploads\/sites\/106\/2024\/05\/1716024180_32_Idade-altura-e-aniversario-de-cada-personagem-principal.jpg\" style=\"display:block;height:auto;max-width:100%;\"\/> <\/picture> <\/figure>\n<\/p><\/div>\n<\/p><\/div>\n<p><!-- No repeatable ad for zone: character count repeatable. --><!-- Repeatable debug data: {\"injection\":\"none\",\"adPosition\":2,\"startingPoint\":0,\"skipEvery\":null,\"nbrPlacementFilledEachSkip\":2,\"nbrPlacementsScanned\":2,\"ruleCount\":900,\"degradationStartingPoint\":1,\"stopAds\":null,\"actualCount\":240} --><\/p>\n<p><!-- No repeatable ad for zone: character count repeatable. --><!-- Repeatable debug data: {\"injection\":\"none\",\"adPosition\":2,\"startingPoint\":0,\"skipEvery\":null,\"nbrPlacementFilledEachSkip\":2,\"nbrPlacementsScanned\":2,\"ruleCount\":900,\"degradationStartingPoint\":1,\"stopAds\":null,\"actualCount\":259} --><\/p>\n<p>  Miembro de los Bofurin y estudiante de primer a\u00f1o de la Preparatoria Furin, Sugishita parece relativamente lento y distante al principio. Rara vez muestra inter\u00e9s por los dem\u00e1s, salvo alguna que otra falta de respeto hacia Hajime Umemiya. <\/p>\n<p><!-- No repeatable ad for zone: character count repeatable. --><!-- Repeatable debug data: {\"injection\":\"none\",\"adPosition\":2,\"startingPoint\":0,\"skipEvery\":null,\"nbrPlacementFilledEachSkip\":2,\"nbrPlacementsScanned\":2,\"ruleCount\":900,\"degradationStartingPoint\":1,\"stopAds\":null,\"actualCount\":472} --><\/p>\n<p>  Por razones desconocidas, Sugishita siente una devoci\u00f3n casi religiosa por el actual l\u00edder de Bofurin, lo que lo ha convertido en un fan\u00e1tico. Excepcionalmente alto para su edad, Sugishita no es muy interactivo, ya que apenas habla y no es particularmente expresivo, prefiriendo expresarse principalmente con los pu\u00f1os. A pesar de sus tendencias agresivas, es amable cuando la situaci\u00f3n lo requiere. <\/p>\n<p><!-- No repeatable ad for zone: character count repeatable. --><!-- Repeatable debug data: {\"injection\":\"none\",\"adPosition\":2,\"startingPoint\":0,\"skipEvery\":null,\"nbrPlacementFilledEachSkip\":2,\"nbrPlacementsScanned\":2,\"ruleCount\":900,\"degradationStartingPoint\":1,\"stopAds\":null,\"actualCount\":864} --><\/p>\n<p><!-- No repeatable ad for zone: character count repeatable. --><!-- Repeatable debug data: {\"injection\":\"none\",\"adPosition\":2,\"startingPoint\":0,\"skipEvery\":null,\"nbrPlacementFilledEachSkip\":2,\"nbrPlacementsScanned\":2,\"ruleCount\":900,\"degradationStartingPoint\":1,\"stopAds\":null,\"actualCount\":864} --><br \/>\n<!-- Repeatable debug data: {\"isEarlyInjection\":true,\"currentRuleCount\":900,\"actualCount\":864,\"hasActualCountMetThreshold\":true,\"countRemainingForInjection\":36,\"nextBlockCount\":240,\"hasCountRemainingForInjectionMetThreshold\":true,\"nextCount\":1104} --><\/p>\n<p><!-- Repeatable debug data: {\"injection\":\"before\",\"adPosition\":2,\"startingPoint\":0,\"skipEvery\":null,\"nbrPlacementFilledEachSkip\":2,\"nbrPlacementsScanned\":2,\"ruleCount\":900,\"degradationStartingPoint\":1,\"stopAds\":null,\"isEarlyInjection\":true,\"actualCount\":900} --><!-- Zone: character count repeatable. --><!-- Repeatable debug data: {\"injection\":\"after\",\"adPosition\":3,\"startingPoint\":0,\"skipEvery\":null,\"nbrPlacementFilledEachSkip\":3,\"nbrPlacementsScanned\":2,\"ruleCount\":900,\"degradationStartingPoint\":1,\"stopAds\":null,\"isEarlyInjection\":true,\"actualCount\":0} --><\/p>\n<h2 id=\"jo-togame\">  Jo Togame <\/h2>\n<h3 id=\"shishitoren-vice-leader\">  Vicepresidente <\/h3>\n<div class=\"body-img landscape mobile-optimized\">\n<div class=\"responsive-img image-expandable img-article-item\" style=\":50%\" data-img-url=\"http:\/\/animangeek.com\/wp-content\/uploads\/sites\/106\/2024\/05\/1716024180_137_Idade-altura-e-aniversario-de-cada-personagem-principal.jpg\" data-modal-id=\"single-image-modal\" data-modal-container-id=\"single-image-modal-container\" data-img-caption=\"&quot;&quot;\">\n<figure><picture><source media=\"(min-width: 1024px)\" data- \/><source media=\"(min-width: 768px)\" data- \/><source media=\"(min-width: 481px)\" data- \/><source media=\"(min-width: 0px)\" data- \/><img width=\"2000\" height=\"1000\" loading=\"lazy\" decoding=\"async\" alt=\"blus\u00e3o jo togame\" src=\"http:\/\/animangeek.com\/wp-content\/uploads\/sites\/106\/2024\/05\/1716024180_137_Idade-altura-e-aniversario-de-cada-personagem-principal.jpg\" style=\"display:block;height:auto;max-width:100%;\"\/> <\/picture> <\/figure>\n<\/p><\/div>\n<\/p><\/div>\n<p><!-- No repeatable ad for zone: character count repeatable. --><!-- Repeatable debug data: {\"injection\":\"none\",\"adPosition\":3,\"startingPoint\":0,\"skipEvery\":null,\"nbrPlacementFilledEachSkip\":3,\"nbrPlacementsScanned\":3,\"ruleCount\":900,\"degradationStartingPoint\":1,\"stopAds\":null,\"actualCount\":204} --><\/p>\n<p><!-- No repeatable ad for zone: character count repeatable. --><!-- Repeatable debug data: {\"injection\":\"none\",\"adPosition\":3,\"startingPoint\":0,\"skipEvery\":null,\"nbrPlacementFilledEachSkip\":3,\"nbrPlacementsScanned\":3,\"ruleCount\":900,\"degradationStartingPoint\":1,\"stopAds\":null,\"actualCount\":223} --><\/p>\n<p>  El segundo al mando de la escuela rival, Shishitoren, Jo Togame, al principio parece relajado y tranquilo. Sin embargo, su comportamiento se vuelve algo vol\u00e1til e impredecible. Togame desprecia a los d\u00e9biles y es arrogante y despiadado al tratar a sus subordinados, quienes no cumplen con los est\u00e1ndares que \u00e9l considera una fortaleza. <\/p>\n<p><!-- No repeatable ad for zone: character count repeatable. --><!-- Repeatable debug data: {\"injection\":\"none\",\"adPosition\":3,\"startingPoint\":0,\"skipEvery\":null,\"nbrPlacementFilledEachSkip\":3,\"nbrPlacementsScanned\":3,\"ruleCount\":900,\"degradationStartingPoint\":1,\"stopAds\":null,\"actualCount\":576} --><\/p>\n<p>  Sin embargo, su arrogancia proviene de su propia fuerza. A pesar de ser solo un estudiante de preparatoria, es un individuo temible, dotado de una fuerza f\u00edsica superior a la media, lo que lo hace considerablemente m\u00e1s fuerte que la mayor\u00eda de los estudiantes de su edad. <\/p>\n<p><!-- No repeatable ad for zone: character count repeatable. --><!-- Repeatable debug data: {\"injection\":\"none\",\"adPosition\":3,\"startingPoint\":0,\"skipEvery\":null,\"nbrPlacementFilledEachSkip\":3,\"nbrPlacementsScanned\":3,\"ruleCount\":900,\"degradationStartingPoint\":1,\"stopAds\":null,\"actualCount\":810} --><\/p>\n<p><!-- No repeatable ad for zone: character count repeatable. --><!-- Repeatable debug data: {\"injection\":\"none\",\"adPosition\":3,\"startingPoint\":0,\"skipEvery\":null,\"nbrPlacementFilledEachSkip\":3,\"nbrPlacementsScanned\":3,\"ruleCount\":900,\"degradationStartingPoint\":1,\"stopAds\":null,\"actualCount\":810} --><br \/>\n<!-- Repeatable debug data: {\"isEarlyInjection\":true,\"currentRuleCount\":900,\"actualCount\":810,\"hasActualCountMetThreshold\":true,\"countRemainingForInjection\":90,\"nextBlockCount\":240,\"hasCountRemainingForInjectionMetThreshold\":true,\"nextCount\":1050} --><\/p>\n<p><!-- Repeatable debug data: {\"injection\":\"before\",\"adPosition\":3,\"startingPoint\":0,\"skipEvery\":null,\"nbrPlacementFilledEachSkip\":3,\"nbrPlacementsScanned\":3,\"ruleCount\":900,\"degradationStartingPoint\":1,\"stopAds\":null,\"isEarlyInjection\":true,\"actualCount\":900} --><!-- Zone: character count repeatable. --><!-- Repeatable debug data: {\"injection\":\"after\",\"adPosition\":4,\"startingPoint\":0,\"skipEvery\":null,\"nbrPlacementFilledEachSkip\":4,\"nbrPlacementsScanned\":3,\"ruleCount\":900,\"degradationStartingPoint\":1,\"stopAds\":null,\"isEarlyInjection\":true,\"actualCount\":0} --><\/p>\n<h2 id=\"choji-tomiyama\">  Choji Tomiyama <\/h2>\n<h3 id=\"shishitoren-leader\">  L\u00edder Shishitoren <\/h3>\n<div class=\"body-img landscape mobile-optimized\">\n<div class=\"responsive-img image-expandable img-article-item\" style=\":50%\" data-img-url=\"http:\/\/animangeek.com\/wp-content\/uploads\/sites\/106\/2024\/05\/1716024180_900_Idade-altura-e-aniversario-de-cada-personagem-principal.jpg\" data-modal-id=\"single-image-modal\" data-modal-container-id=\"single-image-modal-container\" data-img-caption=\"&quot;&quot;\">\n<figure><picture><source media=\"(min-width: 1024px)\" data- \/><source media=\"(min-width: 768px)\" data- \/><source media=\"(min-width: 481px)\" data- \/><source media=\"(min-width: 0px)\" data- \/><img width=\"2000\" height=\"1000\" loading=\"lazy\" decoding=\"async\" alt=\"blus\u00e3o choji tomiyama\" src=\"http:\/\/animangeek.com\/wp-content\/uploads\/sites\/106\/2024\/05\/1716024180_900_Idade-altura-e-aniversario-de-cada-personagem-principal.jpg\" style=\"display:block;height:auto;max-width:100%;\"\/> <\/picture> <\/figure>\n<\/p><\/div>\n<\/p><\/div>\n<p><!-- No repeatable ad for zone: character count repeatable. --><!-- Repeatable debug data: {\"injection\":\"none\",\"adPosition\":4,\"startingPoint\":0,\"skipEvery\":null,\"nbrPlacementFilledEachSkip\":4,\"nbrPlacementsScanned\":4,\"ruleCount\":900,\"degradationStartingPoint\":1,\"stopAds\":null,\"actualCount\":150} --><\/p>\n<p><!-- No repeatable ad for zone: character count repeatable. --><!-- Repeatable debug data: {\"injection\":\"none\",\"adPosition\":4,\"startingPoint\":0,\"skipEvery\":null,\"nbrPlacementFilledEachSkip\":4,\"nbrPlacementsScanned\":4,\"ruleCount\":900,\"degradationStartingPoint\":1,\"stopAds\":null,\"actualCount\":169} --><\/p>\n<p>  El l\u00edder de la escuela rival, Shishitoren, Choji Tomiyama, parece un ni\u00f1o debido a su baja estatura. Sin embargo, tras su apariencia, se esconde un individuo retorcido con propensi\u00f3n a la violencia y las peleas, como se demuestra cuando reta a Umemiya a pelear y arma un berrinche hasta que este finalmente accede. <\/p>\n<p><!-- No repeatable ad for zone: character count repeatable. --><!-- Repeatable debug data: {\"injection\":\"none\",\"adPosition\":4,\"startingPoint\":0,\"skipEvery\":null,\"nbrPlacementFilledEachSkip\":4,\"nbrPlacementsScanned\":4,\"ruleCount\":900,\"degradationStartingPoint\":1,\"stopAds\":null,\"actualCount\":488} --><\/p>\n<div class=\"display-card article article-card small no-badge active-content\">\n<div class=\"w-img\">\n<div class=\"body-img landscape\">\n<div class=\"responsive-img img-featured-4-pin-single-size-featured-secondary\" style=\":50%\" data-img-url=\"http:\/\/animangeek.com\/wp-content\/uploads\/sites\/106\/2024\/05\/1716024180_433_Idade-altura-e-aniversario-de-cada-personagem-principal.jpg\" data-modal-id=\"single-image-modal\" data-modal-container-id=\"single-image-modal-container\" data-img-caption=\"&quot;&quot;\">\n<figure><picture><source media=\"(min-width: 1024px)\" data- \/><source media=\"(min-width: 768px)\" data- \/><source media=\"(min-width: 481px)\" data- \/><source media=\"(min-width: 0px)\" data- \/><img width=\"2000\" height=\"1000\" loading=\"lazy\" decoding=\"async\" alt=\"Imagem dividida do Android 17 se preparando para lutar contra Piccolo em Dragon Ball Z, Nnoitra sorrindo em Bleach e Shogen enfrentando seu oponente em Basilisk The Kouga Ninja Scrolls\" src=\"http:\/\/animangeek.com\/wp-content\/uploads\/sites\/106\/2024\/05\/1716024180_433_Idade-altura-e-aniversario-de-cada-personagem-principal.jpg\" style=\"display:block;height:auto;max-width:100%;\"\/> <\/picture> <\/figure>\n<\/p><\/div>\n<\/p><\/div>\n<\/p><\/div>\n<p> <span data-field=\"label\" class=\"article-card-label\">Relacionado<\/span><\/p>\n<div class=\"w-display-card-content regular article-block\">\n<h5 class=\"display-card-title\">  5 personajes de anime que aman pelear  <\/h5>\n<p class=\"display-card-excerpt\">Estos orgullosos personajes disfrutan de una buena pelea y han convertido la lucha en una forma de arte.<\/p>\n<\/p><\/div>\n<\/p><\/div>\n<p>  Aunque aparentemente inofensivo, su personalidad se oscurece ante la m\u00e1s m\u00ednima se\u00f1al de violencia. Constantemente busca oponentes m\u00e1s fuertes para poner a prueba su fuerza, rasgo que lo ha catapultado a la cima de Shishitoren. <\/p>\n<p><!-- No repeatable ad for zone: character count repeatable. --><!-- Repeatable debug data: {\"injection\":\"none\",\"adPosition\":4,\"startingPoint\":0,\"skipEvery\":null,\"nbrPlacementFilledEachSkip\":4,\"nbrPlacementsScanned\":4,\"ruleCount\":900,\"degradationStartingPoint\":1,\"stopAds\":null,\"actualCount\":688} --><\/p>\n<p><!-- No repeatable ad for zone: character count repeatable. --><!-- Repeatable debug data: {\"injection\":\"none\",\"adPosition\":4,\"startingPoint\":0,\"skipEvery\":null,\"nbrPlacementFilledEachSkip\":4,\"nbrPlacementsScanned\":4,\"ruleCount\":900,\"degradationStartingPoint\":1,\"stopAds\":null,\"actualCount\":688} --><\/p>\n<h2 id=\"akihiko-nirei\">  Akihiko Nirei <\/h2>\n<h3 id=\"vice-captain-of-the-vaisravana-unit\">  Vicecapit\u00e1n de la Unidad Vaisravana <\/h3>\n<div class=\"body-img landscape mobile-optimized\">\n<div class=\"responsive-img image-expandable img-article-item\" style=\":50%\" data-img-url=\"http:\/\/animangeek.com\/wp-content\/uploads\/sites\/106\/2024\/05\/1716024180_979_Idade-altura-e-aniversario-de-cada-personagem-principal.jpg\" data-modal-id=\"single-image-modal\" data-modal-container-id=\"single-image-modal-container\" data-img-caption=\"&quot;&quot;\">\n<figure><picture><source media=\"(min-width: 1024px)\" data- \/><source media=\"(min-width: 768px)\" data- \/><source media=\"(min-width: 481px)\" data- \/><source media=\"(min-width: 0px)\" data- \/><img width=\"2000\" height=\"1000\" loading=\"lazy\" decoding=\"async\" alt=\"corta vento akihiko nirei\" src=\"http:\/\/animangeek.com\/wp-content\/uploads\/sites\/106\/2024\/05\/1716024180_979_Idade-altura-e-aniversario-de-cada-personagem-principal.jpg\" style=\"display:block;height:auto;max-width:100%;\"\/> <\/picture> <\/figure>\n<\/p><\/div>\n<\/p><\/div>\n<p><!-- Repeatable debug data: {\"injection\":\"before\",\"adPosition\":4,\"startingPoint\":0,\"skipEvery\":null,\"nbrPlacementFilledEachSkip\":4,\"nbrPlacementsScanned\":4,\"ruleCount\":900,\"degradationStartingPoint\":1,\"stopAds\":null,\"isEarlyInjection\":false,\"actualCount\":928} --><!-- Zone: character count repeatable. --><!-- Repeatable debug data: {\"injection\":\"after\",\"adPosition\":5,\"startingPoint\":0,\"skipEvery\":null,\"nbrPlacementFilledEachSkip\":5,\"nbrPlacementsScanned\":4,\"ruleCount\":900,\"degradationStartingPoint\":1,\"stopAds\":null,\"isEarlyInjection\":false,\"actualCount\":0} --><br \/>\n<!-- Repeatable debug data: {\"isEarlyInjection\":false,\"currentRuleCount\":900,\"actualCount\":0,\"hasActualCountMetThreshold\":null,\"countRemainingForInjection\":null,\"nextBlockCount\":null,\"hasCountRemainingForInjectionMetThreshold\":null} --><\/p>\n<p><!-- No repeatable ad for zone: character count repeatable. --><!-- Repeatable debug data: {\"injection\":\"none\",\"adPosition\":5,\"startingPoint\":0,\"skipEvery\":null,\"nbrPlacementFilledEachSkip\":5,\"nbrPlacementsScanned\":5,\"ruleCount\":900,\"degradationStartingPoint\":1,\"stopAds\":null,\"actualCount\":19} --><\/p>\n<p>  Al igual que Sugishita, Akihiko Nirei es estudiante de primer a\u00f1o en la preparatoria Furin y vicecapit\u00e1n de la unidad vaisravana de Bofurin. Nirei suele ser alegre y tranquilo, pero a veces torpe por diversas razones. <\/p>\n<p><!-- No repeatable ad for zone: character count repeatable. --><!-- Repeatable debug data: {\"injection\":\"none\",\"adPosition\":5,\"startingPoint\":0,\"skipEvery\":null,\"nbrPlacementFilledEachSkip\":5,\"nbrPlacementsScanned\":5,\"ruleCount\":900,\"degradationStartingPoint\":1,\"stopAds\":null,\"actualCount\":232} --><\/p>\n<p>  A diferencia de la mayor\u00eda de los miembros de Bofurin, la fortaleza de Nirei no reside en el combate. Se asusta f\u00e1cilmente cuando se enfrenta al peligro debido a a\u00f1os de acoso escolar severo durante la secundaria. Sin embargo, Nirei posee excelentes habilidades de memorizaci\u00f3n y documentaci\u00f3n, \u00fatiles en la mayor\u00eda de las situaciones. Aparte de sus peculiaridades, Nirei es uno de los estudiantes de primer a\u00f1o m\u00e1s influyentes y tiene una estrecha relaci\u00f3n con Sakura. <\/p>\n<p><!-- No repeatable ad for zone: character count repeatable. --><!-- Repeatable debug data: {\"injection\":\"none\",\"adPosition\":5,\"startingPoint\":0,\"skipEvery\":null,\"nbrPlacementFilledEachSkip\":5,\"nbrPlacementsScanned\":5,\"ruleCount\":900,\"degradationStartingPoint\":1,\"stopAds\":null,\"actualCount\":653} --><\/p>\n<p><!-- No repeatable ad for zone: character count repeatable. --><!-- Repeatable debug data: {\"injection\":\"none\",\"adPosition\":5,\"startingPoint\":0,\"skipEvery\":null,\"nbrPlacementFilledEachSkip\":5,\"nbrPlacementsScanned\":5,\"ruleCount\":900,\"degradationStartingPoint\":1,\"stopAds\":null,\"actualCount\":653} --><\/p>\n<h2 id=\"hayato-suo\">  Hayato Suo <\/h2>\n<h3 id=\"vice-captain-of-the-vaisravana-unit\">  Vicecapit\u00e1n de la Unidad Vaisravana <\/h3>\n<div class=\"body-img landscape mobile-optimized\">\n<div class=\"responsive-img image-expandable img-article-item\" style=\":50%\" data-img-url=\"http:\/\/animangeek.com\/wp-content\/uploads\/sites\/106\/2024\/05\/1716024180_81_Idade-altura-e-aniversario-de-cada-personagem-principal.jpg\" data-modal-id=\"single-image-modal\" data-modal-container-id=\"single-image-modal-container\" data-img-caption=\"&quot;&quot;\">\n<figure><picture><source media=\"(min-width: 1024px)\" data- \/><source media=\"(min-width: 768px)\" data- \/><source media=\"(min-width: 481px)\" data- \/><source media=\"(min-width: 0px)\" data- \/><img width=\"2000\" height=\"1000\" loading=\"lazy\" decoding=\"async\" alt=\"hayato seu blus\u00e3o\" src=\"http:\/\/animangeek.com\/wp-content\/uploads\/sites\/106\/2024\/05\/1716024180_81_Idade-altura-e-aniversario-de-cada-personagem-principal.jpg\" style=\"display:block;height:auto;max-width:100%;\"\/> <\/picture> <\/figure>\n<\/p><\/div>\n<\/p><\/div>\n<p><!-- No repeatable ad for zone: character count repeatable. --><!-- Repeatable debug data: {\"injection\":\"none\",\"adPosition\":5,\"startingPoint\":0,\"skipEvery\":null,\"nbrPlacementFilledEachSkip\":5,\"nbrPlacementsScanned\":5,\"ruleCount\":900,\"degradationStartingPoint\":1,\"stopAds\":null,\"actualCount\":893} --><br \/>\n<!-- Repeatable debug data: {\"isEarlyInjection\":true,\"currentRuleCount\":900,\"actualCount\":893,\"hasActualCountMetThreshold\":true,\"countRemainingForInjection\":7,\"nextBlockCount\":19,\"hasCountRemainingForInjectionMetThreshold\":true,\"nextCount\":912} --><\/p>\n<p><!-- Repeatable debug data: {\"injection\":\"before\",\"adPosition\":5,\"startingPoint\":0,\"skipEvery\":null,\"nbrPlacementFilledEachSkip\":5,\"nbrPlacementsScanned\":5,\"ruleCount\":900,\"degradationStartingPoint\":1,\"stopAds\":null,\"isEarlyInjection\":true,\"actualCount\":900} --><!-- Zone: character count repeatable. --><!-- Repeatable debug data: {\"injection\":\"after\",\"adPosition\":6,\"startingPoint\":0,\"skipEvery\":null,\"nbrPlacementFilledEachSkip\":6,\"nbrPlacementsScanned\":5,\"ruleCount\":900,\"degradationStartingPoint\":1,\"stopAds\":null,\"isEarlyInjection\":true,\"actualCount\":0} --><\/p>\n<p><!-- No repeatable ad for zone: character count repeatable. --><!-- Repeatable debug data: {\"injection\":\"none\",\"adPosition\":6,\"startingPoint\":0,\"skipEvery\":null,\"nbrPlacementFilledEachSkip\":6,\"nbrPlacementsScanned\":6,\"ruleCount\":900,\"degradationStartingPoint\":1,\"stopAds\":null,\"actualCount\":12} --><\/p>\n<p>  Posiblemente el m\u00e1s fuerte de los de primer a\u00f1o, Hayato Suo es miembro de los Bofurin y, al igual que Nirei, vicecapit\u00e1n de la unidad Vaisravana. Distinguido por su parche, Suo siempre sonr\u00ede y se muestra tranquilo, incluso en las situaciones m\u00e1s extremas, y jam\u00e1s muestra irritaci\u00f3n ni emociones negativas, lo que lo hace a\u00fan m\u00e1s intimidante. <\/p>\n<p><!-- No repeatable ad for zone: character count repeatable. --><!-- Repeatable debug data: {\"injection\":\"none\",\"adPosition\":6,\"startingPoint\":0,\"skipEvery\":null,\"nbrPlacementFilledEachSkip\":6,\"nbrPlacementsScanned\":6,\"ruleCount\":900,\"degradationStartingPoint\":1,\"stopAds\":null,\"actualCount\":351} --><\/p>\n<p>  Con un enfoque meticuloso y sensato, Suo analiza las situaciones con ojo cr\u00edtico y responde en consecuencia. Si bien puede parecer reacio a la violencia, su dominio de las artes marciales mixtas le confiere credibilidad a su fuerza general. <\/p>\n<p><!-- No repeatable ad for zone: character count repeatable. --><!-- Repeatable debug data: {\"injection\":\"none\",\"adPosition\":6,\"startingPoint\":0,\"skipEvery\":null,\"nbrPlacementFilledEachSkip\":6,\"nbrPlacementsScanned\":6,\"ruleCount\":900,\"degradationStartingPoint\":1,\"stopAds\":null,\"actualCount\":569} --><\/p>\n<p><!-- No repeatable ad for zone: character count repeatable. --><!-- Repeatable debug data: {\"injection\":\"none\",\"adPosition\":6,\"startingPoint\":0,\"skipEvery\":null,\"nbrPlacementFilledEachSkip\":6,\"nbrPlacementsScanned\":6,\"ruleCount\":900,\"degradationStartingPoint\":1,\"stopAds\":null,\"actualCount\":569} --><\/p>\n<h2 id=\"toma-hiragi\">  Toma Hiragi <\/h2>\n<h3 id=\"vaisravana-unit-leader\">  L\u00edder de la Unidad Vaisravana <\/h3>\n<div class=\"body-img landscape mobile-optimized\">\n<div class=\"responsive-img image-expandable img-article-item\" style=\":50%\" data-img-url=\"http:\/\/animangeek.com\/wp-content\/uploads\/sites\/106\/2024\/05\/1716024180_485_Idade-altura-e-aniversario-de-cada-personagem-principal.jpg\" data-modal-id=\"single-image-modal\" data-modal-container-id=\"single-image-modal-container\" data-img-caption=\"&quot;&quot;\">\n<figure><picture><source media=\"(min-width: 1024px)\" data- \/><source media=\"(min-width: 768px)\" data- \/><source media=\"(min-width: 481px)\" data- \/><source media=\"(min-width: 0px)\" data- \/><img width=\"1800\" height=\"900\" loading=\"lazy\" decoding=\"async\" alt=\"Wind-Breaker-Quatro-Heavenly-General-Hiragi\" src=\"http:\/\/animangeek.com\/wp-content\/uploads\/sites\/106\/2024\/05\/1716024180_485_Idade-altura-e-aniversario-de-cada-personagem-principal.jpg\" style=\"display:block;height:auto;max-width:100%;\"\/> <\/picture> <\/figure>\n<\/p><\/div>\n<\/p><\/div>\n<p><!-- No repeatable ad for zone: character count repeatable. --><!-- Repeatable debug data: {\"injection\":\"none\",\"adPosition\":6,\"startingPoint\":0,\"skipEvery\":null,\"nbrPlacementFilledEachSkip\":6,\"nbrPlacementsScanned\":6,\"ruleCount\":900,\"degradationStartingPoint\":1,\"stopAds\":null,\"actualCount\":809} --><\/p>\n<p><!-- No repeatable ad for zone: character count repeatable. --><!-- Repeatable debug data: {\"injection\":\"none\",\"adPosition\":6,\"startingPoint\":0,\"skipEvery\":null,\"nbrPlacementFilledEachSkip\":6,\"nbrPlacementsScanned\":6,\"ruleCount\":900,\"degradationStartingPoint\":1,\"stopAds\":null,\"actualCount\":828} --><br \/>\n<!-- Repeatable debug data: {\"isEarlyInjection\":true,\"currentRuleCount\":900,\"actualCount\":828,\"hasActualCountMetThreshold\":true,\"countRemainingForInjection\":72,\"nextBlockCount\":251,\"hasCountRemainingForInjectionMetThreshold\":true,\"nextCount\":1079} --><\/p>\n<p><!-- Repeatable debug data: {\"injection\":\"before\",\"adPosition\":6,\"startingPoint\":0,\"skipEvery\":null,\"nbrPlacementFilledEachSkip\":6,\"nbrPlacementsScanned\":6,\"ruleCount\":900,\"degradationStartingPoint\":1,\"stopAds\":null,\"isEarlyInjection\":true,\"actualCount\":900} --><!-- Zone: character count repeatable. --><!-- Repeatable debug data: {\"injection\":\"after\",\"adPosition\":7,\"startingPoint\":0,\"skipEvery\":null,\"nbrPlacementFilledEachSkip\":7,\"nbrPlacementsScanned\":6,\"ruleCount\":900,\"degradationStartingPoint\":1,\"stopAds\":null,\"isEarlyInjection\":true,\"actualCount\":0} --><\/p>\n<p>  Toma Hiragi, estudiante de tercer a\u00f1o de la preparatoria Furin, es uno de los cuatro Reyes Celestiales de Bofurin y comandante de la unidad Vaisravana. Conocido por su cabello corto y puntiagudo, Hiragi suele molestarse o estresarse por los conflictos en los que se ve involucrado Bofurin. <\/p>\n<p><!-- No repeatable ad for zone: character count repeatable. --><!-- Repeatable debug data: {\"injection\":\"none\",\"adPosition\":7,\"startingPoint\":0,\"skipEvery\":null,\"nbrPlacementFilledEachSkip\":7,\"nbrPlacementsScanned\":7,\"ruleCount\":900,\"degradationStartingPoint\":1,\"stopAds\":null,\"actualCount\":179} --><\/p>\n<p>  M\u00e1s all\u00e1 del conflicto, Hiragi tambi\u00e9n toma constantemente medicamentos para dolores de est\u00f3mago constantes, que comenzaron en su primer a\u00f1o de preparatoria. Hiragi suele mostrarse imprudente al frente de peleas y batallas entre pandillas. Sin embargo, tambi\u00e9n se muestra tranquilo y sensato en momentos cr\u00edticos, especialmente cuando se trata de su liderazgo. <\/p>\n<p><!-- No repeatable ad for zone: character count repeatable. --><!-- Repeatable debug data: {\"injection\":\"none\",\"adPosition\":7,\"startingPoint\":0,\"skipEvery\":null,\"nbrPlacementFilledEachSkip\":7,\"nbrPlacementsScanned\":7,\"ruleCount\":900,\"degradationStartingPoint\":1,\"stopAds\":null,\"actualCount\":522} --><\/p>\n<p><!-- No repeatable ad for zone: character count repeatable. --><!-- Repeatable debug data: {\"injection\":\"none\",\"adPosition\":7,\"startingPoint\":0,\"skipEvery\":null,\"nbrPlacementFilledEachSkip\":7,\"nbrPlacementsScanned\":7,\"ruleCount\":900,\"degradationStartingPoint\":1,\"stopAds\":null,\"actualCount\":522} --><\/p>\n<h2 id=\"kotoha-tachibana\">  Kotoha Tachibana <\/h2>\n<h3 id=\"waitress\">  Camarera <\/h3>\n<div class=\"body-img landscape mobile-optimized\">\n<div class=\"responsive-img image-expandable img-article-item\" style=\":50%\" data-img-url=\"http:\/\/animangeek.com\/wp-content\/uploads\/sites\/106\/2024\/05\/1716024180_204_Idade-altura-e-aniversario-de-cada-personagem-principal.jpg\" data-modal-id=\"single-image-modal\" data-modal-container-id=\"single-image-modal-container\" data-img-caption=\"&quot;&quot;\">\n<figure><picture><source media=\"(min-width: 1024px)\" data- \/><source media=\"(min-width: 768px)\" data- \/><source media=\"(min-width: 481px)\" data- \/><source media=\"(min-width: 0px)\" data- \/><img width=\"2000\" height=\"1000\" loading=\"lazy\" decoding=\"async\" alt=\"Kotoha Tachibana \" src=\"http:\/\/animangeek.com\/wp-content\/uploads\/sites\/106\/2024\/05\/1716024180_204_Idade-altura-e-aniversario-de-cada-personagem-principal.jpg\" style=\"display:block;height:auto;max-width:100%;\"\/> <\/picture> <\/figure>\n<\/p><\/div>\n<\/p><\/div>\n<p><!-- No repeatable ad for zone: character count repeatable. --><!-- Repeatable debug data: {\"injection\":\"none\",\"adPosition\":7,\"startingPoint\":0,\"skipEvery\":null,\"nbrPlacementFilledEachSkip\":7,\"nbrPlacementsScanned\":7,\"ruleCount\":900,\"degradationStartingPoint\":1,\"stopAds\":null,\"actualCount\":762} --><\/p>\n<p><!-- No repeatable ad for zone: character count repeatable. --><!-- Repeatable debug data: {\"injection\":\"none\",\"adPosition\":7,\"startingPoint\":0,\"skipEvery\":null,\"nbrPlacementFilledEachSkip\":7,\"nbrPlacementsScanned\":7,\"ruleCount\":900,\"degradationStartingPoint\":1,\"stopAds\":null,\"actualCount\":781} --><\/p>\n<p>  La hermana adoptiva del jefe de Bofurin, Kotoha Tachibana, tambi\u00e9n es camarera en el Caf\u00e9 Pothos. A diferencia de su hermano adoptivo, Kotoha no es estudiante y se opone a la violencia, aunque apoya firmemente a Umemiya. <\/p>\n<p><!-- Repeatable debug data: {\"injection\":\"before\",\"adPosition\":7,\"startingPoint\":0,\"skipEvery\":null,\"nbrPlacementFilledEachSkip\":7,\"nbrPlacementsScanned\":7,\"ruleCount\":900,\"degradationStartingPoint\":1,\"stopAds\":null,\"isEarlyInjection\":false,\"actualCount\":1014} --><!-- Zone: character count repeatable. --><!-- Repeatable debug data: {\"injection\":\"after\",\"adPosition\":8,\"startingPoint\":0,\"skipEvery\":null,\"nbrPlacementFilledEachSkip\":8,\"nbrPlacementsScanned\":7,\"ruleCount\":900,\"degradationStartingPoint\":1,\"stopAds\":null,\"isEarlyInjection\":false,\"actualCount\":0} --><br \/>\n<!-- Repeatable debug data: {\"isEarlyInjection\":false,\"currentRuleCount\":900,\"actualCount\":0,\"hasActualCountMetThreshold\":null,\"countRemainingForInjection\":null,\"nextBlockCount\":null,\"hasCountRemainingForInjectionMetThreshold\":null} --><\/p>\n<div class=\"display-card article article-card small no-badge active-content\">\n<div class=\"w-img\">\n<div class=\"body-img landscape\">\n<div class=\"responsive-img img-featured-4-pin-single-size-featured-secondary\" style=\":50%\" data-img-url=\"http:\/\/animangeek.com\/wp-content\/uploads\/sites\/106\/2024\/05\/1716024180_394_Idade-altura-e-aniversario-de-cada-personagem-principal.jpg\" data-modal-id=\"single-image-modal\" data-modal-container-id=\"single-image-modal-container\" data-img-caption=\"&quot;&quot;\">\n<figure><picture><source media=\"(min-width: 1024px)\" data- \/><source media=\"(min-width: 768px)\" data- \/><source media=\"(min-width: 481px)\" data- \/><source media=\"(min-width: 0px)\" data- \/><img width=\"1800\" height=\"900\" loading=\"lazy\" decoding=\"async\" alt=\"As 18 irm\u00e3s de anime mais ador\u00e1veis, classificadas em 1\" src=\"http:\/\/animangeek.com\/wp-content\/uploads\/sites\/106\/2024\/05\/1716024180_394_Idade-altura-e-aniversario-de-cada-personagem-principal.jpg\" style=\"display:block;height:auto;max-width:100%;\"\/> <\/picture> <\/figure>\n<\/p><\/div>\n<\/p><\/div>\n<\/p><\/div>\n<p> <span data-field=\"label\" class=\"article-card-label\">Relacionado<\/span><\/p>\n<div class=\"w-display-card-content regular article-block\">\n<h5 class=\"display-card-title\">  Las 18 hermanas m\u00e1s adorables del anime, clasificadas  <\/h5>\n<p class=\"display-card-excerpt\">Estas hermanas del anime son absolutamente lo mejor que el medio tiene para ofrecer y son algunas de las hermanas m\u00e1s lindas del mundo.<\/p>\n<\/p><\/div>\n<\/p><\/div>\n<p>  De voz suave y gentil, Kotoha es la primera en simpatizar con Sakura, notando el brillo y la distinci\u00f3n de sus ojos. Tambi\u00e9n se muestra firme y amable en su trato con Sakura, su hermano y Nirei, a la vez que mantiene una relaci\u00f3n respetuosa con los miembros mayores de la comunidad Furin. <\/p>\n<p><!-- No repeatable ad for zone: character count repeatable. --><!-- Repeatable debug data: {\"injection\":\"none\",\"adPosition\":8,\"startingPoint\":0,\"skipEvery\":null,\"nbrPlacementFilledEachSkip\":8,\"nbrPlacementsScanned\":8,\"ruleCount\":900,\"degradationStartingPoint\":1,\"stopAds\":null,\"actualCount\":312} --><\/p>\n<p><!-- No repeatable ad for zone: character count repeatable. --><!-- Repeatable debug data: {\"injection\":\"none\",\"adPosition\":8,\"startingPoint\":0,\"skipEvery\":null,\"nbrPlacementFilledEachSkip\":8,\"nbrPlacementsScanned\":8,\"ruleCount\":900,\"degradationStartingPoint\":1,\"stopAds\":null,\"actualCount\":312} --><\/p>\n<h2 id=\"hajime-umemiya\">  Hajime Umemiya <\/h2>\n<h3 id=\"bofurin-leader\">  L\u00edder Bofurin <\/h3>\n<div class=\"body-img landscape mobile-optimized\">\n<div class=\"responsive-img image-expandable img-article-item\" style=\":50%\" data-img-url=\"http:\/\/animangeek.com\/wp-content\/uploads\/sites\/106\/2024\/05\/1716024180_932_Idade-altura-e-aniversario-de-cada-personagem-principal.jpg\" data-modal-id=\"single-image-modal\" data-modal-container-id=\"single-image-modal-container\" data-img-caption=\"&quot;&quot;\">\n<figure><picture><source media=\"(min-width: 1024px)\" data- \/><source media=\"(min-width: 768px)\" data- \/><source media=\"(min-width: 481px)\" data- \/><source media=\"(min-width: 0px)\" data- \/><img width=\"2200\" height=\"1100\" loading=\"lazy\" decoding=\"async\" alt=\"quebra-vento epis\u00f3dio 4 umemiya segurando plantas\" src=\"http:\/\/animangeek.com\/wp-content\/uploads\/sites\/106\/2024\/05\/1716024180_932_Idade-altura-e-aniversario-de-cada-personagem-principal.jpg\" style=\"display:block;height:auto;max-width:100%;\"\/> <\/picture> <\/figure>\n<\/p><\/div>\n<\/p><\/div>\n<p><!-- No repeatable ad for zone: character count repeatable. --><!-- Repeatable debug data: {\"injection\":\"none\",\"adPosition\":8,\"startingPoint\":0,\"skipEvery\":null,\"nbrPlacementFilledEachSkip\":8,\"nbrPlacementsScanned\":8,\"ruleCount\":900,\"degradationStartingPoint\":1,\"stopAds\":null,\"actualCount\":552} --><\/p>\n<p><!-- No repeatable ad for zone: character count repeatable. --><!-- Repeatable debug data: {\"injection\":\"none\",\"adPosition\":8,\"startingPoint\":0,\"skipEvery\":null,\"nbrPlacementFilledEachSkip\":8,\"nbrPlacementsScanned\":8,\"ruleCount\":900,\"degradationStartingPoint\":1,\"stopAds\":null,\"actualCount\":571} --><\/p>\n<p>  Hajime Umemiya, estudiante de tercer a\u00f1o, es el l\u00edder de Bofurin y la Preparatoria Furin. Conocido por su cabello y ojos grises, Umemiya luce c\u00e1lido y amigable, y posee un carisma contagioso que impregna a todos los miembros de Bofurin. Si bien su actitud amistosa puede ser demasiado caracter\u00edstica, ocurre lo contrario cuando se ve involucrado en una pelea, hasta el punto de que la disparidad puede resultar impactante incluso para sus subordinados. <\/p>\n<p><!-- Repeatable debug data: {\"injection\":\"before\",\"adPosition\":8,\"startingPoint\":0,\"skipEvery\":null,\"nbrPlacementFilledEachSkip\":8,\"nbrPlacementsScanned\":8,\"ruleCount\":900,\"degradationStartingPoint\":1,\"stopAds\":null,\"isEarlyInjection\":false,\"actualCount\":1014} --><!-- Zone: character count repeatable. --><!-- Repeatable debug data: {\"injection\":\"after\",\"adPosition\":9,\"startingPoint\":0,\"skipEvery\":null,\"nbrPlacementFilledEachSkip\":9,\"nbrPlacementsScanned\":8,\"ruleCount\":900,\"degradationStartingPoint\":1,\"stopAds\":null,\"isEarlyInjection\":false,\"actualCount\":0} --><br \/>\n<!-- Repeatable debug data: {\"isEarlyInjection\":false,\"currentRuleCount\":900,\"actualCount\":0,\"hasActualCountMetThreshold\":null,\"countRemainingForInjection\":null,\"nextBlockCount\":null,\"hasCountRemainingForInjectionMetThreshold\":null} --><\/p>\n<p>  Gracias a su labor en la comunidad Furin, goza de un gran respeto y cari\u00f1o por parte de los miembros de la comunidad, lo que se extiende a Bofurin en general. Si bien Umemiya puede parecer demasiado simplista en sus interacciones, tambi\u00e9n est\u00e1 profundamente comprometido con el bienestar de todos sus subordinados y, por extensi\u00f3n, de la comunidad Furin. <\/p>\n<p><!-- No repeatable ad for zone: character count repeatable. --><!-- Repeatable debug data: {\"injection\":\"none\",\"adPosition\":9,\"startingPoint\":0,\"skipEvery\":null,\"nbrPlacementFilledEachSkip\":9,\"nbrPlacementsScanned\":9,\"ruleCount\":900,\"degradationStartingPoint\":1,\"stopAds\":null,\"actualCount\":298} --><\/p>\n<p><!-- No repeatable ad for zone: character count repeatable. --><!-- Repeatable debug data: {\"injection\":\"none\",\"adPosition\":9,\"startingPoint\":0,\"skipEvery\":null,\"nbrPlacementFilledEachSkip\":9,\"nbrPlacementsScanned\":9,\"ruleCount\":900,\"degradationStartingPoint\":1,\"stopAds\":null,\"actualCount\":298} --><\/p>\n<h2 id=\"haruka-sakura\">  harukasakura <\/h2>\n<h3 id=\"captain-of-the-vaisravan-unit\">  Capit\u00e1n de la unidad Vaisravan <\/h3>\n<div class=\"body-img landscape mobile-optimized\">\n<div class=\"responsive-img image-expandable img-article-item\" style=\":50%\" data-img-url=\"http:\/\/animangeek.com\/wp-content\/uploads\/sites\/106\/2024\/05\/1716024180_336_Idade-altura-e-aniversario-de-cada-personagem-principal.jpg\" data-modal-id=\"single-image-modal\" data-modal-container-id=\"single-image-modal-container\" data-img-caption=\"&quot;&quot;\">\n<figure><picture><source media=\"(min-width: 1024px)\" data- \/><source media=\"(min-width: 768px)\" data- \/><source media=\"(min-width: 481px)\" data- \/><source media=\"(min-width: 0px)\" data- \/><img width=\"2000\" height=\"1000\" loading=\"lazy\" decoding=\"async\" alt=\"haruka sakura blus\u00e3o anime\" src=\"http:\/\/animangeek.com\/wp-content\/uploads\/sites\/106\/2024\/05\/1716024180_336_Idade-altura-e-aniversario-de-cada-personagem-principal.jpg\" style=\"display:block;height:auto;max-width:100%;\"\/> <\/picture> <\/figure>\n<\/p><\/div>\n<\/p><\/div>\n<p><!-- No repeatable ad for zone: character count repeatable. --><!-- Repeatable debug data: {\"injection\":\"none\",\"adPosition\":9,\"startingPoint\":0,\"skipEvery\":null,\"nbrPlacementFilledEachSkip\":9,\"nbrPlacementsScanned\":9,\"ruleCount\":900,\"degradationStartingPoint\":1,\"stopAds\":null,\"actualCount\":538} --><\/p>\n<p><!-- No repeatable ad for zone: character count repeatable. --><!-- Repeatable debug data: {\"injection\":\"none\",\"adPosition\":9,\"startingPoint\":0,\"skipEvery\":null,\"nbrPlacementFilledEachSkip\":9,\"nbrPlacementsScanned\":9,\"ruleCount\":900,\"degradationStartingPoint\":1,\"stopAds\":null,\"actualCount\":557} --><\/p>\n<p>  La protagonista de la serie, Haruka Sakura, es estudiante de primer a\u00f1o en la preparatoria Furin y capitana de la unidad Vaisravana de primer a\u00f1o. Tras ser criticada repetidamente por su apariencia f\u00edsica, Sakura finalmente acepta la personalidad delincuente que se le ha proyectado y se muda a Furin para establecerse en Bofurin. <\/p>\n<p><!-- No repeatable ad for zone: character count repeatable. --><!-- Repeatable debug data: {\"injection\":\"none\",\"adPosition\":9,\"startingPoint\":0,\"skipEvery\":null,\"nbrPlacementFilledEachSkip\":9,\"nbrPlacementsScanned\":9,\"ruleCount\":900,\"degradationStartingPoint\":1,\"stopAds\":null,\"actualCount\":865} --><br \/>\n<!-- Repeatable debug data: {\"isEarlyInjection\":true,\"currentRuleCount\":900,\"actualCount\":865,\"hasActualCountMetThreshold\":true,\"countRemainingForInjection\":35,\"nextBlockCount\":474,\"hasCountRemainingForInjectionMetThreshold\":true,\"nextCount\":1339} --><\/p>\n<p><!-- Repeatable debug data: {\"injection\":\"before\",\"adPosition\":9,\"startingPoint\":0,\"skipEvery\":null,\"nbrPlacementFilledEachSkip\":9,\"nbrPlacementsScanned\":9,\"ruleCount\":900,\"degradationStartingPoint\":1,\"stopAds\":null,\"isEarlyInjection\":true,\"actualCount\":900} --><!-- Zone: character count repeatable. --><!-- Repeatable debug data: {\"injection\":\"after\",\"adPosition\":10,\"startingPoint\":0,\"skipEvery\":null,\"nbrPlacementFilledEachSkip\":10,\"nbrPlacementsScanned\":9,\"ruleCount\":900,\"degradationStartingPoint\":1,\"stopAds\":null,\"isEarlyInjection\":true,\"actualCount\":0} --><\/p>\n<p>  Inusualmente perspicaz y reaccionario, Sakura es dolorosamente consciente de c\u00f3mo lo perciben los dem\u00e1s, lo que resulta en sus tendencias violentas. Sin embargo, a pesar de su f\u00e1cil disposici\u00f3n a la violencia, Sakura se aferra estrictamente a su moral. Se siente inc\u00f3modo al recibir amabilidad y no soporta la gratitud. Su objetivo inicial para Furin adquiere una nueva forma cuando descubre que Bofurin usa su fuerza para proteger la ciudad, un rasgo que se alinea con su moral egoc\u00e9ntrica. <\/p>\n<p><!-- No repeatable ad for zone: character count repeatable. --><!-- Repeatable debug data: {\"injection\":\"none\",\"adPosition\":10,\"startingPoint\":0,\"skipEvery\":null,\"nbrPlacementFilledEachSkip\":10,\"nbrPlacementsScanned\":10,\"ruleCount\":900,\"degradationStartingPoint\":1,\"stopAds\":null,\"actualCount\":439} --><\/p>\n<div class=\"display-card article article-card small no-badge active-content\">\n<div class=\"w-img\">\n<div class=\"body-img landscape\">\n<div class=\"responsive-img img-featured-4-pin-single-size-featured-secondary\" style=\":50%\" data-img-url=\"http:\/\/animangeek.com\/wp-content\/uploads\/sites\/106\/2024\/05\/best-spring-2024-anime-wind-breaker-laid-back-camp-spice-and-wolf.jpg\" data-modal-id=\"single-image-modal\" data-modal-container-id=\"single-image-modal-container\" data-img-caption=\"&quot;&quot;\">\n<figure><picture><source media=\"(min-width: 1024px)\" data- \/><source media=\"(min-width: 768px)\" data- \/><source media=\"(min-width: 481px)\" data- \/><source media=\"(min-width: 0px)\" data- \/><img width=\"1800\" height=\"900\" loading=\"lazy\" decoding=\"async\" alt=\"melhor quebra-vento de anime da primavera de 2024, acampamento descontra\u00eddo, especiarias e lobo\" src=\"http:\/\/animangeek.com\/wp-content\/uploads\/sites\/106\/2024\/05\/best-spring-2024-anime-wind-breaker-laid-back-camp-spice-and-wolf.jpg\" style=\"display:block;height:auto;max-width:100%;\"\/> <\/picture> <\/figure>\n<\/p><\/div>\n<\/p><\/div>\n<\/p><\/div>\n<p> <span data-field=\"label\" class=\"article-card-label\">M\u00e1s<\/span><\/p>\n<div class=\"w-display-card-content regular article-block\">\n<h5 class=\"display-card-title\">  Los mejores animes de primavera de 2024 para ver, clasificados  <\/h5>\n<p class=\"display-card-excerpt\">KonoSuba, Demon Slayer, Kaiju No. 8, Laid-Back Camp y My Hero Academia competir\u00e1n para determinar el mejor anime de la temporada de primavera de 2024.<\/p>\n<\/p><\/div>\n<\/p><\/div>\n<\/div>\n<p>\n<\/div>","protected":false},"excerpt":{"rendered":"<p>Aspectos destacados: Wind Breaker gira en torno a la lucha de la protagonista, Haruka Sakura, con las normas sociales y la autoaceptaci\u00f3n a trav\u00e9s de las din\u00e1micas de la escuela secundaria. Personajes como Sugishita, Togame, Tomiyama, Nirei, Suo, Hiragi, Tachibana y Umemiya desempe\u00f1an papeles fundamentales en la trama. El viaje de autodescubrimiento y alineamiento moral de Sakura se desarrolla en el contexto de\u2026 <a class=\"more-link\" href=\"https:\/\/animangeek.com\/es_es\/idade-altura-e-aniversario-de-cada-personagem-principal\/\">Sigue leyendo <span class=\"screen-reader-text\">Edad, altura y cumplea\u00f1os de cada personaje principal.<\/span><\/a><\/p>","protected":false},"author":0,"featured_media":11448,"comment_status":"open","ping_status":"open","sticky":false,"template":"","format":"standard","meta":{"footnotes":""},"categories":[3],"tags":[],"yoast_head":"<!-- This site is optimized with the Yoast SEO plugin v23.3 - https:\/\/yoast.com\/wordpress\/plugins\/seo\/ -->\n<title>Idade, altura e anivers\u00e1rio de cada personagem principal - Animan Geek<\/title>\n<meta name=\"robots\" content=\"index, follow, max-snippet:-1, max-image-preview:large, max-video-preview:-1\" \/>\n<link rel=\"canonical\" href=\"https:\/\/animangeek.com\/es_es\/idade-altura-e-aniversario-de-cada-personagem-principal\/\" \/>\n<meta property=\"og:locale\" content=\"es_ES\" \/>\n<meta property=\"og:type\" content=\"article\" \/>\n<meta property=\"og:title\" content=\"Idade, altura e anivers\u00e1rio de cada personagem principal - Animan Geek\" \/>\n<meta property=\"og:description\" content=\"Destaques Wind Breaker gira em torno da luta da protagonista Haruka Sakura com as normas sociais e a auto-aceita\u00e7\u00e3o atrav\u00e9s da din\u00e2mica do ensino m\u00e9dio. Personagens como Sugishita, Togame, Tomiyama, Nirei, Suo, Hiragi, Tachibana e Umemiya desempenham pap\u00e9is fundamentais na forma\u00e7\u00e3o do enredo. A jornada de autodescoberta e alinhamento moral de Sakura tendo como pano&hellip; Continue reading Idade, altura e anivers\u00e1rio de cada personagem principal\" \/>\n<meta property=\"og:url\" content=\"https:\/\/animangeek.com\/es_es\/idade-altura-e-aniversario-de-cada-personagem-principal\/\" \/>\n<meta property=\"og:site_name\" content=\"Animan Geek\" \/>\n<meta property=\"article:published_time\" content=\"2024-05-18T09:23:00+00:00\" \/>\n<meta property=\"og:image\" content=\"https:\/\/animangeek.com\/wp-content\/uploads\/sites\/106\/2024\/05\/mixcollage-17-may-2024-02-12-pm-3601.jpg\" \/>\n\t<meta property=\"og:image:width\" content=\"2000\" \/>\n\t<meta property=\"og:image:height\" content=\"1000\" \/>\n\t<meta property=\"og:image:type\" content=\"image\/jpeg\" \/>\n<meta name=\"twitter:card\" content=\"summary_large_image\" \/>\n<meta name=\"twitter:label1\" content=\"Est. reading time\" \/>\n\t<meta name=\"twitter:data1\" content=\"7 minutos\" \/>\n<script type=\"application\/ld+json\" class=\"yoast-schema-graph\">{\"@context\":\"https:\/\/schema.org\",\"@graph\":[{\"@type\":\"WebPage\",\"@id\":\"https:\/\/animangeek.com\/idade-altura-e-aniversario-de-cada-personagem-principal\/\",\"url\":\"https:\/\/animangeek.com\/idade-altura-e-aniversario-de-cada-personagem-principal\/\",\"name\":\"Idade, altura e anivers\u00e1rio de cada personagem principal - Animan Geek\",\"isPartOf\":{\"@id\":\"https:\/\/animangeek.com\/#website\"},\"primaryImageOfPage\":{\"@id\":\"https:\/\/animangeek.com\/idade-altura-e-aniversario-de-cada-personagem-principal\/#primaryimage\"},\"image\":{\"@id\":\"https:\/\/animangeek.com\/idade-altura-e-aniversario-de-cada-personagem-principal\/#primaryimage\"},\"thumbnailUrl\":\"https:\/\/animangeek.com\/wp-content\/uploads\/sites\/106\/2024\/05\/mixcollage-17-may-2024-02-12-pm-3601.jpg\",\"datePublished\":\"2024-05-18T09:23:00+00:00\",\"dateModified\":\"2024-05-18T09:23:00+00:00\",\"author\":{\"@id\":\"\"},\"breadcrumb\":{\"@id\":\"https:\/\/animangeek.com\/idade-altura-e-aniversario-de-cada-personagem-principal\/#breadcrumb\"},\"inLanguage\":\"es\",\"potentialAction\":[{\"@type\":\"ReadAction\",\"target\":[\"https:\/\/animangeek.com\/idade-altura-e-aniversario-de-cada-personagem-principal\/\"]}]},{\"@type\":\"ImageObject\",\"inLanguage\":\"es\",\"@id\":\"https:\/\/animangeek.com\/idade-altura-e-aniversario-de-cada-personagem-principal\/#primaryimage\",\"url\":\"https:\/\/animangeek.com\/wp-content\/uploads\/sites\/106\/2024\/05\/mixcollage-17-may-2024-02-12-pm-3601.jpg\",\"contentUrl\":\"https:\/\/animangeek.com\/wp-content\/uploads\/sites\/106\/2024\/05\/mixcollage-17-may-2024-02-12-pm-3601.jpg\",\"width\":2000,\"height\":1000},{\"@type\":\"BreadcrumbList\",\"@id\":\"https:\/\/animangeek.com\/idade-altura-e-aniversario-de-cada-personagem-principal\/#breadcrumb\",\"itemListElement\":[{\"@type\":\"ListItem\",\"position\":1,\"name\":\"Home\",\"item\":\"https:\/\/animangeek.com\/\"},{\"@type\":\"ListItem\",\"position\":2,\"name\":\"Idade, altura e anivers\u00e1rio de cada personagem principal\"}]},{\"@type\":\"WebSite\",\"@id\":\"https:\/\/animangeek.com\/#website\",\"url\":\"https:\/\/animangeek.com\/\",\"name\":\"Animan Geek\",\"description\":\"\",\"potentialAction\":[{\"@type\":\"SearchAction\",\"target\":{\"@type\":\"EntryPoint\",\"urlTemplate\":\"https:\/\/animangeek.com\/?s={search_term_string}\"},\"query-input\":\"required name=search_term_string\"}],\"inLanguage\":\"es\"}]}<\/script>\n<!-- \/ Yoast SEO plugin. -->","yoast_head_json":{"title":"Idade, altura e anivers\u00e1rio de cada personagem principal - Animan Geek","robots":{"index":"index","follow":"follow","max-snippet":"max-snippet:-1","max-image-preview":"max-image-preview:large","max-video-preview":"max-video-preview:-1"},"canonical":"https:\/\/animangeek.com\/es_es\/idade-altura-e-aniversario-de-cada-personagem-principal\/","og_locale":"es_ES","og_type":"article","og_title":"Idade, altura e anivers\u00e1rio de cada personagem principal - Animan Geek","og_description":"Destaques Wind Breaker gira em torno da luta da protagonista Haruka Sakura com as normas sociais e a auto-aceita\u00e7\u00e3o atrav\u00e9s da din\u00e2mica do ensino m\u00e9dio. Personagens como Sugishita, Togame, Tomiyama, Nirei, Suo, Hiragi, Tachibana e Umemiya desempenham pap\u00e9is fundamentais na forma\u00e7\u00e3o do enredo. A jornada de autodescoberta e alinhamento moral de Sakura tendo como pano&hellip; Continue reading Idade, altura e anivers\u00e1rio de cada personagem principal","og_url":"https:\/\/animangeek.com\/es_es\/idade-altura-e-aniversario-de-cada-personagem-principal\/","og_site_name":"Animan Geek","article_published_time":"2024-05-18T09:23:00+00:00","og_image":[{"width":2000,"height":1000,"url":"https:\/\/animangeek.com\/wp-content\/uploads\/sites\/106\/2024\/05\/mixcollage-17-may-2024-02-12-pm-3601.jpg","type":"image\/jpeg"}],"twitter_card":"summary_large_image","twitter_misc":{"Est. reading time":"7 minutos"},"schema":{"@context":"https:\/\/schema.org","@graph":[{"@type":"WebPage","@id":"https:\/\/animangeek.com\/idade-altura-e-aniversario-de-cada-personagem-principal\/","url":"https:\/\/animangeek.com\/idade-altura-e-aniversario-de-cada-personagem-principal\/","name":"Idade, altura e anivers\u00e1rio de cada personagem principal - Animan Geek","isPartOf":{"@id":"https:\/\/animangeek.com\/#website"},"primaryImageOfPage":{"@id":"https:\/\/animangeek.com\/idade-altura-e-aniversario-de-cada-personagem-principal\/#primaryimage"},"image":{"@id":"https:\/\/animangeek.com\/idade-altura-e-aniversario-de-cada-personagem-principal\/#primaryimage"},"thumbnailUrl":"https:\/\/animangeek.com\/wp-content\/uploads\/sites\/106\/2024\/05\/mixcollage-17-may-2024-02-12-pm-3601.jpg","datePublished":"2024-05-18T09:23:00+00:00","dateModified":"2024-05-18T09:23:00+00:00","author":{"@id":""},"breadcrumb":{"@id":"https:\/\/animangeek.com\/idade-altura-e-aniversario-de-cada-personagem-principal\/#breadcrumb"},"inLanguage":"es","potentialAction":[{"@type":"ReadAction","target":["https:\/\/animangeek.com\/idade-altura-e-aniversario-de-cada-personagem-principal\/"]}]},{"@type":"ImageObject","inLanguage":"es","@id":"https:\/\/animangeek.com\/idade-altura-e-aniversario-de-cada-personagem-principal\/#primaryimage","url":"https:\/\/animangeek.com\/wp-content\/uploads\/sites\/106\/2024\/05\/mixcollage-17-may-2024-02-12-pm-3601.jpg","contentUrl":"https:\/\/animangeek.com\/wp-content\/uploads\/sites\/106\/2024\/05\/mixcollage-17-may-2024-02-12-pm-3601.jpg","width":2000,"height":1000},{"@type":"BreadcrumbList","@id":"https:\/\/animangeek.com\/idade-altura-e-aniversario-de-cada-personagem-principal\/#breadcrumb","itemListElement":[{"@type":"ListItem","position":1,"name":"Home","item":"https:\/\/animangeek.com\/"},{"@type":"ListItem","position":2,"name":"Idade, altura e anivers\u00e1rio de cada personagem principal"}]},{"@type":"WebSite","@id":"https:\/\/animangeek.com\/#website","url":"https:\/\/animangeek.com\/","name":"Animan Geek","description":"","potentialAction":[{"@type":"SearchAction","target":{"@type":"EntryPoint","urlTemplate":"https:\/\/animangeek.com\/?s={search_term_string}"},"query-input":"required name=search_term_string"}],"inLanguage":"es"}]}},"_links":{"self":[{"href":"https:\/\/animangeek.com\/es_es\/wp-json\/wp\/v2\/posts\/11447"}],"collection":[{"href":"https:\/\/animangeek.com\/es_es\/wp-json\/wp\/v2\/posts"}],"about":[{"href":"https:\/\/animangeek.com\/es_es\/wp-json\/wp\/v2\/types\/post"}],"replies":[{"embeddable":true,"href":"https:\/\/animangeek.com\/es_es\/wp-json\/wp\/v2\/comments?post=11447"}],"version-history":[{"count":0,"href":"https:\/\/animangeek.com\/es_es\/wp-json\/wp\/v2\/posts\/11447\/revisions"}],"wp:featuredmedia":[{"embeddable":true,"href":"https:\/\/animangeek.com\/es_es\/wp-json\/wp\/v2\/media\/11448"}],"wp:attachment":[{"href":"https:\/\/animangeek.com\/es_es\/wp-json\/wp\/v2\/media?parent=11447"}],"wp:term":[{"taxonomy":"category","embeddable":true,"href":"https:\/\/animangeek.com\/es_es\/wp-json\/wp\/v2\/categories?post=11447"},{"taxonomy":"post_tag","embeddable":true,"href":"https:\/\/animangeek.com\/es_es\/wp-json\/wp\/v2\/tags?post=11447"}],"curies":[{"name":"wp","href":"https:\/\/api.w.org\/{rel}","templated":true}]}}