{"id":11460,"date":"2024-05-18T12:21:06","date_gmt":"2024-05-18T15:21:06","guid":{"rendered":"https:\/\/animangeek.com\/black-clover-uma-linha-do-tempo-completa\/"},"modified":"2024-05-18T12:21:06","modified_gmt":"2024-05-18T15:21:06","slug":"black-clover-uma-linha-do-tempo-completa","status":"publish","type":"post","link":"https:\/\/animangeek.com\/es_es\/black-clover-uma-linha-do-tempo-completa\/","title":{"rendered":"Black Clover: Una cronolog\u00eda completa"},"content":{"rendered":"<div class=\"mx-5 sm:mx-0 prose text-left mb-5\"><\/p>\n<div>\n<p> <em>Tr\u00e9bol negro<\/em> Cuenta la historia del joven hu\u00e9rfano Asta, quien aparentemente es la \u00fanica persona sin poderes m\u00e1gicos en un mundo donde todos los poseen en abundancia. A pesar de ello, aspira a convertirse en el Rey Mago y se embarca en aventuras con Yuno, un hu\u00e9rfano como \u00e9l, un prodigio con inmensos poderes m\u00e1gicos. <\/p>\n<p><!-- Repeatable debug data: {\"injection\":\"before\",\"adPosition\":0,\"startingPoint\":0,\"skipEvery\":null,\"nbrPlacementFilledEachSkip\":0,\"nbrPlacementsScanned\":0,\"ruleCount\":200,\"degradationStartingPoint\":1,\"stopAds\":null,\"isEarlyInjection\":false,\"actualCount\":318} --><!-- Zone: character count repeatable. --><!-- Repeatable debug data: {\"injection\":\"after\",\"adPosition\":1,\"startingPoint\":0,\"skipEvery\":null,\"nbrPlacementFilledEachSkip\":1,\"nbrPlacementsScanned\":0,\"ruleCount\":200,\"degradationStartingPoint\":1,\"stopAds\":null,\"isEarlyInjection\":false,\"actualCount\":0} --><br \/>\n<!-- Repeatable debug data: {\"isEarlyInjection\":false,\"currentRuleCount\":200,\"actualCount\":0,\"hasActualCountMetThreshold\":null,\"countRemainingForInjection\":null,\"nextBlockCount\":null,\"hasCountRemainingForInjectionMetThreshold\":null} --><br \/>\n<!-- No winning ad found for zone: below first paragraph! --><br \/>\n<!-- No winning ad found for zone: mid intro! --><\/p>\n<p> <em>Tr\u00e9bol negro<\/em> Es uno de los mejores animes de ritmo r\u00e1pido, repleto de acci\u00f3n y aventura, junto con una narrativa cautivadora, en el que Asta y Yuno aprenden a aprovechar sus respectivas fortalezas y derrotar a enemigos intimidantes. Desde los primeros d\u00edas, cuando Asta y Yuno recibieron sus libros de hechizos, hasta sus \u00faltimos d\u00edas como veteranos guerreros que protegen el mundo, la historia nunca se aburre. <em>Tr\u00e9bol negro<\/em>l\u00ednea de tiempo. <\/p>\n<p><!-- No repeatable ad for zone: character count repeatable. --><!-- Repeatable debug data: {\"injection\":\"none\",\"adPosition\":1,\"startingPoint\":0,\"skipEvery\":null,\"nbrPlacementFilledEachSkip\":1,\"nbrPlacementsScanned\":1,\"ruleCount\":900,\"degradationStartingPoint\":1,\"stopAds\":null,\"actualCount\":403} --><\/p>\n<div class=\"display-card article article-card small no-badge active-content\">\n<div class=\"w-img\">\n<p><span>2:07<\/span> <\/p>\n<div class=\"body-img landscape\">\n<div class=\"responsive-img img-featured-4-pin-single-size-featured-secondary\" style=\":56.25%\" data-img-url=\"http:\/\/animangeek.com\/wp-content\/uploads\/sites\/106\/2024\/05\/10-best-anime-like-black-clover-ranked-emaki.jpg\" data-modal-id=\"single-image-modal\" data-modal-container-id=\"single-image-modal-container\" data-img-caption=\"&quot;&quot;\">\n<figure><picture><source media=\"(min-width: 1024px)\" data- \/><source media=\"(min-width: 768px)\" data- \/><source media=\"(min-width: 481px)\" data- \/><source media=\"(min-width: 0px)\" data- \/><img width=\"1920\" height=\"1080\" loading=\"lazy\" decoding=\"async\" alt=\"10 melhores animes como Black Clover, classificados EMAKI\" src=\"http:\/\/animangeek.com\/wp-content\/uploads\/sites\/106\/2024\/05\/10-best-anime-like-black-clover-ranked-emaki.jpg\" style=\"display:block;height:auto;max-width:100%;\"\/> <\/picture> <\/figure>\n<\/p><\/div>\n<\/p><\/div>\n<\/p><\/div>\n<div class=\"w-display-card-content\"><span data-field=\"label\" class=\"article-card-label\">Relacionado<\/span><\/p>\n<h5 class=\"display-card-title\">  Los 10 mejores animes similares a Black Clover, clasificados  <\/h5>\n<p><span data-field=\"excerpt\" class=\"article-card-excerpt\">Black Clover comparte temas de amistad y magia con algunos t\u00edtulos de anime incre\u00edbles como One Piece, Naruto y My Hero Academia.<\/span> <\/div>\n<\/p><\/div>\n<p><!-- No repeatable ad for zone: character count repeatable. --><!-- Repeatable debug data: {\"injection\":\"none\",\"adPosition\":1,\"startingPoint\":0,\"skipEvery\":null,\"nbrPlacementFilledEachSkip\":1,\"nbrPlacementsScanned\":1,\"ruleCount\":900,\"degradationStartingPoint\":1,\"stopAds\":null,\"actualCount\":643} --><br \/>\n<!-- No winning ad found for zone: native in content! --><\/p>\n<h2 id=\"asta-and-yuno-join-the-magic-knights\">  Asta y Yuno se unen a los Caballeros M\u00e1gicos <\/h2>\n<h3 id=\"ch-1-10-manga-ep-1-13-anime\">  Cap. 1-10 (Manga), Ep. 1-13 (anime) <\/h3>\n<p><!-- No repeatable ad for zone: character count repeatable. --><!-- Repeatable debug data: {\"injection\":\"none\",\"adPosition\":1,\"startingPoint\":0,\"skipEvery\":null,\"nbrPlacementFilledEachSkip\":1,\"nbrPlacementsScanned\":1,\"ruleCount\":900,\"degradationStartingPoint\":1,\"stopAds\":null,\"actualCount\":883} --><br \/>\n<!-- Repeatable debug data: {\"isEarlyInjection\":true,\"currentRuleCount\":900,\"actualCount\":883,\"hasActualCountMetThreshold\":true,\"countRemainingForInjection\":17,\"nextBlockCount\":315,\"hasCountRemainingForInjectionMetThreshold\":true,\"nextCount\":1198} --><\/p>\n<p><!-- Repeatable debug data: {\"injection\":\"before\",\"adPosition\":1,\"startingPoint\":0,\"skipEvery\":null,\"nbrPlacementFilledEachSkip\":1,\"nbrPlacementsScanned\":1,\"ruleCount\":900,\"degradationStartingPoint\":1,\"stopAds\":null,\"isEarlyInjection\":true,\"actualCount\":900} --><!-- Zone: character count repeatable. --><!-- Repeatable debug data: {\"injection\":\"after\",\"adPosition\":2,\"startingPoint\":0,\"skipEvery\":null,\"nbrPlacementFilledEachSkip\":2,\"nbrPlacementsScanned\":1,\"ruleCount\":900,\"degradationStartingPoint\":1,\"stopAds\":null,\"isEarlyInjection\":true,\"actualCount\":0} --><\/p>\n<p>  La apertura de <em>Tr\u00e9bol negro<\/em>La historia sienta las bases de la serie, presentando a sus personajes y sus historias de fondo. Cuando Asta y Yuno cumplen 15 a\u00f1os, reciben sus grimorios. <strong>La primera parte de la historia que muestra sus intentos de unirse a la \u00e9lite de los Caballeros M\u00e1gicos.<\/strong> que protegen el Reino del Tr\u00e9bol. <\/p>\n<p><!-- No repeatable ad for zone: character count repeatable. --><!-- Repeatable debug data: {\"injection\":\"none\",\"adPosition\":2,\"startingPoint\":0,\"skipEvery\":null,\"nbrPlacementFilledEachSkip\":2,\"nbrPlacementsScanned\":2,\"ruleCount\":900,\"degradationStartingPoint\":1,\"stopAds\":null,\"actualCount\":298} --><\/p>\n<p>  Finalmente, Asta y Yuno toman caminos separados y se unen a diferentes escuadrones de Caballeros M\u00e1gicos. <strong>Yuno elige el equipo Amanecer Dorado,<\/strong> mientras <strong>Asta se une a los Black Bulls<\/strong>Aunque Asta naci\u00f3 sin magia, sigue siendo un activo valioso para su nuevo equipo, y lo demuestra en su primera misi\u00f3n juntos, asestando el golpe final a su oponente. <\/p>\n<p><!-- No repeatable ad for zone: character count repeatable. --><!-- Repeatable debug data: {\"injection\":\"none\",\"adPosition\":2,\"startingPoint\":0,\"skipEvery\":null,\"nbrPlacementFilledEachSkip\":2,\"nbrPlacementsScanned\":2,\"ruleCount\":900,\"degradationStartingPoint\":1,\"stopAds\":null,\"actualCount\":647} --><\/p>\n<p><!-- No repeatable ad for zone: character count repeatable. --><!-- Repeatable debug data: {\"injection\":\"none\",\"adPosition\":2,\"startingPoint\":0,\"skipEvery\":null,\"nbrPlacementFilledEachSkip\":2,\"nbrPlacementsScanned\":2,\"ruleCount\":900,\"degradationStartingPoint\":1,\"stopAds\":null,\"actualCount\":647} --><\/p>\n<h2 id=\"asta-and-the-black-bulls-explore-a-mysterious-dungeon\">  Asta y los Toros Negros exploran una mazmorra misteriosa <\/h2>\n<h3 id=\"ch-11-21-manga-ep-14-19-anime\">  Cap. 11-21 (Manga), Ep. 14-19 (anime) <\/h3>\n<div class=\"body-img landscape mobile-optimized\">\n<div class=\"responsive-img image-expandable img-article-item\" style=\":50%\" data-img-url=\"http:\/\/animangeek.com\/wp-content\/uploads\/sites\/106\/2024\/05\/Black-Clover---Mars-with-crystals-embedded-in-his-forehead.jpg\" data-modal-id=\"single-image-modal\" data-modal-container-id=\"single-image-modal-container\" data-img-caption=\"&quot;&quot;\">\n<figure><picture><source media=\"(min-width: 1024px)\" data- \/><source media=\"(min-width: 768px)\" data- \/><source media=\"(min-width: 481px)\" data- \/><source media=\"(min-width: 0px)\" data- \/><img width=\"1200\" height=\"600\" loading=\"lazy\" decoding=\"async\" alt=\"Marte com cristais embutidos na testa em Black Clover\" src=\"http:\/\/animangeek.com\/wp-content\/uploads\/sites\/106\/2024\/05\/Black-Clover---Mars-with-crystals-embedded-in-his-forehead.jpg\" style=\"display:block;height:auto;max-width:100%;\"\/> <\/picture> <\/figure>\n<\/p><\/div>\n<\/p><\/div>\n<p><!-- No repeatable ad for zone: character count repeatable. --><!-- Repeatable debug data: {\"injection\":\"none\",\"adPosition\":2,\"startingPoint\":0,\"skipEvery\":null,\"nbrPlacementFilledEachSkip\":2,\"nbrPlacementsScanned\":2,\"ruleCount\":900,\"degradationStartingPoint\":1,\"stopAds\":null,\"actualCount\":887} --><br \/>\n<!-- Repeatable debug data: {\"isEarlyInjection\":true,\"currentRuleCount\":900,\"actualCount\":887,\"hasActualCountMetThreshold\":true,\"countRemainingForInjection\":13,\"nextBlockCount\":240,\"hasCountRemainingForInjectionMetThreshold\":true,\"nextCount\":1127} --><\/p>\n<p><!-- Repeatable debug data: {\"injection\":\"before\",\"adPosition\":2,\"startingPoint\":0,\"skipEvery\":null,\"nbrPlacementFilledEachSkip\":2,\"nbrPlacementsScanned\":2,\"ruleCount\":900,\"degradationStartingPoint\":1,\"stopAds\":null,\"isEarlyInjection\":true,\"actualCount\":900} --><!-- Zone: character count repeatable. --><!-- Repeatable debug data: {\"injection\":\"after\",\"adPosition\":3,\"startingPoint\":0,\"skipEvery\":null,\"nbrPlacementFilledEachSkip\":3,\"nbrPlacementsScanned\":2,\"ruleCount\":900,\"degradationStartingPoint\":1,\"stopAds\":null,\"isEarlyInjection\":true,\"actualCount\":0} --><\/p>\n<div class=\"display-card article article-card small no-badge active-content\">\n<div class=\"w-img\">\n<div class=\"body-img landscape\">\n<div class=\"responsive-img img-featured-4-pin-single-size-featured-secondary\" style=\":50%\" data-img-url=\"https:\/\/animangeek.com\/wp-content\/uploads\/2024\/05\/image-collage-of-goku-tanjiro-gojo-sukuna-akaza-and-beerus.jpg\" data-modal-id=\"single-image-modal\" data-modal-container-id=\"single-image-modal-container\" data-img-caption=\"&quot;&quot;\">\n<figure><picture><source media=\"(min-width: 1024px)\" data- \/><source media=\"(min-width: 768px)\" data- \/><source media=\"(min-width: 481px)\" data- \/><source media=\"(min-width: 0px)\" data- \/><img width=\"1400\" height=\"700\" loading=\"lazy\" decoding=\"async\" alt=\"Colagem de imagens de Goku, Tanjiro, Gojo, Sukuna, Akaza e Beerus\" src=\"https:\/\/animangeek.com\/wp-content\/uploads\/2024\/05\/image-collage-of-goku-tanjiro-gojo-sukuna-akaza-and-beerus.jpg\" style=\"display:block;height:auto;max-width:100%;\"\/> <\/picture> <\/figure>\n<\/p><\/div>\n<\/p><\/div>\n<\/p><\/div>\n<div class=\"w-display-card-content\"><span data-field=\"label\" class=\"article-card-label\">Relacionado<\/span><\/p>\n<h5 class=\"display-card-title\">  10 revanchas de anime que los fans a\u00fan esperan  <\/h5>\n<p><span data-field=\"excerpt\" class=\"article-card-excerpt\">Es posible que una batalla ic\u00f3nica del anime no tenga una revancha por diversas razones, pero algunas revanchas tienen demasiado potencial como para ser ignoradas por su narrativa.<\/span> <\/div>\n<\/p><\/div>\n<p><!-- No repeatable ad for zone: character count repeatable. --><!-- Repeatable debug data: {\"injection\":\"none\",\"adPosition\":3,\"startingPoint\":0,\"skipEvery\":null,\"nbrPlacementFilledEachSkip\":3,\"nbrPlacementsScanned\":3,\"ruleCount\":900,\"degradationStartingPoint\":1,\"stopAds\":null,\"actualCount\":227} --><\/p>\n<p>  Tras su primera misi\u00f3n con el escuadr\u00f3n Toro Negro, Asta se une a sus compa\u00f1eros Luck Voltia y Noelle Silva para explorar una nueva y misteriosa mazmorra. A ellos se unen en su misi\u00f3n miembros del escuadr\u00f3n Amanecer Dorado, incluyendo a Yuno, lo que hace que...<strong>Esta es la primera vez que Asta y Yuno se conocen desde que se unieron a equipos diferentes.<\/strong>. <\/p>\n<p><!-- No repeatable ad for zone: character count repeatable. --><!-- Repeatable debug data: {\"injection\":\"none\",\"adPosition\":3,\"startingPoint\":0,\"skipEvery\":null,\"nbrPlacementFilledEachSkip\":3,\"nbrPlacementsScanned\":3,\"ruleCount\":900,\"degradationStartingPoint\":1,\"stopAds\":null,\"actualCount\":565} --><\/p>\n<p>  En la mazmorra, los j\u00f3venes magos se enfrentan a poderosos magos del Reino del Diamante, incluyendo al malvado Mars. Se desata una batalla \u00e9pica entre Asta y Mars. Tras contenerlo, el grupo se dirige a la sala del tesoro de la mazmorra, donde... <strong>Asta y Yuto descubren dos poderosos artefactos que agregan a sus grimorios.<\/strong> Antes de que la mazmorra se derrumbe. <\/p>\n<p><!-- Repeatable debug data: {\"injection\":\"before\",\"adPosition\":3,\"startingPoint\":0,\"skipEvery\":null,\"nbrPlacementFilledEachSkip\":3,\"nbrPlacementsScanned\":3,\"ruleCount\":900,\"degradationStartingPoint\":1,\"stopAds\":null,\"isEarlyInjection\":false,\"actualCount\":947} --><!-- Zone: character count repeatable. --><!-- Repeatable debug data: {\"injection\":\"after\",\"adPosition\":4,\"startingPoint\":0,\"skipEvery\":null,\"nbrPlacementFilledEachSkip\":4,\"nbrPlacementsScanned\":3,\"ruleCount\":900,\"degradationStartingPoint\":1,\"stopAds\":null,\"isEarlyInjection\":false,\"actualCount\":0} --><br \/>\n<!-- Repeatable debug data: {\"isEarlyInjection\":false,\"currentRuleCount\":900,\"actualCount\":0,\"hasActualCountMetThreshold\":null,\"countRemainingForInjection\":null,\"nextBlockCount\":null,\"hasCountRemainingForInjectionMetThreshold\":null} --><\/p>\n<p><!-- No repeatable ad for zone: character count repeatable. --><!-- Repeatable debug data: {\"injection\":\"none\",\"adPosition\":4,\"startingPoint\":0,\"skipEvery\":null,\"nbrPlacementFilledEachSkip\":4,\"nbrPlacementsScanned\":4,\"ruleCount\":900,\"degradationStartingPoint\":1,\"stopAds\":null,\"actualCount\":0} --><\/p>\n<h2 id=\"an-army-of-the-undead-invades-the-kingdom\">  Un ej\u00e9rcito de no muertos invade el reino. <\/h2>\n<h3 id=\"ch-22-37-manga-ep-20-27-anime\">  Cap. 22-37 (Manga), Ep. 20-27 (anime) <\/h3>\n<div class=\"body-img landscape mobile-optimized\">\n<div class=\"responsive-img image-expandable img-article-item\" style=\":50%\" data-img-url=\"http:\/\/animangeek.com\/wp-content\/uploads\/sites\/106\/2024\/05\/Black-Clover--Asta-And-Leo-Standing-Back-To-Back-vs-The-Eye-Of-The-Midnight-Sun.jpg\" data-modal-id=\"single-image-modal\" data-modal-container-id=\"single-image-modal-container\" data-img-caption=\"&quot;&quot;\">\n<figure><picture><source media=\"(min-width: 1024px)\" data- \/><source media=\"(min-width: 768px)\" data- \/><source media=\"(min-width: 481px)\" data- \/><source media=\"(min-width: 0px)\" data- \/><img width=\"1200\" height=\"600\" loading=\"lazy\" decoding=\"async\" alt=\"Asta e Leo em p\u00e9 de costas um para o outro lutando contra o olho do sol da meia-noite em trevo preto\" src=\"http:\/\/animangeek.com\/wp-content\/uploads\/sites\/106\/2024\/05\/Black-Clover--Asta-And-Leo-Standing-Back-To-Back-vs-The-Eye-Of-The-Midnight-Sun.jpg\" style=\"display:block;height:auto;max-width:100%;\"\/> <\/picture> <\/figure>\n<\/p><\/div>\n<\/p><\/div>\n<p><!-- No repeatable ad for zone: character count repeatable. --><!-- Repeatable debug data: {\"injection\":\"none\",\"adPosition\":4,\"startingPoint\":0,\"skipEvery\":null,\"nbrPlacementFilledEachSkip\":4,\"nbrPlacementsScanned\":4,\"ruleCount\":900,\"degradationStartingPoint\":1,\"stopAds\":null,\"actualCount\":240} --><\/p>\n<p>  Tras la exitosa incursi\u00f3n en la mazmorra, el grupo se dirige a una ceremonia de premios que r\u00e1pidamente se convierte en caos. Se desata un mot\u00edn en la Capital Real y un ej\u00e9rcito de no muertos se desata. <strong>Se produce un intento de asesinato contra Fuegoleon Vermillion.<\/strong>Miembro de una de las familias reales del Reino del Tr\u00e9bol. <\/p>\n<p><!-- No repeatable ad for zone: character count repeatable. --><!-- Repeatable debug data: {\"injection\":\"none\",\"adPosition\":4,\"startingPoint\":0,\"skipEvery\":null,\"nbrPlacementFilledEachSkip\":4,\"nbrPlacementsScanned\":4,\"ruleCount\":900,\"degradationStartingPoint\":1,\"stopAds\":null,\"actualCount\":549} --><\/p>\n<p>  Esta parte de <em>Tr\u00e9bol negro<\/em>La historia est\u00e1 llena de batallas incre\u00edbles e intensas, con Asta y Yuno luchando contra poderosos enemigos para proteger el reino. Al final, <strong>Los magos logran detener el intento de asesinato de Vermillion y capturar a los terroristas.<\/strong> lo que caus\u00f3 da\u00f1os a la ciudad. <\/p>\n<p><!-- No repeatable ad for zone: character count repeatable. --><!-- Repeatable debug data: {\"injection\":\"none\",\"adPosition\":4,\"startingPoint\":0,\"skipEvery\":null,\"nbrPlacementFilledEachSkip\":4,\"nbrPlacementsScanned\":4,\"ruleCount\":900,\"degradationStartingPoint\":1,\"stopAds\":null,\"actualCount\":851} --><\/p>\n<p><!-- No repeatable ad for zone: character count repeatable. --><!-- Repeatable debug data: {\"injection\":\"none\",\"adPosition\":4,\"startingPoint\":0,\"skipEvery\":null,\"nbrPlacementFilledEachSkip\":4,\"nbrPlacementsScanned\":4,\"ruleCount\":900,\"degradationStartingPoint\":1,\"stopAds\":null,\"actualCount\":851} --><br \/>\n<!-- Repeatable debug data: {\"isEarlyInjection\":true,\"currentRuleCount\":900,\"actualCount\":851,\"hasActualCountMetThreshold\":true,\"countRemainingForInjection\":49,\"nextBlockCount\":240,\"hasCountRemainingForInjectionMetThreshold\":true,\"nextCount\":1091} --><\/p>\n<p><!-- Repeatable debug data: {\"injection\":\"before\",\"adPosition\":4,\"startingPoint\":0,\"skipEvery\":null,\"nbrPlacementFilledEachSkip\":4,\"nbrPlacementsScanned\":4,\"ruleCount\":900,\"degradationStartingPoint\":1,\"stopAds\":null,\"isEarlyInjection\":true,\"actualCount\":900} --><!-- Zone: character count repeatable. --><!-- Repeatable debug data: {\"injection\":\"after\",\"adPosition\":5,\"startingPoint\":0,\"skipEvery\":null,\"nbrPlacementFilledEachSkip\":5,\"nbrPlacementsScanned\":4,\"ruleCount\":900,\"degradationStartingPoint\":1,\"stopAds\":null,\"isEarlyInjection\":true,\"actualCount\":0} --><\/p>\n<h2 id=\"the-eye-of-the-midnight-sun-rises\">  El ojo del sol de medianoche sale <\/h2>\n<h3 id=\"ch-38-56-manga-ep-28-39-anime\">  Cap. 38-56 (Manga), Ep. 28-39 (anime) <\/h3>\n<div class=\"body-img landscape\">\n<div class=\"responsive-img image-expandable img-article-item\" style=\":50%\" data-img-url=\"http:\/\/animangeek.com\/wp-content\/uploads\/sites\/106\/2024\/05\/Black-Clover---Asta-feeling-pumped-up.jpg\" data-modal-id=\"single-image-modal\" data-modal-container-id=\"single-image-modal-container\" data-img-caption=\"&quot;&quot;\">\n<figure><picture><source media=\"(min-width: 1024px)\" data- \/><source media=\"(min-width: 768px)\" data- \/><source media=\"(min-width: 481px)\" data- \/><source media=\"(min-width: 0px)\" data- \/><img width=\"1200\" height=\"600\" loading=\"lazy\" decoding=\"async\" alt=\"Asta se sentindo animado e cerrando os punhos em Black Clover\" src=\"http:\/\/animangeek.com\/wp-content\/uploads\/sites\/106\/2024\/05\/Black-Clover---Asta-feeling-pumped-up.jpg\" style=\"display:block;height:auto;max-width:100%;\"\/> <\/picture> <\/figure>\n<\/p><\/div>\n<\/p><\/div>\n<p><!-- No repeatable ad for zone: character count repeatable. --><!-- Repeatable debug data: {\"injection\":\"none\",\"adPosition\":5,\"startingPoint\":0,\"skipEvery\":null,\"nbrPlacementFilledEachSkip\":5,\"nbrPlacementsScanned\":5,\"ruleCount\":900,\"degradationStartingPoint\":1,\"stopAds\":null,\"actualCount\":191} --><\/p>\n<p>  Cuando unos ni\u00f1os en la ciudad de Nairn son secuestrados, se lanza una misi\u00f3n de rescate que... <strong>Las tensiones aumentan entre los magos rebeldes del Ojo del Sol de Medianoche y los Caballeros M\u00e1gicos.<\/strong>En una cueva a las afueras de Nairn, Asta y sus aliados van en busca de los ni\u00f1os y llegan justo a tiempo para salvarlos. <\/p>\n<p><!-- No repeatable ad for zone: character count repeatable. --><!-- Repeatable debug data: {\"injection\":\"none\",\"adPosition\":5,\"startingPoint\":0,\"skipEvery\":null,\"nbrPlacementFilledEachSkip\":5,\"nbrPlacementsScanned\":5,\"ruleCount\":900,\"degradationStartingPoint\":1,\"stopAds\":null,\"actualCount\":488} --><\/p>\n<p>  Tras una intensa batalla, Asta despierta en el Cuartel General de los Caballeros M\u00e1gicos y recibe el agradecimiento por su arduo trabajo al rescatar a los ni\u00f1os. Mientras tanto, <strong>Los siete capitanes de los Caballeros M\u00e1gicos est\u00e1n buscando a un traidor en sus filas.<\/strong>sin saber que Rhya \u2013 uno de los diez Ap\u00f3stoles de Sephirah y uno de los <em>Tr\u00e9bol negro<\/em>Los personajes m\u00e1s poderosos de \u2013 se esconden entre ellos. <\/p>\n<p><!-- No repeatable ad for zone: character count repeatable. --><!-- Repeatable debug data: {\"injection\":\"none\",\"adPosition\":5,\"startingPoint\":0,\"skipEvery\":null,\"nbrPlacementFilledEachSkip\":5,\"nbrPlacementsScanned\":5,\"ruleCount\":900,\"degradationStartingPoint\":1,\"stopAds\":null,\"actualCount\":856} --><\/p>\n<p><!-- No repeatable ad for zone: character count repeatable. --><!-- Repeatable debug data: {\"injection\":\"none\",\"adPosition\":5,\"startingPoint\":0,\"skipEvery\":null,\"nbrPlacementFilledEachSkip\":5,\"nbrPlacementsScanned\":5,\"ruleCount\":900,\"degradationStartingPoint\":1,\"stopAds\":null,\"actualCount\":856} --><br \/>\n<!-- Repeatable debug data: {\"isEarlyInjection\":true,\"currentRuleCount\":900,\"actualCount\":856,\"hasActualCountMetThreshold\":true,\"countRemainingForInjection\":44,\"nextBlockCount\":240,\"hasCountRemainingForInjectionMetThreshold\":true,\"nextCount\":1096} --><\/p>\n<p><!-- Repeatable debug data: {\"injection\":\"before\",\"adPosition\":5,\"startingPoint\":0,\"skipEvery\":null,\"nbrPlacementFilledEachSkip\":5,\"nbrPlacementsScanned\":5,\"ruleCount\":900,\"degradationStartingPoint\":1,\"stopAds\":null,\"isEarlyInjection\":true,\"actualCount\":900} --><!-- Zone: character count repeatable. --><!-- Repeatable debug data: {\"injection\":\"after\",\"adPosition\":6,\"startingPoint\":0,\"skipEvery\":null,\"nbrPlacementFilledEachSkip\":6,\"nbrPlacementsScanned\":5,\"ruleCount\":900,\"degradationStartingPoint\":1,\"stopAds\":null,\"isEarlyInjection\":true,\"actualCount\":0} --><\/p>\n<h2 id=\"the-hunt-for-the-magic-stones-begins\">  Comienza la b\u00fasqueda de las piedras m\u00e1gicas. <\/h2>\n<h3 id=\"ch-57-74-manga-ep-40-51-anime\">  Cap. 57-74 (Manga), Ep. 40-51 (anime) <\/h3>\n<p><!-- No repeatable ad for zone: character count repeatable. --><!-- Repeatable debug data: {\"injection\":\"none\",\"adPosition\":6,\"startingPoint\":0,\"skipEvery\":null,\"nbrPlacementFilledEachSkip\":6,\"nbrPlacementsScanned\":6,\"ruleCount\":900,\"degradationStartingPoint\":1,\"stopAds\":null,\"actualCount\":196} --><\/p>\n<p>  Despu\u00e9s de que se revel\u00f3 que el <strong>Los magos rebeldes intentan recolectar poderosas piedras m\u00e1gicas.<\/strong>Los Toros Negros reciben una misi\u00f3n especial enviada por nadie menos que el mism\u00edsimo Rey Mago, con la tarea de recuperar a uno de los suyos. <strong>Piedras especiales del Templo del Fondo Marino<\/strong>Esta \u00e1rea submarina del Reino del Tr\u00e9bol desaf\u00eda a Asta y sus aliados de nuevas maneras, con los Toros Negros enfrent\u00e1ndose entre s\u00ed en una batalla real de alto riesgo para tener la piedra en sus manos. <\/p>\n<p><!-- No repeatable ad for zone: character count repeatable. --><!-- Repeatable debug data: {\"injection\":\"none\",\"adPosition\":6,\"startingPoint\":0,\"skipEvery\":null,\"nbrPlacementFilledEachSkip\":6,\"nbrPlacementsScanned\":6,\"ruleCount\":900,\"degradationStartingPoint\":1,\"stopAds\":null,\"actualCount\":658} --><\/p>\n<p>  La mayor amenaza que enfrentan los Toros Negros es Vetto, otro de los diez Ap\u00f3stoles de Sephirah, quien tambi\u00e9n busca la piedra. Tras una serie de intensos combates contra \u00e9l, <strong>Los Black Bulls finalmente debilitaron a Vetto lo suficiente como para que su capit\u00e1n lo derribara.<\/strong>protegiendo la piedra m\u00e1gica en el proceso. <\/p>\n<p><!-- Repeatable debug data: {\"injection\":\"before\",\"adPosition\":6,\"startingPoint\":0,\"skipEvery\":null,\"nbrPlacementFilledEachSkip\":6,\"nbrPlacementsScanned\":6,\"ruleCount\":900,\"degradationStartingPoint\":1,\"stopAds\":null,\"isEarlyInjection\":false,\"actualCount\":958} --><!-- Zone: character count repeatable. --><!-- Repeatable debug data: {\"injection\":\"after\",\"adPosition\":7,\"startingPoint\":0,\"skipEvery\":null,\"nbrPlacementFilledEachSkip\":7,\"nbrPlacementsScanned\":6,\"ruleCount\":900,\"degradationStartingPoint\":1,\"stopAds\":null,\"isEarlyInjection\":false,\"actualCount\":0} --><br \/>\n<!-- Repeatable debug data: {\"isEarlyInjection\":false,\"currentRuleCount\":900,\"actualCount\":0,\"hasActualCountMetThreshold\":null,\"countRemainingForInjection\":null,\"nextBlockCount\":null,\"hasCountRemainingForInjectionMetThreshold\":null} --><\/p>\n<p><!-- No repeatable ad for zone: character count repeatable. --><!-- Repeatable debug data: {\"injection\":\"none\",\"adPosition\":7,\"startingPoint\":0,\"skipEvery\":null,\"nbrPlacementFilledEachSkip\":7,\"nbrPlacementsScanned\":7,\"ruleCount\":900,\"degradationStartingPoint\":1,\"stopAds\":null,\"actualCount\":0} --><\/p>\n<h2 id=\"the-black-bulls-enter-the-witches-39-forest\">  Los toros negros entran en el bosque de las brujas <\/h2>\n<h3 id=\"ch-75-101-manga-ep-51-65-anime\">  Cap\u00edtulos 75-101 (Manga), Ep. 51-65 (anime) <\/h3>\n<div class=\"body-img landscape\">\n<div class=\"responsive-img image-expandable img-article-item\" style=\":50%\" data-img-url=\"https:\/\/animangeek.com\/wp-content\/uploads\/2024\/05\/screenshot-2024-02-21-at-8-25-14-pm.jpg\" data-modal-id=\"single-image-modal\" data-modal-container-id=\"single-image-modal-container\" data-img-caption=\"&quot;&quot;\">\n<figure><picture><source media=\"(min-width: 1024px)\" data- \/><source media=\"(min-width: 768px)\" data- \/><source media=\"(min-width: 481px)\" data- \/><source media=\"(min-width: 0px)\" data- \/><img width=\"1200\" height=\"600\" loading=\"lazy\" decoding=\"async\" alt=\"Black Clover \u2013 A Rainha Bruxa lan\u00e7ando um ataque sinistro\" src=\"https:\/\/animangeek.com\/wp-content\/uploads\/2024\/05\/screenshot-2024-02-21-at-8-25-14-pm.jpg\" style=\"display:block;height:auto;max-width:100%;\"\/> <\/picture> <\/figure>\n<\/p><\/div>\n<\/p><\/div>\n<p><!-- No repeatable ad for zone: character count repeatable. --><!-- Repeatable debug data: {\"injection\":\"none\",\"adPosition\":7,\"startingPoint\":0,\"skipEvery\":null,\"nbrPlacementFilledEachSkip\":7,\"nbrPlacementsScanned\":7,\"ruleCount\":900,\"degradationStartingPoint\":1,\"stopAds\":null,\"actualCount\":240} --><\/p>\n<p>  Aunque lograron recuperar la piedra m\u00e1gica del Templo del Fondo Marino, <strong>Asta result\u00f3 gravemente herido<\/strong>Cuando los Toros Negros regresan a la superficie, un curandero tiene un sombr\u00edo pron\u00f3stico para ellos: <strong>Tus brazos quiz\u00e1 nunca vuelvan a ser los mismos<\/strong>Para intentar salvarlo, los miembros de los Toros Negros van al Bosque de las Brujas, con la esperanza de encontrar all\u00ed una cura improbable para Asta. <\/p>\n<p><!-- No repeatable ad for zone: character count repeatable. --><!-- Repeatable debug data: {\"injection\":\"none\",\"adPosition\":7,\"startingPoint\":0,\"skipEvery\":null,\"nbrPlacementFilledEachSkip\":7,\"nbrPlacementsScanned\":7,\"ruleCount\":900,\"degradationStartingPoint\":1,\"stopAds\":null,\"actualCount\":594} --><\/p>\n<p>  Localizan a la Reina Bruja, quien llega a un acuerdo retorcido con ellos: acepta curar los brazos de Asta con la creencia de que esto le permitir\u00e1 controlar a Vanessa, miembro de los Toros Negros que escap\u00f3 del Bosque de las Brujas antes de unirse al escuadr\u00f3n. Los brazos de Asta recuperan su antiguo poder, pero tanto el Ojo del Sol de Medianoche como el Reino del Diamante pronto invaden el Bosque de las Brujas; finalmente son derrotados. <\/p>\n<p><!-- Repeatable debug data: {\"injection\":\"before\",\"adPosition\":7,\"startingPoint\":0,\"skipEvery\":null,\"nbrPlacementFilledEachSkip\":7,\"nbrPlacementsScanned\":7,\"ruleCount\":900,\"degradationStartingPoint\":1,\"stopAds\":null,\"isEarlyInjection\":false,\"actualCount\":1027} --><!-- Zone: character count repeatable. --><!-- Repeatable debug data: {\"injection\":\"after\",\"adPosition\":8,\"startingPoint\":0,\"skipEvery\":null,\"nbrPlacementFilledEachSkip\":8,\"nbrPlacementsScanned\":7,\"ruleCount\":900,\"degradationStartingPoint\":1,\"stopAds\":null,\"isEarlyInjection\":false,\"actualCount\":0} --><br \/>\n<!-- Repeatable debug data: {\"isEarlyInjection\":false,\"currentRuleCount\":900,\"actualCount\":0,\"hasActualCountMetThreshold\":null,\"countRemainingForInjection\":null,\"nextBlockCount\":null,\"hasCountRemainingForInjectionMetThreshold\":null} --><\/p>\n<p><!-- No repeatable ad for zone: character count repeatable. --><!-- Repeatable debug data: {\"injection\":\"none\",\"adPosition\":8,\"startingPoint\":0,\"skipEvery\":null,\"nbrPlacementFilledEachSkip\":8,\"nbrPlacementsScanned\":8,\"ruleCount\":900,\"degradationStartingPoint\":1,\"stopAds\":null,\"actualCount\":0} --><\/p>\n<h2 id=\"the-royal-knights-are-formed\">  Se forman los Caballeros Reales <\/h2>\n<h3 id=\"ch-102-149-manga-ep-66-96-anime\">  Cap\u00edtulos 102-149 (Manga), Ep. 66-96 (anime) <\/h3>\n<div class=\"body-img landscape mobile-optimized\">\n<div class=\"responsive-img image-expandable img-article-item\" style=\":50%\" data-img-url=\"https:\/\/animangeek.com\/wp-content\/uploads\/2024\/05\/Xerx-Lugner.jpg\" data-modal-id=\"single-image-modal\" data-modal-container-id=\"single-image-modal-container\" data-img-caption=\"&quot;&quot;\">\n<figure><picture><source media=\"(min-width: 1024px)\" data- \/><source media=\"(min-width: 768px)\" data- \/><source media=\"(min-width: 481px)\" data- \/><source media=\"(min-width: 0px)\" data- \/><img width=\"1600\" height=\"800\" loading=\"lazy\" decoding=\"async\" alt=\"Xerx Lugner de Black Clover.\" src=\"https:\/\/animangeek.com\/wp-content\/uploads\/2024\/05\/Xerx-Lugner.jpg\" style=\"display:block;height:auto;max-width:100%;\"\/> <\/picture> <\/figure>\n<\/p><\/div>\n<\/p><\/div>\n<p><!-- No repeatable ad for zone: character count repeatable. --><!-- Repeatable debug data: {\"injection\":\"none\",\"adPosition\":8,\"startingPoint\":0,\"skipEvery\":null,\"nbrPlacementFilledEachSkip\":8,\"nbrPlacementsScanned\":8,\"ruleCount\":900,\"degradationStartingPoint\":1,\"stopAds\":null,\"actualCount\":240} --><\/p>\n<p>  Tras su viaje por el Bosque de las Brujas y la recuperaci\u00f3n completa de Asta, los Toros Negros participan en el Festival de Premios Estrella, un evento anual que celebra los logros de los Caballeros M\u00e1gicos a lo largo del a\u00f1o. Despu\u00e9s, <strong>Asta, Yuno, Yami, Charlotte y Noelle entrenan con los Crimson Lions y su intimidante capitana, Mereoleona Vermillion.<\/strong>. <\/p>\n<p><!-- No repeatable ad for zone: character count repeatable. --><!-- Repeatable debug data: {\"injection\":\"none\",\"adPosition\":8,\"startingPoint\":0,\"skipEvery\":null,\"nbrPlacementFilledEachSkip\":8,\"nbrPlacementsScanned\":8,\"ruleCount\":900,\"degradationStartingPoint\":1,\"stopAds\":null,\"actualCount\":594} --><\/p>\n<p>  Asta usa el entrenamiento que Mereoleona le ense\u00f1\u00f3 durante el Examen de Selecci\u00f3n de los Caballeros Reales, una prueba para ver qu\u00e9 Caballeros M\u00e1gicos son los m\u00e1s adecuados para unirse a un nuevo escuadr\u00f3n que atacar\u00e1 la base del Ojo del Sol de Medianoche. Un misterioso hombre llamado Xerx Lugner participa en el torneo con Asta, quien luego se revela como Zora Ideale, de los Toros Negros, para gran frustraci\u00f3n de Asta. <strong>Asta y Zora se unen a los Caballeros Reales<\/strong> y prep\u00e1rate para participar en el <strong>Ataque a la sede del Ojo del Sol de Medianoche<\/strong>. <\/p>\n<p><!-- Repeatable debug data: {\"injection\":\"before\",\"adPosition\":8,\"startingPoint\":0,\"skipEvery\":null,\"nbrPlacementFilledEachSkip\":8,\"nbrPlacementsScanned\":8,\"ruleCount\":900,\"degradationStartingPoint\":1,\"stopAds\":null,\"isEarlyInjection\":false,\"actualCount\":1135} --><!-- Zone: character count repeatable. --><!-- Repeatable debug data: {\"injection\":\"after\",\"adPosition\":9,\"startingPoint\":0,\"skipEvery\":null,\"nbrPlacementFilledEachSkip\":9,\"nbrPlacementsScanned\":8,\"ruleCount\":900,\"degradationStartingPoint\":1,\"stopAds\":null,\"isEarlyInjection\":false,\"actualCount\":0} --><br \/>\n<!-- Repeatable debug data: {\"isEarlyInjection\":false,\"currentRuleCount\":900,\"actualCount\":0,\"hasActualCountMetThreshold\":null,\"countRemainingForInjection\":null,\"nextBlockCount\":null,\"hasCountRemainingForInjectionMetThreshold\":null} --><\/p>\n<p><!-- No repeatable ad for zone: character count repeatable. --><!-- Repeatable debug data: {\"injection\":\"none\",\"adPosition\":9,\"startingPoint\":0,\"skipEvery\":null,\"nbrPlacementFilledEachSkip\":9,\"nbrPlacementsScanned\":9,\"ruleCount\":900,\"degradationStartingPoint\":1,\"stopAds\":null,\"actualCount\":0} --><\/p>\n<h2 id=\"the-elf-tribe-is-reincarnated\">  La tribu de elfos reencarn\u00f3 <\/h2>\n<h3 id=\"ch-150-228-manga-ep-96-157-anime\">  Cap. 150-228 (Manga), Ep. 96-157 (anime) <\/h3>\n<p><!-- No repeatable ad for zone: character count repeatable. --><!-- Repeatable debug data: {\"injection\":\"none\",\"adPosition\":9,\"startingPoint\":0,\"skipEvery\":null,\"nbrPlacementFilledEachSkip\":9,\"nbrPlacementsScanned\":9,\"ruleCount\":900,\"degradationStartingPoint\":1,\"stopAds\":null,\"actualCount\":240} --><\/p>\n<div class=\"display-card article article-card small no-badge active-content\">\n<div class=\"w-img\">\n<div class=\"body-img landscape\">\n<div class=\"responsive-img img-featured-4-pin-single-size-featured-secondary\" style=\":50%\" data-img-url=\"http:\/\/animangeek.com\/wp-content\/uploads\/sites\/106\/2024\/05\/shukaku-gaara-and-lady-chiyo.jpg\" data-modal-id=\"single-image-modal\" data-modal-container-id=\"single-image-modal-container\" data-img-caption=\"&quot;&quot;\">\n<figure><picture><source media=\"(min-width: 1024px)\" data- \/><source media=\"(min-width: 768px)\" data- \/><source media=\"(min-width: 481px)\" data- \/><source media=\"(min-width: 0px)\" data- \/><img width=\"1400\" height=\"700\" loading=\"lazy\" decoding=\"async\" alt=\"Shukaku, Gaara e Lady Chiyo\" src=\"http:\/\/animangeek.com\/wp-content\/uploads\/sites\/106\/2024\/05\/shukaku-gaara-and-lady-chiyo.jpg\" style=\"display:block;height:auto;max-width:100%;\"\/> <\/picture> <\/figure>\n<\/p><\/div>\n<\/p><\/div>\n<\/p><\/div>\n<div class=\"w-display-card-content\"><span data-field=\"label\" class=\"article-card-label\">Relacionado<\/span><\/p>\n<h5 class=\"display-card-title\">  Naruto: La muerte de este personaje fue la m\u00e1s horrible.  <\/h5>\n<p><span data-field=\"excerpt\" class=\"article-card-excerpt\">Muchos personajes de Naruto han tenido finales desafortunados a lo largo de la serie, pero uno en particular fue torturado en los d\u00edas previos a su muerte.<\/span> <\/div>\n<\/p><\/div>\n<p><!-- No repeatable ad for zone: character count repeatable. --><!-- Repeatable debug data: {\"injection\":\"none\",\"adPosition\":9,\"startingPoint\":0,\"skipEvery\":null,\"nbrPlacementFilledEachSkip\":9,\"nbrPlacementsScanned\":9,\"ruleCount\":900,\"degradationStartingPoint\":1,\"stopAds\":null,\"actualCount\":480} --><\/p>\n<p>  A medida que comienza el ataque a la base del Ojo del Sol de Medianoche, los planes de los Caballeros Reales se ven frustrados cuando <strong>La tribu de elfos se reencarn\u00f3 en los caballeros.<\/strong>provocando que se vuelvan unos contra otros. <strong>La sede de los Black Bulls tambi\u00e9n es atacada<\/strong>con los enemigos de los Caballeros M\u00e1gicos buscando las piedras m\u00e1gicas que se guardan en el escondite. <\/p>\n<p><!-- No repeatable ad for zone: character count repeatable. --><!-- Repeatable debug data: {\"injection\":\"none\",\"adPosition\":9,\"startingPoint\":0,\"skipEvery\":null,\"nbrPlacementFilledEachSkip\":9,\"nbrPlacementsScanned\":9,\"ruleCount\":900,\"degradationStartingPoint\":1,\"stopAds\":null,\"actualCount\":835} --><br \/>\n<!-- Repeatable debug data: {\"isEarlyInjection\":true,\"currentRuleCount\":900,\"actualCount\":835,\"hasActualCountMetThreshold\":true,\"countRemainingForInjection\":65,\"nextBlockCount\":418,\"hasCountRemainingForInjectionMetThreshold\":true,\"nextCount\":1253} --><\/p>\n<p><!-- Repeatable debug data: {\"injection\":\"before\",\"adPosition\":9,\"startingPoint\":0,\"skipEvery\":null,\"nbrPlacementFilledEachSkip\":9,\"nbrPlacementsScanned\":9,\"ruleCount\":900,\"degradationStartingPoint\":1,\"stopAds\":null,\"isEarlyInjection\":true,\"actualCount\":900} --><!-- Zone: character count repeatable. --><!-- Repeatable debug data: {\"injection\":\"after\",\"adPosition\":10,\"startingPoint\":0,\"skipEvery\":null,\"nbrPlacementFilledEachSkip\":10,\"nbrPlacementsScanned\":9,\"ruleCount\":900,\"degradationStartingPoint\":1,\"stopAds\":null,\"isEarlyInjection\":true,\"actualCount\":0} --><\/p>\n<p>  Originalmente conocido como <strong>Licht, el l\u00edder del Ojo del Sol de Medianoche, asume otro papel como l\u00edder de la Tribu \u00c9lfica.<\/strong> y demuestra ser uno de los personajes m\u00e1s poderosos del universo de la serie. Con la reencarnaci\u00f3n de la Tribu de los Elfos, lanzan un ataque r\u00e1pido contra las familias reales del Reino del Tr\u00e9bol, y los Caballeros M\u00e1gicos deben luchar para derrotarlos y mantener a raya a los elfos reci\u00e9n reencarnados. <\/p>\n<p><!-- No repeatable ad for zone: character count repeatable. --><!-- Repeatable debug data: {\"injection\":\"none\",\"adPosition\":10,\"startingPoint\":0,\"skipEvery\":null,\"nbrPlacementFilledEachSkip\":10,\"nbrPlacementsScanned\":10,\"ruleCount\":900,\"degradationStartingPoint\":1,\"stopAds\":null,\"actualCount\":353} --><\/p>\n<p><!-- No repeatable ad for zone: character count repeatable. --><!-- Repeatable debug data: {\"injection\":\"none\",\"adPosition\":10,\"startingPoint\":0,\"skipEvery\":null,\"nbrPlacementFilledEachSkip\":10,\"nbrPlacementsScanned\":10,\"ruleCount\":900,\"degradationStartingPoint\":1,\"stopAds\":null,\"actualCount\":353} --><\/p>\n<h2 id=\"the-great-war-begins\">  Comienza la Gran Guerra <\/h2>\n<h3 id=\"ch-229-331-manga-ep-158-170-anime\">  Cap\u00edtulos 229-331 (Manga), Ep. 158-170 (anime) <\/h3>\n<div class=\"body-img landscape mobile-optimized\">\n<div class=\"responsive-img image-expandable img-article-item\" style=\":50%\" data-img-url=\"http:\/\/animangeek.com\/wp-content\/uploads\/sites\/106\/2024\/05\/92d6972d-8c07-4268-b93e-4c70199b383b.jpeg\" data-modal-id=\"single-image-modal\" data-modal-container-id=\"single-image-modal-container\" data-img-caption=\"&quot;&quot;\">\n<figure><picture><source media=\"(min-width: 1024px)\" data- \/><source media=\"(min-width: 768px)\" data- \/><source media=\"(min-width: 481px)\" data- \/><source media=\"(min-width: 0px)\" data- \/><img width=\"3072\" height=\"1536\" loading=\"lazy\" decoding=\"async\" alt=\"Vanica, possu\u00edda por Megicula, invade alegremente o Reino Heart.\" src=\"http:\/\/animangeek.com\/wp-content\/uploads\/sites\/106\/2024\/05\/92d6972d-8c07-4268-b93e-4c70199b383b.jpeg\" style=\"display:block;height:auto;max-width:100%;\"\/> <\/picture> <\/figure>\n<\/p><\/div>\n<\/p><\/div>\n<p><!-- No repeatable ad for zone: character count repeatable. --><!-- Repeatable debug data: {\"injection\":\"none\",\"adPosition\":10,\"startingPoint\":0,\"skipEvery\":null,\"nbrPlacementFilledEachSkip\":10,\"nbrPlacementsScanned\":10,\"ruleCount\":900,\"degradationStartingPoint\":1,\"stopAds\":null,\"actualCount\":593} --><\/p>\n<div class=\"display-card article article-card small no-badge active-content\">\n<div class=\"w-img\">\n<div class=\"body-img landscape\">\n<div class=\"responsive-img img-featured-4-pin-single-size-featured-secondary\" style=\":50%\" data-img-url=\"https:\/\/animangeek.com\/wp-content\/uploads\/2024\/05\/masaki-kurosaki.jpg\" data-modal-id=\"single-image-modal\" data-modal-container-id=\"single-image-modal-container\" data-img-caption=\"&quot;&quot;\">\n<figure><picture><source media=\"(min-width: 1024px)\" data- \/><source media=\"(min-width: 768px)\" data- \/><source media=\"(min-width: 481px)\" data- \/><source media=\"(min-width: 0px)\" data- \/><img width=\"1400\" height=\"700\" loading=\"lazy\" decoding=\"async\" alt=\"Masaki Kurosaki\" src=\"https:\/\/animangeek.com\/wp-content\/uploads\/2024\/05\/masaki-kurosaki.jpg\" style=\"display:block;height:auto;max-width:100%;\"\/> <\/picture> <\/figure>\n<\/p><\/div>\n<\/p><\/div>\n<\/p><\/div>\n<div class=\"w-display-card-content\"><span data-field=\"label\" class=\"article-card-label\">Relacionado<\/span><\/p>\n<h5 class=\"display-card-title\">  La muerte de este personaje de Bleach es la m\u00e1s triste de la serie.  <\/h5>\n<p><span data-field=\"excerpt\" class=\"article-card-excerpt\">El prematuro final de Masaki Kurosaki en Bleach es un acontecimiento tr\u00e1gico que cambia irreparablemente a la familia Kurosaki, especialmente al sensible pero duro Ichigo.<\/span> <\/div>\n<\/p><\/div>\n<p><!-- No repeatable ad for zone: character count repeatable. --><!-- Repeatable debug data: {\"injection\":\"none\",\"adPosition\":10,\"startingPoint\":0,\"skipEvery\":null,\"nbrPlacementFilledEachSkip\":10,\"nbrPlacementsScanned\":10,\"ruleCount\":900,\"degradationStartingPoint\":1,\"stopAds\":null,\"actualCount\":833} --><br \/>\n<!-- Repeatable debug data: {\"isEarlyInjection\":true,\"currentRuleCount\":900,\"actualCount\":833,\"hasActualCountMetThreshold\":true,\"countRemainingForInjection\":67,\"nextBlockCount\":391,\"hasCountRemainingForInjectionMetThreshold\":true,\"nextCount\":1224} --><\/p>\n<p><!-- Repeatable debug data: {\"injection\":\"before\",\"adPosition\":10,\"startingPoint\":0,\"skipEvery\":null,\"nbrPlacementFilledEachSkip\":10,\"nbrPlacementsScanned\":10,\"ruleCount\":900,\"degradationStartingPoint\":1,\"stopAds\":null,\"isEarlyInjection\":true,\"actualCount\":900} --><!-- Zone: character count repeatable. --><!-- Repeatable debug data: {\"injection\":\"after\",\"adPosition\":11,\"startingPoint\":0,\"skipEvery\":null,\"nbrPlacementFilledEachSkip\":11,\"nbrPlacementsScanned\":10,\"ruleCount\":900,\"degradationStartingPoint\":1,\"stopAds\":null,\"isEarlyInjection\":true,\"actualCount\":0} --><\/p>\n<p>  Despu\u00e9s de acabar con los elfos reencarnados, los Caballeros M\u00e1gicos se someten a un agotador per\u00edodo de entrenamiento de seis meses mientras intentan reconstruir el da\u00f1o que se le hizo al Reino del Tr\u00e9bol.<strong> Asta y sus amigos trabajan con los magos del Reino del Coraz\u00f3n.<\/strong>que est\u00e1n involucrados en una batalla con el Reino de Espadas y la Tr\u00edada Oscura de magos que lo gobiernan. <\/p>\n<p><!-- No repeatable ad for zone: character count repeatable. --><!-- Repeatable debug data: {\"injection\":\"none\",\"adPosition\":11,\"startingPoint\":0,\"skipEvery\":null,\"nbrPlacementFilledEachSkip\":11,\"nbrPlacementsScanned\":11,\"ruleCount\":900,\"degradationStartingPoint\":1,\"stopAds\":null,\"actualCount\":324} --><\/p>\n<p>  Con el Reino del Tr\u00e9bol y el Reino del Coraz\u00f3n unidos contra los Picas, estalla la Gran Guerra entre los reinos. Esta es la batalla m\u00e1s arriesgada jam\u00e1s librada. <em>Tr\u00e9bol negro<\/em>historia, y pronto, <strong>Los capitanes de escuadr\u00f3n Yami y Vangeance son capturados por la Tr\u00edada Oscura.<\/strong>lo que provoc\u00f3 que los Caballeros M\u00e1gicos lanzaran un intento de rescate.<strong>Los Caballeros M\u00e1gicos atacan el Reino de la Espada<\/strong> para rescatar a los capitanes y evitar el ritual de uni\u00f3n del diablo que formar\u00eda el \u00c1rbol de Qliphoth. <\/p>\n<p><!-- No repeatable ad for zone: character count repeatable. --><!-- Repeatable debug data: {\"injection\":\"none\",\"adPosition\":11,\"startingPoint\":0,\"skipEvery\":null,\"nbrPlacementFilledEachSkip\":11,\"nbrPlacementsScanned\":11,\"ruleCount\":900,\"degradationStartingPoint\":1,\"stopAds\":null,\"actualCount\":786} --><br \/>\n<!-- Repeatable debug data: {\"isEarlyInjection\":true,\"currentRuleCount\":900,\"actualCount\":786,\"hasActualCountMetThreshold\":true,\"countRemainingForInjection\":114,\"nextBlockCount\":376,\"hasCountRemainingForInjectionMetThreshold\":true,\"nextCount\":1162} --><\/p>\n<p><!-- Repeatable debug data: {\"injection\":\"before\",\"adPosition\":11,\"startingPoint\":0,\"skipEvery\":null,\"nbrPlacementFilledEachSkip\":11,\"nbrPlacementsScanned\":11,\"ruleCount\":900,\"degradationStartingPoint\":1,\"stopAds\":null,\"isEarlyInjection\":true,\"actualCount\":900} --><!-- Zone: character count repeatable. --><!-- Repeatable debug data: {\"injection\":\"after\",\"adPosition\":12,\"startingPoint\":0,\"skipEvery\":null,\"nbrPlacementFilledEachSkip\":12,\"nbrPlacementsScanned\":11,\"ruleCount\":900,\"degradationStartingPoint\":1,\"stopAds\":null,\"isEarlyInjection\":true,\"actualCount\":0} --><\/p>\n<p> <em>Tr\u00e9bol negro<\/em>La adaptaci\u00f3n al anime actualmente termina en la mitad de esta historia, con Asta luchando contra Liebe como parte del Ritual de Vinculaci\u00f3n del Diablo. <em>Tr\u00e9bol negro<\/em>El manga sigue en curso. Los n\u00fameros recientes de la historia contin\u00faan despu\u00e9s de la Gran Guerra y se ven... <strong>estall\u00f3 una guerra santa<\/strong>Como un nuevo personaje, Lucius Zogratis, busca tomar el control de la magia del mundo. <\/p>\n<p><!-- No repeatable ad for zone: character count repeatable. --><!-- Repeatable debug data: {\"injection\":\"none\",\"adPosition\":12,\"startingPoint\":0,\"skipEvery\":null,\"nbrPlacementFilledEachSkip\":12,\"nbrPlacementsScanned\":12,\"ruleCount\":900,\"degradationStartingPoint\":1,\"stopAds\":null,\"actualCount\":262} --><\/p>\n<div class=\"display-card tag large no-badge\" data-show-streamrentbuy-links=\"false\">\n<div class=\"w-img\">\n<div class=\"body-img portrait\">\n<div class=\"responsive-img img-article-square\" style=\":144.44444444444%\" data-img-url=\"https:\/\/animangeek.com\/wp-content\/uploads\/2024\/05\/black-clover-anime-cover-art-with-asta-and-yuno-in-front.jpg\" data-modal-id=\"single-image-modal\" data-modal-container-id=\"single-image-modal-container\" data-img-caption=\"&quot;&quot;\">\n<figure><picture><source media=\"(min-width: 1024px)\" data- \/><source media=\"(min-width: 768px)\" data- \/><source media=\"(min-width: 481px)\" data- \/><source media=\"(min-width: 0px)\" data- \/><img width=\"900\" height=\"1300\" loading=\"lazy\" decoding=\"async\" alt=\"Arte da capa do anime Black Clover com Asta e Yuno na frente.\" src=\"https:\/\/animangeek.com\/wp-content\/uploads\/2024\/05\/black-clover-anime-cover-art-with-asta-and-yuno-in-front.jpg\" style=\"display:block;height:auto;max-width:100%;\"\/> <\/picture> <\/figure>\n<\/p><\/div>\n<\/p><\/div>\n<\/p><\/div>\n<div class=\"w-display-card-content\">\n<h5 class=\"display-card-title\">  Tr\u00e9bol negro (2017) <\/h5>\n<p class=\"display-card-description\">Asta y Yuno fueron abandonados juntos en la misma iglesia y han sido inseparables desde entonces. De ni\u00f1os, se prometieron competir para convertirse en el pr\u00f3ximo Emperador M\u00e1gico.<\/p>\n<div class=\"w-display-card-info\">\n<dl>\n<p><dt><strong>Fecha de lanzamiento<\/strong> <\/dt>\n<dd><span>  3 de octubre de 2017 <\/span> <\/dd>\n<\/p>\n<p><dt><strong>Elenco<\/strong> <\/dt>\n<dd><span>  Dallas Reid, Jill Harris, Christopher Sabat, Micah Solusod, Brandon McInnis, Lydia MacKay <\/span> <\/dd>\n<\/p>\n<p><dt><strong>Estaciones<\/strong> <\/dt>\n<dd><span>  4 <\/span> <\/dd>\n<\/p>\n<p><dt><strong>Estudio<\/strong> <\/dt>\n<dd><span>  Pierrot <\/span> <\/dd>\n<\/p>\n<\/dl><\/div>\n<\/p><\/div>\n<\/p><\/div>\n<p><!-- No repeatable ad for zone: character count repeatable. --><!-- Repeatable debug data: {\"injection\":\"none\",\"adPosition\":12,\"startingPoint\":0,\"skipEvery\":null,\"nbrPlacementFilledEachSkip\":12,\"nbrPlacementsScanned\":12,\"ruleCount\":900,\"degradationStartingPoint\":1,\"stopAds\":null,\"actualCount\":502} --><\/div>\n<p>\n<\/div>","protected":false},"excerpt":{"rendered":"<p>Black Clover cuenta la historia del joven hu\u00e9rfano Asta, quien aparentemente es la \u00fanica persona sin poderes m\u00e1gicos en un mundo donde todos los dem\u00e1s los poseen en abundancia. A pesar de ello, aspira a convertirse en el Emperador Mago y se embarca en aventuras con Yuno, una hu\u00e9rfana como \u00e9l, una prodigio con inmensos poderes m\u00e1gicos. <a class=\"more-link\" href=\"https:\/\/animangeek.com\/es_es\/black-clover-uma-linha-do-tempo-completa\/\">Sigue leyendo <span class=\"screen-reader-text\">Black Clover: Una cronolog\u00eda completa<\/span><\/a><\/p>","protected":false},"author":0,"featured_media":11461,"comment_status":"open","ping_status":"open","sticky":false,"template":"","format":"standard","meta":{"footnotes":""},"categories":[4],"tags":[],"yoast_head":"<!-- This site is optimized with the Yoast SEO plugin v23.3 - https:\/\/yoast.com\/wordpress\/plugins\/seo\/ -->\n<title>Black Clover: uma linha do tempo completa - Animan Geek<\/title>\n<meta name=\"robots\" content=\"index, follow, max-snippet:-1, max-image-preview:large, max-video-preview:-1\" \/>\n<link rel=\"canonical\" href=\"https:\/\/animangeek.com\/es_es\/black-clover-uma-linha-do-tempo-completa\/\" \/>\n<meta property=\"og:locale\" content=\"es_ES\" \/>\n<meta property=\"og:type\" content=\"article\" \/>\n<meta property=\"og:title\" content=\"Black Clover: uma linha do tempo completa - Animan Geek\" \/>\n<meta property=\"og:description\" content=\"Trevo Negro conta a hist\u00f3ria do jovem \u00f3rf\u00e3o Asta, que aparentemente \u00e9 a \u00fanica pessoa que n\u00e3o possui poderes m\u00e1gicos em um mundo onde todos os possuem em abund\u00e2ncia. Apesar disso, ele deseja se tornar o Rei Mago e parte em aventuras com Yuno, um colega \u00f3rf\u00e3o que \u00e9 um prod\u00edgio com imensos poderes m\u00e1gicos.&hellip; Continue reading Black Clover: uma linha do tempo completa\" \/>\n<meta property=\"og:url\" content=\"https:\/\/animangeek.com\/es_es\/black-clover-uma-linha-do-tempo-completa\/\" \/>\n<meta property=\"og:site_name\" content=\"Animan Geek\" \/>\n<meta property=\"article:published_time\" content=\"2024-05-18T15:21:06+00:00\" \/>\n<meta property=\"og:image\" content=\"https:\/\/animangeek.com\/wp-content\/uploads\/sites\/106\/2024\/05\/split-images-of-licht-asta-yuno-and-mars.jpg\" \/>\n\t<meta property=\"og:image:width\" content=\"1400\" \/>\n\t<meta property=\"og:image:height\" content=\"700\" \/>\n\t<meta property=\"og:image:type\" content=\"image\/jpeg\" \/>\n<meta name=\"twitter:card\" content=\"summary_large_image\" \/>\n<meta name=\"twitter:label1\" content=\"Est. reading time\" \/>\n\t<meta name=\"twitter:data1\" content=\"9 minutos\" \/>\n<script type=\"application\/ld+json\" class=\"yoast-schema-graph\">{\"@context\":\"https:\/\/schema.org\",\"@graph\":[{\"@type\":\"WebPage\",\"@id\":\"https:\/\/animangeek.com\/black-clover-uma-linha-do-tempo-completa\/\",\"url\":\"https:\/\/animangeek.com\/black-clover-uma-linha-do-tempo-completa\/\",\"name\":\"Black Clover: uma linha do tempo completa - Animan Geek\",\"isPartOf\":{\"@id\":\"https:\/\/animangeek.com\/#website\"},\"primaryImageOfPage\":{\"@id\":\"https:\/\/animangeek.com\/black-clover-uma-linha-do-tempo-completa\/#primaryimage\"},\"image\":{\"@id\":\"https:\/\/animangeek.com\/black-clover-uma-linha-do-tempo-completa\/#primaryimage\"},\"thumbnailUrl\":\"https:\/\/animangeek.com\/wp-content\/uploads\/sites\/106\/2024\/05\/split-images-of-licht-asta-yuno-and-mars.jpg\",\"datePublished\":\"2024-05-18T15:21:06+00:00\",\"dateModified\":\"2024-05-18T15:21:06+00:00\",\"author\":{\"@id\":\"\"},\"breadcrumb\":{\"@id\":\"https:\/\/animangeek.com\/black-clover-uma-linha-do-tempo-completa\/#breadcrumb\"},\"inLanguage\":\"es\",\"potentialAction\":[{\"@type\":\"ReadAction\",\"target\":[\"https:\/\/animangeek.com\/black-clover-uma-linha-do-tempo-completa\/\"]}]},{\"@type\":\"ImageObject\",\"inLanguage\":\"es\",\"@id\":\"https:\/\/animangeek.com\/black-clover-uma-linha-do-tempo-completa\/#primaryimage\",\"url\":\"https:\/\/animangeek.com\/wp-content\/uploads\/sites\/106\/2024\/05\/split-images-of-licht-asta-yuno-and-mars.jpg\",\"contentUrl\":\"https:\/\/animangeek.com\/wp-content\/uploads\/sites\/106\/2024\/05\/split-images-of-licht-asta-yuno-and-mars.jpg\",\"width\":1400,\"height\":700},{\"@type\":\"BreadcrumbList\",\"@id\":\"https:\/\/animangeek.com\/black-clover-uma-linha-do-tempo-completa\/#breadcrumb\",\"itemListElement\":[{\"@type\":\"ListItem\",\"position\":1,\"name\":\"Home\",\"item\":\"https:\/\/animangeek.com\/\"},{\"@type\":\"ListItem\",\"position\":2,\"name\":\"Black Clover: uma linha do tempo completa\"}]},{\"@type\":\"WebSite\",\"@id\":\"https:\/\/animangeek.com\/#website\",\"url\":\"https:\/\/animangeek.com\/\",\"name\":\"Animan Geek\",\"description\":\"\",\"potentialAction\":[{\"@type\":\"SearchAction\",\"target\":{\"@type\":\"EntryPoint\",\"urlTemplate\":\"https:\/\/animangeek.com\/?s={search_term_string}\"},\"query-input\":\"required name=search_term_string\"}],\"inLanguage\":\"es\"}]}<\/script>\n<!-- \/ Yoast SEO plugin. -->","yoast_head_json":{"title":"Black Clover: uma linha do tempo completa - Animan Geek","robots":{"index":"index","follow":"follow","max-snippet":"max-snippet:-1","max-image-preview":"max-image-preview:large","max-video-preview":"max-video-preview:-1"},"canonical":"https:\/\/animangeek.com\/es_es\/black-clover-uma-linha-do-tempo-completa\/","og_locale":"es_ES","og_type":"article","og_title":"Black Clover: uma linha do tempo completa - Animan Geek","og_description":"Trevo Negro conta a hist\u00f3ria do jovem \u00f3rf\u00e3o Asta, que aparentemente \u00e9 a \u00fanica pessoa que n\u00e3o possui poderes m\u00e1gicos em um mundo onde todos os possuem em abund\u00e2ncia. Apesar disso, ele deseja se tornar o Rei Mago e parte em aventuras com Yuno, um colega \u00f3rf\u00e3o que \u00e9 um prod\u00edgio com imensos poderes m\u00e1gicos.&hellip; Continue reading Black Clover: uma linha do tempo completa","og_url":"https:\/\/animangeek.com\/es_es\/black-clover-uma-linha-do-tempo-completa\/","og_site_name":"Animan Geek","article_published_time":"2024-05-18T15:21:06+00:00","og_image":[{"width":1400,"height":700,"url":"https:\/\/animangeek.com\/wp-content\/uploads\/sites\/106\/2024\/05\/split-images-of-licht-asta-yuno-and-mars.jpg","type":"image\/jpeg"}],"twitter_card":"summary_large_image","twitter_misc":{"Est. reading time":"9 minutos"},"schema":{"@context":"https:\/\/schema.org","@graph":[{"@type":"WebPage","@id":"https:\/\/animangeek.com\/black-clover-uma-linha-do-tempo-completa\/","url":"https:\/\/animangeek.com\/black-clover-uma-linha-do-tempo-completa\/","name":"Black Clover: uma linha do tempo completa - Animan Geek","isPartOf":{"@id":"https:\/\/animangeek.com\/#website"},"primaryImageOfPage":{"@id":"https:\/\/animangeek.com\/black-clover-uma-linha-do-tempo-completa\/#primaryimage"},"image":{"@id":"https:\/\/animangeek.com\/black-clover-uma-linha-do-tempo-completa\/#primaryimage"},"thumbnailUrl":"https:\/\/animangeek.com\/wp-content\/uploads\/sites\/106\/2024\/05\/split-images-of-licht-asta-yuno-and-mars.jpg","datePublished":"2024-05-18T15:21:06+00:00","dateModified":"2024-05-18T15:21:06+00:00","author":{"@id":""},"breadcrumb":{"@id":"https:\/\/animangeek.com\/black-clover-uma-linha-do-tempo-completa\/#breadcrumb"},"inLanguage":"es","potentialAction":[{"@type":"ReadAction","target":["https:\/\/animangeek.com\/black-clover-uma-linha-do-tempo-completa\/"]}]},{"@type":"ImageObject","inLanguage":"es","@id":"https:\/\/animangeek.com\/black-clover-uma-linha-do-tempo-completa\/#primaryimage","url":"https:\/\/animangeek.com\/wp-content\/uploads\/sites\/106\/2024\/05\/split-images-of-licht-asta-yuno-and-mars.jpg","contentUrl":"https:\/\/animangeek.com\/wp-content\/uploads\/sites\/106\/2024\/05\/split-images-of-licht-asta-yuno-and-mars.jpg","width":1400,"height":700},{"@type":"BreadcrumbList","@id":"https:\/\/animangeek.com\/black-clover-uma-linha-do-tempo-completa\/#breadcrumb","itemListElement":[{"@type":"ListItem","position":1,"name":"Home","item":"https:\/\/animangeek.com\/"},{"@type":"ListItem","position":2,"name":"Black Clover: uma linha do tempo completa"}]},{"@type":"WebSite","@id":"https:\/\/animangeek.com\/#website","url":"https:\/\/animangeek.com\/","name":"Animan Geek","description":"","potentialAction":[{"@type":"SearchAction","target":{"@type":"EntryPoint","urlTemplate":"https:\/\/animangeek.com\/?s={search_term_string}"},"query-input":"required name=search_term_string"}],"inLanguage":"es"}]}},"_links":{"self":[{"href":"https:\/\/animangeek.com\/es_es\/wp-json\/wp\/v2\/posts\/11460"}],"collection":[{"href":"https:\/\/animangeek.com\/es_es\/wp-json\/wp\/v2\/posts"}],"about":[{"href":"https:\/\/animangeek.com\/es_es\/wp-json\/wp\/v2\/types\/post"}],"replies":[{"embeddable":true,"href":"https:\/\/animangeek.com\/es_es\/wp-json\/wp\/v2\/comments?post=11460"}],"version-history":[{"count":0,"href":"https:\/\/animangeek.com\/es_es\/wp-json\/wp\/v2\/posts\/11460\/revisions"}],"wp:featuredmedia":[{"embeddable":true,"href":"https:\/\/animangeek.com\/es_es\/wp-json\/wp\/v2\/media\/11461"}],"wp:attachment":[{"href":"https:\/\/animangeek.com\/es_es\/wp-json\/wp\/v2\/media?parent=11460"}],"wp:term":[{"taxonomy":"category","embeddable":true,"href":"https:\/\/animangeek.com\/es_es\/wp-json\/wp\/v2\/categories?post=11460"},{"taxonomy":"post_tag","embeddable":true,"href":"https:\/\/animangeek.com\/es_es\/wp-json\/wp\/v2\/tags?post=11460"}],"curies":[{"name":"wp","href":"https:\/\/api.w.org\/{rel}","templated":true}]}}