{"id":11464,"date":"2024-05-18T12:32:51","date_gmt":"2024-05-18T15:32:51","guid":{"rendered":"https:\/\/animangeek.com\/a-historia-de-edens-zero-esta-prestes-a-terminar\/"},"modified":"2024-05-18T12:32:51","modified_gmt":"2024-05-18T15:32:51","slug":"a-historia-de-edens-zero-esta-prestes-a-terminar","status":"publish","type":"post","link":"https:\/\/animangeek.com\/es_es\/a-historia-de-edens-zero-esta-prestes-a-terminar\/","title":{"rendered":"La historia de EDENS ZERO est\u00e1 a punto de terminar"},"content":{"rendered":"<div class=\"mx-5 sm:mx-0 prose text-left mb-5\"><\/p>\n<div>\n<p>El popular manga escrito e ilustrado por <strong>Hiro Mashima<\/strong>&quot;<strong>ED\u00c9N CERO<\/strong>\u201c, <strong>terminar\u00e1 en cinco cap\u00edtulos<\/strong>Seg\u00fan la informaci\u00f3n disponible, si no hay interrupciones en su publicaci\u00f3n, la obra finalizar\u00e1 en el trig\u00e9simo n\u00famero de la Weekly Shonen Magazine de este a\u00f1o, que se publicar\u00e1 a finales de junio o principios de julio, dependiendo del calendario de la revista.<\/p>\n<div class=\"wp-block-image\">\n<figure class=\"aligncenter size-full\"><img loading=\"lazy\" decoding=\"async\" width=\"1600\" height=\"2263\" src=\"https:\/\/animangeek.com\/wp-content\/uploads\/2024\/05\/A-historia-de-EDENS-ZERO-esta-prestes-a-terminar.jpg\" alt=\"\u00c9DENS ZERO\" class=\"wp-image-329866\"  \/><\/figure>\n<\/div>\n<p>\u201cEDENS ZERO\u201d comenz\u00f3 a serializarse en la revista Weekly Shonen en junio de 2018. <strong>Desde su lanzamiento, el manga ha ganado un gran n\u00famero de seguidores gracias a su intrigante historia y los distintivos dise\u00f1os de personajes de Mashima, quien anteriormente cre\u00f3 el exitoso manga &quot;Fairy Tail&quot;.<\/strong> La historia de &quot;EDENS ZERO&quot; sigue las aventuras de Shiki Granbell, un joven que vive en un planeta des\u00e9rtico y decide explorar el universo en busca de la diosa del cosmos conocida como &quot;Madre&quot;. Acompa\u00f1ado por Rebecca Bluegarden y su gato Happy, Shiki se enfrenta a numerosos desaf\u00edos y enemigos en su viaje por el espacio.<\/p>\n<p>La popularidad de \u201cEDENS ZERO\u201d no se limita solo al manga. <strong>La serie fue adaptada al anime con dos temporadas de 50 episodios. Los fans del anime a\u00fan esperan una tercera temporada, que a\u00fan no se ha confirmado oficialmente.<\/strong> Adem\u00e1s, la franquicia se expandi\u00f3 a los videojuegos con el lanzamiento de un juego para tel\u00e9fonos inteligentes en febrero de 2022. Sin embargo, un videojuego de consola planeado nunca vio la luz del d\u00eda, lo que dej\u00f3 a los fan\u00e1ticos de la serie con ganas de m\u00e1s contenido interactivo.<\/p>\n<p><strong>El impacto de \u201cEDENS ZERO\u201d en la industria del manga y el anime ha sido significativo, y su conclusi\u00f3n marcar\u00e1 el final de una era para muchos fan\u00e1ticos que han seguido las aventuras de Shiki y sus amigos a lo largo de los a\u00f1os.<\/strong> Con la serie llegando a su fin, queda por ver c\u00f3mo Mashima concluir\u00e1 esta emocionante historia y qu\u00e9 nuevas sorpresas puede tener guardadas para sus lectores.<\/p>\n<p>Fuente: <strong><a rel=\"nofollow noopener\" target=\"_blank\" href=\"http:\/\/ryokutya2089.com\/archives\/75854\">Ryokutya<\/a><\/strong><\/p>\n<\/div>\n<p><\/div>","protected":false},"excerpt":{"rendered":"<p>El popular manga &quot;\u00c9DENS ZERO&quot;, escrito e ilustrado por Hiro Mashima, concluir\u00e1 en cinco cap\u00edtulos. Seg\u00fan la informaci\u00f3n disponible, si no hay interrupciones en la publicaci\u00f3n, la serie concluir\u00e1 en el trig\u00e9simo n\u00famero de este a\u00f1o de la revista Weekly Shonen Magazine, que se publicar\u00e1 a finales de junio o principios de julio, seg\u00fan la programaci\u00f3n de la revista. <a class=\"more-link\" href=\"https:\/\/animangeek.com\/es_es\/a-historia-de-edens-zero-esta-prestes-a-terminar\/\">Sigue leyendo <span class=\"screen-reader-text\">La historia de EDENS ZERO est\u00e1 a punto de terminar<\/span><\/a><\/p>","protected":false},"author":0,"featured_media":11465,"comment_status":"open","ping_status":"open","sticky":false,"template":"","format":"standard","meta":{"footnotes":""},"categories":[8],"tags":[471,842],"yoast_head":"<!-- This site is optimized with the Yoast SEO plugin v23.3 - https:\/\/yoast.com\/wordpress\/plugins\/seo\/ -->\n<title>A hist\u00f3ria de EDENS ZERO est\u00e1 prestes a terminar - Animan Geek<\/title>\n<meta name=\"robots\" content=\"index, follow, max-snippet:-1, max-image-preview:large, max-video-preview:-1\" \/>\n<link rel=\"canonical\" href=\"https:\/\/animangeek.com\/es_es\/a-historia-de-edens-zero-esta-prestes-a-terminar\/\" \/>\n<meta property=\"og:locale\" content=\"es_ES\" \/>\n<meta property=\"og:type\" content=\"article\" \/>\n<meta property=\"og:title\" content=\"A hist\u00f3ria de EDENS ZERO est\u00e1 prestes a terminar - Animan Geek\" \/>\n<meta property=\"og:description\" content=\"O popular mang\u00e1 escrito e ilustrado por Hiro Mashima\u201c\u00c9DENS ZERO\u201c, terminar\u00e1 em cinco cap\u00edtulos. De acordo com as informa\u00e7\u00f5es dispon\u00edveis, caso n\u00e3o haja pausas na sua publica\u00e7\u00e3o, a obra terminar\u00e1 na trig\u00e9sima edi\u00e7\u00e3o deste ano da Weekly Shonen Magazine, que ser\u00e1 publicada no final de junho ou in\u00edcio de julho, dependendo da programa\u00e7\u00e3o da revista.&hellip; Continue reading A hist\u00f3ria de EDENS ZERO est\u00e1 prestes a terminar\" \/>\n<meta property=\"og:url\" content=\"https:\/\/animangeek.com\/es_es\/a-historia-de-edens-zero-esta-prestes-a-terminar\/\" \/>\n<meta property=\"og:site_name\" content=\"Animan Geek\" \/>\n<meta property=\"article:published_time\" content=\"2024-05-18T15:32:51+00:00\" \/>\n<meta property=\"og:image\" content=\"https:\/\/animangeek.com\/wp-content\/uploads\/sites\/106\/2024\/05\/1716046372_A-historia-de-EDENS-ZERO-esta-prestes-a-terminar.jpg\" \/>\n\t<meta property=\"og:image:width\" content=\"1920\" \/>\n\t<meta property=\"og:image:height\" content=\"1080\" \/>\n\t<meta property=\"og:image:type\" content=\"image\/jpeg\" \/>\n<meta name=\"twitter:card\" content=\"summary_large_image\" \/>\n<meta name=\"twitter:label1\" content=\"Est. reading time\" \/>\n\t<meta name=\"twitter:data1\" content=\"2 minutos\" \/>\n<script type=\"application\/ld+json\" class=\"yoast-schema-graph\">{\"@context\":\"https:\/\/schema.org\",\"@graph\":[{\"@type\":\"WebPage\",\"@id\":\"https:\/\/animangeek.com\/a-historia-de-edens-zero-esta-prestes-a-terminar\/\",\"url\":\"https:\/\/animangeek.com\/a-historia-de-edens-zero-esta-prestes-a-terminar\/\",\"name\":\"A hist\u00f3ria de EDENS ZERO est\u00e1 prestes a terminar - Animan Geek\",\"isPartOf\":{\"@id\":\"https:\/\/animangeek.com\/#website\"},\"primaryImageOfPage\":{\"@id\":\"https:\/\/animangeek.com\/a-historia-de-edens-zero-esta-prestes-a-terminar\/#primaryimage\"},\"image\":{\"@id\":\"https:\/\/animangeek.com\/a-historia-de-edens-zero-esta-prestes-a-terminar\/#primaryimage\"},\"thumbnailUrl\":\"https:\/\/animangeek.com\/wp-content\/uploads\/sites\/106\/2024\/05\/1716046372_A-historia-de-EDENS-ZERO-esta-prestes-a-terminar.jpg\",\"datePublished\":\"2024-05-18T15:32:51+00:00\",\"dateModified\":\"2024-05-18T15:32:51+00:00\",\"author\":{\"@id\":\"\"},\"breadcrumb\":{\"@id\":\"https:\/\/animangeek.com\/a-historia-de-edens-zero-esta-prestes-a-terminar\/#breadcrumb\"},\"inLanguage\":\"es\",\"potentialAction\":[{\"@type\":\"ReadAction\",\"target\":[\"https:\/\/animangeek.com\/a-historia-de-edens-zero-esta-prestes-a-terminar\/\"]}]},{\"@type\":\"ImageObject\",\"inLanguage\":\"es\",\"@id\":\"https:\/\/animangeek.com\/a-historia-de-edens-zero-esta-prestes-a-terminar\/#primaryimage\",\"url\":\"https:\/\/animangeek.com\/wp-content\/uploads\/sites\/106\/2024\/05\/1716046372_A-historia-de-EDENS-ZERO-esta-prestes-a-terminar.jpg\",\"contentUrl\":\"https:\/\/animangeek.com\/wp-content\/uploads\/sites\/106\/2024\/05\/1716046372_A-historia-de-EDENS-ZERO-esta-prestes-a-terminar.jpg\",\"width\":1920,\"height\":1080},{\"@type\":\"BreadcrumbList\",\"@id\":\"https:\/\/animangeek.com\/a-historia-de-edens-zero-esta-prestes-a-terminar\/#breadcrumb\",\"itemListElement\":[{\"@type\":\"ListItem\",\"position\":1,\"name\":\"Home\",\"item\":\"https:\/\/animangeek.com\/\"},{\"@type\":\"ListItem\",\"position\":2,\"name\":\"A hist\u00f3ria de EDENS ZERO est\u00e1 prestes a terminar\"}]},{\"@type\":\"WebSite\",\"@id\":\"https:\/\/animangeek.com\/#website\",\"url\":\"https:\/\/animangeek.com\/\",\"name\":\"Animan Geek\",\"description\":\"\",\"potentialAction\":[{\"@type\":\"SearchAction\",\"target\":{\"@type\":\"EntryPoint\",\"urlTemplate\":\"https:\/\/animangeek.com\/?s={search_term_string}\"},\"query-input\":\"required name=search_term_string\"}],\"inLanguage\":\"es\"}]}<\/script>\n<!-- \/ Yoast SEO plugin. -->","yoast_head_json":{"title":"A hist\u00f3ria de EDENS ZERO est\u00e1 prestes a terminar - Animan Geek","robots":{"index":"index","follow":"follow","max-snippet":"max-snippet:-1","max-image-preview":"max-image-preview:large","max-video-preview":"max-video-preview:-1"},"canonical":"https:\/\/animangeek.com\/es_es\/a-historia-de-edens-zero-esta-prestes-a-terminar\/","og_locale":"es_ES","og_type":"article","og_title":"A hist\u00f3ria de EDENS ZERO est\u00e1 prestes a terminar - Animan Geek","og_description":"O popular mang\u00e1 escrito e ilustrado por Hiro Mashima\u201c\u00c9DENS ZERO\u201c, terminar\u00e1 em cinco cap\u00edtulos. De acordo com as informa\u00e7\u00f5es dispon\u00edveis, caso n\u00e3o haja pausas na sua publica\u00e7\u00e3o, a obra terminar\u00e1 na trig\u00e9sima edi\u00e7\u00e3o deste ano da Weekly Shonen Magazine, que ser\u00e1 publicada no final de junho ou in\u00edcio de julho, dependendo da programa\u00e7\u00e3o da revista.&hellip; Continue reading A hist\u00f3ria de EDENS ZERO est\u00e1 prestes a terminar","og_url":"https:\/\/animangeek.com\/es_es\/a-historia-de-edens-zero-esta-prestes-a-terminar\/","og_site_name":"Animan Geek","article_published_time":"2024-05-18T15:32:51+00:00","og_image":[{"width":1920,"height":1080,"url":"https:\/\/animangeek.com\/wp-content\/uploads\/sites\/106\/2024\/05\/1716046372_A-historia-de-EDENS-ZERO-esta-prestes-a-terminar.jpg","type":"image\/jpeg"}],"twitter_card":"summary_large_image","twitter_misc":{"Est. reading time":"2 minutos"},"schema":{"@context":"https:\/\/schema.org","@graph":[{"@type":"WebPage","@id":"https:\/\/animangeek.com\/a-historia-de-edens-zero-esta-prestes-a-terminar\/","url":"https:\/\/animangeek.com\/a-historia-de-edens-zero-esta-prestes-a-terminar\/","name":"A hist\u00f3ria de EDENS ZERO est\u00e1 prestes a terminar - Animan Geek","isPartOf":{"@id":"https:\/\/animangeek.com\/#website"},"primaryImageOfPage":{"@id":"https:\/\/animangeek.com\/a-historia-de-edens-zero-esta-prestes-a-terminar\/#primaryimage"},"image":{"@id":"https:\/\/animangeek.com\/a-historia-de-edens-zero-esta-prestes-a-terminar\/#primaryimage"},"thumbnailUrl":"https:\/\/animangeek.com\/wp-content\/uploads\/sites\/106\/2024\/05\/1716046372_A-historia-de-EDENS-ZERO-esta-prestes-a-terminar.jpg","datePublished":"2024-05-18T15:32:51+00:00","dateModified":"2024-05-18T15:32:51+00:00","author":{"@id":""},"breadcrumb":{"@id":"https:\/\/animangeek.com\/a-historia-de-edens-zero-esta-prestes-a-terminar\/#breadcrumb"},"inLanguage":"es","potentialAction":[{"@type":"ReadAction","target":["https:\/\/animangeek.com\/a-historia-de-edens-zero-esta-prestes-a-terminar\/"]}]},{"@type":"ImageObject","inLanguage":"es","@id":"https:\/\/animangeek.com\/a-historia-de-edens-zero-esta-prestes-a-terminar\/#primaryimage","url":"https:\/\/animangeek.com\/wp-content\/uploads\/sites\/106\/2024\/05\/1716046372_A-historia-de-EDENS-ZERO-esta-prestes-a-terminar.jpg","contentUrl":"https:\/\/animangeek.com\/wp-content\/uploads\/sites\/106\/2024\/05\/1716046372_A-historia-de-EDENS-ZERO-esta-prestes-a-terminar.jpg","width":1920,"height":1080},{"@type":"BreadcrumbList","@id":"https:\/\/animangeek.com\/a-historia-de-edens-zero-esta-prestes-a-terminar\/#breadcrumb","itemListElement":[{"@type":"ListItem","position":1,"name":"Home","item":"https:\/\/animangeek.com\/"},{"@type":"ListItem","position":2,"name":"A hist\u00f3ria de EDENS ZERO est\u00e1 prestes a terminar"}]},{"@type":"WebSite","@id":"https:\/\/animangeek.com\/#website","url":"https:\/\/animangeek.com\/","name":"Animan Geek","description":"","potentialAction":[{"@type":"SearchAction","target":{"@type":"EntryPoint","urlTemplate":"https:\/\/animangeek.com\/?s={search_term_string}"},"query-input":"required name=search_term_string"}],"inLanguage":"es"}]}},"_links":{"self":[{"href":"https:\/\/animangeek.com\/es_es\/wp-json\/wp\/v2\/posts\/11464"}],"collection":[{"href":"https:\/\/animangeek.com\/es_es\/wp-json\/wp\/v2\/posts"}],"about":[{"href":"https:\/\/animangeek.com\/es_es\/wp-json\/wp\/v2\/types\/post"}],"replies":[{"embeddable":true,"href":"https:\/\/animangeek.com\/es_es\/wp-json\/wp\/v2\/comments?post=11464"}],"version-history":[{"count":0,"href":"https:\/\/animangeek.com\/es_es\/wp-json\/wp\/v2\/posts\/11464\/revisions"}],"wp:featuredmedia":[{"embeddable":true,"href":"https:\/\/animangeek.com\/es_es\/wp-json\/wp\/v2\/media\/11465"}],"wp:attachment":[{"href":"https:\/\/animangeek.com\/es_es\/wp-json\/wp\/v2\/media?parent=11464"}],"wp:term":[{"taxonomy":"category","embeddable":true,"href":"https:\/\/animangeek.com\/es_es\/wp-json\/wp\/v2\/categories?post=11464"},{"taxonomy":"post_tag","embeddable":true,"href":"https:\/\/animangeek.com\/es_es\/wp-json\/wp\/v2\/tags?post=11464"}],"curies":[{"name":"wp","href":"https:\/\/api.w.org\/{rel}","templated":true}]}}